{"id":10126,"date":"2023-09-25T16:10:22","date_gmt":"2023-09-25T16:10:22","guid":{"rendered":"https:\/\/capitaliafamiliar.es\/informes\/?p=10126"},"modified":"2023-09-25T16:10:22","modified_gmt":"2023-09-25T16:10:22","slug":"la-tendencia-alcista-de-medio-y-largo-plazo-de-las-bolsas-se-vera-truncada-si-no-se-produce-un-rebote-contundente-2","status":"publish","type":"post","link":"https:\/\/capitaliafamiliar.es\/informes\/2023\/09\/25\/la-tendencia-alcista-de-medio-y-largo-plazo-de-las-bolsas-se-vera-truncada-si-no-se-produce-un-rebote-contundente-2\/","title":{"rendered":"La tendencia alcista de medio y largo plazo de las bolsas se ver\u00e1 truncada si no se produce un rebote contundente"},"content":{"rendered":"<blockquote>\n<p style=\"text-align: justify;\"><span style=\"font-size: 20px;\"><strong>Informe diario del lunes, 25 de septiembre de 2023<\/strong><\/span><\/p>\n<\/blockquote>\n<p>&nbsp;<\/p>\n<p><span style=\"font-size: 24px; color: #000080;\"><b>Sinopsis<\/b><\/span><\/p>\n<p style=\"text-align: justify;\"><span style=\"font-size: 20px;\"><b><i>Hoy en los mercados<\/i><\/b><\/span><\/p>\n<p style=\"text-align: justify;\"><span style=\"font-size: 20px;\"><i>Nueva sesi\u00f3n negativa para las bolsas, que cierran en zona cr\u00edtica y podr\u00edan comprometer la tendencia alcista de medio y largo plazo si no rebotan en estos niveles.<\/i><\/span><\/p>\n<p style=\"text-align: justify;\"><span style=\"font-size: 20px;\"><b><i>An\u00e1lisis de situaci\u00f3n<\/i><\/b><\/span><\/p>\n<p style=\"text-align: justify;\"><span style=\"font-size: 20px;\"><i>La situaci\u00f3n econ\u00f3mica y las pol\u00edticas monetarias de los bancos centrales contin\u00faan pesando sobre unos mercados que siguen todav\u00eda sobrevalorados.<\/i><\/span><\/p>\n<p><strong><span style=\"font-size: 24px;\"><span style=\"font-size: 20px;\">Acceda al documento a trav\u00e9s de este v\u00ednculo: <a href=\"https:\/\/capitaliafamiliar.es\/informes\/wp-content\/uploads\/2023\/09\/Informe-Diario-25.09.2023-version-restringida.pdf\">Informe Diario 25.09.2023 (versi\u00f3n restringida)<\/a><\/span><\/span><\/strong><img loading=\"lazy\" decoding=\"async\" data-attachment-id=\"7415\" data-permalink=\"https:\/\/capitaliafamiliar.es\/informes\/2021\/12\/27\/la-reparacion-de-la-dinamica-alcista-en-las-bolsas-esta-practicamente-completada-pero-falta-volumen-y-una-participacion-mas-generalizada\/invitacion-de-contacto-2\/\" data-orig-file=\"https:\/\/capitaliafamiliar.es\/informes\/wp-content\/uploads\/2021\/12\/Invitacion-de-contacto.jpg\" data-orig-size=\"570,219\" data-comments-opened=\"0\" data-image-meta=\"{&quot;aperture&quot;:&quot;0&quot;,&quot;credit&quot;:&quot;&quot;,&quot;camera&quot;:&quot;&quot;,&quot;caption&quot;:&quot;&quot;,&quot;created_timestamp&quot;:&quot;0&quot;,&quot;copyright&quot;:&quot;&quot;,&quot;focal_length&quot;:&quot;0&quot;,&quot;iso&quot;:&quot;0&quot;,&quot;shutter_speed&quot;:&quot;0&quot;,&quot;title&quot;:&quot;&quot;,&quot;orientation&quot;:&quot;0&quot;}\" data-image-title=\"Invitaci\u00f3n de contacto\" data-image-description=\"\" data-image-caption=\"\" data-large-file=\"https:\/\/capitaliafamiliar.es\/informes\/wp-content\/uploads\/2021\/12\/Invitacion-de-contacto.jpg\" class=\"size-full wp-image-7415 aligncenter\" src=\"https:\/\/capitaliafamiliar.es\/informes\/wp-content\/uploads\/2021\/12\/Invitacion-de-contacto.jpg\" alt=\"\" width=\"0\" height=\"0\" srcset=\"https:\/\/capitaliafamiliar.es\/informes\/wp-content\/uploads\/2021\/12\/Invitacion-de-contacto.jpg 570w, https:\/\/capitaliafamiliar.es\/informes\/wp-content\/uploads\/2021\/12\/Invitacion-de-contacto-300x115.jpg 300w\" sizes=\"(max-width: 570px) 100vw, 570px\" \/><\/p>\n<p style=\"text-align: center;\"><strong>Solicite informaci\u00f3n sobre nuestros servicios de asesoramiento financiero<\/strong><\/p>\n<p style=\"text-align: center;\">Si necesita ayuda para el cuidado de su patrimonio, no dude en ponerse en contacto con nosotros, sin compromiso.<\/p>\n<p style=\"text-align: center;\">Tel\u00e9fono:\u00a0\u00a0 91 770\u00a0 22 84<\/p>\n<p style=\"text-align: center;\">Correo electr\u00f3nico:\u00a0\u00a0 capitaliafamiliar@capitaliafamiliar.es<\/p>\n","protected":false},"excerpt":{"rendered":"<p>Informe diario del lunes, 25 de septiembre de 2023 &nbsp; Sinopsis Hoy en los mercados Nueva sesi&oacute;n negativa para las bolsas, que cierran en zona cr&iacute;tica y podr&iacute;an comprometer la tendencia alcista de medio y largo plazo si no rebotan en estos niveles. An&aacute;lisis de situaci&oacute;n La situaci&oacute;n econ&oacute;mica y las pol&iacute;ticas monetarias de los [&hellip;]<\/p>\n","protected":false},"author":2,"featured_media":2525,"comment_status":"closed","ping_status":"closed","sticky":false,"template":"","format":"standard","meta":{"_et_pb_use_builder":"","_et_pb_old_content":"","_et_gb_content_width":"","jetpack_post_was_ever_published":false,"_jetpack_newsletter_access":"","_jetpack_dont_email_post_to_subs":false,"_jetpack_newsletter_tier_id":0,"_jetpack_memberships_contains_paywalled_content":false,"_jetpack_memberships_contains_paid_content":false,"footnotes":""},"categories":[1],"tags":[55,33,68,23,41,18,24,29,51,52,71],"class_list":["post-10126","post","type-post","status-publish","format-standard","has-post-thumbnail","hentry","category-informediario","tag-asesoramiento","tag-asesoramiento-financiero","tag-bancos-centrales","tag-bolsa","tag-eaf","tag-inflacion-subyacente","tag-inversiones","tag-mercado-bajista","tag-mercados-financieros","tag-renta-variable","tag-tendencia-alcista"],"jetpack_featured_media_url":"https:\/\/capitaliafamiliar.es\/informes\/wp-content\/uploads\/2019\/08\/informediario2.png","jetpack_shortlink":"https:\/\/wp.me\/pa2IGq-2Dk","jetpack-related-posts":[{"id":10122,"url":"https:\/\/capitaliafamiliar.es\/informes\/2023\/09\/25\/la-tendencia-alcista-de-medio-y-largo-plazo-de-las-bolsas-se-vera-truncada-si-no-se-produce-un-rebote-contundente\/","url_meta":{"origin":10126,"position":0},"title":"La tendencia alcista de medio y largo plazo de las bolsas se ver\u00e1 truncada si no se produce un rebote contundente","author":"Capitalia Familiar","date":"25 de septiembre de 2023","format":false,"excerpt":"Informe diario del lunes, 25 de septiembre de 2023 \u00a0 Sinopsis Hoy en los mercados Nueva sesi\u00f3n negativa para las bolsas, que cierran en zona cr\u00edtica y podr\u00edan comprometer la tendencia alcista de medio y largo plazo si no rebotan en estos niveles. An\u00e1lisis de situaci\u00f3n La situaci\u00f3n econ\u00f3mica y\u2026","rel":"","context":"En \u00abInforme Diario Privado\u00bb","block_context":{"text":"Informe Diario Privado","link":"https:\/\/capitaliafamiliar.es\/informes\/category\/informe-diario-privado\/"},"img":{"alt_text":"","src":"https:\/\/i0.wp.com\/capitaliafamiliar.es\/informes\/wp-content\/uploads\/2019\/08\/informediario2.png?resize=350%2C200&ssl=1","width":350,"height":200,"srcset":"https:\/\/i0.wp.com\/capitaliafamiliar.es\/informes\/wp-content\/uploads\/2019\/08\/informediario2.png?resize=350%2C200&ssl=1 1x, https:\/\/i0.wp.com\/capitaliafamiliar.es\/informes\/wp-content\/uploads\/2019\/08\/informediario2.png?resize=525%2C300&ssl=1 1.5x, https:\/\/i0.wp.com\/capitaliafamiliar.es\/informes\/wp-content\/uploads\/2019\/08\/informediario2.png?resize=700%2C400&ssl=1 2x"},"classes":[]},{"id":10095,"url":"https:\/\/capitaliafamiliar.es\/informes\/2023\/09\/19\/la-tendencia-alcista-de-las-bolsas-vuelve-a-estar-amenazada-a-la-espera-de-las-reuniones-de-los-principales-bancos-centrales-2\/","url_meta":{"origin":10126,"position":1},"title":"La tendencia alcista de las bolsas vuelve a estar amenazada a la espera de las reuniones de los principales bancos centrales","author":"Capitalia Familiar","date":"19 de septiembre de 2023","format":false,"excerpt":"Informe diario del martes, 19 de septiembre de 2023 \u00a0 Sinopsis Hoy en los mercados Muchas dudas en las bolsas, que vuelve a testar las zonas de soporte de medio y largo plazo a la espera de que se pronuncien esta semana los bancos centrales. An\u00e1lisis de situaci\u00f3n Los bancos\u2026","rel":"","context":"En \u00abInforme Diario\u00bb","block_context":{"text":"Informe Diario","link":"https:\/\/capitaliafamiliar.es\/informes\/category\/informediario\/"},"img":{"alt_text":"","src":"https:\/\/i0.wp.com\/capitaliafamiliar.es\/informes\/wp-content\/uploads\/2019\/08\/informediario2.png?resize=350%2C200&ssl=1","width":350,"height":200,"srcset":"https:\/\/i0.wp.com\/capitaliafamiliar.es\/informes\/wp-content\/uploads\/2019\/08\/informediario2.png?resize=350%2C200&ssl=1 1x, https:\/\/i0.wp.com\/capitaliafamiliar.es\/informes\/wp-content\/uploads\/2019\/08\/informediario2.png?resize=525%2C300&ssl=1 1.5x, https:\/\/i0.wp.com\/capitaliafamiliar.es\/informes\/wp-content\/uploads\/2019\/08\/informediario2.png?resize=700%2C400&ssl=1 2x"},"classes":[]},{"id":10090,"url":"https:\/\/capitaliafamiliar.es\/informes\/2023\/09\/19\/la-tendencia-alcista-de-las-bolsas-vuelve-a-estar-amenazada-a-la-espera-de-las-reuniones-de-los-principales-bancos-centrales\/","url_meta":{"origin":10126,"position":2},"title":"La tendencia alcista de las bolsas vuelve a estar amenazada a la espera de las reuniones de los principales bancos centrales","author":"Capitalia Familiar","date":"19 de septiembre de 2023","format":false,"excerpt":"Informe diario del martes, 19 de septiembre de 2023 \u00a0 Sinopsis Hoy en los mercados Muchas dudas en las bolsas, que vuelve a testar las zonas de soporte de medio y largo plazo a la espera de que se pronuncien esta semana los bancos centrales. An\u00e1lisis de situaci\u00f3n Los bancos\u2026","rel":"","context":"En \u00abInforme Diario Privado\u00bb","block_context":{"text":"Informe Diario Privado","link":"https:\/\/capitaliafamiliar.es\/informes\/category\/informe-diario-privado\/"},"img":{"alt_text":"","src":"https:\/\/i0.wp.com\/capitaliafamiliar.es\/informes\/wp-content\/uploads\/2019\/08\/informediario2.png?resize=350%2C200&ssl=1","width":350,"height":200,"srcset":"https:\/\/i0.wp.com\/capitaliafamiliar.es\/informes\/wp-content\/uploads\/2019\/08\/informediario2.png?resize=350%2C200&ssl=1 1x, https:\/\/i0.wp.com\/capitaliafamiliar.es\/informes\/wp-content\/uploads\/2019\/08\/informediario2.png?resize=525%2C300&ssl=1 1.5x, https:\/\/i0.wp.com\/capitaliafamiliar.es\/informes\/wp-content\/uploads\/2019\/08\/informediario2.png?resize=700%2C400&ssl=1 2x"},"classes":[]},{"id":10813,"url":"https:\/\/capitaliafamiliar.es\/informes\/2024\/02\/07\/la-tendencia-de-fondo-que-sigue-siendo-alcista-para-los-mercados-pero-a-corto-plazo-se-muestran-claramente-excedidos-2\/","url_meta":{"origin":10126,"position":3},"title":"La tendencia de fondo que sigue siendo alcista para los mercados, pero a corto plazo se muestran claramente excedidos&#8230;","author":"Capitalia Familiar","date":"7 de febrero de 2024","format":false,"excerpt":"Informe diario del mi\u00e9rcoles, 7 de febrero de 2024 \u00a0 Sinopsis Hoy en los mercados Alzas en las bolsas estadounidenses, que alcanzan cotas que podr\u00edan ser psicol\u00f3gicamente relevantes, y descensos moderados para los \u00edndices europeos y la renta fija. An\u00e1lisis de situaci\u00f3n El mercado laboral est\u00e1 resultando clave en el\u2026","rel":"","context":"En \u00abInforme Diario\u00bb","block_context":{"text":"Informe Diario","link":"https:\/\/capitaliafamiliar.es\/informes\/category\/informediario\/"},"img":{"alt_text":"","src":"https:\/\/i0.wp.com\/capitaliafamiliar.es\/informes\/wp-content\/uploads\/2019\/08\/informediario2.png?resize=350%2C200&ssl=1","width":350,"height":200,"srcset":"https:\/\/i0.wp.com\/capitaliafamiliar.es\/informes\/wp-content\/uploads\/2019\/08\/informediario2.png?resize=350%2C200&ssl=1 1x, https:\/\/i0.wp.com\/capitaliafamiliar.es\/informes\/wp-content\/uploads\/2019\/08\/informediario2.png?resize=525%2C300&ssl=1 1.5x, https:\/\/i0.wp.com\/capitaliafamiliar.es\/informes\/wp-content\/uploads\/2019\/08\/informediario2.png?resize=700%2C400&ssl=1 2x"},"classes":[]},{"id":10111,"url":"https:\/\/capitaliafamiliar.es\/informes\/2023\/09\/21\/momento-clave-en-los-mercados-los-indices-bursatiles-atacan-con-fuerza-los-niveles-de-soporte-de-medio-y-largo-plazo-se-abren-nuevas-oportunidades-de-inversion-2\/","url_meta":{"origin":10126,"position":4},"title":"Momento clave en los mercados: los \u00edndices burs\u00e1tiles atacan con fuerza los niveles de soporte de medio y largo plazo. Se abren nuevas oportunidades de inversi\u00f3n","author":"Capitalia Familiar","date":"21 de septiembre de 2023","format":false,"excerpt":"Informe diario del jueves, 21 de septiembre de 2023 \u00a0 Sinopsis Hoy en los mercados Sesi\u00f3n muy negativa en los mercados, que quedan muy tocados y amenazan seriamente la tendencia alcista de medio y largo plazo. An\u00e1lisis de situaci\u00f3n \u00bfSe est\u00e1n pasando de frenada los bancos centrales? Crece el temor\u2026","rel":"","context":"En \u00abInforme Diario\u00bb","block_context":{"text":"Informe Diario","link":"https:\/\/capitaliafamiliar.es\/informes\/category\/informediario\/"},"img":{"alt_text":"","src":"https:\/\/i0.wp.com\/capitaliafamiliar.es\/informes\/wp-content\/uploads\/2019\/08\/informediario2.png?resize=350%2C200&ssl=1","width":350,"height":200,"srcset":"https:\/\/i0.wp.com\/capitaliafamiliar.es\/informes\/wp-content\/uploads\/2019\/08\/informediario2.png?resize=350%2C200&ssl=1 1x, https:\/\/i0.wp.com\/capitaliafamiliar.es\/informes\/wp-content\/uploads\/2019\/08\/informediario2.png?resize=525%2C300&ssl=1 1.5x, https:\/\/i0.wp.com\/capitaliafamiliar.es\/informes\/wp-content\/uploads\/2019\/08\/informediario2.png?resize=700%2C400&ssl=1 2x"},"classes":[]},{"id":10388,"url":"https:\/\/capitaliafamiliar.es\/informes\/2023\/11\/08\/las-bolsas-deberian-retomar-la-tendencia-alcista-de-corto-plazo-una-vez-superada-la-fase-consolidativa-2\/","url_meta":{"origin":10126,"position":5},"title":"Las bolsas deber\u00edan retomar la tendencia alcista de corto plazo una vez superada la fase consolidativa","author":"Capitalia Familiar","date":"8 de noviembre de 2023","format":false,"excerpt":"Informe diario del mi\u00e9rcoles, 08 de noviembre de 2023 \u00a0 Sinopsis Hoy en los mercados Buen tono en Europa, que recupera terreno perdido en el inicio de semana gracias a los resultados empresariales, y agotamiento del movimiento alcista en Estados Unidos. An\u00e1lisis de situaci\u00f3n En el corto plazo las bolsas\u2026","rel":"","context":"En \u00abInforme Diario\u00bb","block_context":{"text":"Informe Diario","link":"https:\/\/capitaliafamiliar.es\/informes\/category\/informediario\/"},"img":{"alt_text":"","src":"https:\/\/i0.wp.com\/capitaliafamiliar.es\/informes\/wp-content\/uploads\/2019\/08\/informediario2.png?resize=350%2C200&ssl=1","width":350,"height":200,"srcset":"https:\/\/i0.wp.com\/capitaliafamiliar.es\/informes\/wp-content\/uploads\/2019\/08\/informediario2.png?resize=350%2C200&ssl=1 1x, https:\/\/i0.wp.com\/capitaliafamiliar.es\/informes\/wp-content\/uploads\/2019\/08\/informediario2.png?resize=525%2C300&ssl=1 1.5x, https:\/\/i0.wp.com\/capitaliafamiliar.es\/informes\/wp-content\/uploads\/2019\/08\/informediario2.png?resize=700%2C400&ssl=1 2x"},"classes":[]}],"jetpack_sharing_enabled":true,"_links":{"self":[{"href":"https:\/\/capitaliafamiliar.es\/informes\/wp-json\/wp\/v2\/posts\/10126","targetHints":{"allow":["GET"]}}],"collection":[{"href":"https:\/\/capitaliafamiliar.es\/informes\/wp-json\/wp\/v2\/posts"}],"about":[{"href":"https:\/\/capitaliafamiliar.es\/informes\/wp-json\/wp\/v2\/types\/post"}],"author":[{"embeddable":true,"href":"https:\/\/capitaliafamiliar.es\/informes\/wp-json\/wp\/v2\/users\/2"}],"replies":[{"embeddable":true,"href":"https:\/\/capitaliafamiliar.es\/informes\/wp-json\/wp\/v2\/comments?post=10126"}],"version-history":[{"count":1,"href":"https:\/\/capitaliafamiliar.es\/informes\/wp-json\/wp\/v2\/posts\/10126\/revisions"}],"predecessor-version":[{"id":10128,"href":"https:\/\/capitaliafamiliar.es\/informes\/wp-json\/wp\/v2\/posts\/10126\/revisions\/10128"}],"wp:featuredmedia":[{"embeddable":true,"href":"https:\/\/capitaliafamiliar.es\/informes\/wp-json\/wp\/v2\/media\/2525"}],"wp:attachment":[{"href":"https:\/\/capitaliafamiliar.es\/informes\/wp-json\/wp\/v2\/media?parent=10126"}],"wp:term":[{"taxonomy":"category","embeddable":true,"href":"https:\/\/capitaliafamiliar.es\/informes\/wp-json\/wp\/v2\/categories?post=10126"},{"taxonomy":"post_tag","embeddable":true,"href":"https:\/\/capitaliafamiliar.es\/informes\/wp-json\/wp\/v2\/tags?post=10126"}],"curies":[{"name":"wp","href":"https:\/\/api.w.org\/{rel}","templated":true}]}}