{"id":10143,"date":"2023-09-27T16:40:33","date_gmt":"2023-09-27T16:40:33","guid":{"rendered":"https:\/\/capitaliafamiliar.es\/informes\/?p=10143"},"modified":"2023-09-27T16:40:33","modified_gmt":"2023-09-27T16:40:33","slug":"el-movimiento-bajista-pierde-fuerza-y-aumenta-la-probabilidad-de-que-se-produzca-un-rebote-en-las-bolsas-2","status":"publish","type":"post","link":"https:\/\/capitaliafamiliar.es\/informes\/2023\/09\/27\/el-movimiento-bajista-pierde-fuerza-y-aumenta-la-probabilidad-de-que-se-produzca-un-rebote-en-las-bolsas-2\/","title":{"rendered":"El movimiento bajista pierde fuerza y aumenta la probabilidad de que se produzca un rebote en las bolsas"},"content":{"rendered":"<blockquote>\n<p style=\"text-align: justify;\"><span style=\"font-size: 20px;\"><strong>Informe diario del mi\u00e9rcoles, 27 de septiembre de 2023<\/strong><\/span><\/p>\n<\/blockquote>\n<p>&nbsp;<\/p>\n<p><span style=\"font-size: 24px; color: #000080;\"><b>Sinopsis<\/b><\/span><\/p>\n<p style=\"text-align: justify;\"><span style=\"font-size: 20px;\"><b><i>Hoy en los mercados<\/i><\/b><\/span><\/p>\n<p style=\"text-align: justify;\"><span style=\"font-size: 20px;\"><i>Sesi\u00f3n de rangos estrechos en las bolsas. Los \u00edndices no profundizaron las ca\u00eddas pese a perder los soportes de medio y largo plazo.<\/i><\/span><\/p>\n<p style=\"text-align: justify;\"><span style=\"font-size: 20px;\"><b><i>An\u00e1lisis de situaci\u00f3n<\/i><\/b><\/span><\/p>\n<p style=\"text-align: justify;\"><span style=\"font-size: 20px;\"><i>A corto plazo la p\u00e9rdida de fuerza del movimiento bajista podr\u00eda estar avanzando un rebote. Pero no debemos perder de vista la situaci\u00f3n real de la econom\u00eda global.<\/i><\/span><\/p>\n<p><strong><span style=\"font-size: 24px;\"><span style=\"font-size: 20px;\">Acceda al documento a trav\u00e9s de este v\u00ednculo: <a href=\"https:\/\/capitaliafamiliar.es\/informes\/wp-content\/uploads\/2023\/09\/Informe-Diario-27.09.2023-version-restringida.pdf\">Informe Diario 27.09.2023 (versi\u00f3n restringida)<\/a><\/span><\/span><\/strong><img loading=\"lazy\" decoding=\"async\" data-attachment-id=\"7415\" data-permalink=\"https:\/\/capitaliafamiliar.es\/informes\/2021\/12\/27\/la-reparacion-de-la-dinamica-alcista-en-las-bolsas-esta-practicamente-completada-pero-falta-volumen-y-una-participacion-mas-generalizada\/invitacion-de-contacto-2\/\" data-orig-file=\"https:\/\/capitaliafamiliar.es\/informes\/wp-content\/uploads\/2021\/12\/Invitacion-de-contacto.jpg\" data-orig-size=\"570,219\" data-comments-opened=\"0\" data-image-meta=\"{&quot;aperture&quot;:&quot;0&quot;,&quot;credit&quot;:&quot;&quot;,&quot;camera&quot;:&quot;&quot;,&quot;caption&quot;:&quot;&quot;,&quot;created_timestamp&quot;:&quot;0&quot;,&quot;copyright&quot;:&quot;&quot;,&quot;focal_length&quot;:&quot;0&quot;,&quot;iso&quot;:&quot;0&quot;,&quot;shutter_speed&quot;:&quot;0&quot;,&quot;title&quot;:&quot;&quot;,&quot;orientation&quot;:&quot;0&quot;}\" data-image-title=\"Invitaci\u00f3n de contacto\" data-image-description=\"\" data-image-caption=\"\" data-large-file=\"https:\/\/capitaliafamiliar.es\/informes\/wp-content\/uploads\/2021\/12\/Invitacion-de-contacto.jpg\" class=\"size-full wp-image-7415 aligncenter\" src=\"https:\/\/capitaliafamiliar.es\/informes\/wp-content\/uploads\/2021\/12\/Invitacion-de-contacto.jpg\" alt=\"\" width=\"0\" height=\"0\" srcset=\"https:\/\/capitaliafamiliar.es\/informes\/wp-content\/uploads\/2021\/12\/Invitacion-de-contacto.jpg 570w, https:\/\/capitaliafamiliar.es\/informes\/wp-content\/uploads\/2021\/12\/Invitacion-de-contacto-300x115.jpg 300w\" sizes=\"(max-width: 570px) 100vw, 570px\" \/><\/p>\n<p style=\"text-align: center;\"><strong>Solicite informaci\u00f3n sobre nuestros servicios de asesoramiento financiero<\/strong><\/p>\n<p style=\"text-align: center;\">Si necesita ayuda para el cuidado de su patrimonio, no dude en ponerse en contacto con nosotros, sin compromiso.<\/p>\n<p style=\"text-align: center;\">Tel\u00e9fono:\u00a0\u00a0 91 770\u00a0 22 84<\/p>\n<p style=\"text-align: center;\">Correo electr\u00f3nico:\u00a0\u00a0 capitaliafamiliar@capitaliafamiliar.es<\/p>\n","protected":false},"excerpt":{"rendered":"<p>Informe diario del mi&eacute;rcoles, 27 de septiembre de 2023 &nbsp; Sinopsis Hoy en los mercados Sesi&oacute;n de rangos estrechos en las bolsas. Los &iacute;ndices no profundizaron las ca&iacute;das pese a perder los soportes de medio y largo plazo. An&aacute;lisis de situaci&oacute;n A corto plazo la p&eacute;rdida de fuerza del movimiento bajista podr&iacute;a estar avanzando un [&hellip;]<\/p>\n","protected":false},"author":2,"featured_media":2525,"comment_status":"closed","ping_status":"closed","sticky":false,"template":"","format":"standard","meta":{"_et_pb_use_builder":"","_et_pb_old_content":"","_et_gb_content_width":"","jetpack_post_was_ever_published":false,"_jetpack_newsletter_access":"","_jetpack_dont_email_post_to_subs":false,"_jetpack_newsletter_tier_id":0,"_jetpack_memberships_contains_paywalled_content":false,"_jetpack_memberships_contains_paid_content":false,"footnotes":""},"categories":[1],"tags":[55,33,23,37,41,24,29,72,35,46],"class_list":["post-10143","post","type-post","status-publish","format-standard","has-post-thumbnail","hentry","category-informediario","tag-asesoramiento","tag-asesoramiento-financiero","tag-bolsa","tag-burbuja-especulativa","tag-eaf","tag-inversiones","tag-mercado-bajista","tag-movimiento-bajista","tag-renta-fija","tag-soportes"],"jetpack_featured_media_url":"https:\/\/capitaliafamiliar.es\/informes\/wp-content\/uploads\/2019\/08\/informediario2.png","jetpack_shortlink":"https:\/\/wp.me\/pa2IGq-2DB","jetpack-related-posts":[{"id":10139,"url":"https:\/\/capitaliafamiliar.es\/informes\/2023\/09\/27\/el-movimiento-bajista-pierde-fuerza-y-aumenta-la-probabilidad-de-que-se-produzca-un-rebote-en-las-bolsas\/","url_meta":{"origin":10143,"position":0},"title":"El movimiento bajista pierde fuerza y aumenta la probabilidad de que se produzca un rebote en las bolsas","author":"Capitalia Familiar","date":"27 de septiembre de 2023","format":false,"excerpt":"Informe diario del mi\u00e9rcoles, 27 de septiembre de 2023 \u00a0 Sinopsis Hoy en los mercados Sesi\u00f3n de rangos estrechos en las bolsas. Los \u00edndices no profundizaron las ca\u00eddas pese a perder los soportes de medio y largo plazo. An\u00e1lisis de situaci\u00f3n A corto plazo la p\u00e9rdida de fuerza del movimiento\u2026","rel":"","context":"En \u00abInforme Diario Privado\u00bb","block_context":{"text":"Informe Diario Privado","link":"https:\/\/capitaliafamiliar.es\/informes\/category\/informe-diario-privado\/"},"img":{"alt_text":"","src":"https:\/\/i0.wp.com\/capitaliafamiliar.es\/informes\/wp-content\/uploads\/2019\/08\/informediario2.png?resize=350%2C200&ssl=1","width":350,"height":200,"srcset":"https:\/\/i0.wp.com\/capitaliafamiliar.es\/informes\/wp-content\/uploads\/2019\/08\/informediario2.png?resize=350%2C200&ssl=1 1x, https:\/\/i0.wp.com\/capitaliafamiliar.es\/informes\/wp-content\/uploads\/2019\/08\/informediario2.png?resize=525%2C300&ssl=1 1.5x, https:\/\/i0.wp.com\/capitaliafamiliar.es\/informes\/wp-content\/uploads\/2019\/08\/informediario2.png?resize=700%2C400&ssl=1 2x"},"classes":[]},{"id":10134,"url":"https:\/\/capitaliafamiliar.es\/informes\/2023\/09\/26\/no-va-mas-para-las-bolsas-habra-claudicacion-o-rebote-en-torno-a-los-soportes-de-medio-y-largo-plazo-2\/","url_meta":{"origin":10143,"position":1},"title":"No va mas para las bolsas: \u00bfhabr\u00e1 claudicaci\u00f3n o rebote en torno a los soportes de medio y largo plazo?","author":"Capitalia Familiar","date":"26 de septiembre de 2023","format":false,"excerpt":"Informe diario del martes, 26 de septiembre de 2023 \u00a0 Sinopsis Hoy en los mercados Se mantiene la batalla de las bolsas en torno a los soportes de medio y largo plazo. La p\u00e9rdida de niveles debe ser confirmada todav\u00eda. An\u00e1lisis de situaci\u00f3n Esperamos bruscos movimientos en las bolsas una\u2026","rel":"","context":"En \u00abInforme Diario\u00bb","block_context":{"text":"Informe Diario","link":"https:\/\/capitaliafamiliar.es\/informes\/category\/informediario\/"},"img":{"alt_text":"","src":"https:\/\/i0.wp.com\/capitaliafamiliar.es\/informes\/wp-content\/uploads\/2019\/08\/informediario2.png?resize=350%2C200&ssl=1","width":350,"height":200,"srcset":"https:\/\/i0.wp.com\/capitaliafamiliar.es\/informes\/wp-content\/uploads\/2019\/08\/informediario2.png?resize=350%2C200&ssl=1 1x, https:\/\/i0.wp.com\/capitaliafamiliar.es\/informes\/wp-content\/uploads\/2019\/08\/informediario2.png?resize=525%2C300&ssl=1 1.5x, https:\/\/i0.wp.com\/capitaliafamiliar.es\/informes\/wp-content\/uploads\/2019\/08\/informediario2.png?resize=700%2C400&ssl=1 2x"},"classes":[]},{"id":10023,"url":"https:\/\/capitaliafamiliar.es\/informes\/2023\/09\/06\/ha-fracasado-el-segundo-intento-de-rebote-de-las-bolsas-desde-la-zona-de-soportes-de-medio-y-largo-plazo-2\/","url_meta":{"origin":10143,"position":2},"title":"\u00bfHa fracasado el segundo intento de rebote de las bolsas desde la zona de soportes de medio y largo plazo?","author":"Capitalia Familiar","date":"6 de septiembre de 2023","format":false,"excerpt":"Informe diario del mi\u00e9rcoles, 6 de septiembre de 2023 \u00a0 Sinopsis Hoy en los mercados Sesi\u00f3n negativa en los mercados: las bolsas europeas confirman el fracaso del rebote y las americanas comienzan a dibujar un giro a la baja. An\u00e1lisis de situaci\u00f3n El mercado se queda sin recursos para obviar\u2026","rel":"","context":"En \u00abInforme Diario\u00bb","block_context":{"text":"Informe Diario","link":"https:\/\/capitaliafamiliar.es\/informes\/category\/informediario\/"},"img":{"alt_text":"","src":"https:\/\/i0.wp.com\/capitaliafamiliar.es\/informes\/wp-content\/uploads\/2019\/08\/informediario2.png?resize=350%2C200&ssl=1","width":350,"height":200,"srcset":"https:\/\/i0.wp.com\/capitaliafamiliar.es\/informes\/wp-content\/uploads\/2019\/08\/informediario2.png?resize=350%2C200&ssl=1 1x, https:\/\/i0.wp.com\/capitaliafamiliar.es\/informes\/wp-content\/uploads\/2019\/08\/informediario2.png?resize=525%2C300&ssl=1 1.5x, https:\/\/i0.wp.com\/capitaliafamiliar.es\/informes\/wp-content\/uploads\/2019\/08\/informediario2.png?resize=700%2C400&ssl=1 2x"},"classes":[]},{"id":9915,"url":"https:\/\/capitaliafamiliar.es\/informes\/2023\/08\/16\/se-acaba-el-tiempo-para-las-bolsas-rebote-o-perdida-de-soportes-de-medio-y-largo-plazo-los-proximos-dias-seran-determinantes-2\/","url_meta":{"origin":10143,"position":3},"title":"Se acaba el tiempo para las bolsas: rebote o p\u00e9rdida de soportes de medio y largo plazo. Los pr\u00f3ximos d\u00edas ser\u00e1n determinantes","author":"Capitalia Familiar","date":"16 de agosto de 2023","format":false,"excerpt":"Informe diario del mi\u00e9rcoles, 16 de agosto de 2023 \u00a0 Sinopsis Hoy en los mercados Nueva jornada de dudas y debilidad para las bolsas, incapaces de rebotar y al borde del abismo. An\u00e1lisis de situaci\u00f3n Hora de la verdad para las bolsas: deber\u00edan rebotar en los niveles actuales, ya que\u2026","rel":"","context":"En \u00abInforme Diario\u00bb","block_context":{"text":"Informe Diario","link":"https:\/\/capitaliafamiliar.es\/informes\/category\/informediario\/"},"img":{"alt_text":"","src":"https:\/\/i0.wp.com\/capitaliafamiliar.es\/informes\/wp-content\/uploads\/2019\/08\/informediario2.png?resize=350%2C200&ssl=1","width":350,"height":200,"srcset":"https:\/\/i0.wp.com\/capitaliafamiliar.es\/informes\/wp-content\/uploads\/2019\/08\/informediario2.png?resize=350%2C200&ssl=1 1x, https:\/\/i0.wp.com\/capitaliafamiliar.es\/informes\/wp-content\/uploads\/2019\/08\/informediario2.png?resize=525%2C300&ssl=1 1.5x, https:\/\/i0.wp.com\/capitaliafamiliar.es\/informes\/wp-content\/uploads\/2019\/08\/informediario2.png?resize=700%2C400&ssl=1 2x"},"classes":[]},{"id":6141,"url":"https:\/\/capitaliafamiliar.es\/informes\/2021\/05\/13\/informe-diario-jueves-13-de-mayo-de-2021\/","url_meta":{"origin":10143,"position":4},"title":"Informe Diario  Jueves, 13 de mayo de 2021","author":"Capitalia Familiar","date":"13 de mayo de 2021","format":false,"excerpt":"\u00bfReconstrucci\u00f3n alcista en las bolsas o mero descanso de la din\u00e1mica bajista de corto plazo?... \u00bfReconstrucci\u00f3n alcista en las bolsas o mero descanso de la din\u00e1mica bajista de corto plazo? Despu\u00e9s de enlazar tres d\u00edas de descensos, los mercados rebotan con la esperanza de reconstruir la tendencia alcista. Tanto el\u2026","rel":"","context":"En \u00abInforme Diario\u00bb","block_context":{"text":"Informe Diario","link":"https:\/\/capitaliafamiliar.es\/informes\/category\/informediario\/"},"img":{"alt_text":"","src":"https:\/\/i0.wp.com\/capitaliafamiliar.es\/informes\/wp-content\/uploads\/2019\/08\/informediario2.png?resize=350%2C200&ssl=1","width":350,"height":200,"srcset":"https:\/\/i0.wp.com\/capitaliafamiliar.es\/informes\/wp-content\/uploads\/2019\/08\/informediario2.png?resize=350%2C200&ssl=1 1x, https:\/\/i0.wp.com\/capitaliafamiliar.es\/informes\/wp-content\/uploads\/2019\/08\/informediario2.png?resize=525%2C300&ssl=1 1.5x, https:\/\/i0.wp.com\/capitaliafamiliar.es\/informes\/wp-content\/uploads\/2019\/08\/informediario2.png?resize=700%2C400&ssl=1 2x"},"classes":[]},{"id":8249,"url":"https:\/\/capitaliafamiliar.es\/informes\/2022\/12\/16\/las-bolsas-pasan-en-tres-dias-de-atacar-resistencias-de-medio-y-largo-plazo-a-defender-los-primeros-soportes-relevantes-se-retoma-la-tendencia-bajista\/","url_meta":{"origin":10143,"position":5},"title":"Las bolsas pasan en tres d\u00edas de atacar resistencias de medio y largo plazo a defender los primeros soportes relevantes. \u00bfSe retoma la tendencia bajista?","author":"Capitalia Familiar","date":"16 de diciembre de 2022","format":false,"excerpt":"Informe diario del viernes, 16 de diciembre de 2022 \u00a0 Sinopsis Hoy en los mercados\u2026 Perdidas generalizadas en los mercados. An\u00e1lisis de situaci\u00f3n y perspectivas Las bolsas pasan en tres d\u00edas de atacar resistencias de medio y largo plazo a defender los primeros soportes relevantes. \u00bfSe retoma la tendencia bajista?\u2026","rel":"","context":"En \u00abInforme Diario\u00bb","block_context":{"text":"Informe Diario","link":"https:\/\/capitaliafamiliar.es\/informes\/category\/informediario\/"},"img":{"alt_text":"","src":"https:\/\/i0.wp.com\/capitaliafamiliar.es\/informes\/wp-content\/uploads\/2019\/08\/informediario2.png?resize=350%2C200&ssl=1","width":350,"height":200,"srcset":"https:\/\/i0.wp.com\/capitaliafamiliar.es\/informes\/wp-content\/uploads\/2019\/08\/informediario2.png?resize=350%2C200&ssl=1 1x, https:\/\/i0.wp.com\/capitaliafamiliar.es\/informes\/wp-content\/uploads\/2019\/08\/informediario2.png?resize=525%2C300&ssl=1 1.5x, https:\/\/i0.wp.com\/capitaliafamiliar.es\/informes\/wp-content\/uploads\/2019\/08\/informediario2.png?resize=700%2C400&ssl=1 2x"},"classes":[]}],"jetpack_sharing_enabled":true,"_links":{"self":[{"href":"https:\/\/capitaliafamiliar.es\/informes\/wp-json\/wp\/v2\/posts\/10143","targetHints":{"allow":["GET"]}}],"collection":[{"href":"https:\/\/capitaliafamiliar.es\/informes\/wp-json\/wp\/v2\/posts"}],"about":[{"href":"https:\/\/capitaliafamiliar.es\/informes\/wp-json\/wp\/v2\/types\/post"}],"author":[{"embeddable":true,"href":"https:\/\/capitaliafamiliar.es\/informes\/wp-json\/wp\/v2\/users\/2"}],"replies":[{"embeddable":true,"href":"https:\/\/capitaliafamiliar.es\/informes\/wp-json\/wp\/v2\/comments?post=10143"}],"version-history":[{"count":1,"href":"https:\/\/capitaliafamiliar.es\/informes\/wp-json\/wp\/v2\/posts\/10143\/revisions"}],"predecessor-version":[{"id":10145,"href":"https:\/\/capitaliafamiliar.es\/informes\/wp-json\/wp\/v2\/posts\/10143\/revisions\/10145"}],"wp:featuredmedia":[{"embeddable":true,"href":"https:\/\/capitaliafamiliar.es\/informes\/wp-json\/wp\/v2\/media\/2525"}],"wp:attachment":[{"href":"https:\/\/capitaliafamiliar.es\/informes\/wp-json\/wp\/v2\/media?parent=10143"}],"wp:term":[{"taxonomy":"category","embeddable":true,"href":"https:\/\/capitaliafamiliar.es\/informes\/wp-json\/wp\/v2\/categories?post=10143"},{"taxonomy":"post_tag","embeddable":true,"href":"https:\/\/capitaliafamiliar.es\/informes\/wp-json\/wp\/v2\/tags?post=10143"}],"curies":[{"name":"wp","href":"https:\/\/api.w.org\/{rel}","templated":true}]}}