{"id":10329,"date":"2023-10-30T16:56:17","date_gmt":"2023-10-30T16:56:17","guid":{"rendered":"https:\/\/capitaliafamiliar.es\/informes\/?p=10329"},"modified":"2023-10-30T16:56:17","modified_gmt":"2023-10-30T16:56:17","slug":"la-intensa-sobreventa-acumulada-en-las-bolsas-favorecera-un-rebote-del-mercado-en-los-proximos-dias-2","status":"publish","type":"post","link":"https:\/\/capitaliafamiliar.es\/informes\/2023\/10\/30\/la-intensa-sobreventa-acumulada-en-las-bolsas-favorecera-un-rebote-del-mercado-en-los-proximos-dias-2\/","title":{"rendered":"La intensa sobreventa acumulada en las bolsas favorecer\u00e1 un rebote del mercado en los pr\u00f3ximos d\u00edas"},"content":{"rendered":"<blockquote>\n<p style=\"text-align: justify;\"><span style=\"font-size: 20px;\"><strong>Informe diario del lunes, 30 de octubre de 2023<\/strong><\/span><\/p>\n<\/blockquote>\n<p>&nbsp;<\/p>\n<p><span style=\"font-size: 24px; color: #000080;\"><b>Sinopsis<\/b><\/span><\/p>\n<p style=\"text-align: justify;\"><span style=\"font-size: 20px;\"><b><i>Hoy en los mercados<\/i><\/b><\/span><\/p>\n<p style=\"text-align: justify;\"><span style=\"font-size: 20px;\"><i>Sesi\u00f3n de suave recuperaci\u00f3n para unos mercados que estaban ya muy castigados y excesivamente sobrevendidos.<\/i><\/span><\/p>\n<p style=\"text-align: justify;\"><span style=\"font-size: 20px;\"><b><i>An\u00e1lisis de situaci\u00f3n<\/i><\/b><\/span><\/p>\n<p style=\"text-align: justify;\"><span style=\"font-size: 20px;\"><i>Nuestra visi\u00f3n de mercado contin\u00faa siendo bajista a medio plazo, pero esperamos que se produzca una reacci\u00f3n alcista de corto plazo.<\/i><\/span><\/p>\n<p><strong><span style=\"font-size: 24px;\"><span style=\"font-size: 20px;\">Acceda al documento a trav\u00e9s de este v\u00ednculo: <a href=\"https:\/\/capitaliafamiliar.es\/informes\/wp-content\/uploads\/2023\/10\/Informe-Diario-30.10.2023-version-restringida.pdf\">Informe Diario 30.10.2023 (versi\u00f3n restringida)<\/a><\/span><\/span><\/strong><img loading=\"lazy\" decoding=\"async\" data-attachment-id=\"7415\" data-permalink=\"https:\/\/capitaliafamiliar.es\/informes\/2021\/12\/27\/la-reparacion-de-la-dinamica-alcista-en-las-bolsas-esta-practicamente-completada-pero-falta-volumen-y-una-participacion-mas-generalizada\/invitacion-de-contacto-2\/\" data-orig-file=\"https:\/\/capitaliafamiliar.es\/informes\/wp-content\/uploads\/2021\/12\/Invitacion-de-contacto.jpg\" data-orig-size=\"570,219\" data-comments-opened=\"0\" data-image-meta=\"{&quot;aperture&quot;:&quot;0&quot;,&quot;credit&quot;:&quot;&quot;,&quot;camera&quot;:&quot;&quot;,&quot;caption&quot;:&quot;&quot;,&quot;created_timestamp&quot;:&quot;0&quot;,&quot;copyright&quot;:&quot;&quot;,&quot;focal_length&quot;:&quot;0&quot;,&quot;iso&quot;:&quot;0&quot;,&quot;shutter_speed&quot;:&quot;0&quot;,&quot;title&quot;:&quot;&quot;,&quot;orientation&quot;:&quot;0&quot;}\" data-image-title=\"Invitaci\u00f3n de contacto\" data-image-description=\"\" data-image-caption=\"\" data-large-file=\"https:\/\/capitaliafamiliar.es\/informes\/wp-content\/uploads\/2021\/12\/Invitacion-de-contacto.jpg\" class=\"size-full wp-image-7415 aligncenter\" src=\"https:\/\/capitaliafamiliar.es\/informes\/wp-content\/uploads\/2021\/12\/Invitacion-de-contacto.jpg\" alt=\"\" width=\"0\" height=\"0\" srcset=\"https:\/\/capitaliafamiliar.es\/informes\/wp-content\/uploads\/2021\/12\/Invitacion-de-contacto.jpg 570w, https:\/\/capitaliafamiliar.es\/informes\/wp-content\/uploads\/2021\/12\/Invitacion-de-contacto-300x115.jpg 300w\" sizes=\"(max-width: 570px) 100vw, 570px\" \/><\/p>\n<p style=\"text-align: center;\"><strong>Solicite informaci\u00f3n sobre nuestros servicios de asesoramiento financiero<\/strong><\/p>\n<p style=\"text-align: center;\">Si necesita ayuda para el cuidado de su patrimonio, no dude en ponerse en contacto con nosotros, sin compromiso.<\/p>\n<p style=\"text-align: center;\">Tel\u00e9fono:\u00a0\u00a0 91 770\u00a0 22 84<\/p>\n<p style=\"text-align: center;\">Correo electr\u00f3nico:\u00a0\u00a0 capitaliafamiliar@capitaliafamiliar.es<\/p>\n","protected":false},"excerpt":{"rendered":"<p>Informe diario del lunes, 30 de octubre de 2023 &nbsp; Sinopsis Hoy en los mercados Sesi&oacute;n de suave recuperaci&oacute;n para unos mercados que estaban ya muy castigados y excesivamente sobrevendidos. An&aacute;lisis de situaci&oacute;n Nuestra visi&oacute;n de mercado contin&uacute;a siendo bajista a medio plazo, pero esperamos que se produzca una reacci&oacute;n alcista de corto plazo. Acceda [&hellip;]<\/p>\n","protected":false},"author":2,"featured_media":2525,"comment_status":"closed","ping_status":"closed","sticky":false,"template":"","format":"standard","meta":{"_et_pb_use_builder":"","_et_pb_old_content":"","_et_gb_content_width":"","jetpack_post_was_ever_published":false,"_jetpack_newsletter_access":"","_jetpack_dont_email_post_to_subs":false,"_jetpack_newsletter_tier_id":0,"_jetpack_memberships_contains_paywalled_content":false,"_jetpack_memberships_contains_paid_content":false,"footnotes":""},"categories":[1],"tags":[55,33,23,58,41,69,50,35,52,79,46,71,28],"class_list":["post-10329","post","type-post","status-publish","format-standard","has-post-thumbnail","hentry","category-informediario","tag-asesoramiento","tag-asesoramiento-financiero","tag-bolsa","tag-bund","tag-eaf","tag-oportunidades","tag-rebote","tag-renta-fija","tag-renta-variable","tag-sobreventa","tag-soportes","tag-tendencia-alcista","tag-volatilidad"],"jetpack_featured_media_url":"https:\/\/capitaliafamiliar.es\/informes\/wp-content\/uploads\/2019\/08\/informediario2.png","jetpack_shortlink":"https:\/\/wp.me\/pa2IGq-2GB","jetpack-related-posts":[{"id":10325,"url":"https:\/\/capitaliafamiliar.es\/informes\/2023\/10\/30\/la-intensa-sobreventa-acumulada-en-las-bolsas-favorecera-un-rebote-del-mercado-en-los-proximos-dias\/","url_meta":{"origin":10329,"position":0},"title":"La intensa sobreventa acumulada en las bolsas favorecer\u00e1 un rebote del mercado en los pr\u00f3ximos d\u00edas","author":"Capitalia Familiar","date":"30 de octubre de 2023","format":false,"excerpt":"Informe diario del lunes, 30 de octubre de 2023 \u00a0 Sinopsis Hoy en los mercados Sesi\u00f3n de suave recuperaci\u00f3n para unos mercados que estaban ya muy castigados y excesivamente sobrevendidos. An\u00e1lisis de situaci\u00f3n Nuestra visi\u00f3n de mercado contin\u00faa siendo bajista a medio plazo, pero esperamos que se produzca una reacci\u00f3n\u2026","rel":"","context":"En \u00abInforme Diario Privado\u00bb","block_context":{"text":"Informe Diario Privado","link":"https:\/\/capitaliafamiliar.es\/informes\/category\/informe-diario-privado\/"},"img":{"alt_text":"","src":"https:\/\/i0.wp.com\/capitaliafamiliar.es\/informes\/wp-content\/uploads\/2019\/08\/informediario2.png?resize=350%2C200&ssl=1","width":350,"height":200,"srcset":"https:\/\/i0.wp.com\/capitaliafamiliar.es\/informes\/wp-content\/uploads\/2019\/08\/informediario2.png?resize=350%2C200&ssl=1 1x, https:\/\/i0.wp.com\/capitaliafamiliar.es\/informes\/wp-content\/uploads\/2019\/08\/informediario2.png?resize=525%2C300&ssl=1 1.5x, https:\/\/i0.wp.com\/capitaliafamiliar.es\/informes\/wp-content\/uploads\/2019\/08\/informediario2.png?resize=700%2C400&ssl=1 2x"},"classes":[]},{"id":7818,"url":"https:\/\/capitaliafamiliar.es\/informes\/2022\/06\/13\/no-es-descartable-que-se-produzca-un-rebote-tecnico-de-corto-plazo-en-las-bolsas-debido-a-la-elevada-sobreventa-pero-la-tendencia-de-fondo-es-claramente-bajista\/","url_meta":{"origin":10329,"position":1},"title":"No es descartable que se produzca un rebote t\u00e9cnico de corto plazo en las bolsas debido a la elevada sobreventa, pero la tendencia de fondo es claramente bajista","author":"Capitalia Familiar","date":"13 de junio de 2022","format":false,"excerpt":"Informe diario del lunes, 13 de junio de 2022 \u00a0 Sinopsis Hoy en los mercados\u2026 La realidad econ\u00f3mica fulmina a los mercados. An\u00e1lisis de situaci\u00f3n y perspectivas No es descartable que se produzca un rebote t\u00e9cnico de corto plazo en las bolsas debido a la elevada sobreventa, pero la tendencia\u2026","rel":"","context":"En \u00abInforme Diario\u00bb","block_context":{"text":"Informe Diario","link":"https:\/\/capitaliafamiliar.es\/informes\/category\/informediario\/"},"img":{"alt_text":"","src":"https:\/\/i0.wp.com\/capitaliafamiliar.es\/informes\/wp-content\/uploads\/2019\/08\/informediario2.png?resize=350%2C200&ssl=1","width":350,"height":200,"srcset":"https:\/\/i0.wp.com\/capitaliafamiliar.es\/informes\/wp-content\/uploads\/2019\/08\/informediario2.png?resize=350%2C200&ssl=1 1x, https:\/\/i0.wp.com\/capitaliafamiliar.es\/informes\/wp-content\/uploads\/2019\/08\/informediario2.png?resize=525%2C300&ssl=1 1.5x, https:\/\/i0.wp.com\/capitaliafamiliar.es\/informes\/wp-content\/uploads\/2019\/08\/informediario2.png?resize=700%2C400&ssl=1 2x"},"classes":[]},{"id":10346,"url":"https:\/\/capitaliafamiliar.es\/informes\/2023\/11\/02\/se-confirma-el-giro-alcista-en-los-mercados-financieros-2\/","url_meta":{"origin":10329,"position":2},"title":"Se confirma el giro alcista en los mercados financieros","author":"Capitalia Familiar","date":"2 de noviembre de 2023","format":false,"excerpt":"Informe diario del jueves, 02 de noviembre de 2023 \u00a0 Sinopsis Hoy en los mercados Fuertes subidas para la renta variable y la renta fija. El inicio de noviembre est\u00e1 resultando muy positivo para los mercados. An\u00e1lisis de situaci\u00f3n Se confirma el giro alcista del mercado, aunque pensamos que se\u2026","rel":"","context":"En \u00abInforme Diario\u00bb","block_context":{"text":"Informe Diario","link":"https:\/\/capitaliafamiliar.es\/informes\/category\/informediario\/"},"img":{"alt_text":"","src":"https:\/\/i0.wp.com\/capitaliafamiliar.es\/informes\/wp-content\/uploads\/2019\/08\/informediario2.png?resize=350%2C200&ssl=1","width":350,"height":200,"srcset":"https:\/\/i0.wp.com\/capitaliafamiliar.es\/informes\/wp-content\/uploads\/2019\/08\/informediario2.png?resize=350%2C200&ssl=1 1x, https:\/\/i0.wp.com\/capitaliafamiliar.es\/informes\/wp-content\/uploads\/2019\/08\/informediario2.png?resize=525%2C300&ssl=1 1.5x, https:\/\/i0.wp.com\/capitaliafamiliar.es\/informes\/wp-content\/uploads\/2019\/08\/informediario2.png?resize=700%2C400&ssl=1 2x"},"classes":[]},{"id":10126,"url":"https:\/\/capitaliafamiliar.es\/informes\/2023\/09\/25\/la-tendencia-alcista-de-medio-y-largo-plazo-de-las-bolsas-se-vera-truncada-si-no-se-produce-un-rebote-contundente-2\/","url_meta":{"origin":10329,"position":3},"title":"La tendencia alcista de medio y largo plazo de las bolsas se ver\u00e1 truncada si no se produce un rebote contundente","author":"Capitalia Familiar","date":"25 de septiembre de 2023","format":false,"excerpt":"Informe diario del lunes, 25 de septiembre de 2023 \u00a0 Sinopsis Hoy en los mercados Nueva sesi\u00f3n negativa para las bolsas, que cierran en zona cr\u00edtica y podr\u00edan comprometer la tendencia alcista de medio y largo plazo si no rebotan en estos niveles. An\u00e1lisis de situaci\u00f3n La situaci\u00f3n econ\u00f3mica y\u2026","rel":"","context":"En \u00abInforme Diario\u00bb","block_context":{"text":"Informe Diario","link":"https:\/\/capitaliafamiliar.es\/informes\/category\/informediario\/"},"img":{"alt_text":"","src":"https:\/\/i0.wp.com\/capitaliafamiliar.es\/informes\/wp-content\/uploads\/2019\/08\/informediario2.png?resize=350%2C200&ssl=1","width":350,"height":200,"srcset":"https:\/\/i0.wp.com\/capitaliafamiliar.es\/informes\/wp-content\/uploads\/2019\/08\/informediario2.png?resize=350%2C200&ssl=1 1x, https:\/\/i0.wp.com\/capitaliafamiliar.es\/informes\/wp-content\/uploads\/2019\/08\/informediario2.png?resize=525%2C300&ssl=1 1.5x, https:\/\/i0.wp.com\/capitaliafamiliar.es\/informes\/wp-content\/uploads\/2019\/08\/informediario2.png?resize=700%2C400&ssl=1 2x"},"classes":[]},{"id":10342,"url":"https:\/\/capitaliafamiliar.es\/informes\/2023\/11\/02\/se-confirma-el-giro-alcista-en-los-mercados-financieros\/","url_meta":{"origin":10329,"position":4},"title":"Se confirma el giro alcista en los mercados financieros","author":"Capitalia Familiar","date":"2 de noviembre de 2023","format":false,"excerpt":"Informe diario del jueves, 02 de noviembre de 2023 \u00a0 Sinopsis Hoy en los mercados Fuertes subidas para la renta variable y la renta fija. El inicio de noviembre est\u00e1 resultando muy positivo para los mercados. An\u00e1lisis de situaci\u00f3n Se confirma el giro alcista del mercado, aunque pensamos que se\u2026","rel":"","context":"En \u00abInforme Diario Privado\u00bb","block_context":{"text":"Informe Diario Privado","link":"https:\/\/capitaliafamiliar.es\/informes\/category\/informe-diario-privado\/"},"img":{"alt_text":"","src":"https:\/\/i0.wp.com\/capitaliafamiliar.es\/informes\/wp-content\/uploads\/2019\/08\/informediario2.png?resize=350%2C200&ssl=1","width":350,"height":200,"srcset":"https:\/\/i0.wp.com\/capitaliafamiliar.es\/informes\/wp-content\/uploads\/2019\/08\/informediario2.png?resize=350%2C200&ssl=1 1x, https:\/\/i0.wp.com\/capitaliafamiliar.es\/informes\/wp-content\/uploads\/2019\/08\/informediario2.png?resize=525%2C300&ssl=1 1.5x, https:\/\/i0.wp.com\/capitaliafamiliar.es\/informes\/wp-content\/uploads\/2019\/08\/informediario2.png?resize=700%2C400&ssl=1 2x"},"classes":[]},{"id":11191,"url":"https:\/\/capitaliafamiliar.es\/informes\/2024\/04\/22\/el-rebote-de-corto-plazo-en-los-mercados-a-la-espera-de-que-el-mercado-acote-los-riesgos-2\/","url_meta":{"origin":10329,"position":5},"title":"El rebote de corto plazo en los mercados a la espera de que el mercado acote los riesgos","author":"Capitalia Familiar","date":"22 de abril de 2024","format":false,"excerpt":"Informe diario del lunes, 22 de abril de 2024 \u00a0 Sinopsis Hoy en los mercados Ligera recuperaci\u00f3n de los mercados de renta variable y renta fija ante la relajaci\u00f3n, ya sea temporal, del conflicto entre Israel e Ir\u00e1n. An\u00e1lisis de situaci\u00f3n Mientras el mercado no de por acotadas las incertidumbres\u2026","rel":"","context":"En \u00abInforme Diario\u00bb","block_context":{"text":"Informe Diario","link":"https:\/\/capitaliafamiliar.es\/informes\/category\/informediario\/"},"img":{"alt_text":"","src":"https:\/\/i0.wp.com\/capitaliafamiliar.es\/informes\/wp-content\/uploads\/2019\/08\/informediario2.png?resize=350%2C200&ssl=1","width":350,"height":200,"srcset":"https:\/\/i0.wp.com\/capitaliafamiliar.es\/informes\/wp-content\/uploads\/2019\/08\/informediario2.png?resize=350%2C200&ssl=1 1x, https:\/\/i0.wp.com\/capitaliafamiliar.es\/informes\/wp-content\/uploads\/2019\/08\/informediario2.png?resize=525%2C300&ssl=1 1.5x, https:\/\/i0.wp.com\/capitaliafamiliar.es\/informes\/wp-content\/uploads\/2019\/08\/informediario2.png?resize=700%2C400&ssl=1 2x"},"classes":[]}],"jetpack_sharing_enabled":true,"_links":{"self":[{"href":"https:\/\/capitaliafamiliar.es\/informes\/wp-json\/wp\/v2\/posts\/10329","targetHints":{"allow":["GET"]}}],"collection":[{"href":"https:\/\/capitaliafamiliar.es\/informes\/wp-json\/wp\/v2\/posts"}],"about":[{"href":"https:\/\/capitaliafamiliar.es\/informes\/wp-json\/wp\/v2\/types\/post"}],"author":[{"embeddable":true,"href":"https:\/\/capitaliafamiliar.es\/informes\/wp-json\/wp\/v2\/users\/2"}],"replies":[{"embeddable":true,"href":"https:\/\/capitaliafamiliar.es\/informes\/wp-json\/wp\/v2\/comments?post=10329"}],"version-history":[{"count":1,"href":"https:\/\/capitaliafamiliar.es\/informes\/wp-json\/wp\/v2\/posts\/10329\/revisions"}],"predecessor-version":[{"id":10331,"href":"https:\/\/capitaliafamiliar.es\/informes\/wp-json\/wp\/v2\/posts\/10329\/revisions\/10331"}],"wp:featuredmedia":[{"embeddable":true,"href":"https:\/\/capitaliafamiliar.es\/informes\/wp-json\/wp\/v2\/media\/2525"}],"wp:attachment":[{"href":"https:\/\/capitaliafamiliar.es\/informes\/wp-json\/wp\/v2\/media?parent=10329"}],"wp:term":[{"taxonomy":"category","embeddable":true,"href":"https:\/\/capitaliafamiliar.es\/informes\/wp-json\/wp\/v2\/categories?post=10329"},{"taxonomy":"post_tag","embeddable":true,"href":"https:\/\/capitaliafamiliar.es\/informes\/wp-json\/wp\/v2\/tags?post=10329"}],"curies":[{"name":"wp","href":"https:\/\/api.w.org\/{rel}","templated":true}]}}