{"id":10346,"date":"2023-11-02T17:28:25","date_gmt":"2023-11-02T17:28:25","guid":{"rendered":"https:\/\/capitaliafamiliar.es\/informes\/?p=10346"},"modified":"2023-11-02T17:28:25","modified_gmt":"2023-11-02T17:28:25","slug":"se-confirma-el-giro-alcista-en-los-mercados-financieros-2","status":"publish","type":"post","link":"https:\/\/capitaliafamiliar.es\/informes\/2023\/11\/02\/se-confirma-el-giro-alcista-en-los-mercados-financieros-2\/","title":{"rendered":"Se confirma el giro alcista en los mercados financieros"},"content":{"rendered":"<blockquote>\n<p style=\"text-align: justify;\"><span style=\"font-size: 20px;\"><strong>Informe diario del jueves, 02 de noviembre de 2023<\/strong><\/span><\/p>\n<\/blockquote>\n<p>&nbsp;<\/p>\n<p><span style=\"font-size: 24px; color: #000080;\"><b>Sinopsis<\/b><\/span><\/p>\n<p style=\"text-align: justify;\"><span style=\"font-size: 20px;\"><b><i>Hoy en los mercados<\/i><\/b><\/span><\/p>\n<p style=\"text-align: justify;\"><span style=\"font-size: 20px;\"><i>Fuertes subidas para la renta variable y la renta fija. El inicio de noviembre est\u00e1 resultando muy positivo para los mercados.<\/i><\/span><\/p>\n<p style=\"text-align: justify;\"><span style=\"font-size: 20px;\"><b><i>An\u00e1lisis de situaci\u00f3n<\/i><\/b><\/span><\/p>\n<p style=\"text-align: justify;\"><span style=\"font-size: 20px;\"><i>Se confirma el giro alcista del mercado, aunque pensamos que se tratar\u00eda de un rebote de corto plazo, ya que la situaci\u00f3n macroecon\u00f3mica no ha variado.<\/i><\/span><\/p>\n<p><strong><span style=\"font-size: 24px;\"><span style=\"font-size: 20px;\">Acceda al documento a trav\u00e9s de este v\u00ednculo: <a href=\"https:\/\/capitaliafamiliar.es\/informes\/wp-content\/uploads\/2023\/11\/Informe-Diario-02.11.2023-version-restringida.pdf\">Informe Diario 02.11.2023 (versi\u00f3n restringida)<\/a><\/span><\/span><\/strong><img loading=\"lazy\" decoding=\"async\" data-attachment-id=\"7415\" data-permalink=\"https:\/\/capitaliafamiliar.es\/informes\/2021\/12\/27\/la-reparacion-de-la-dinamica-alcista-en-las-bolsas-esta-practicamente-completada-pero-falta-volumen-y-una-participacion-mas-generalizada\/invitacion-de-contacto-2\/\" data-orig-file=\"https:\/\/capitaliafamiliar.es\/informes\/wp-content\/uploads\/2021\/12\/Invitacion-de-contacto.jpg\" data-orig-size=\"570,219\" data-comments-opened=\"0\" data-image-meta=\"{&quot;aperture&quot;:&quot;0&quot;,&quot;credit&quot;:&quot;&quot;,&quot;camera&quot;:&quot;&quot;,&quot;caption&quot;:&quot;&quot;,&quot;created_timestamp&quot;:&quot;0&quot;,&quot;copyright&quot;:&quot;&quot;,&quot;focal_length&quot;:&quot;0&quot;,&quot;iso&quot;:&quot;0&quot;,&quot;shutter_speed&quot;:&quot;0&quot;,&quot;title&quot;:&quot;&quot;,&quot;orientation&quot;:&quot;0&quot;}\" data-image-title=\"Invitaci\u00f3n de contacto\" data-image-description=\"\" data-image-caption=\"\" data-large-file=\"https:\/\/capitaliafamiliar.es\/informes\/wp-content\/uploads\/2021\/12\/Invitacion-de-contacto.jpg\" class=\"size-full wp-image-7415 aligncenter\" src=\"https:\/\/capitaliafamiliar.es\/informes\/wp-content\/uploads\/2021\/12\/Invitacion-de-contacto.jpg\" alt=\"\" width=\"0\" height=\"0\" srcset=\"https:\/\/capitaliafamiliar.es\/informes\/wp-content\/uploads\/2021\/12\/Invitacion-de-contacto.jpg 570w, https:\/\/capitaliafamiliar.es\/informes\/wp-content\/uploads\/2021\/12\/Invitacion-de-contacto-300x115.jpg 300w\" sizes=\"(max-width: 570px) 100vw, 570px\" \/><\/p>\n<p style=\"text-align: center;\"><strong>Solicite informaci\u00f3n sobre nuestros servicios de asesoramiento financiero<\/strong><\/p>\n<p style=\"text-align: center;\">Si necesita ayuda para el cuidado de su patrimonio, no dude en ponerse en contacto con nosotros, sin compromiso.<\/p>\n<p style=\"text-align: center;\">Tel\u00e9fono:\u00a0\u00a0 91 770\u00a0 22 84<\/p>\n<p style=\"text-align: center;\">Correo electr\u00f3nico:\u00a0\u00a0 capitaliafamiliar@capitaliafamiliar.es<\/p>\n","protected":false},"excerpt":{"rendered":"<p>Informe diario del jueves, 02 de noviembre de 2023 &nbsp; Sinopsis Hoy en los mercados Fuertes subidas para la renta variable y la renta fija. El inicio de noviembre est&aacute; resultando muy positivo para los mercados. An&aacute;lisis de situaci&oacute;n Se confirma el giro alcista del mercado, aunque pensamos que se tratar&iacute;a de un rebote de [&hellip;]<\/p>\n","protected":false},"author":2,"featured_media":2525,"comment_status":"closed","ping_status":"closed","sticky":false,"template":"","format":"standard","meta":{"_et_pb_use_builder":"","_et_pb_old_content":"","_et_gb_content_width":"","_jetpack_newsletter_access":"","_jetpack_dont_email_post_to_subs":false,"_jetpack_newsletter_tier_id":0,"_jetpack_memberships_contains_paywalled_content":false,"_jetpack_feature_clip_id":0,"_jetpack_memberships_contains_paid_content":false,"footnotes":"","jetpack_post_was_ever_published":false,"_members_access_role":[],"_members_access_error":""},"categories":[1],"tags":[55,33,68,23,58,41,49,78,22,35,52,39,46,59],"class_list":["post-10346","post","type-post","status-publish","format-standard","has-post-thumbnail","hentry","category-informediario","tag-asesoramiento","tag-asesoramiento-financiero","tag-bancos-centrales","tag-bolsa","tag-bund","tag-eaf","tag-fed","tag-giro-alcista","tag-mercados","tag-renta-fija","tag-renta-variable","tag-resultados-empresariales","tag-soportes","tag-treasury"],"jetpack_shortlink":"https:\/\/wp.me\/pa2IGq-2GS","jetpack-related-posts":[{"id":10342,"url":"https:\/\/capitaliafamiliar.es\/informes\/2023\/11\/02\/se-confirma-el-giro-alcista-en-los-mercados-financieros\/","url_meta":{"origin":10346,"position":0},"title":"Se confirma el giro alcista en los mercados financieros","author":"Capitalia Familiar","date":"2 de noviembre de 2023","format":false,"excerpt":"Informe diario del jueves, 02 de noviembre de 2023 \u00a0 Sinopsis Hoy en los mercados Fuertes subidas para la renta variable y la renta fija. El inicio de noviembre est\u00e1 resultando muy positivo para los mercados. An\u00e1lisis de situaci\u00f3n Se confirma el giro alcista del mercado, aunque pensamos que se\u2026","rel":"","context":"En \u00abInforme Diario Privado\u00bb","block_context":{"text":"Informe Diario Privado","link":"https:\/\/capitaliafamiliar.es\/informes\/category\/informe-diario-privado\/"},"img":{"alt_text":"","src":"https:\/\/i0.wp.com\/capitaliafamiliar.es\/informes\/wp-content\/uploads\/2019\/08\/informediario2.png?resize=350%2C200&ssl=1","width":350,"height":200,"srcset":"https:\/\/i0.wp.com\/capitaliafamiliar.es\/informes\/wp-content\/uploads\/2019\/08\/informediario2.png?resize=350%2C200&ssl=1 1x, https:\/\/i0.wp.com\/capitaliafamiliar.es\/informes\/wp-content\/uploads\/2019\/08\/informediario2.png?resize=525%2C300&ssl=1 1.5x, https:\/\/i0.wp.com\/capitaliafamiliar.es\/informes\/wp-content\/uploads\/2019\/08\/informediario2.png?resize=700%2C400&ssl=1 2x"},"classes":[]},{"id":10375,"url":"https:\/\/capitaliafamiliar.es\/informes\/2023\/11\/07\/la-fase-consolidativa-de-los-mercados-podria-alargarse-todavia-unos-dias-2\/","url_meta":{"origin":10346,"position":1},"title":"La fase consolidativa de los mercados podr\u00eda alargarse todav\u00eda unos d\u00edas","author":"Capitalia Familiar","date":"7 de noviembre de 2023","format":false,"excerpt":"Informe diario del martes, 07 de noviembre de 2023 \u00a0 Sinopsis Hoy en los mercados Se mantiene la din\u00e1mica de ayer, con un mejor comportamiento de la tecnolog\u00eda frente a una consolidaci\u00f3n-correcci\u00f3n muy suave en el resto del mercado. An\u00e1lisis de situaci\u00f3n La fase consolidativa podr\u00eda alargarse todav\u00eda unos d\u00edas\u2026","rel":"","context":"En \u00abInforme Diario\u00bb","block_context":{"text":"Informe Diario","link":"https:\/\/capitaliafamiliar.es\/informes\/category\/informediario\/"},"img":{"alt_text":"","src":"https:\/\/i0.wp.com\/capitaliafamiliar.es\/informes\/wp-content\/uploads\/2019\/08\/informediario2.png?resize=350%2C200&ssl=1","width":350,"height":200,"srcset":"https:\/\/i0.wp.com\/capitaliafamiliar.es\/informes\/wp-content\/uploads\/2019\/08\/informediario2.png?resize=350%2C200&ssl=1 1x, https:\/\/i0.wp.com\/capitaliafamiliar.es\/informes\/wp-content\/uploads\/2019\/08\/informediario2.png?resize=525%2C300&ssl=1 1.5x, https:\/\/i0.wp.com\/capitaliafamiliar.es\/informes\/wp-content\/uploads\/2019\/08\/informediario2.png?resize=700%2C400&ssl=1 2x"},"classes":[]},{"id":10983,"url":"https:\/\/capitaliafamiliar.es\/informes\/2024\/03\/07\/nuevos-maximos-historicos-para-las-bolsas-el-sentimiento-alcista-tambien-esta-en-maximos-2\/","url_meta":{"origin":10346,"position":2},"title":"Nuevos m\u00e1ximos hist\u00f3ricos para las bolsas. El sentimiento alcista tambi\u00e9n est\u00e1 en m\u00e1ximos","author":"Capitalia Familiar","date":"7 de marzo de 2024","format":false,"excerpt":"Informe diario del jueves, 7 de marzo de 2024 \u00a0 Sinopsis Hoy en los mercados Los mercados de renta variable prolongan el pulso alcista y marcan nuevos m\u00e1ximos hist\u00f3ricos tras la reuni\u00f3n del BCE. Tibia reacci\u00f3n de la renta fija. An\u00e1lisis de situaci\u00f3n Por el momento contin\u00faa el movimiento alcista\u2026","rel":"","context":"En \u00abInforme Diario\u00bb","block_context":{"text":"Informe Diario","link":"https:\/\/capitaliafamiliar.es\/informes\/category\/informediario\/"},"img":{"alt_text":"","src":"https:\/\/i0.wp.com\/capitaliafamiliar.es\/informes\/wp-content\/uploads\/2019\/08\/informediario2.png?resize=350%2C200&ssl=1","width":350,"height":200,"srcset":"https:\/\/i0.wp.com\/capitaliafamiliar.es\/informes\/wp-content\/uploads\/2019\/08\/informediario2.png?resize=350%2C200&ssl=1 1x, https:\/\/i0.wp.com\/capitaliafamiliar.es\/informes\/wp-content\/uploads\/2019\/08\/informediario2.png?resize=525%2C300&ssl=1 1.5x, https:\/\/i0.wp.com\/capitaliafamiliar.es\/informes\/wp-content\/uploads\/2019\/08\/informediario2.png?resize=700%2C400&ssl=1 2x"},"classes":[]},{"id":10403,"url":"https:\/\/capitaliafamiliar.es\/informes\/2023\/11\/13\/las-bolsas-deberian-tomarse-un-descanso-2\/","url_meta":{"origin":10346,"position":3},"title":"Las bolsas deber\u00edan tomarse un descanso\u2026","author":"Capitalia Familiar","date":"13 de noviembre de 2023","format":false,"excerpt":"Informe diario del lunes, 13 de noviembre de 2023 \u00a0 Sinopsis Hoy en los mercados Las bolsas se mueven en torno a los m\u00e1ximos de la pasada semana a la espera de que se conozca ma\u00f1ana el dato de inflaci\u00f3n de octubre en Estados Unidos. An\u00e1lisis de situaci\u00f3n Seguimos esperando\u2026","rel":"","context":"En \u00abInforme Diario\u00bb","block_context":{"text":"Informe Diario","link":"https:\/\/capitaliafamiliar.es\/informes\/category\/informediario\/"},"img":{"alt_text":"","src":"https:\/\/i0.wp.com\/capitaliafamiliar.es\/informes\/wp-content\/uploads\/2019\/08\/informediario2.png?resize=350%2C200&ssl=1","width":350,"height":200,"srcset":"https:\/\/i0.wp.com\/capitaliafamiliar.es\/informes\/wp-content\/uploads\/2019\/08\/informediario2.png?resize=350%2C200&ssl=1 1x, https:\/\/i0.wp.com\/capitaliafamiliar.es\/informes\/wp-content\/uploads\/2019\/08\/informediario2.png?resize=525%2C300&ssl=1 1.5x, https:\/\/i0.wp.com\/capitaliafamiliar.es\/informes\/wp-content\/uploads\/2019\/08\/informediario2.png?resize=700%2C400&ssl=1 2x"},"classes":[]},{"id":10506,"url":"https:\/\/capitaliafamiliar.es\/informes\/2023\/11\/30\/reaccion-inesperada-de-los-mercados-a-los-positivos-datos-de-inflacion-fin-al-impulso-alcista-2\/","url_meta":{"origin":10346,"position":4},"title":"Reacci\u00f3n inesperada de los mercados a los positivos datos de inflaci\u00f3n, \u00bffin al impulso alcista?","author":"Capitalia Familiar","date":"30 de noviembre de 2023","format":false,"excerpt":"Informe diario del jueves, 30 de noviembre de 2023 \u00a0 Sinopsis Hoy en los mercados Los buenos datos de inflaci\u00f3n conocidos a ambos lados del Atl\u00e1ntico no fueron suficientes para mantener las subidas en los mercados. An\u00e1lisis de situaci\u00f3n El debate entre crecimiento e inflaci\u00f3n centrar\u00e1 la atenci\u00f3n de los\u2026","rel":"","context":"En \u00abInforme Diario\u00bb","block_context":{"text":"Informe Diario","link":"https:\/\/capitaliafamiliar.es\/informes\/category\/informediario\/"},"img":{"alt_text":"","src":"https:\/\/i0.wp.com\/capitaliafamiliar.es\/informes\/wp-content\/uploads\/2019\/08\/informediario2.png?resize=350%2C200&ssl=1","width":350,"height":200,"srcset":"https:\/\/i0.wp.com\/capitaliafamiliar.es\/informes\/wp-content\/uploads\/2019\/08\/informediario2.png?resize=350%2C200&ssl=1 1x, https:\/\/i0.wp.com\/capitaliafamiliar.es\/informes\/wp-content\/uploads\/2019\/08\/informediario2.png?resize=525%2C300&ssl=1 1.5x, https:\/\/i0.wp.com\/capitaliafamiliar.es\/informes\/wp-content\/uploads\/2019\/08\/informediario2.png?resize=700%2C400&ssl=1 2x"},"classes":[]},{"id":10813,"url":"https:\/\/capitaliafamiliar.es\/informes\/2024\/02\/07\/la-tendencia-de-fondo-que-sigue-siendo-alcista-para-los-mercados-pero-a-corto-plazo-se-muestran-claramente-excedidos-2\/","url_meta":{"origin":10346,"position":5},"title":"La tendencia de fondo que sigue siendo alcista para los mercados, pero a corto plazo se muestran claramente excedidos&#8230;","author":"Capitalia Familiar","date":"7 de febrero de 2024","format":false,"excerpt":"Informe diario del mi\u00e9rcoles, 7 de febrero de 2024 \u00a0 Sinopsis Hoy en los mercados Alzas en las bolsas estadounidenses, que alcanzan cotas que podr\u00edan ser psicol\u00f3gicamente relevantes, y descensos moderados para los \u00edndices europeos y la renta fija. An\u00e1lisis de situaci\u00f3n El mercado laboral est\u00e1 resultando clave en el\u2026","rel":"","context":"En \u00abInforme Diario\u00bb","block_context":{"text":"Informe Diario","link":"https:\/\/capitaliafamiliar.es\/informes\/category\/informediario\/"},"img":{"alt_text":"","src":"https:\/\/i0.wp.com\/capitaliafamiliar.es\/informes\/wp-content\/uploads\/2019\/08\/informediario2.png?resize=350%2C200&ssl=1","width":350,"height":200,"srcset":"https:\/\/i0.wp.com\/capitaliafamiliar.es\/informes\/wp-content\/uploads\/2019\/08\/informediario2.png?resize=350%2C200&ssl=1 1x, https:\/\/i0.wp.com\/capitaliafamiliar.es\/informes\/wp-content\/uploads\/2019\/08\/informediario2.png?resize=525%2C300&ssl=1 1.5x, https:\/\/i0.wp.com\/capitaliafamiliar.es\/informes\/wp-content\/uploads\/2019\/08\/informediario2.png?resize=700%2C400&ssl=1 2x"},"classes":[]}],"jetpack_sharing_enabled":true,"jetpack_featured_media_url":"https:\/\/capitaliafamiliar.es\/informes\/wp-content\/uploads\/2019\/08\/informediario2.png","_links":{"self":[{"href":"https:\/\/capitaliafamiliar.es\/informes\/wp-json\/wp\/v2\/posts\/10346","targetHints":{"allow":["GET"]}}],"collection":[{"href":"https:\/\/capitaliafamiliar.es\/informes\/wp-json\/wp\/v2\/posts"}],"about":[{"href":"https:\/\/capitaliafamiliar.es\/informes\/wp-json\/wp\/v2\/types\/post"}],"author":[{"embeddable":true,"href":"https:\/\/capitaliafamiliar.es\/informes\/wp-json\/wp\/v2\/users\/2"}],"replies":[{"embeddable":true,"href":"https:\/\/capitaliafamiliar.es\/informes\/wp-json\/wp\/v2\/comments?post=10346"}],"version-history":[{"count":1,"href":"https:\/\/capitaliafamiliar.es\/informes\/wp-json\/wp\/v2\/posts\/10346\/revisions"}],"predecessor-version":[{"id":10348,"href":"https:\/\/capitaliafamiliar.es\/informes\/wp-json\/wp\/v2\/posts\/10346\/revisions\/10348"}],"wp:featuredmedia":[{"embeddable":true,"href":"https:\/\/capitaliafamiliar.es\/informes\/wp-json\/wp\/v2\/media\/2525"}],"wp:attachment":[{"href":"https:\/\/capitaliafamiliar.es\/informes\/wp-json\/wp\/v2\/media?parent=10346"}],"wp:term":[{"taxonomy":"category","embeddable":true,"href":"https:\/\/capitaliafamiliar.es\/informes\/wp-json\/wp\/v2\/categories?post=10346"},{"taxonomy":"post_tag","embeddable":true,"href":"https:\/\/capitaliafamiliar.es\/informes\/wp-json\/wp\/v2\/tags?post=10346"}],"curies":[{"name":"wp","href":"https:\/\/api.w.org\/{rel}","templated":true}]}}