{"id":10781,"date":"2024-02-01T17:00:49","date_gmt":"2024-02-01T17:00:49","guid":{"rendered":"https:\/\/capitaliafamiliar.es\/informes\/?p=10781"},"modified":"2024-02-01T17:00:49","modified_gmt":"2024-02-01T17:00:49","slug":"la-fed-desarticula-las-previsiones-del-mercado-pero-este-no-se-rinde-2","status":"publish","type":"post","link":"https:\/\/capitaliafamiliar.es\/informes\/2024\/02\/01\/la-fed-desarticula-las-previsiones-del-mercado-pero-este-no-se-rinde-2\/","title":{"rendered":"La Fed desarticula las previsiones del mercado, pero este no se rinde&#8230;"},"content":{"rendered":"<blockquote>\n<p style=\"text-align: justify;\"><span style=\"font-size: 20px;\"><strong>Informe diario del jueves, 1 de febrero de 2024<\/strong><\/span><\/p>\n<\/blockquote>\n<p>&nbsp;<\/p>\n<p><span style=\"font-size: 24px; color: #000080;\"><b>Sinopsis<\/b><\/span><\/p>\n<p style=\"text-align: justify;\"><span style=\"font-size: 20px;\"><b><i>Hoy en los mercados<\/i><\/b><\/span><\/p>\n<p style=\"text-align: justify;\"><span style=\"font-size: 20px;\"><i>Sesi\u00f3n de calma en los mercados de renta variable, que tratan de reponerse de la tormenta vivida ayer en Estados Unidos tras la reuni\u00f3n de la Reserva Federal.<\/i><\/span><\/p>\n<p style=\"text-align: justify;\"><span style=\"font-size: 20px;\"><b><i>An\u00e1lisis de situaci\u00f3n<\/i><\/b><\/span><\/p>\n<p style=\"text-align: justify;\"><span style=\"font-size: 20px;\"><i>La Fed da un nuevo ba\u00f1o de realidad a los mercados, que pese a todo no var\u00edan sus expectativas de bajadas de tipos para 2024. Atenci\u00f3n a los resultados empresariales.<\/i><\/span><\/p>\n<p><strong><span style=\"font-size: 24px;\"><span style=\"font-size: 20px;\">Acceda al documento a trav\u00e9s de este v\u00ednculo: <a href=\"https:\/\/capitaliafamiliar.es\/informes\/wp-content\/uploads\/2024\/02\/Informe-Diario-01.02.2024-version-restringida.pdf\">Informe Diario 01.02.2024 (versi\u00f3n restringida)<\/a><\/span><\/span><\/strong><img loading=\"lazy\" decoding=\"async\" data-attachment-id=\"7415\" data-permalink=\"https:\/\/capitaliafamiliar.es\/informes\/2021\/12\/27\/la-reparacion-de-la-dinamica-alcista-en-las-bolsas-esta-practicamente-completada-pero-falta-volumen-y-una-participacion-mas-generalizada\/invitacion-de-contacto-2\/\" data-orig-file=\"https:\/\/capitaliafamiliar.es\/informes\/wp-content\/uploads\/2021\/12\/Invitacion-de-contacto.jpg\" data-orig-size=\"570,219\" data-comments-opened=\"0\" data-image-meta=\"{&quot;aperture&quot;:&quot;0&quot;,&quot;credit&quot;:&quot;&quot;,&quot;camera&quot;:&quot;&quot;,&quot;caption&quot;:&quot;&quot;,&quot;created_timestamp&quot;:&quot;0&quot;,&quot;copyright&quot;:&quot;&quot;,&quot;focal_length&quot;:&quot;0&quot;,&quot;iso&quot;:&quot;0&quot;,&quot;shutter_speed&quot;:&quot;0&quot;,&quot;title&quot;:&quot;&quot;,&quot;orientation&quot;:&quot;0&quot;}\" data-image-title=\"Invitaci\u00f3n de contacto\" data-image-description=\"\" data-image-caption=\"\" data-large-file=\"https:\/\/capitaliafamiliar.es\/informes\/wp-content\/uploads\/2021\/12\/Invitacion-de-contacto.jpg\" class=\"size-full wp-image-7415 aligncenter\" src=\"https:\/\/capitaliafamiliar.es\/informes\/wp-content\/uploads\/2021\/12\/Invitacion-de-contacto.jpg\" alt=\"\" width=\"0\" height=\"0\" srcset=\"https:\/\/capitaliafamiliar.es\/informes\/wp-content\/uploads\/2021\/12\/Invitacion-de-contacto.jpg 570w, https:\/\/capitaliafamiliar.es\/informes\/wp-content\/uploads\/2021\/12\/Invitacion-de-contacto-300x115.jpg 300w\" sizes=\"(max-width: 570px) 100vw, 570px\" \/><\/p>\n<p style=\"text-align: center;\"><strong>Solicite informaci\u00f3n sobre nuestros servicios de asesoramiento financiero<\/strong><\/p>\n<p style=\"text-align: center;\">Si necesita ayuda para el cuidado de su patrimonio, no dude en ponerse en contacto con nosotros, sin compromiso.<\/p>\n<p style=\"text-align: center;\">Tel\u00e9fono:\u00a0\u00a0 91 770\u00a0 22 84<\/p>\n<p style=\"text-align: center;\">Correo electr\u00f3nico:\u00a0\u00a0 capitaliafamiliar@capitaliafamiliar.es<\/p>\n","protected":false},"excerpt":{"rendered":"<p>Informe diario del jueves, 1 de febrero de 2024 &nbsp; Sinopsis Hoy en los mercados Sesi&oacute;n de calma en los mercados de renta variable, que tratan de reponerse de la tormenta vivida ayer en Estados Unidos tras la reuni&oacute;n de la Reserva Federal. An&aacute;lisis de situaci&oacute;n La Fed da un nuevo ba&ntilde;o de realidad a [&hellip;]<\/p>\n","protected":false},"author":2,"featured_media":2525,"comment_status":"closed","ping_status":"closed","sticky":false,"template":"","format":"standard","meta":{"_et_pb_use_builder":"","_et_pb_old_content":"","_et_gb_content_width":"","jetpack_post_was_ever_published":false,"_jetpack_newsletter_access":"","_jetpack_dont_email_post_to_subs":false,"_jetpack_newsletter_tier_id":0,"_jetpack_memberships_contains_paywalled_content":false,"_jetpack_memberships_contains_paid_content":false,"footnotes":""},"categories":[1],"tags":[55,33,68,23,41,49,25,22,51,35,52],"class_list":["post-10781","post","type-post","status-publish","format-standard","has-post-thumbnail","hentry","category-informediario","tag-asesoramiento","tag-asesoramiento-financiero","tag-bancos-centrales","tag-bolsa","tag-eaf","tag-fed","tag-macroeconomia","tag-mercados","tag-mercados-financieros","tag-renta-fija","tag-renta-variable"],"jetpack_featured_media_url":"https:\/\/capitaliafamiliar.es\/informes\/wp-content\/uploads\/2019\/08\/informediario2.png","jetpack_shortlink":"https:\/\/wp.me\/pa2IGq-2NT","jetpack-related-posts":[{"id":11137,"url":"https:\/\/capitaliafamiliar.es\/informes\/2024\/04\/11\/nuevo-escenario-para-los-mercados-la-fed-y-el-bce-podrian-no-sincronizarse-para-bajar-los-tipos-de-interes-2\/","url_meta":{"origin":10781,"position":0},"title":"\u00bfNuevo escenario para los mercados? La Fed y el BCE podr\u00edan no sincronizarse para bajar los tipos de inter\u00e9s","author":"Capitalia Familiar","date":"11 de abril de 2024","format":false,"excerpt":"Informe diario del jueves, 11 de abril de 2024 \u00a0 Sinopsis Hoy en los mercados Descensos moderados tanto en los mercados de renta fija como en los de renta variable, que contin\u00faan con su proceso consolidativo. An\u00e1lisis de situaci\u00f3n Se abre un nuevo escenario para los mercados: ya no puede\u2026","rel":"","context":"En \u00abInforme Diario\u00bb","block_context":{"text":"Informe Diario","link":"https:\/\/capitaliafamiliar.es\/informes\/category\/informediario\/"},"img":{"alt_text":"","src":"https:\/\/i0.wp.com\/capitaliafamiliar.es\/informes\/wp-content\/uploads\/2019\/08\/informediario2.png?resize=350%2C200&ssl=1","width":350,"height":200,"srcset":"https:\/\/i0.wp.com\/capitaliafamiliar.es\/informes\/wp-content\/uploads\/2019\/08\/informediario2.png?resize=350%2C200&ssl=1 1x, https:\/\/i0.wp.com\/capitaliafamiliar.es\/informes\/wp-content\/uploads\/2019\/08\/informediario2.png?resize=525%2C300&ssl=1 1.5x, https:\/\/i0.wp.com\/capitaliafamiliar.es\/informes\/wp-content\/uploads\/2019\/08\/informediario2.png?resize=700%2C400&ssl=1 2x"},"classes":[]},{"id":11078,"url":"https:\/\/capitaliafamiliar.es\/informes\/2024\/04\/02\/el-mes-de-abril-comienza-con-susto-en-los-mercados-se-inicia-una-fase-menos-sencilla-para-los-mercados-financieros-2\/","url_meta":{"origin":10781,"position":1},"title":"El mes de abril comienza con susto en los mercados: se inicia una fase menos sencilla para los mercados financieros","author":"Capitalia Familiar","date":"2 de abril de 2024","format":false,"excerpt":"Informe diario del martes, 2 de abril de 2024 \u00a0 Sinopsis Hoy en los mercados Ca\u00eddas generalizadas en los mercados financieros, m\u00e1s intensas en el caso de la renta variable tras marcar entre ayer y hoy nuevos m\u00e1ximos. An\u00e1lisis de situaci\u00f3n La desigual evoluci\u00f3n de la econom\u00eda europea y la\u2026","rel":"","context":"En \u00abInforme Diario\u00bb","block_context":{"text":"Informe Diario","link":"https:\/\/capitaliafamiliar.es\/informes\/category\/informediario\/"},"img":{"alt_text":"","src":"https:\/\/i0.wp.com\/capitaliafamiliar.es\/informes\/wp-content\/uploads\/2019\/08\/informediario2.png?resize=350%2C200&ssl=1","width":350,"height":200,"srcset":"https:\/\/i0.wp.com\/capitaliafamiliar.es\/informes\/wp-content\/uploads\/2019\/08\/informediario2.png?resize=350%2C200&ssl=1 1x, https:\/\/i0.wp.com\/capitaliafamiliar.es\/informes\/wp-content\/uploads\/2019\/08\/informediario2.png?resize=525%2C300&ssl=1 1.5x, https:\/\/i0.wp.com\/capitaliafamiliar.es\/informes\/wp-content\/uploads\/2019\/08\/informediario2.png?resize=700%2C400&ssl=1 2x"},"classes":[]},{"id":10972,"url":"https:\/\/capitaliafamiliar.es\/informes\/2024\/03\/06\/los-mercados-de-renta-variable-luchan-en-zona-de-maximos-historicos-2\/","url_meta":{"origin":10781,"position":2},"title":"Los mercados de renta variable luchan en zona de m\u00e1ximos hist\u00f3ricos","author":"Capitalia Familiar","date":"6 de marzo de 2024","format":false,"excerpt":"Informe diario del mi\u00e9rcoles, 6 de marzo de 2024 \u00a0 Sinopsis Hoy en los mercados Los mercados de renta variable se recomponen tras el susto vivido en la jornada de ayer. An\u00e1lisis de situaci\u00f3n Las bolsas mantienen la batalla en zona de m\u00e1ximos hist\u00f3ricos: \u00bfcontinuar\u00e1n las subidas sin descanso o\u2026","rel":"","context":"En \u00abInforme Diario\u00bb","block_context":{"text":"Informe Diario","link":"https:\/\/capitaliafamiliar.es\/informes\/category\/informediario\/"},"img":{"alt_text":"","src":"https:\/\/i0.wp.com\/capitaliafamiliar.es\/informes\/wp-content\/uploads\/2019\/08\/informediario2.png?resize=350%2C200&ssl=1","width":350,"height":200,"srcset":"https:\/\/i0.wp.com\/capitaliafamiliar.es\/informes\/wp-content\/uploads\/2019\/08\/informediario2.png?resize=350%2C200&ssl=1 1x, https:\/\/i0.wp.com\/capitaliafamiliar.es\/informes\/wp-content\/uploads\/2019\/08\/informediario2.png?resize=525%2C300&ssl=1 1.5x, https:\/\/i0.wp.com\/capitaliafamiliar.es\/informes\/wp-content\/uploads\/2019\/08\/informediario2.png?resize=700%2C400&ssl=1 2x"},"classes":[]},{"id":10835,"url":"https:\/\/capitaliafamiliar.es\/informes\/2024\/02\/12\/los-mercados-esperan-ya-al-dato-de-inflacion-estadounidense-del-mes-de-enero-2\/","url_meta":{"origin":10781,"position":3},"title":"Los mercados esperan ya al dato de inflaci\u00f3n estadounidense del mes de enero&#8230;","author":"Capitalia Familiar","date":"12 de febrero de 2024","format":false,"excerpt":"Informe diario del lunes, 12 de febrero de 2024 \u00a0 Sinopsis Hoy en los mercados Alzas moderadas para la renta variable. La renta fija contin\u00faa atascada. An\u00e1lisis de situaci\u00f3n La renta variable mantiene el pulso a la espera de que se conozca ma\u00f1ana el dato de inflaci\u00f3n estadounidense del mes\u2026","rel":"","context":"En \u00abInforme Diario\u00bb","block_context":{"text":"Informe Diario","link":"https:\/\/capitaliafamiliar.es\/informes\/category\/informediario\/"},"img":{"alt_text":"","src":"https:\/\/i0.wp.com\/capitaliafamiliar.es\/informes\/wp-content\/uploads\/2019\/08\/informediario2.png?resize=350%2C200&ssl=1","width":350,"height":200,"srcset":"https:\/\/i0.wp.com\/capitaliafamiliar.es\/informes\/wp-content\/uploads\/2019\/08\/informediario2.png?resize=350%2C200&ssl=1 1x, https:\/\/i0.wp.com\/capitaliafamiliar.es\/informes\/wp-content\/uploads\/2019\/08\/informediario2.png?resize=525%2C300&ssl=1 1.5x, https:\/\/i0.wp.com\/capitaliafamiliar.es\/informes\/wp-content\/uploads\/2019\/08\/informediario2.png?resize=700%2C400&ssl=1 2x"},"classes":[]},{"id":11191,"url":"https:\/\/capitaliafamiliar.es\/informes\/2024\/04\/22\/el-rebote-de-corto-plazo-en-los-mercados-a-la-espera-de-que-el-mercado-acote-los-riesgos-2\/","url_meta":{"origin":10781,"position":4},"title":"El rebote de corto plazo en los mercados a la espera de que el mercado acote los riesgos","author":"Capitalia Familiar","date":"22 de abril de 2024","format":false,"excerpt":"Informe diario del lunes, 22 de abril de 2024 \u00a0 Sinopsis Hoy en los mercados Ligera recuperaci\u00f3n de los mercados de renta variable y renta fija ante la relajaci\u00f3n, ya sea temporal, del conflicto entre Israel e Ir\u00e1n. An\u00e1lisis de situaci\u00f3n Mientras el mercado no de por acotadas las incertidumbres\u2026","rel":"","context":"En \u00abInforme Diario\u00bb","block_context":{"text":"Informe Diario","link":"https:\/\/capitaliafamiliar.es\/informes\/category\/informediario\/"},"img":{"alt_text":"","src":"https:\/\/i0.wp.com\/capitaliafamiliar.es\/informes\/wp-content\/uploads\/2019\/08\/informediario2.png?resize=350%2C200&ssl=1","width":350,"height":200,"srcset":"https:\/\/i0.wp.com\/capitaliafamiliar.es\/informes\/wp-content\/uploads\/2019\/08\/informediario2.png?resize=350%2C200&ssl=1 1x, https:\/\/i0.wp.com\/capitaliafamiliar.es\/informes\/wp-content\/uploads\/2019\/08\/informediario2.png?resize=525%2C300&ssl=1 1.5x, https:\/\/i0.wp.com\/capitaliafamiliar.es\/informes\/wp-content\/uploads\/2019\/08\/informediario2.png?resize=700%2C400&ssl=1 2x"},"classes":[]},{"id":10346,"url":"https:\/\/capitaliafamiliar.es\/informes\/2023\/11\/02\/se-confirma-el-giro-alcista-en-los-mercados-financieros-2\/","url_meta":{"origin":10781,"position":5},"title":"Se confirma el giro alcista en los mercados financieros","author":"Capitalia Familiar","date":"2 de noviembre de 2023","format":false,"excerpt":"Informe diario del jueves, 02 de noviembre de 2023 \u00a0 Sinopsis Hoy en los mercados Fuertes subidas para la renta variable y la renta fija. El inicio de noviembre est\u00e1 resultando muy positivo para los mercados. An\u00e1lisis de situaci\u00f3n Se confirma el giro alcista del mercado, aunque pensamos que se\u2026","rel":"","context":"En \u00abInforme Diario\u00bb","block_context":{"text":"Informe Diario","link":"https:\/\/capitaliafamiliar.es\/informes\/category\/informediario\/"},"img":{"alt_text":"","src":"https:\/\/i0.wp.com\/capitaliafamiliar.es\/informes\/wp-content\/uploads\/2019\/08\/informediario2.png?resize=350%2C200&ssl=1","width":350,"height":200,"srcset":"https:\/\/i0.wp.com\/capitaliafamiliar.es\/informes\/wp-content\/uploads\/2019\/08\/informediario2.png?resize=350%2C200&ssl=1 1x, https:\/\/i0.wp.com\/capitaliafamiliar.es\/informes\/wp-content\/uploads\/2019\/08\/informediario2.png?resize=525%2C300&ssl=1 1.5x, https:\/\/i0.wp.com\/capitaliafamiliar.es\/informes\/wp-content\/uploads\/2019\/08\/informediario2.png?resize=700%2C400&ssl=1 2x"},"classes":[]}],"jetpack_sharing_enabled":true,"_links":{"self":[{"href":"https:\/\/capitaliafamiliar.es\/informes\/wp-json\/wp\/v2\/posts\/10781","targetHints":{"allow":["GET"]}}],"collection":[{"href":"https:\/\/capitaliafamiliar.es\/informes\/wp-json\/wp\/v2\/posts"}],"about":[{"href":"https:\/\/capitaliafamiliar.es\/informes\/wp-json\/wp\/v2\/types\/post"}],"author":[{"embeddable":true,"href":"https:\/\/capitaliafamiliar.es\/informes\/wp-json\/wp\/v2\/users\/2"}],"replies":[{"embeddable":true,"href":"https:\/\/capitaliafamiliar.es\/informes\/wp-json\/wp\/v2\/comments?post=10781"}],"version-history":[{"count":1,"href":"https:\/\/capitaliafamiliar.es\/informes\/wp-json\/wp\/v2\/posts\/10781\/revisions"}],"predecessor-version":[{"id":10783,"href":"https:\/\/capitaliafamiliar.es\/informes\/wp-json\/wp\/v2\/posts\/10781\/revisions\/10783"}],"wp:featuredmedia":[{"embeddable":true,"href":"https:\/\/capitaliafamiliar.es\/informes\/wp-json\/wp\/v2\/media\/2525"}],"wp:attachment":[{"href":"https:\/\/capitaliafamiliar.es\/informes\/wp-json\/wp\/v2\/media?parent=10781"}],"wp:term":[{"taxonomy":"category","embeddable":true,"href":"https:\/\/capitaliafamiliar.es\/informes\/wp-json\/wp\/v2\/categories?post=10781"},{"taxonomy":"post_tag","embeddable":true,"href":"https:\/\/capitaliafamiliar.es\/informes\/wp-json\/wp\/v2\/tags?post=10781"}],"curies":[{"name":"wp","href":"https:\/\/api.w.org\/{rel}","templated":true}]}}