{"id":10796,"date":"2024-02-05T17:48:39","date_gmt":"2024-02-05T17:48:39","guid":{"rendered":"https:\/\/capitaliafamiliar.es\/informes\/?p=10796"},"modified":"2024-02-05T17:48:39","modified_gmt":"2024-02-05T17:48:39","slug":"los-mercados-deberan-digerir-los-ultimos-datos-macroeconomicos-y-ajustar-sus-expectativas-2","status":"publish","type":"post","link":"https:\/\/capitaliafamiliar.es\/informes\/2024\/02\/05\/los-mercados-deberan-digerir-los-ultimos-datos-macroeconomicos-y-ajustar-sus-expectativas-2\/","title":{"rendered":"Los mercados deber\u00e1n digerir los \u00faltimos datos macroecon\u00f3micos y ajustar sus expectativas"},"content":{"rendered":"<blockquote>\n<p style=\"text-align: justify;\"><span style=\"font-size: 20px;\"><strong>Informe diario del lunes, 5 de febrero de 2024<\/strong><\/span><\/p>\n<\/blockquote>\n<p>&nbsp;<\/p>\n<p><span style=\"font-size: 24px; color: #000080;\"><b>Sinopsis<\/b><\/span><\/p>\n<p style=\"text-align: justify;\"><span style=\"font-size: 20px;\"><b><i>Hoy en los mercados<\/i><\/b><\/span><\/p>\n<p style=\"text-align: justify;\"><span style=\"font-size: 20px;\"><i>Descensos moderados para las bolsas y algo m\u00e1s intensos para la renta fija ante el temor de que las expectativas del mercado fueran demasiado optimistas.<\/i><\/span><\/p>\n<p style=\"text-align: justify;\"><span style=\"font-size: 20px;\"><b><i>An\u00e1lisis de situaci\u00f3n<\/i><\/b><\/span><\/p>\n<p style=\"text-align: justify;\"><span style=\"font-size: 20px;\"><i>Los mercados tardar\u00e1n d\u00edas en digerir los \u00faltimos datos macroecon\u00f3micos y ajustar sus expectativas a futuro.<\/i><\/span><\/p>\n<p><strong><span style=\"font-size: 24px;\"><span style=\"font-size: 20px;\">Acceda al documento a trav\u00e9s de este v\u00ednculo: <a href=\"https:\/\/capitaliafamiliar.es\/informes\/wp-content\/uploads\/2024\/02\/Informe-Diario-05.02.2024-version-restringida-1.pdf\">Informe Diario 05.02.2024 (versi\u00f3n restringida)<\/a><\/span><\/span><\/strong><img loading=\"lazy\" decoding=\"async\" data-attachment-id=\"7415\" data-permalink=\"https:\/\/capitaliafamiliar.es\/informes\/2021\/12\/27\/la-reparacion-de-la-dinamica-alcista-en-las-bolsas-esta-practicamente-completada-pero-falta-volumen-y-una-participacion-mas-generalizada\/invitacion-de-contacto-2\/\" data-orig-file=\"https:\/\/capitaliafamiliar.es\/informes\/wp-content\/uploads\/2021\/12\/Invitacion-de-contacto.jpg\" data-orig-size=\"570,219\" data-comments-opened=\"0\" data-image-meta=\"{&quot;aperture&quot;:&quot;0&quot;,&quot;credit&quot;:&quot;&quot;,&quot;camera&quot;:&quot;&quot;,&quot;caption&quot;:&quot;&quot;,&quot;created_timestamp&quot;:&quot;0&quot;,&quot;copyright&quot;:&quot;&quot;,&quot;focal_length&quot;:&quot;0&quot;,&quot;iso&quot;:&quot;0&quot;,&quot;shutter_speed&quot;:&quot;0&quot;,&quot;title&quot;:&quot;&quot;,&quot;orientation&quot;:&quot;0&quot;}\" data-image-title=\"Invitaci\u00f3n de contacto\" data-image-description=\"\" data-image-caption=\"\" data-large-file=\"https:\/\/capitaliafamiliar.es\/informes\/wp-content\/uploads\/2021\/12\/Invitacion-de-contacto.jpg\" class=\"size-full wp-image-7415 aligncenter\" src=\"https:\/\/capitaliafamiliar.es\/informes\/wp-content\/uploads\/2021\/12\/Invitacion-de-contacto.jpg\" alt=\"\" width=\"0\" height=\"0\" srcset=\"https:\/\/capitaliafamiliar.es\/informes\/wp-content\/uploads\/2021\/12\/Invitacion-de-contacto.jpg 570w, https:\/\/capitaliafamiliar.es\/informes\/wp-content\/uploads\/2021\/12\/Invitacion-de-contacto-300x115.jpg 300w\" sizes=\"(max-width: 570px) 100vw, 570px\" \/><\/p>\n<p style=\"text-align: center;\"><strong>Solicite informaci\u00f3n sobre nuestros servicios de asesoramiento financiero<\/strong><\/p>\n<p style=\"text-align: center;\">Si necesita ayuda para el cuidado de su patrimonio, no dude en ponerse en contacto con nosotros, sin compromiso.<\/p>\n<p style=\"text-align: center;\">Tel\u00e9fono:\u00a0\u00a0 91 770\u00a0 22 84<\/p>\n<p style=\"text-align: center;\">Correo electr\u00f3nico:\u00a0\u00a0 capitaliafamiliar@capitaliafamiliar.es<\/p>\n","protected":false},"excerpt":{"rendered":"<p>Informe diario del lunes, 5 de febrero de 2024 &nbsp; Sinopsis Hoy en los mercados Descensos moderados para las bolsas y algo m&aacute;s intensos para la renta fija ante el temor de que las expectativas del mercado fueran demasiado optimistas. An&aacute;lisis de situaci&oacute;n Los mercados tardar&aacute;n d&iacute;as en digerir los &uacute;ltimos datos macroecon&oacute;micos y ajustar [&hellip;]<\/p>\n","protected":false},"author":2,"featured_media":2525,"comment_status":"closed","ping_status":"closed","sticky":false,"template":"","format":"standard","meta":{"_et_pb_use_builder":"","_et_pb_old_content":"","_et_gb_content_width":"","jetpack_post_was_ever_published":false,"_jetpack_newsletter_access":"","_jetpack_dont_email_post_to_subs":false,"_jetpack_newsletter_tier_id":0,"_jetpack_memberships_contains_paywalled_content":false,"_jetpack_memberships_contains_paid_content":false,"footnotes":""},"categories":[1],"tags":[55,33,68,23,80,41,49,26,25,22,35,52,61],"class_list":["post-10796","post","type-post","status-publish","format-standard","has-post-thumbnail","hentry","category-informediario","tag-asesoramiento","tag-asesoramiento-financiero","tag-bancos-centrales","tag-bolsa","tag-consolidacion","tag-eaf","tag-fed","tag-inflacion","tag-macroeconomia","tag-mercados","tag-renta-fija","tag-renta-variable","tag-rentavariable"],"jetpack_featured_media_url":"https:\/\/capitaliafamiliar.es\/informes\/wp-content\/uploads\/2019\/08\/informediario2.png","jetpack_shortlink":"https:\/\/wp.me\/pa2IGq-2O8","jetpack-related-posts":[{"id":10791,"url":"https:\/\/capitaliafamiliar.es\/informes\/2024\/02\/05\/los-mercados-deberan-digerir-los-ultimos-datos-macroeconomicos-y-ajustar-sus-expectativas\/","url_meta":{"origin":10796,"position":0},"title":"Los mercados deber\u00e1n digerir los \u00faltimos datos macroecon\u00f3micos y ajustar sus expectativas","author":"Capitalia Familiar","date":"5 de febrero de 2024","format":false,"excerpt":"Informe diario del lunes, 5 de febrero de 2024 \u00a0 Sinopsis Hoy en los mercados Descensos moderados para las bolsas y algo m\u00e1s intensos para la renta fija ante el temor de que las expectativas del mercado fueran demasiado optimistas. An\u00e1lisis de situaci\u00f3n Los mercados tardar\u00e1n d\u00edas en digerir los\u2026","rel":"","context":"En \u00abInforme Diario Privado\u00bb","block_context":{"text":"Informe Diario Privado","link":"https:\/\/capitaliafamiliar.es\/informes\/category\/informe-diario-privado\/"},"img":{"alt_text":"","src":"https:\/\/i0.wp.com\/capitaliafamiliar.es\/informes\/wp-content\/uploads\/2019\/08\/informediario2.png?resize=350%2C200&ssl=1","width":350,"height":200,"srcset":"https:\/\/i0.wp.com\/capitaliafamiliar.es\/informes\/wp-content\/uploads\/2019\/08\/informediario2.png?resize=350%2C200&ssl=1 1x, https:\/\/i0.wp.com\/capitaliafamiliar.es\/informes\/wp-content\/uploads\/2019\/08\/informediario2.png?resize=525%2C300&ssl=1 1.5x, https:\/\/i0.wp.com\/capitaliafamiliar.es\/informes\/wp-content\/uploads\/2019\/08\/informediario2.png?resize=700%2C400&ssl=1 2x"},"classes":[]},{"id":10688,"url":"https:\/\/capitaliafamiliar.es\/informes\/2024\/01\/17\/los-mercados-abundaron-en-el-proceso-consolidativo-en-curso-de-la-mano-de-unos-datos-macroeconomicos-inesperados-2\/","url_meta":{"origin":10796,"position":1},"title":"Los mercados abundaron en el proceso consolidativo en curso de la mano de unos datos macroecon\u00f3micos inesperados","author":"Capitalia Familiar","date":"17 de enero de 2024","format":false,"excerpt":"Informe diario del mi\u00e9rcoles, 17 de enero de 2024 \u00a0 Sinopsis Hoy en los mercados Los datos macroecon\u00f3micos conocidos hoy tanto en China como en Occidente acrecentaron las dudas del mercado, que cerr\u00f3 nuevamente en negativo. An\u00e1lisis de situaci\u00f3n La volatilidad del mercado podr\u00eda aumentar en las pr\u00f3ximas semanas como\u2026","rel":"","context":"En \u00abInforme Diario\u00bb","block_context":{"text":"Informe Diario","link":"https:\/\/capitaliafamiliar.es\/informes\/category\/informediario\/"},"img":{"alt_text":"","src":"https:\/\/i0.wp.com\/capitaliafamiliar.es\/informes\/wp-content\/uploads\/2019\/08\/informediario2.png?resize=350%2C200&ssl=1","width":350,"height":200,"srcset":"https:\/\/i0.wp.com\/capitaliafamiliar.es\/informes\/wp-content\/uploads\/2019\/08\/informediario2.png?resize=350%2C200&ssl=1 1x, https:\/\/i0.wp.com\/capitaliafamiliar.es\/informes\/wp-content\/uploads\/2019\/08\/informediario2.png?resize=525%2C300&ssl=1 1.5x, https:\/\/i0.wp.com\/capitaliafamiliar.es\/informes\/wp-content\/uploads\/2019\/08\/informediario2.png?resize=700%2C400&ssl=1 2x"},"classes":[]},{"id":11207,"url":"https:\/\/capitaliafamiliar.es\/informes\/2024\/04\/24\/la-continuidad-del-rebote-queda-en-cuarentena-a-la-espera-de-que-se-publiquen-importantes-datos-macroeconomicos-y-resultados-empresariales-2\/","url_meta":{"origin":10796,"position":2},"title":"La continuidad del rebote queda en cuarentena a la espera de que se publiquen importantes datos macroecon\u00f3micos y resultados empresariales","author":"Capitalia Familiar","date":"24 de abril de 2024","format":false,"excerpt":"Informe diario del mi\u00e9rcoles, 24 de abril de 2024 \u00a0 Sinopsis Hoy en los mercados El rebote se frena en los mercados a la espera de que se publiquen datos clave en Estados Unidos y avance la campa\u00f1a de resultados del primer trimestre. An\u00e1lisis de situaci\u00f3n Si los datos en\u2026","rel":"","context":"En \u00abInforme Diario\u00bb","block_context":{"text":"Informe Diario","link":"https:\/\/capitaliafamiliar.es\/informes\/category\/informediario\/"},"img":{"alt_text":"","src":"https:\/\/i0.wp.com\/capitaliafamiliar.es\/informes\/wp-content\/uploads\/2019\/08\/informediario2.png?resize=350%2C200&ssl=1","width":350,"height":200,"srcset":"https:\/\/i0.wp.com\/capitaliafamiliar.es\/informes\/wp-content\/uploads\/2019\/08\/informediario2.png?resize=350%2C200&ssl=1 1x, https:\/\/i0.wp.com\/capitaliafamiliar.es\/informes\/wp-content\/uploads\/2019\/08\/informediario2.png?resize=525%2C300&ssl=1 1.5x, https:\/\/i0.wp.com\/capitaliafamiliar.es\/informes\/wp-content\/uploads\/2019\/08\/informediario2.png?resize=700%2C400&ssl=1 2x"},"classes":[]},{"id":10537,"url":"https:\/\/capitaliafamiliar.es\/informes\/2023\/12\/07\/si-la-realidad-economica-no-converge-hacia-las-expectativas-del-mercado-volveremos-a-ver-volatilidad-en-los-mercados-2\/","url_meta":{"origin":10796,"position":3},"title":"Si la realidad econ\u00f3mica no converge hacia las expectativas del mercado volveremos a ver volatilidad en los mercados","author":"Capitalia Familiar","date":"7 de diciembre de 2023","format":false,"excerpt":"Informe diario del jueves, 7 de diciembre de 2023 \u00a0 Sinopsis Hoy en los mercados El rebote del sector tecnol\u00f3gico permite a los \u00edndices americanos recuperarse tras varios d\u00edas de consolidaci\u00f3n. Europa y la renta fija retroceden ligeramente. An\u00e1lisis de situaci\u00f3n El choque entre la realidad econ\u00f3mica y la \u201crealidad\u201d\u2026","rel":"","context":"En \u00abInforme Diario\u00bb","block_context":{"text":"Informe Diario","link":"https:\/\/capitaliafamiliar.es\/informes\/category\/informediario\/"},"img":{"alt_text":"","src":"https:\/\/i0.wp.com\/capitaliafamiliar.es\/informes\/wp-content\/uploads\/2019\/08\/informediario2.png?resize=350%2C200&ssl=1","width":350,"height":200,"srcset":"https:\/\/i0.wp.com\/capitaliafamiliar.es\/informes\/wp-content\/uploads\/2019\/08\/informediario2.png?resize=350%2C200&ssl=1 1x, https:\/\/i0.wp.com\/capitaliafamiliar.es\/informes\/wp-content\/uploads\/2019\/08\/informediario2.png?resize=525%2C300&ssl=1 1.5x, https:\/\/i0.wp.com\/capitaliafamiliar.es\/informes\/wp-content\/uploads\/2019\/08\/informediario2.png?resize=700%2C400&ssl=1 2x"},"classes":[]},{"id":10821,"url":"https:\/\/capitaliafamiliar.es\/informes\/2024\/02\/08\/el-mercado-continua-ajustando-sus-expectativas-a-la-realidad-macroeconomica-2\/","url_meta":{"origin":10796,"position":4},"title":"El mercado contin\u00faa ajustando sus expectativas a la realidad macroecon\u00f3mica","author":"Capitalia Familiar","date":"8 de febrero de 2024","format":false,"excerpt":"Informe diario del jueves, 8 de febrero de 2024 \u00a0 Sinopsis Hoy en los mercados Sesi\u00f3n de escasa relevancia para los mercados financieros en la que las protagonistas fueron las compa\u00f1\u00edas que presentaron resultados. An\u00e1lisis de situaci\u00f3n El mercado contin\u00faa ajustando sus expectativas a la realidad macroecon\u00f3mica. El pr\u00f3ximo martes\u2026","rel":"","context":"En \u00abInforme Diario\u00bb","block_context":{"text":"Informe Diario","link":"https:\/\/capitaliafamiliar.es\/informes\/category\/informediario\/"},"img":{"alt_text":"","src":"https:\/\/i0.wp.com\/capitaliafamiliar.es\/informes\/wp-content\/uploads\/2019\/08\/informediario2.png?resize=350%2C200&ssl=1","width":350,"height":200,"srcset":"https:\/\/i0.wp.com\/capitaliafamiliar.es\/informes\/wp-content\/uploads\/2019\/08\/informediario2.png?resize=350%2C200&ssl=1 1x, https:\/\/i0.wp.com\/capitaliafamiliar.es\/informes\/wp-content\/uploads\/2019\/08\/informediario2.png?resize=525%2C300&ssl=1 1.5x, https:\/\/i0.wp.com\/capitaliafamiliar.es\/informes\/wp-content\/uploads\/2019\/08\/informediario2.png?resize=700%2C400&ssl=1 2x"},"classes":[]},{"id":10015,"url":"https:\/\/capitaliafamiliar.es\/informes\/2023\/09\/05\/la-recesion-en-europa-parece-inevitable-y-la-desaceleracion-en-china-preocupante-a-la-vista-de-los-datos-macroeconomicos-2\/","url_meta":{"origin":10796,"position":5},"title":"La recesi\u00f3n en Europa parece inevitable y la desaceleraci\u00f3n en China preocupante a la vista de los datos macroecon\u00f3micos","author":"Capitalia Familiar","date":"5 de septiembre de 2023","format":false,"excerpt":"Informe diario del martes, 5 de septiembre de 2023 \u00a0 Sinopsis Hoy en los mercados Las dudas contin\u00faan frenando el rebote de las bolsas, que sin embargo aguantan por encima de las zonas de soporte de medio y largo plazo. An\u00e1lisis de situaci\u00f3n La recesi\u00f3n en Europa parece inevitable a\u2026","rel":"","context":"En \u00abInforme Diario\u00bb","block_context":{"text":"Informe Diario","link":"https:\/\/capitaliafamiliar.es\/informes\/category\/informediario\/"},"img":{"alt_text":"","src":"https:\/\/i0.wp.com\/capitaliafamiliar.es\/informes\/wp-content\/uploads\/2019\/08\/informediario2.png?resize=350%2C200&ssl=1","width":350,"height":200,"srcset":"https:\/\/i0.wp.com\/capitaliafamiliar.es\/informes\/wp-content\/uploads\/2019\/08\/informediario2.png?resize=350%2C200&ssl=1 1x, https:\/\/i0.wp.com\/capitaliafamiliar.es\/informes\/wp-content\/uploads\/2019\/08\/informediario2.png?resize=525%2C300&ssl=1 1.5x, https:\/\/i0.wp.com\/capitaliafamiliar.es\/informes\/wp-content\/uploads\/2019\/08\/informediario2.png?resize=700%2C400&ssl=1 2x"},"classes":[]}],"jetpack_sharing_enabled":true,"_links":{"self":[{"href":"https:\/\/capitaliafamiliar.es\/informes\/wp-json\/wp\/v2\/posts\/10796","targetHints":{"allow":["GET"]}}],"collection":[{"href":"https:\/\/capitaliafamiliar.es\/informes\/wp-json\/wp\/v2\/posts"}],"about":[{"href":"https:\/\/capitaliafamiliar.es\/informes\/wp-json\/wp\/v2\/types\/post"}],"author":[{"embeddable":true,"href":"https:\/\/capitaliafamiliar.es\/informes\/wp-json\/wp\/v2\/users\/2"}],"replies":[{"embeddable":true,"href":"https:\/\/capitaliafamiliar.es\/informes\/wp-json\/wp\/v2\/comments?post=10796"}],"version-history":[{"count":1,"href":"https:\/\/capitaliafamiliar.es\/informes\/wp-json\/wp\/v2\/posts\/10796\/revisions"}],"predecessor-version":[{"id":10798,"href":"https:\/\/capitaliafamiliar.es\/informes\/wp-json\/wp\/v2\/posts\/10796\/revisions\/10798"}],"wp:featuredmedia":[{"embeddable":true,"href":"https:\/\/capitaliafamiliar.es\/informes\/wp-json\/wp\/v2\/media\/2525"}],"wp:attachment":[{"href":"https:\/\/capitaliafamiliar.es\/informes\/wp-json\/wp\/v2\/media?parent=10796"}],"wp:term":[{"taxonomy":"category","embeddable":true,"href":"https:\/\/capitaliafamiliar.es\/informes\/wp-json\/wp\/v2\/categories?post=10796"},{"taxonomy":"post_tag","embeddable":true,"href":"https:\/\/capitaliafamiliar.es\/informes\/wp-json\/wp\/v2\/tags?post=10796"}],"curies":[{"name":"wp","href":"https:\/\/api.w.org\/{rel}","templated":true}]}}