{"id":11445,"date":"2024-09-06T13:22:33","date_gmt":"2024-09-06T13:22:33","guid":{"rendered":"https:\/\/capitaliafamiliar.es\/informes\/?p=11445"},"modified":"2024-09-06T13:29:13","modified_gmt":"2024-09-06T13:29:13","slug":"la-fed-bajara-tipos-pero-probablemente-no-tanto-como-quisiera-el-mercado","status":"publish","type":"post","link":"https:\/\/capitaliafamiliar.es\/informes\/2024\/09\/06\/la-fed-bajara-tipos-pero-probablemente-no-tanto-como-quisiera-el-mercado\/","title":{"rendered":"La Fed bajar\u00e1 tipos, pero probablemente no tanto como quisiera el mercado&#8230;"},"content":{"rendered":"<blockquote>\n<p style=\"text-align: justify;\"><span style=\"font-size: 20px;\"><strong>An\u00e1lisis Urgente, 6 de septiembre de 2024<\/strong><\/span><\/p>\n<\/blockquote>\n<p>&nbsp;<\/p>\n<p><strong><span style=\"font-size: 24px;\"><span style=\"font-size: 20px;\"><span style=\"color: #993300;\">Acceda al documento a trav\u00e9s de este v\u00ednculo:\u00a0<a href=\"https:\/\/youtu.be\/JhrJSPFoyhY\" target=\"_blank\" rel=\"noopener\">https:\/\/youtu.be\/JhrJSPFoyhY<\/a><\/span><\/span><\/span><\/strong><\/p>\n<p>&nbsp;<\/p>\n<p>&nbsp;<\/p>\n<p style=\"text-align: center;\"><strong>Solicite informaci\u00f3n sobre nuestros servicios de asesoramiento financiero<\/strong><\/p>\n<p style=\"text-align: center;\">Si necesita ayuda para el cuidado de su patrimonio, no dude en ponerse en contacto con nosotros, sin compromiso.<\/p>\n<p style=\"text-align: center;\">Tel\u00e9fono:\u00a0\u00a0 91 770\u00a0 22 84<\/p>\n<p style=\"text-align: center;\">Correo electr\u00f3nico:\u00a0\u00a0 capitaliafamiliar@capitaliafamiliar.es<\/p>\n","protected":false},"excerpt":{"rendered":"<p>An&aacute;lisis Urgente, 6 de septiembre de 2024 &nbsp; Acceda al documento a trav&eacute;s de este v&iacute;nculo:&nbsp;https:\/\/youtu.be\/JhrJSPFoyhY &nbsp; &nbsp; Solicite informaci&oacute;n sobre nuestros servicios de asesoramiento financiero Si necesita ayuda para el cuidado de su patrimonio, no dude en ponerse en contacto con nosotros, sin compromiso. Tel&eacute;fono:&nbsp;&nbsp; 91 770&nbsp; 22 84 Correo electr&oacute;nico:&nbsp;&nbsp; capitaliafamiliar@capitaliafamiliar.es<\/p>\n","protected":false},"author":3,"featured_media":0,"comment_status":"open","ping_status":"open","sticky":false,"template":"","format":"standard","meta":{"_et_pb_use_builder":"","_et_pb_old_content":"","_et_gb_content_width":"","jetpack_post_was_ever_published":false,"_jetpack_newsletter_access":"","_jetpack_dont_email_post_to_subs":false,"_jetpack_newsletter_tier_id":0,"_jetpack_memberships_contains_paywalled_content":false,"_jetpack_memberships_contains_paid_content":false,"footnotes":""},"categories":[17,4],"tags":[],"class_list":["post-11445","post","type-post","status-publish","format-standard","hentry","category-clientes","category-comentario-especial"],"jetpack_featured_media_url":"","jetpack_shortlink":"https:\/\/wp.me\/pa2IGq-2YB","jetpack-related-posts":[{"id":7226,"url":"https:\/\/capitaliafamiliar.es\/informes\/2021\/11\/19\/el-aumento-de-la-incertidumbre-provocada-por-el-avance-del-covid-19-en-austria-y-alemania-acelera-e-intensifica-la-dinamica-de-consolidacion-distribucion-que-veniamos-adelantando-en-las-dos-ultimas-se\/","url_meta":{"origin":11445,"position":0},"title":"El aumento de la incertidumbre provocada por el avance del Covid-19 en Austria y Alemania acelera e intensifica la din\u00e1mica de consolidaci\u00f3n\/distribuci\u00f3n que ven\u00edamos adelantando en las dos \u00faltimas semanas","author":"Capitalia Familiar","date":"19 de noviembre de 2021","format":false,"excerpt":"Informe diario del viernes, 19 de noviembre de 2021 \u00a0 El aumento de la incertidumbre provocada por el avance del Covid-19 en Austria y Alemania acelera e intensifica la din\u00e1mica de consolidaci\u00f3n\/distribuci\u00f3n que ven\u00edamos adelantando en las dos \u00faltimas semanas. El preocupante empeoramiento de la situaci\u00f3n sanitaria en Austria ha\u2026","rel":"","context":"En \u00abInforme Diario\u00bb","block_context":{"text":"Informe Diario","link":"https:\/\/capitaliafamiliar.es\/informes\/category\/informediario\/"},"img":{"alt_text":"","src":"https:\/\/i0.wp.com\/capitaliafamiliar.es\/informes\/wp-content\/uploads\/2019\/08\/informediario2.png?resize=350%2C200&ssl=1","width":350,"height":200,"srcset":"https:\/\/i0.wp.com\/capitaliafamiliar.es\/informes\/wp-content\/uploads\/2019\/08\/informediario2.png?resize=350%2C200&ssl=1 1x, https:\/\/i0.wp.com\/capitaliafamiliar.es\/informes\/wp-content\/uploads\/2019\/08\/informediario2.png?resize=525%2C300&ssl=1 1.5x, https:\/\/i0.wp.com\/capitaliafamiliar.es\/informes\/wp-content\/uploads\/2019\/08\/informediario2.png?resize=700%2C400&ssl=1 2x"},"classes":[]},{"id":1838,"url":"https:\/\/capitaliafamiliar.es\/informes\/2019\/03\/29\/informe-diario-viernes-29-de-marzo-de-2019\/","url_meta":{"origin":11445,"position":1},"title":"Informe Diario  Viernes, 29 de marzo de 2019","author":"Capitalia Familiar","date":"29 de marzo de 2019","format":false,"excerpt":"Prosigue el caos y el rid\u00edculo del parlamento brit\u00e1nico en torno al Brexit. El parlamento brit\u00e1nico ha rechazado hoy por tercera vez el plan de May, manteniendo en el aire el futuro del Brexit. Por el momento, lo \u00fanico seguro es que, en ausencia de novedades en pr\u00f3ximos d\u00edas, el\u2026","rel":"","context":"En \u00abInforme Diario\u00bb","block_context":{"text":"Informe Diario","link":"https:\/\/capitaliafamiliar.es\/informes\/category\/informediario\/"},"img":{"alt_text":"","src":"https:\/\/i0.wp.com\/capitaliafamiliar.es\/informes\/wp-content\/uploads\/2018\/07\/informediario2.png?resize=350%2C200&ssl=1","width":350,"height":200,"srcset":"https:\/\/i0.wp.com\/capitaliafamiliar.es\/informes\/wp-content\/uploads\/2018\/07\/informediario2.png?resize=350%2C200&ssl=1 1x, https:\/\/i0.wp.com\/capitaliafamiliar.es\/informes\/wp-content\/uploads\/2018\/07\/informediario2.png?resize=525%2C300&ssl=1 1.5x, https:\/\/i0.wp.com\/capitaliafamiliar.es\/informes\/wp-content\/uploads\/2018\/07\/informediario2.png?resize=700%2C400&ssl=1 2x"},"classes":[]},{"id":2522,"url":"https:\/\/capitaliafamiliar.es\/informes\/2019\/08\/09\/informe-diario-viernes-9-de-agosto-de-2019\/","url_meta":{"origin":11445,"position":2},"title":"Informe Diario  Viernes, 9 de agosto de 2019","author":"admin","date":"9 de agosto de 2019","format":false,"excerpt":"Brexit, elecciones en Italia, posiblemente tambi\u00e9n en Espa\u00f1a: Europa se encamina hacia un oto\u00f1o caliente.\u00a0En el Reino Unido, Boris Johnson est\u00e1 enrocado en su plan de abandonar la Uni\u00f3n Europea en la fecha l\u00edmite del 31 de octubre, con o sin acuerdo. En Italia, el l\u00edder de la Liga, Salvini,\u2026","rel":"","context":"En \u00abInforme Diario\u00bb","block_context":{"text":"Informe Diario","link":"https:\/\/capitaliafamiliar.es\/informes\/category\/informediario\/"},"img":{"alt_text":"","src":"https:\/\/i0.wp.com\/capitaliafamiliar.es\/informes\/wp-content\/uploads\/2019\/08\/informediario2.png?resize=350%2C200&ssl=1","width":350,"height":200,"srcset":"https:\/\/i0.wp.com\/capitaliafamiliar.es\/informes\/wp-content\/uploads\/2019\/08\/informediario2.png?resize=350%2C200&ssl=1 1x, https:\/\/i0.wp.com\/capitaliafamiliar.es\/informes\/wp-content\/uploads\/2019\/08\/informediario2.png?resize=525%2C300&ssl=1 1.5x, https:\/\/i0.wp.com\/capitaliafamiliar.es\/informes\/wp-content\/uploads\/2019\/08\/informediario2.png?resize=700%2C400&ssl=1 2x"},"classes":[]},{"id":1746,"url":"https:\/\/capitaliafamiliar.es\/informes\/2019\/03\/15\/informe-diario-viernes-15-de-marzo-de-2019\/","url_meta":{"origin":11445,"position":3},"title":"Informe Diario  Viernes, 15 de marzo de 2019","author":"Capitalia Familiar","date":"15 de marzo de 2019","format":false,"excerpt":"Ante el caos dominante en el Reino Unido en torno al Brexit, la Uni\u00f3n Europea se pronuncia con claridad. La UE aceptar\u00e1 una pr\u00f3rroga corta del Brexit siempre y cuando el parlamento brit\u00e1nico apruebe el acuerdo alcanzado con May. La Uni\u00f3n Europea s\u00f3lo aceptar\u00eda una pr\u00f3rroga m\u00e1s larga del Brexit\u2026","rel":"","context":"En \u00abInforme Diario\u00bb","block_context":{"text":"Informe Diario","link":"https:\/\/capitaliafamiliar.es\/informes\/category\/informediario\/"},"img":{"alt_text":"","src":"https:\/\/i0.wp.com\/capitaliafamiliar.es\/informes\/wp-content\/uploads\/2018\/07\/informediario2.png?resize=350%2C200&ssl=1","width":350,"height":200,"srcset":"https:\/\/i0.wp.com\/capitaliafamiliar.es\/informes\/wp-content\/uploads\/2018\/07\/informediario2.png?resize=350%2C200&ssl=1 1x, https:\/\/i0.wp.com\/capitaliafamiliar.es\/informes\/wp-content\/uploads\/2018\/07\/informediario2.png?resize=525%2C300&ssl=1 1.5x, https:\/\/i0.wp.com\/capitaliafamiliar.es\/informes\/wp-content\/uploads\/2018\/07\/informediario2.png?resize=700%2C400&ssl=1 2x"},"classes":[]},{"id":2186,"url":"https:\/\/capitaliafamiliar.es\/informes\/2019\/06\/04\/informe-diario-martes-4-de-junio-de-2019\/","url_meta":{"origin":11445,"position":4},"title":"Informe Diario  Martes, 4 de junio de 2019","author":"Capitalia Familiar","date":"4 de junio de 2019","format":false,"excerpt":"\u00bfHacia una nueva ronda de expansi\u00f3n monetaria? El alargamiento y profundizaci\u00f3n del conflicto comercial que enfrenta a Estados Unidos y China podr\u00eda llevar a los bancos centrales a una nueva relajaci\u00f3n de sus pol\u00edticas monetarias. Como ya sucediera en el \u00faltimo trimestre del pasado a\u00f1o, los bancos centrales vuelven a\u2026","rel":"","context":"En \u00abInforme Diario\u00bb","block_context":{"text":"Informe Diario","link":"https:\/\/capitaliafamiliar.es\/informes\/category\/informediario\/"},"img":{"alt_text":"","src":"https:\/\/i0.wp.com\/capitaliafamiliar.es\/informes\/wp-content\/uploads\/2018\/07\/informediario2.png?resize=350%2C200&ssl=1","width":350,"height":200,"srcset":"https:\/\/i0.wp.com\/capitaliafamiliar.es\/informes\/wp-content\/uploads\/2018\/07\/informediario2.png?resize=350%2C200&ssl=1 1x, https:\/\/i0.wp.com\/capitaliafamiliar.es\/informes\/wp-content\/uploads\/2018\/07\/informediario2.png?resize=525%2C300&ssl=1 1.5x, https:\/\/i0.wp.com\/capitaliafamiliar.es\/informes\/wp-content\/uploads\/2018\/07\/informediario2.png?resize=700%2C400&ssl=1 2x"},"classes":[]},{"id":6240,"url":"https:\/\/capitaliafamiliar.es\/informes\/2021\/05\/31\/informe-diario-lunes-31-de-mayo-de-2021\/","url_meta":{"origin":11445,"position":5},"title":"Informe Diario  Lunes, 31 de mayo de 2021","author":"Capitalia Familiar","date":"31 de mayo de 2021","format":false,"excerpt":"Consolidaci\u00f3n en Europa en una sesi\u00f3n de escasa relevancia y bajo volumen de negociaci\u00f3n por el festivo en las bolsas de Estados Unidos y el Reino Unido... Consolidaci\u00f3n en Europa en una sesi\u00f3n de escasa relevancia y bajo volumen de negociaci\u00f3n por el festivo en las bolsas de Estados Unidos\u2026","rel":"","context":"En \u00abInforme Diario\u00bb","block_context":{"text":"Informe Diario","link":"https:\/\/capitaliafamiliar.es\/informes\/category\/informediario\/"},"img":{"alt_text":"","src":"https:\/\/i0.wp.com\/capitaliafamiliar.es\/informes\/wp-content\/uploads\/2019\/08\/informediario2.png?resize=350%2C200&ssl=1","width":350,"height":200,"srcset":"https:\/\/i0.wp.com\/capitaliafamiliar.es\/informes\/wp-content\/uploads\/2019\/08\/informediario2.png?resize=350%2C200&ssl=1 1x, https:\/\/i0.wp.com\/capitaliafamiliar.es\/informes\/wp-content\/uploads\/2019\/08\/informediario2.png?resize=525%2C300&ssl=1 1.5x, https:\/\/i0.wp.com\/capitaliafamiliar.es\/informes\/wp-content\/uploads\/2019\/08\/informediario2.png?resize=700%2C400&ssl=1 2x"},"classes":[]}],"jetpack_sharing_enabled":true,"_links":{"self":[{"href":"https:\/\/capitaliafamiliar.es\/informes\/wp-json\/wp\/v2\/posts\/11445","targetHints":{"allow":["GET"]}}],"collection":[{"href":"https:\/\/capitaliafamiliar.es\/informes\/wp-json\/wp\/v2\/posts"}],"about":[{"href":"https:\/\/capitaliafamiliar.es\/informes\/wp-json\/wp\/v2\/types\/post"}],"author":[{"embeddable":true,"href":"https:\/\/capitaliafamiliar.es\/informes\/wp-json\/wp\/v2\/users\/3"}],"replies":[{"embeddable":true,"href":"https:\/\/capitaliafamiliar.es\/informes\/wp-json\/wp\/v2\/comments?post=11445"}],"version-history":[{"count":3,"href":"https:\/\/capitaliafamiliar.es\/informes\/wp-json\/wp\/v2\/posts\/11445\/revisions"}],"predecessor-version":[{"id":11448,"href":"https:\/\/capitaliafamiliar.es\/informes\/wp-json\/wp\/v2\/posts\/11445\/revisions\/11448"}],"wp:attachment":[{"href":"https:\/\/capitaliafamiliar.es\/informes\/wp-json\/wp\/v2\/media?parent=11445"}],"wp:term":[{"taxonomy":"category","embeddable":true,"href":"https:\/\/capitaliafamiliar.es\/informes\/wp-json\/wp\/v2\/categories?post=11445"},{"taxonomy":"post_tag","embeddable":true,"href":"https:\/\/capitaliafamiliar.es\/informes\/wp-json\/wp\/v2\/tags?post=11445"}],"curies":[{"name":"wp","href":"https:\/\/api.w.org\/{rel}","templated":true}]}}