{"id":1922,"date":"2019-04-16T16:03:56","date_gmt":"2019-04-16T16:03:56","guid":{"rendered":"http:\/\/capitaliafamiliar.es\/informes\/?p=1922"},"modified":"2019-04-16T16:06:35","modified_gmt":"2019-04-16T16:06:35","slug":"informe-diario-martes-16-de-abril-de-2019","status":"publish","type":"post","link":"https:\/\/capitaliafamiliar.es\/informes\/2019\/04\/16\/informe-diario-martes-16-de-abril-de-2019\/","title":{"rendered":"Informe Diario <br> Martes, 16 de abril de 2019"},"content":{"rendered":"<p style=\"text-align: justify;\"><strong>En el Banco Central Europeo ya no se creen sus propias previsiones.<\/strong> Algunos miembros del BCE se muestran esc\u00e9pticos respecto a las previsiones de recuperaci\u00f3n de la econom\u00eda de la Eurozona que oficialmente barajan para la segunda mitad de este a\u00f1o. M\u00e1s a\u00fan, estas mismas fuentes se atreven a poner en cuesti\u00f3n la fiabilidad de sus modelos de previsi\u00f3n. Este tipo de mensajes viene a erosionar la credibilidad de la pol\u00edtica monetaria de la autoridad monetaria europea, y alimenta la falta de visibilidad que caracteriza al contexto macroecon\u00f3mico hoy en d\u00eda.<\/p>\n<p style=\"text-align: justify;\"><strong>En el BCE tampoco parecen ponerse de acuerdo sobre la conveniencia de ayudar a los bancos a compensar el impacto adverso de un tipo de descuento negativo.<\/strong> Desde el BCE empiezan a cuestionar as\u00ed los planes avanzados hace algunas semanas, tendentes a minorar el peaje que sufren hoy en d\u00eda los bancos europeos por el mantenimiento de saldos de liquidez en sus cuentas en el BCE con tipo de descuento negativo. El mantenimiento de un tipo de descuento negativo y de tipos de inter\u00e9s en niveles m\u00ednimos sigue erosionando la rentabilidad de los bancos y la viabilidad del negocio bancario.<\/p>\n<p style=\"text-align: justify;\"><strong>En el terreno macroecon\u00f3mico,<\/strong> el \u00edndice ZEW de clima empresarial en Alemania relativo al mes de abril mejor\u00f3 m\u00e1s de lo esperado al situarse en 3.1 puntos, frente\u00a0a los 0.8 esperados y a los -3.6 del mes precedente, lo que refleja una mejora de la confianza para los pr\u00f3ximos meses. En Estados Unidos la producci\u00f3n industrial subi\u00f3 en marzo un\u00a02.8% interanual, desaceler\u00e1ndose desde el 3.6% anterior.<\/p>\n<p style=\"text-align: justify;\"><strong>Ganancias adicionales, aunque moderadas, en las bolsas, a pesar de la proximidad de resistencias.<\/strong> En los mercados de renta fija prosigue la correcci\u00f3n progresiva al alza de los tipos de inter\u00e9s de mercado, en coherencia con la moderaci\u00f3n de los temores acerca de una desaceleraci\u00f3n m\u00e1s pronunciado del crecimiento econ\u00f3mico a nivel global.<\/p>\n<p><img loading=\"lazy\" decoding=\"async\" data-attachment-id=\"1927\" data-permalink=\"https:\/\/capitaliafamiliar.es\/informes\/2019\/04\/16\/informe-diario-martes-16-de-abril-de-2019\/rv-211\/\" data-orig-file=\"https:\/\/capitaliafamiliar.es\/informes\/wp-content\/uploads\/2019\/04\/RV-10.jpg\" data-orig-size=\"325,413\" data-comments-opened=\"0\" data-image-meta=\"{&quot;aperture&quot;:&quot;0&quot;,&quot;credit&quot;:&quot;&quot;,&quot;camera&quot;:&quot;&quot;,&quot;caption&quot;:&quot;&quot;,&quot;created_timestamp&quot;:&quot;0&quot;,&quot;copyright&quot;:&quot;&quot;,&quot;focal_length&quot;:&quot;0&quot;,&quot;iso&quot;:&quot;0&quot;,&quot;shutter_speed&quot;:&quot;0&quot;,&quot;title&quot;:&quot;&quot;,&quot;orientation&quot;:&quot;0&quot;}\" data-image-title=\"RV\" data-image-description=\"\" data-image-caption=\"\" data-large-file=\"https:\/\/capitaliafamiliar.es\/informes\/wp-content\/uploads\/2019\/04\/RV-10.jpg\" class=\"alignnone size-full wp-image-1927\" src=\"http:\/\/capitaliafamiliar.es\/informes\/wp-content\/uploads\/2019\/04\/RV-10.jpg\" alt=\"\" width=\"325\" height=\"413\" srcset=\"https:\/\/capitaliafamiliar.es\/informes\/wp-content\/uploads\/2019\/04\/RV-10.jpg 325w, https:\/\/capitaliafamiliar.es\/informes\/wp-content\/uploads\/2019\/04\/RV-10-236x300.jpg 236w\" sizes=\"(max-width: 325px) 100vw, 325px\" \/><img loading=\"lazy\" decoding=\"async\" data-attachment-id=\"1928\" data-permalink=\"https:\/\/capitaliafamiliar.es\/informes\/2019\/04\/16\/informe-diario-martes-16-de-abril-de-2019\/rf-203\/\" data-orig-file=\"https:\/\/capitaliafamiliar.es\/informes\/wp-content\/uploads\/2019\/04\/RF-11.jpg\" data-orig-size=\"299,353\" data-comments-opened=\"0\" data-image-meta=\"{&quot;aperture&quot;:&quot;0&quot;,&quot;credit&quot;:&quot;&quot;,&quot;camera&quot;:&quot;&quot;,&quot;caption&quot;:&quot;&quot;,&quot;created_timestamp&quot;:&quot;0&quot;,&quot;copyright&quot;:&quot;&quot;,&quot;focal_length&quot;:&quot;0&quot;,&quot;iso&quot;:&quot;0&quot;,&quot;shutter_speed&quot;:&quot;0&quot;,&quot;title&quot;:&quot;&quot;,&quot;orientation&quot;:&quot;0&quot;}\" data-image-title=\"RF\" data-image-description=\"\" data-image-caption=\"\" data-large-file=\"https:\/\/capitaliafamiliar.es\/informes\/wp-content\/uploads\/2019\/04\/RF-11.jpg\" class=\"alignnone size-full wp-image-1928\" src=\"http:\/\/capitaliafamiliar.es\/informes\/wp-content\/uploads\/2019\/04\/RF-11.jpg\" alt=\"\" width=\"299\" height=\"353\" srcset=\"https:\/\/capitaliafamiliar.es\/informes\/wp-content\/uploads\/2019\/04\/RF-11.jpg 299w, https:\/\/capitaliafamiliar.es\/informes\/wp-content\/uploads\/2019\/04\/RF-11-254x300.jpg 254w\" sizes=\"(max-width: 299px) 100vw, 299px\" \/><\/p>\n<p style=\"text-align: justify;\"><span style=\"color: #000080; font-size: 20px;\"><strong>| Agenda para\u00a0ma\u00f1ana\u00a0|<\/strong><\/span><\/p>\n<p><img loading=\"lazy\" decoding=\"async\" data-attachment-id=\"1923\" data-permalink=\"https:\/\/capitaliafamiliar.es\/informes\/2019\/04\/16\/informe-diario-martes-16-de-abril-de-2019\/ag-82\/\" data-orig-file=\"https:\/\/capitaliafamiliar.es\/informes\/wp-content\/uploads\/2019\/04\/AG-5.jpg\" data-orig-size=\"636,235\" data-comments-opened=\"0\" data-image-meta=\"{&quot;aperture&quot;:&quot;0&quot;,&quot;credit&quot;:&quot;&quot;,&quot;camera&quot;:&quot;&quot;,&quot;caption&quot;:&quot;&quot;,&quot;created_timestamp&quot;:&quot;0&quot;,&quot;copyright&quot;:&quot;&quot;,&quot;focal_length&quot;:&quot;0&quot;,&quot;iso&quot;:&quot;0&quot;,&quot;shutter_speed&quot;:&quot;0&quot;,&quot;title&quot;:&quot;&quot;,&quot;orientation&quot;:&quot;0&quot;}\" data-image-title=\"AG\" data-image-description=\"\" data-image-caption=\"\" data-large-file=\"https:\/\/capitaliafamiliar.es\/informes\/wp-content\/uploads\/2019\/04\/AG-5.jpg\" class=\"alignnone size-full wp-image-1923\" src=\"http:\/\/capitaliafamiliar.es\/informes\/wp-content\/uploads\/2019\/04\/AG-5.jpg\" alt=\"\" width=\"636\" height=\"235\" srcset=\"https:\/\/capitaliafamiliar.es\/informes\/wp-content\/uploads\/2019\/04\/AG-5.jpg 636w, https:\/\/capitaliafamiliar.es\/informes\/wp-content\/uploads\/2019\/04\/AG-5-300x111.jpg 300w\" sizes=\"(max-width: 636px) 100vw, 636px\" \/><\/p>\n<p>&nbsp;<\/p>\n<p style=\"text-align: center;\"><strong><span style=\"color: #000080;\">Solicite informaci\u00f3n sobre nuestros servicios de asesoramiento financiero<\/span><\/strong><\/p>\n<p style=\"text-align: justify;\">Si necesita ayuda para el cuidado de su patrimonio, no dude en ponerse en contacto con nosotros, sin compromiso.<\/p>\n<p style=\"text-align: center;\">Tel\u00e9fono:\u00a0\u00a0 91 770\u00a0 22 84<\/p>\n<p style=\"text-align: center;\">Correo electr\u00f3nico:\u00a0\u00a0 capitaliafamiliar@capitaliafamiliar.es<\/p>\n","protected":false},"excerpt":{"rendered":"<p>En el Banco Central Europeo ya no se creen sus propias previsiones. Algunos miembros del BCE se muestran esc&eacute;pticos respecto a las previsiones de recuperaci&oacute;n de la econom&iacute;a de la Eurozona que oficialmente barajan para la segunda mitad de este a&ntilde;o. M&aacute;s a&uacute;n, estas mismas fuentes se atreven a poner en cuesti&oacute;n la fiabilidad de [&hellip;]<\/p>\n","protected":false},"author":2,"featured_media":91,"comment_status":"open","ping_status":"open","sticky":false,"template":"","format":"standard","meta":{"_et_pb_use_builder":"","_et_pb_old_content":"","_et_gb_content_width":"","jetpack_post_was_ever_published":false,"_jetpack_newsletter_access":"","_jetpack_dont_email_post_to_subs":false,"_jetpack_newsletter_tier_id":0,"_jetpack_memberships_contains_paywalled_content":false,"_jetpack_memberships_contains_paid_content":false,"footnotes":""},"categories":[1],"tags":[],"class_list":["post-1922","post","type-post","status-publish","format-standard","has-post-thumbnail","hentry","category-informediario"],"jetpack_featured_media_url":"https:\/\/capitaliafamiliar.es\/informes\/wp-content\/uploads\/2018\/07\/informediario2.png","jetpack_shortlink":"https:\/\/wp.me\/pa2IGq-v0","jetpack-related-posts":[{"id":1700,"url":"https:\/\/capitaliafamiliar.es\/informes\/2019\/03\/07\/informe-diario-jueves-7-de-marzo-de-2019\/","url_meta":{"origin":1922,"position":0},"title":"Informe Diario  Jueves, 7 de marzo de 2019","author":"Capitalia Familiar","date":"7 de marzo de 2019","format":false,"excerpt":"El Banco Central Europeo \u201cle ha visto las orejas al lobo\u201d. La autoridad monetaria europea ha revisado hoy a la baja de forma significativa su previsi\u00f3n de crecimiento para este a\u00f1o, situ\u00e1ndola ahora en el 1.1% frente al 1.7% que ven\u00eda anticipando hasta el momento. El BCE reconoce as\u00ed que\u2026","rel":"","context":"En \u00abInforme Diario\u00bb","block_context":{"text":"Informe Diario","link":"https:\/\/capitaliafamiliar.es\/informes\/category\/informediario\/"},"img":{"alt_text":"","src":"https:\/\/i0.wp.com\/capitaliafamiliar.es\/informes\/wp-content\/uploads\/2018\/07\/informediario2.png?resize=350%2C200&ssl=1","width":350,"height":200,"srcset":"https:\/\/i0.wp.com\/capitaliafamiliar.es\/informes\/wp-content\/uploads\/2018\/07\/informediario2.png?resize=350%2C200&ssl=1 1x, https:\/\/i0.wp.com\/capitaliafamiliar.es\/informes\/wp-content\/uploads\/2018\/07\/informediario2.png?resize=525%2C300&ssl=1 1.5x, https:\/\/i0.wp.com\/capitaliafamiliar.es\/informes\/wp-content\/uploads\/2018\/07\/informediario2.png?resize=700%2C400&ssl=1 2x"},"classes":[]},{"id":4786,"url":"https:\/\/capitaliafamiliar.es\/informes\/2020\/09\/09\/informe-diario-miercoles-9-de-septiembre-de-2020\/","url_meta":{"origin":1922,"position":1},"title":"Informe Diario  Mi\u00e9rcoles, 9 de septiembre de 2020","author":"Capitalia Familiar","date":"9 de septiembre de 2020","format":false,"excerpt":"Rebote de las bolsas desde sus zonas de soporte... Rebote de las bolsas desde sus zonas de soporte. Las ca\u00eddas sufridas por los mercados burs\u00e1tiles en las \u00faltimas sesiones llevaron a los \u00edndices principales a sus respectivas zonas de soporte desde las que han rebotado hoy. El rebote ha prosperado\u2026","rel":"","context":"En \u00abInforme Diario\u00bb","block_context":{"text":"Informe Diario","link":"https:\/\/capitaliafamiliar.es\/informes\/category\/informediario\/"},"img":{"alt_text":"","src":"https:\/\/i0.wp.com\/capitaliafamiliar.es\/informes\/wp-content\/uploads\/2019\/08\/informediario2.png?resize=350%2C200&ssl=1","width":350,"height":200,"srcset":"https:\/\/i0.wp.com\/capitaliafamiliar.es\/informes\/wp-content\/uploads\/2019\/08\/informediario2.png?resize=350%2C200&ssl=1 1x, https:\/\/i0.wp.com\/capitaliafamiliar.es\/informes\/wp-content\/uploads\/2019\/08\/informediario2.png?resize=525%2C300&ssl=1 1.5x, https:\/\/i0.wp.com\/capitaliafamiliar.es\/informes\/wp-content\/uploads\/2019\/08\/informediario2.png?resize=700%2C400&ssl=1 2x"},"classes":[]},{"id":2702,"url":"https:\/\/capitaliafamiliar.es\/informes\/2019\/09\/09\/informe-diario-lunes-9-de-septiembre-de-2019\/","url_meta":{"origin":1922,"position":2},"title":"Informe Diario  Lunes, 9 de septiembre de 2019","author":"Capitalia Familiar","date":"9 de septiembre de 2019","format":false,"excerpt":"De nuevo en manos de los bancos centrales: esta semana, ser\u00e1 el turno del BCE\u2026 El parlamento brit\u00e1nico aprueba una ley que impide un Brexit sin acuerdo. Los planes de Boris Johnson de forzar la salida del Reino Unido de la Uni\u00f3n Europea sin acuerdo el pr\u00f3ximo 31 de octubre\u2026","rel":"","context":"En \u00abInforme Diario\u00bb","block_context":{"text":"Informe Diario","link":"https:\/\/capitaliafamiliar.es\/informes\/category\/informediario\/"},"img":{"alt_text":"","src":"https:\/\/i0.wp.com\/capitaliafamiliar.es\/informes\/wp-content\/uploads\/2019\/08\/informediario2.png?resize=350%2C200&ssl=1","width":350,"height":200,"srcset":"https:\/\/i0.wp.com\/capitaliafamiliar.es\/informes\/wp-content\/uploads\/2019\/08\/informediario2.png?resize=350%2C200&ssl=1 1x, https:\/\/i0.wp.com\/capitaliafamiliar.es\/informes\/wp-content\/uploads\/2019\/08\/informediario2.png?resize=525%2C300&ssl=1 1.5x, https:\/\/i0.wp.com\/capitaliafamiliar.es\/informes\/wp-content\/uploads\/2019\/08\/informediario2.png?resize=700%2C400&ssl=1 2x"},"classes":[]},{"id":2795,"url":"https:\/\/capitaliafamiliar.es\/informes\/2019\/09\/26\/informe-diario-jueves-26-de-septiembre-de-2019\/","url_meta":{"origin":1922,"position":3},"title":"Informe Diario  Jueves, 26 de septiembre de 2019","author":"Capitalia Familiar","date":"26 de septiembre de 2019","format":false,"excerpt":"All\u00e1 donde mires hoy en d\u00eda, los pol\u00edticos son buena parte de los problemas... Europa en crisis: aumenta la sensaci\u00f3n de caos interno dentro del Banco Central Europeo. A las cr\u00edticas realizadas abiertamente en pasados d\u00edas por destacados presidentes de los bancos centrales nacionales, y a su vez miembros del\u2026","rel":"","context":"En \u00abInforme Diario\u00bb","block_context":{"text":"Informe Diario","link":"https:\/\/capitaliafamiliar.es\/informes\/category\/informediario\/"},"img":{"alt_text":"","src":"https:\/\/i0.wp.com\/capitaliafamiliar.es\/informes\/wp-content\/uploads\/2019\/08\/informediario2.png?resize=350%2C200&ssl=1","width":350,"height":200,"srcset":"https:\/\/i0.wp.com\/capitaliafamiliar.es\/informes\/wp-content\/uploads\/2019\/08\/informediario2.png?resize=350%2C200&ssl=1 1x, https:\/\/i0.wp.com\/capitaliafamiliar.es\/informes\/wp-content\/uploads\/2019\/08\/informediario2.png?resize=525%2C300&ssl=1 1.5x, https:\/\/i0.wp.com\/capitaliafamiliar.es\/informes\/wp-content\/uploads\/2019\/08\/informediario2.png?resize=700%2C400&ssl=1 2x"},"classes":[]},{"id":2772,"url":"https:\/\/capitaliafamiliar.es\/informes\/2019\/09\/23\/informe-diario-lunes-23-de-septiembre-de-2019\/","url_meta":{"origin":1922,"position":4},"title":"Informe Diario  Lunes, 23 de septiembre de 2019","author":"Capitalia Familiar","date":"23 de septiembre de 2019","format":false,"excerpt":"Contin\u00faan empeorando las perspectivas para la Eurozona, a la par que se deteriora la confianza en la pol\u00edtica del BCE... Prosigue el deterioro de la econom\u00eda de la Eurozona, mientras que la pol\u00edtica monetaria del BCE suscita cada vez m\u00e1s dudas y cr\u00edticas. Los \u00edndices de gestores de compras del\u2026","rel":"","context":"En \u00abInforme Diario\u00bb","block_context":{"text":"Informe Diario","link":"https:\/\/capitaliafamiliar.es\/informes\/category\/informediario\/"},"img":{"alt_text":"","src":"https:\/\/i0.wp.com\/capitaliafamiliar.es\/informes\/wp-content\/uploads\/2019\/08\/informediario2.png?resize=350%2C200&ssl=1","width":350,"height":200,"srcset":"https:\/\/i0.wp.com\/capitaliafamiliar.es\/informes\/wp-content\/uploads\/2019\/08\/informediario2.png?resize=350%2C200&ssl=1 1x, https:\/\/i0.wp.com\/capitaliafamiliar.es\/informes\/wp-content\/uploads\/2019\/08\/informediario2.png?resize=525%2C300&ssl=1 1.5x, https:\/\/i0.wp.com\/capitaliafamiliar.es\/informes\/wp-content\/uploads\/2019\/08\/informediario2.png?resize=700%2C400&ssl=1 2x"},"classes":[]},{"id":9054,"url":"https:\/\/capitaliafamiliar.es\/informes\/2023\/03\/16\/el-bce-abre-el-debate-es-posible-preservar-al-mismo-tiempo-la-estabilidad-monetaria-y-la-estabilidad-financiera\/","url_meta":{"origin":1922,"position":5},"title":"El BCE abre el debate: \u00bfes posible preservar al mismo tiempo la estabilidad monetaria y la estabilidad financiera?","author":"Capitalia Familiar","date":"16 de marzo de 2023","format":false,"excerpt":"Informe diario del jueves, 16 de marzo de 2023 \u00a0 Sinopsis Hoy en los mercados El Banco Central Europeo afirma que preservar\u00e1 la estabilidad de precios y la estabilidad financiera. An\u00e1lisis de situaci\u00f3n Los bancos centrales tratan de mantener un complejo equilibrio para contener la inflaci\u00f3n sin dinamitar el sistema\u2026","rel":"","context":"En \u00abInforme Diario Privado\u00bb","block_context":{"text":"Informe Diario Privado","link":"https:\/\/capitaliafamiliar.es\/informes\/category\/informe-diario-privado\/"},"img":{"alt_text":"","src":"https:\/\/i0.wp.com\/capitaliafamiliar.es\/informes\/wp-content\/uploads\/2019\/08\/informediario2.png?resize=350%2C200&ssl=1","width":350,"height":200,"srcset":"https:\/\/i0.wp.com\/capitaliafamiliar.es\/informes\/wp-content\/uploads\/2019\/08\/informediario2.png?resize=350%2C200&ssl=1 1x, https:\/\/i0.wp.com\/capitaliafamiliar.es\/informes\/wp-content\/uploads\/2019\/08\/informediario2.png?resize=525%2C300&ssl=1 1.5x, https:\/\/i0.wp.com\/capitaliafamiliar.es\/informes\/wp-content\/uploads\/2019\/08\/informediario2.png?resize=700%2C400&ssl=1 2x"},"classes":[]}],"jetpack_sharing_enabled":true,"_links":{"self":[{"href":"https:\/\/capitaliafamiliar.es\/informes\/wp-json\/wp\/v2\/posts\/1922","targetHints":{"allow":["GET"]}}],"collection":[{"href":"https:\/\/capitaliafamiliar.es\/informes\/wp-json\/wp\/v2\/posts"}],"about":[{"href":"https:\/\/capitaliafamiliar.es\/informes\/wp-json\/wp\/v2\/types\/post"}],"author":[{"embeddable":true,"href":"https:\/\/capitaliafamiliar.es\/informes\/wp-json\/wp\/v2\/users\/2"}],"replies":[{"embeddable":true,"href":"https:\/\/capitaliafamiliar.es\/informes\/wp-json\/wp\/v2\/comments?post=1922"}],"version-history":[{"count":4,"href":"https:\/\/capitaliafamiliar.es\/informes\/wp-json\/wp\/v2\/posts\/1922\/revisions"}],"predecessor-version":[{"id":1929,"href":"https:\/\/capitaliafamiliar.es\/informes\/wp-json\/wp\/v2\/posts\/1922\/revisions\/1929"}],"wp:featuredmedia":[{"embeddable":true,"href":"https:\/\/capitaliafamiliar.es\/informes\/wp-json\/wp\/v2\/media\/91"}],"wp:attachment":[{"href":"https:\/\/capitaliafamiliar.es\/informes\/wp-json\/wp\/v2\/media?parent=1922"}],"wp:term":[{"taxonomy":"category","embeddable":true,"href":"https:\/\/capitaliafamiliar.es\/informes\/wp-json\/wp\/v2\/categories?post=1922"},{"taxonomy":"post_tag","embeddable":true,"href":"https:\/\/capitaliafamiliar.es\/informes\/wp-json\/wp\/v2\/tags?post=1922"}],"curies":[{"name":"wp","href":"https:\/\/api.w.org\/{rel}","templated":true}]}}