{"id":4590,"date":"2020-08-05T16:00:56","date_gmt":"2020-08-05T16:00:56","guid":{"rendered":"https:\/\/capitaliafamiliar.es\/informes\/?p=4590"},"modified":"2020-08-05T16:13:32","modified_gmt":"2020-08-05T16:13:32","slug":"informe-diario-miercoles-5-de-agosto-de-2020","status":"publish","type":"post","link":"https:\/\/capitaliafamiliar.es\/informes\/2020\/08\/05\/informe-diario-miercoles-5-de-agosto-de-2020\/","title":{"rendered":"Informe Diario <br> Mi\u00e9rcoles, 5 de agosto de 2020"},"content":{"rendered":"<blockquote>\n<p style=\"text-align: justify;\"><strong><em><b>Optimismo contenido en los mercados a la espera de los datos oficiales de empleo en Estados Unidos&#8230;<\/b><\/em><\/strong><\/p>\n<\/blockquote>\n<p style=\"text-align: justify;\"><span style=\"font-size: 16px;\"><strong>Optimismo contenido en los mercados a la espera de los datos oficiales de empleo en Estados Unidos. <\/strong>Pese a que los datos macroecon\u00f3micos conocidos hoy resultaron mixtos, los mercados se quedaron con lo positivo y registraron avances moderados, aunque la situaci\u00f3n t\u00e9cnica no var\u00eda con respecto a la v\u00edspera. As\u00ed, los datos de actividad del sector servicios del mes de julio en Estados Unidos y las ventas minoristas de junio en la Eurozona resultaron mejores de lo esperado, pero los PMI del sector servicios en China y Europa fueron discretos y, sobre todo, los datos de empleo del sector privado estadounidense que elabora ADP defraudaron al registrar en julio +167 mil contrataciones, frente a las +1.4 millones previstas y a las +4.3 millones del mes de junio. Veremos si los datos oficiales reflejan una tendencia similar al ADP o se mantiene una clara recuperaci\u00f3n en el mercado laboral americano.<\/span><\/p>\n<p style=\"text-align: justify;\"><span style=\"font-size: 16px;\">M\u00e1s all\u00e1 de los datos macroecon\u00f3micos, las negociaciones entre republicanos y dem\u00f3cratas contin\u00faan atascadas por la cuant\u00eda de las ayudas al desempleo y la tregua en la guerra comercial entre Estados Unidos y China se tambalea por el caso TikTok. Ambas potencias podr\u00edan mantener una reuni\u00f3n a mediados de mes para evaluar el cumplimiento de la fase 1 del acuerdo, si bien parece descartado cualquier avance en las negociaciones de una segunda fase del acuerdo comercial.<\/span><\/p>\n<p><img loading=\"lazy\" decoding=\"async\" data-attachment-id=\"4592\" data-permalink=\"https:\/\/capitaliafamiliar.es\/informes\/2020\/08\/05\/informe-diario-miercoles-5-de-agosto-de-2020\/rv-539\/\" data-orig-file=\"https:\/\/capitaliafamiliar.es\/informes\/wp-content\/uploads\/2020\/08\/RV-2.jpg\" data-orig-size=\"336,413\" data-comments-opened=\"0\" data-image-meta=\"{&quot;aperture&quot;:&quot;0&quot;,&quot;credit&quot;:&quot;&quot;,&quot;camera&quot;:&quot;&quot;,&quot;caption&quot;:&quot;&quot;,&quot;created_timestamp&quot;:&quot;0&quot;,&quot;copyright&quot;:&quot;&quot;,&quot;focal_length&quot;:&quot;0&quot;,&quot;iso&quot;:&quot;0&quot;,&quot;shutter_speed&quot;:&quot;0&quot;,&quot;title&quot;:&quot;&quot;,&quot;orientation&quot;:&quot;0&quot;}\" data-image-title=\"RV\" data-image-description=\"\" data-image-caption=\"\" data-large-file=\"https:\/\/capitaliafamiliar.es\/informes\/wp-content\/uploads\/2020\/08\/RV-2.jpg\" class=\"alignnone size-full wp-image-4592\" src=\"https:\/\/capitaliafamiliar.es\/informes\/wp-content\/uploads\/2020\/08\/RV-2.jpg\" alt=\"\" width=\"336\" height=\"413\" srcset=\"https:\/\/capitaliafamiliar.es\/informes\/wp-content\/uploads\/2020\/08\/RV-2.jpg 336w, https:\/\/capitaliafamiliar.es\/informes\/wp-content\/uploads\/2020\/08\/RV-2-244x300.jpg 244w\" sizes=\"(max-width: 336px) 100vw, 336px\" \/><img loading=\"lazy\" decoding=\"async\" data-attachment-id=\"4593\" data-permalink=\"https:\/\/capitaliafamiliar.es\/informes\/2020\/08\/05\/informe-diario-miercoles-5-de-agosto-de-2020\/rf-531\/\" data-orig-file=\"https:\/\/capitaliafamiliar.es\/informes\/wp-content\/uploads\/2020\/08\/RF-2.jpg\" data-orig-size=\"299,373\" data-comments-opened=\"0\" data-image-meta=\"{&quot;aperture&quot;:&quot;0&quot;,&quot;credit&quot;:&quot;&quot;,&quot;camera&quot;:&quot;&quot;,&quot;caption&quot;:&quot;&quot;,&quot;created_timestamp&quot;:&quot;0&quot;,&quot;copyright&quot;:&quot;&quot;,&quot;focal_length&quot;:&quot;0&quot;,&quot;iso&quot;:&quot;0&quot;,&quot;shutter_speed&quot;:&quot;0&quot;,&quot;title&quot;:&quot;&quot;,&quot;orientation&quot;:&quot;0&quot;}\" data-image-title=\"RF\" data-image-description=\"\" data-image-caption=\"\" data-large-file=\"https:\/\/capitaliafamiliar.es\/informes\/wp-content\/uploads\/2020\/08\/RF-2.jpg\" class=\"alignnone size-full wp-image-4593\" src=\"https:\/\/capitaliafamiliar.es\/informes\/wp-content\/uploads\/2020\/08\/RF-2.jpg\" alt=\"\" width=\"299\" height=\"373\" srcset=\"https:\/\/capitaliafamiliar.es\/informes\/wp-content\/uploads\/2020\/08\/RF-2.jpg 299w, https:\/\/capitaliafamiliar.es\/informes\/wp-content\/uploads\/2020\/08\/RF-2-240x300.jpg 240w\" sizes=\"(max-width: 299px) 100vw, 299px\" \/><\/p>\n<p>&nbsp;<\/p>\n<p><strong>| Agenda para ma\u00f1ana |<\/strong><\/p>\n<p><img loading=\"lazy\" decoding=\"async\" data-attachment-id=\"4591\" data-permalink=\"https:\/\/capitaliafamiliar.es\/informes\/2020\/08\/05\/informe-diario-miercoles-5-de-agosto-de-2020\/ag-300\/\" data-orig-file=\"https:\/\/capitaliafamiliar.es\/informes\/wp-content\/uploads\/2020\/08\/AG-1.jpg\" data-orig-size=\"674,79\" data-comments-opened=\"0\" data-image-meta=\"{&quot;aperture&quot;:&quot;0&quot;,&quot;credit&quot;:&quot;&quot;,&quot;camera&quot;:&quot;&quot;,&quot;caption&quot;:&quot;&quot;,&quot;created_timestamp&quot;:&quot;0&quot;,&quot;copyright&quot;:&quot;&quot;,&quot;focal_length&quot;:&quot;0&quot;,&quot;iso&quot;:&quot;0&quot;,&quot;shutter_speed&quot;:&quot;0&quot;,&quot;title&quot;:&quot;&quot;,&quot;orientation&quot;:&quot;0&quot;}\" data-image-title=\"AG\" data-image-description=\"\" data-image-caption=\"\" data-large-file=\"https:\/\/capitaliafamiliar.es\/informes\/wp-content\/uploads\/2020\/08\/AG-1.jpg\" class=\"alignnone size-full wp-image-4591\" src=\"https:\/\/capitaliafamiliar.es\/informes\/wp-content\/uploads\/2020\/08\/AG-1.jpg\" alt=\"\" width=\"674\" height=\"79\" srcset=\"https:\/\/capitaliafamiliar.es\/informes\/wp-content\/uploads\/2020\/08\/AG-1.jpg 674w, https:\/\/capitaliafamiliar.es\/informes\/wp-content\/uploads\/2020\/08\/AG-1-300x35.jpg 300w\" sizes=\"(max-width: 674px) 100vw, 674px\" \/><\/p>\n<p>&nbsp;<\/p>\n<p style=\"text-align: center;\"><strong>Solicite informaci\u00f3n sobre nuestros servicios de asesoramiento financiero<\/strong><\/p>\n<p style=\"text-align: center;\">Si necesita ayuda para el cuidado de su patrimonio, no dude en ponerse en contacto con nosotros,<\/p>\n<p style=\"text-align: center;\">sin compromiso.<\/p>\n<p style=\"text-align: center;\">Tel\u00e9fono:\u00a0\u00a0 91 770\u00a0 22 84<\/p>\n<p style=\"text-align: center;\">Correo electr\u00f3nico:\u00a0\u00a0 capitaliafamiliar@capitaliafamiliar.es<\/p>\n","protected":false},"excerpt":{"rendered":"<p>Optimismo contenido en los mercados a la espera de los datos oficiales de empleo en Estados Unidos&hellip; Optimismo contenido en los mercados a la espera de los datos oficiales de empleo en Estados Unidos. Pese a que los datos macroecon&oacute;micos conocidos hoy resultaron mixtos, los mercados se quedaron con lo positivo y registraron avances moderados, [&hellip;]<\/p>\n","protected":false},"author":2,"featured_media":2525,"comment_status":"open","ping_status":"open","sticky":false,"template":"","format":"standard","meta":{"_et_pb_use_builder":"","_et_pb_old_content":"","_et_gb_content_width":"","jetpack_post_was_ever_published":false,"_jetpack_newsletter_access":"","_jetpack_dont_email_post_to_subs":false,"_jetpack_newsletter_tier_id":0,"_jetpack_memberships_contains_paywalled_content":false,"_jetpack_memberships_contains_paid_content":false,"footnotes":""},"categories":[1],"tags":[],"class_list":["post-4590","post","type-post","status-publish","format-standard","has-post-thumbnail","hentry","category-informediario"],"jetpack_featured_media_url":"https:\/\/capitaliafamiliar.es\/informes\/wp-content\/uploads\/2019\/08\/informediario2.png","jetpack_shortlink":"https:\/\/wp.me\/pa2IGq-1c2","jetpack-related-posts":[{"id":9184,"url":"https:\/\/capitaliafamiliar.es\/informes\/2023\/04\/05\/los-mercados-consolidan-a-la-espera-de-que-conozcan-los-datos-oficiales-de-empleo-del-mes-de-marzo-en-estados-unidos\/","url_meta":{"origin":4590,"position":0},"title":"Los mercados consolidan a la espera de que conozcan los datos oficiales de empleo del mes de marzo en Estados Unidos.","author":"Capitalia Familiar","date":"5 de abril de 2023","format":false,"excerpt":"Informe diario del mi\u00e9rcoles, 5 de abril de 2023 \u00a0 Sinopsis Hoy en los mercados Jornada de consolidaci\u00f3n en los mercados a la espera de que este viernes se publiquen los datos de empleo estadounidenses del mes de marzo. An\u00e1lisis de situaci\u00f3n Si las tensiones inflacionistas contin\u00faan sin moderarse, ser\u00e1\u2026","rel":"","context":"En \u00abInforme Diario Privado\u00bb","block_context":{"text":"Informe Diario Privado","link":"https:\/\/capitaliafamiliar.es\/informes\/category\/informe-diario-privado\/"},"img":{"alt_text":"","src":"https:\/\/i0.wp.com\/capitaliafamiliar.es\/informes\/wp-content\/uploads\/2019\/08\/informediario2.png?resize=350%2C200&ssl=1","width":350,"height":200,"srcset":"https:\/\/i0.wp.com\/capitaliafamiliar.es\/informes\/wp-content\/uploads\/2019\/08\/informediario2.png?resize=350%2C200&ssl=1 1x, https:\/\/i0.wp.com\/capitaliafamiliar.es\/informes\/wp-content\/uploads\/2019\/08\/informediario2.png?resize=525%2C300&ssl=1 1.5x, https:\/\/i0.wp.com\/capitaliafamiliar.es\/informes\/wp-content\/uploads\/2019\/08\/informediario2.png?resize=700%2C400&ssl=1 2x"},"classes":[]},{"id":9189,"url":"https:\/\/capitaliafamiliar.es\/informes\/2023\/04\/05\/los-mercados-consolidan-a-la-espera-de-que-conozcan-los-datos-oficiales-de-empleo-del-mes-de-marzo-en-estados-unidos-2\/","url_meta":{"origin":4590,"position":1},"title":"Los mercados consolidan a la espera de que conozcan los datos oficiales de empleo del mes de marzo en Estados Unidos.","author":"Capitalia Familiar","date":"5 de abril de 2023","format":false,"excerpt":"Informe diario del mi\u00e9rcoles, 5 de abril de 2023 \u00a0 Sinopsis Hoy en los mercados Jornada de consolidaci\u00f3n en los mercados a la espera de que este viernes se publiquen los datos de empleo estadounidenses del mes de marzo. An\u00e1lisis de situaci\u00f3n Si las tensiones inflacionistas contin\u00faan sin moderarse, ser\u00e1\u2026","rel":"","context":"En \u00abInforme Diario\u00bb","block_context":{"text":"Informe Diario","link":"https:\/\/capitaliafamiliar.es\/informes\/category\/informediario\/"},"img":{"alt_text":"","src":"https:\/\/i0.wp.com\/capitaliafamiliar.es\/informes\/wp-content\/uploads\/2019\/08\/informediario2.png?resize=350%2C200&ssl=1","width":350,"height":200,"srcset":"https:\/\/i0.wp.com\/capitaliafamiliar.es\/informes\/wp-content\/uploads\/2019\/08\/informediario2.png?resize=350%2C200&ssl=1 1x, https:\/\/i0.wp.com\/capitaliafamiliar.es\/informes\/wp-content\/uploads\/2019\/08\/informediario2.png?resize=525%2C300&ssl=1 1.5x, https:\/\/i0.wp.com\/capitaliafamiliar.es\/informes\/wp-content\/uploads\/2019\/08\/informediario2.png?resize=700%2C400&ssl=1 2x"},"classes":[]},{"id":4353,"url":"https:\/\/capitaliafamiliar.es\/informes\/2020\/07\/01\/informe-diario-miercoles-1-de-julio-de-2020\/","url_meta":{"origin":4590,"position":2},"title":"Informe Diario  Mi\u00e9rcoles, 1 de julio de 2020","author":"Capitalia Familiar","date":"1 de julio de 2020","format":false,"excerpt":"Nueva sesi\u00f3n intrascendente para los mercados, continuando con la din\u00e1mica lateral que vienen desarrollando los \u00edndices burs\u00e1tiles principales en estas \u00faltimas semanas... Nueva sesi\u00f3n intrascendente para los mercados, continuando con la din\u00e1mica lateral que vienen desarrollando los \u00edndices burs\u00e1tiles principales en estas \u00faltimas semanas. Los datos macroecon\u00f3micos publicados hoy resultaron\u2026","rel":"","context":"En \u00abInforme Diario\u00bb","block_context":{"text":"Informe Diario","link":"https:\/\/capitaliafamiliar.es\/informes\/category\/informediario\/"},"img":{"alt_text":"","src":"https:\/\/i0.wp.com\/capitaliafamiliar.es\/informes\/wp-content\/uploads\/2019\/08\/informediario2.png?resize=350%2C200&ssl=1","width":350,"height":200,"srcset":"https:\/\/i0.wp.com\/capitaliafamiliar.es\/informes\/wp-content\/uploads\/2019\/08\/informediario2.png?resize=350%2C200&ssl=1 1x, https:\/\/i0.wp.com\/capitaliafamiliar.es\/informes\/wp-content\/uploads\/2019\/08\/informediario2.png?resize=525%2C300&ssl=1 1.5x, https:\/\/i0.wp.com\/capitaliafamiliar.es\/informes\/wp-content\/uploads\/2019\/08\/informediario2.png?resize=700%2C400&ssl=1 2x"},"classes":[]},{"id":4585,"url":"https:\/\/capitaliafamiliar.es\/informes\/2020\/08\/04\/informe-diario-martes-4-de-agosto-de-2020\/","url_meta":{"origin":4590,"position":3},"title":"Informe Diario  Martes, 4 de agosto de 2020","author":"Capitalia Familiar","date":"4 de agosto de 2020","format":false,"excerpt":"Jornada de transici\u00f3n en los mercados, a la espera de que en Estados Unidos se conozcan los datos de empleo del mes de julio y se concrete el nuevo paquete de est\u00edmulo... Jornada de transici\u00f3n en los mercados, a la espera de que en Estados Unidos se conozcan los datos\u2026","rel":"","context":"En \u00abInforme Diario\u00bb","block_context":{"text":"Informe Diario","link":"https:\/\/capitaliafamiliar.es\/informes\/category\/informediario\/"},"img":{"alt_text":"","src":"https:\/\/i0.wp.com\/capitaliafamiliar.es\/informes\/wp-content\/uploads\/2019\/08\/informediario2.png?resize=350%2C200&ssl=1","width":350,"height":200,"srcset":"https:\/\/i0.wp.com\/capitaliafamiliar.es\/informes\/wp-content\/uploads\/2019\/08\/informediario2.png?resize=350%2C200&ssl=1 1x, https:\/\/i0.wp.com\/capitaliafamiliar.es\/informes\/wp-content\/uploads\/2019\/08\/informediario2.png?resize=525%2C300&ssl=1 1.5x, https:\/\/i0.wp.com\/capitaliafamiliar.es\/informes\/wp-content\/uploads\/2019\/08\/informediario2.png?resize=700%2C400&ssl=1 2x"},"classes":[]},{"id":11094,"url":"https:\/\/capitaliafamiliar.es\/informes\/2024\/04\/04\/los-datos-oficiales-de-empleo-del-mes-de-marzo-en-estados-unidos-que-conoceremos-manana-se-antojan-claves-para-el-mercado-2\/","url_meta":{"origin":4590,"position":4},"title":"Los datos oficiales de empleo del mes de marzo en Estados Unidos que conoceremos ma\u00f1ana se antojan claves para el mercado","author":"Capitalia Familiar","date":"4 de abril de 2024","format":false,"excerpt":"Informe diario del jueves, 4 de abril de 2024 \u00a0 Sinopsis Hoy en los mercados Sesi\u00f3n de recuperaci\u00f3n moderada para las bolsas y la renta fija, m\u00e1s intensa en el caso de los mercados estadounidenses. An\u00e1lisis de situaci\u00f3n Los datos oficiales de empleo del mes de marzo en Estados Unidos\u2026","rel":"","context":"En \u00abInforme Diario\u00bb","block_context":{"text":"Informe Diario","link":"https:\/\/capitaliafamiliar.es\/informes\/category\/informediario\/"},"img":{"alt_text":"","src":"https:\/\/i0.wp.com\/capitaliafamiliar.es\/informes\/wp-content\/uploads\/2019\/08\/informediario2.png?resize=350%2C200&ssl=1","width":350,"height":200,"srcset":"https:\/\/i0.wp.com\/capitaliafamiliar.es\/informes\/wp-content\/uploads\/2019\/08\/informediario2.png?resize=350%2C200&ssl=1 1x, https:\/\/i0.wp.com\/capitaliafamiliar.es\/informes\/wp-content\/uploads\/2019\/08\/informediario2.png?resize=525%2C300&ssl=1 1.5x, https:\/\/i0.wp.com\/capitaliafamiliar.es\/informes\/wp-content\/uploads\/2019\/08\/informediario2.png?resize=700%2C400&ssl=1 2x"},"classes":[]},{"id":9000,"url":"https:\/\/capitaliafamiliar.es\/informes\/2023\/03\/09\/hora-de-la-verdad-para-los-mercados-los-datos-oficiales-de-empleo-del-mes-de-febrero-en-estados-unidos-dictaran-sentencia\/","url_meta":{"origin":4590,"position":5},"title":"Hora de la verdad para los mercados: Los datos oficiales de empleo del mes de febrero en Estados Unidos dictar\u00e1n sentencia.","author":"Capitalia Familiar","date":"9 de marzo de 2023","format":false,"excerpt":"Informe diario del jueves, 9 de marzo de 2023 \u00a0 Sinopsis Hoy en los mercados Los datos de empleo estadounidenses que conoceremos ma\u00f1ana monopolizan la atenci\u00f3n de los mercados. An\u00e1lisis de situaci\u00f3n Una sorpresa en los datos oficiales de empleo estadounidenses, tanto positiva como negativa, precipitar\u00eda la ruptura de niveles\u2026","rel":"","context":"En \u00abInforme Diario Privado\u00bb","block_context":{"text":"Informe Diario Privado","link":"https:\/\/capitaliafamiliar.es\/informes\/category\/informe-diario-privado\/"},"img":{"alt_text":"","src":"https:\/\/i0.wp.com\/capitaliafamiliar.es\/informes\/wp-content\/uploads\/2019\/08\/informediario2.png?resize=350%2C200&ssl=1","width":350,"height":200,"srcset":"https:\/\/i0.wp.com\/capitaliafamiliar.es\/informes\/wp-content\/uploads\/2019\/08\/informediario2.png?resize=350%2C200&ssl=1 1x, https:\/\/i0.wp.com\/capitaliafamiliar.es\/informes\/wp-content\/uploads\/2019\/08\/informediario2.png?resize=525%2C300&ssl=1 1.5x, https:\/\/i0.wp.com\/capitaliafamiliar.es\/informes\/wp-content\/uploads\/2019\/08\/informediario2.png?resize=700%2C400&ssl=1 2x"},"classes":[]}],"jetpack_sharing_enabled":true,"_links":{"self":[{"href":"https:\/\/capitaliafamiliar.es\/informes\/wp-json\/wp\/v2\/posts\/4590","targetHints":{"allow":["GET"]}}],"collection":[{"href":"https:\/\/capitaliafamiliar.es\/informes\/wp-json\/wp\/v2\/posts"}],"about":[{"href":"https:\/\/capitaliafamiliar.es\/informes\/wp-json\/wp\/v2\/types\/post"}],"author":[{"embeddable":true,"href":"https:\/\/capitaliafamiliar.es\/informes\/wp-json\/wp\/v2\/users\/2"}],"replies":[{"embeddable":true,"href":"https:\/\/capitaliafamiliar.es\/informes\/wp-json\/wp\/v2\/comments?post=4590"}],"version-history":[{"count":2,"href":"https:\/\/capitaliafamiliar.es\/informes\/wp-json\/wp\/v2\/posts\/4590\/revisions"}],"predecessor-version":[{"id":4595,"href":"https:\/\/capitaliafamiliar.es\/informes\/wp-json\/wp\/v2\/posts\/4590\/revisions\/4595"}],"wp:featuredmedia":[{"embeddable":true,"href":"https:\/\/capitaliafamiliar.es\/informes\/wp-json\/wp\/v2\/media\/2525"}],"wp:attachment":[{"href":"https:\/\/capitaliafamiliar.es\/informes\/wp-json\/wp\/v2\/media?parent=4590"}],"wp:term":[{"taxonomy":"category","embeddable":true,"href":"https:\/\/capitaliafamiliar.es\/informes\/wp-json\/wp\/v2\/categories?post=4590"},{"taxonomy":"post_tag","embeddable":true,"href":"https:\/\/capitaliafamiliar.es\/informes\/wp-json\/wp\/v2\/tags?post=4590"}],"curies":[{"name":"wp","href":"https:\/\/api.w.org\/{rel}","templated":true}]}}