{"id":4891,"date":"2020-09-23T16:06:42","date_gmt":"2020-09-23T16:06:42","guid":{"rendered":"https:\/\/capitaliafamiliar.es\/informes\/?p=4891"},"modified":"2020-09-23T16:06:42","modified_gmt":"2020-09-23T16:06:42","slug":"informe-diario-miercoles-23-de-septiembre-de-2020","status":"publish","type":"post","link":"https:\/\/capitaliafamiliar.es\/informes\/2020\/09\/23\/informe-diario-miercoles-23-de-septiembre-de-2020\/","title":{"rendered":"Informe Diario <br> Mi\u00e9rcoles, 23 de septiembre de 2020"},"content":{"rendered":"<blockquote>\n<p style=\"text-align: justify;\"><strong><em><b>El avance del Covid-19 contin\u00faa preocupando a los mercados, que mantienen la debilidad de fondo&#8230;<\/b><\/em><\/strong><\/p>\n<\/blockquote>\n<p style=\"text-align: justify;\"><strong>El avance del Covid-19 contin\u00faa preocupando a los mercados, que mantienen la debilidad de fondo. <\/strong>M\u00e1s all\u00e1 de rebotes puntuales, los mercados contin\u00faan inmersos en una din\u00e1mica correctiva que podr\u00eda agudizarse si el avance del virus vuelve a castigar con fuerza a la econom\u00edas desarrolladas. En este sentido, Europa es ahora el principal foco de riesgo de cara a las pr\u00f3ximas semanas como consecuencia del agravamiento de la situaci\u00f3n en varios pa\u00edses (especialmente Espa\u00f1a) y la llegada del oto\u00f1o. El mercado es consciente de este elevado riesgo y de sus potenciales consecuencias sobre la ya delicada situaci\u00f3n de la econom\u00eda global, que ya en la recta final del verano evidenciaba un estancamiento o incluso un ligero empeoramiento de la situaci\u00f3n en algunas \u00e1reas geogr\u00e1ficas. En este sentido, los PMI de actividad publicados hoy en las principales econom\u00edas revelaron la reentrada en contracci\u00f3n del sector servicios durante el mes de septiembre, como como consecuencia de la expansi\u00f3n del virus y la adopci\u00f3n de nuevas medidas de contingencia para evitar la propagaci\u00f3n del mismo. La esperanza para los mercados podr\u00eda venir de un acuerdo en Estados Unidos para desbloquear el nuevo paquete de est\u00edmulo fiscal o avances en torno a la vacuna del Covid-19, pero mientras nada de esto se concrete, seguiremos manteniendo el sesgo de prudencia.<\/p>\n<p>&nbsp;<\/p>\n<p><img loading=\"lazy\" decoding=\"async\" data-attachment-id=\"4894\" data-permalink=\"https:\/\/capitaliafamiliar.es\/informes\/2020\/09\/23\/informe-diario-miercoles-23-de-septiembre-de-2020\/rv-576\/\" data-orig-file=\"https:\/\/capitaliafamiliar.es\/informes\/wp-content\/uploads\/2020\/09\/RV-18.jpg\" data-orig-size=\"336,413\" data-comments-opened=\"0\" data-image-meta=\"{&quot;aperture&quot;:&quot;0&quot;,&quot;credit&quot;:&quot;&quot;,&quot;camera&quot;:&quot;&quot;,&quot;caption&quot;:&quot;&quot;,&quot;created_timestamp&quot;:&quot;0&quot;,&quot;copyright&quot;:&quot;&quot;,&quot;focal_length&quot;:&quot;0&quot;,&quot;iso&quot;:&quot;0&quot;,&quot;shutter_speed&quot;:&quot;0&quot;,&quot;title&quot;:&quot;&quot;,&quot;orientation&quot;:&quot;0&quot;}\" data-image-title=\"RV\" data-image-description=\"\" data-image-caption=\"\" data-large-file=\"https:\/\/capitaliafamiliar.es\/informes\/wp-content\/uploads\/2020\/09\/RV-18.jpg\" class=\"alignnone size-full wp-image-4894\" src=\"https:\/\/capitaliafamiliar.es\/informes\/wp-content\/uploads\/2020\/09\/RV-18.jpg\" alt=\"\" width=\"336\" height=\"413\" srcset=\"https:\/\/capitaliafamiliar.es\/informes\/wp-content\/uploads\/2020\/09\/RV-18.jpg 336w, https:\/\/capitaliafamiliar.es\/informes\/wp-content\/uploads\/2020\/09\/RV-18-244x300.jpg 244w\" sizes=\"(max-width: 336px) 100vw, 336px\" \/><img loading=\"lazy\" decoding=\"async\" data-attachment-id=\"4895\" data-permalink=\"https:\/\/capitaliafamiliar.es\/informes\/2020\/09\/23\/informe-diario-miercoles-23-de-septiembre-de-2020\/rf-568\/\" data-orig-file=\"https:\/\/capitaliafamiliar.es\/informes\/wp-content\/uploads\/2020\/09\/RF-18.jpg\" data-orig-size=\"299,353\" data-comments-opened=\"0\" data-image-meta=\"{&quot;aperture&quot;:&quot;0&quot;,&quot;credit&quot;:&quot;&quot;,&quot;camera&quot;:&quot;&quot;,&quot;caption&quot;:&quot;&quot;,&quot;created_timestamp&quot;:&quot;0&quot;,&quot;copyright&quot;:&quot;&quot;,&quot;focal_length&quot;:&quot;0&quot;,&quot;iso&quot;:&quot;0&quot;,&quot;shutter_speed&quot;:&quot;0&quot;,&quot;title&quot;:&quot;&quot;,&quot;orientation&quot;:&quot;0&quot;}\" data-image-title=\"RF\" data-image-description=\"\" data-image-caption=\"\" data-large-file=\"https:\/\/capitaliafamiliar.es\/informes\/wp-content\/uploads\/2020\/09\/RF-18.jpg\" class=\"alignnone size-full wp-image-4895\" src=\"https:\/\/capitaliafamiliar.es\/informes\/wp-content\/uploads\/2020\/09\/RF-18.jpg\" alt=\"\" width=\"299\" height=\"353\" srcset=\"https:\/\/capitaliafamiliar.es\/informes\/wp-content\/uploads\/2020\/09\/RF-18.jpg 299w, https:\/\/capitaliafamiliar.es\/informes\/wp-content\/uploads\/2020\/09\/RF-18-254x300.jpg 254w\" sizes=\"(max-width: 299px) 100vw, 299px\" \/><\/p>\n<p>&nbsp;<\/p>\n<p><strong>| Agenda para ma\u00f1ana |<\/strong><\/p>\n<p><img loading=\"lazy\" decoding=\"async\" data-attachment-id=\"4892\" data-permalink=\"https:\/\/capitaliafamiliar.es\/informes\/2020\/09\/23\/informe-diario-miercoles-23-de-septiembre-de-2020\/ag-325\/\" data-orig-file=\"https:\/\/capitaliafamiliar.es\/informes\/wp-content\/uploads\/2020\/09\/AG-6.jpg\" data-orig-size=\"676,105\" data-comments-opened=\"0\" data-image-meta=\"{&quot;aperture&quot;:&quot;0&quot;,&quot;credit&quot;:&quot;&quot;,&quot;camera&quot;:&quot;&quot;,&quot;caption&quot;:&quot;&quot;,&quot;created_timestamp&quot;:&quot;0&quot;,&quot;copyright&quot;:&quot;&quot;,&quot;focal_length&quot;:&quot;0&quot;,&quot;iso&quot;:&quot;0&quot;,&quot;shutter_speed&quot;:&quot;0&quot;,&quot;title&quot;:&quot;&quot;,&quot;orientation&quot;:&quot;0&quot;}\" data-image-title=\"AG\" data-image-description=\"\" data-image-caption=\"\" data-large-file=\"https:\/\/capitaliafamiliar.es\/informes\/wp-content\/uploads\/2020\/09\/AG-6.jpg\" class=\"alignnone size-full wp-image-4892\" src=\"https:\/\/capitaliafamiliar.es\/informes\/wp-content\/uploads\/2020\/09\/AG-6.jpg\" alt=\"\" width=\"676\" height=\"105\" srcset=\"https:\/\/capitaliafamiliar.es\/informes\/wp-content\/uploads\/2020\/09\/AG-6.jpg 676w, https:\/\/capitaliafamiliar.es\/informes\/wp-content\/uploads\/2020\/09\/AG-6-300x47.jpg 300w\" sizes=\"(max-width: 676px) 100vw, 676px\" \/><\/p>\n<p>&nbsp;<\/p>\n<p style=\"text-align: center;\"><strong>Solicite informaci\u00f3n sobre nuestros servicios de asesoramiento financiero<\/strong><\/p>\n<p style=\"text-align: center;\">Si necesita ayuda para el cuidado de su patrimonio, no dude en ponerse en contacto con nosotros,<\/p>\n<p style=\"text-align: center;\">sin compromiso.<\/p>\n<p style=\"text-align: center;\">Tel\u00e9fono:\u00a0\u00a0 91 770\u00a0 22 84<\/p>\n<p style=\"text-align: center;\">Correo electr\u00f3nico:\u00a0\u00a0 capitaliafamiliar@capitaliafamiliar.es<\/p>\n","protected":false},"excerpt":{"rendered":"<p>El avance del Covid-19 contin&uacute;a preocupando a los mercados, que mantienen la debilidad de fondo&hellip; El avance del Covid-19 contin&uacute;a preocupando a los mercados, que mantienen la debilidad de fondo. M&aacute;s all&aacute; de rebotes puntuales, los mercados contin&uacute;an inmersos en una din&aacute;mica correctiva que podr&iacute;a agudizarse si el avance del virus vuelve a castigar con [&hellip;]<\/p>\n","protected":false},"author":2,"featured_media":2525,"comment_status":"open","ping_status":"open","sticky":false,"template":"","format":"standard","meta":{"_et_pb_use_builder":"","_et_pb_old_content":"","_et_gb_content_width":"","jetpack_post_was_ever_published":false,"_jetpack_newsletter_access":"","_jetpack_dont_email_post_to_subs":false,"_jetpack_newsletter_tier_id":0,"_jetpack_memberships_contains_paywalled_content":false,"_jetpack_memberships_contains_paid_content":false,"footnotes":""},"categories":[1],"tags":[],"class_list":["post-4891","post","type-post","status-publish","format-standard","has-post-thumbnail","hentry","category-informediario"],"jetpack_featured_media_url":"https:\/\/capitaliafamiliar.es\/informes\/wp-content\/uploads\/2019\/08\/informediario2.png","jetpack_shortlink":"https:\/\/wp.me\/pa2IGq-1gT","jetpack-related-posts":[{"id":5542,"url":"https:\/\/capitaliafamiliar.es\/informes\/2021\/01\/22\/informe-diario-viernes-22-de-enero-de-2021\/","url_meta":{"origin":4891,"position":0},"title":"Informe Diario  Viernes, 22 de enero de 2021","author":"Capitalia Familiar","date":"22 de enero de 2021","format":false,"excerpt":"Los mercados frenan su ascenso por el temor a que Europa sufra nuevos confinamientos por el avance del Covid-19... Los mercados frenan su ascenso por el temor a que Europa sufra nuevos confinamientos por el avance del Covid-19. En ausencia de novedades significativas desde Estados Unidos, los mercados vuelven a\u2026","rel":"","context":"En \u00abInforme Diario\u00bb","block_context":{"text":"Informe Diario","link":"https:\/\/capitaliafamiliar.es\/informes\/category\/informediario\/"},"img":{"alt_text":"","src":"https:\/\/i0.wp.com\/capitaliafamiliar.es\/informes\/wp-content\/uploads\/2019\/08\/informediario2.png?resize=350%2C200&ssl=1","width":350,"height":200,"srcset":"https:\/\/i0.wp.com\/capitaliafamiliar.es\/informes\/wp-content\/uploads\/2019\/08\/informediario2.png?resize=350%2C200&ssl=1 1x, https:\/\/i0.wp.com\/capitaliafamiliar.es\/informes\/wp-content\/uploads\/2019\/08\/informediario2.png?resize=525%2C300&ssl=1 1.5x, https:\/\/i0.wp.com\/capitaliafamiliar.es\/informes\/wp-content\/uploads\/2019\/08\/informediario2.png?resize=700%2C400&ssl=1 2x"},"classes":[]},{"id":7380,"url":"https:\/\/capitaliafamiliar.es\/informes\/2021\/12\/20\/los-temores-a-que-el-avance-de-omicron-termine-frenando-la-recuperacion-economica-congela-a-los-mercados\/","url_meta":{"origin":4891,"position":1},"title":"Los temores a que el avance de Omicron termine frenando la recuperaci\u00f3n econ\u00f3mica congela a los mercados","author":"Capitalia Familiar","date":"20 de diciembre de 2021","format":false,"excerpt":"Informe diario del lunes, 20 de diciembre de 2021 Los temores a que el avance de Omicron termine frenando la recuperaci\u00f3n econ\u00f3mica congela a los mercados. El Covid-19 contin\u00faa preocupando a los mercados como consecuencia del avance imparable de los contagios en todo el mundo, aunque de forma m\u00e1s destacable\u2026","rel":"","context":"En \u00abInforme Diario\u00bb","block_context":{"text":"Informe Diario","link":"https:\/\/capitaliafamiliar.es\/informes\/category\/informediario\/"},"img":{"alt_text":"","src":"https:\/\/i0.wp.com\/capitaliafamiliar.es\/informes\/wp-content\/uploads\/2019\/08\/informediario2.png?resize=350%2C200&ssl=1","width":350,"height":200,"srcset":"https:\/\/i0.wp.com\/capitaliafamiliar.es\/informes\/wp-content\/uploads\/2019\/08\/informediario2.png?resize=350%2C200&ssl=1 1x, https:\/\/i0.wp.com\/capitaliafamiliar.es\/informes\/wp-content\/uploads\/2019\/08\/informediario2.png?resize=525%2C300&ssl=1 1.5x, https:\/\/i0.wp.com\/capitaliafamiliar.es\/informes\/wp-content\/uploads\/2019\/08\/informediario2.png?resize=700%2C400&ssl=1 2x"},"classes":[]},{"id":5449,"url":"https:\/\/capitaliafamiliar.es\/informes\/2021\/01\/04\/informe-diario-lunes-4-de-enero-de-2021\/","url_meta":{"origin":4891,"position":2},"title":"Informe Diario  Lunes, 4 de enero de 2021","author":"Capitalia Familiar","date":"4 de enero de 2021","format":false,"excerpt":"La segunda vuelta de las elecciones al Senado en el Estado de Georgia y el avance del coronavirus marcan la primera sesi\u00f3n del a\u00f1o en los mercados... La segunda vuelta de las elecciones al Senado en el Estado de Georgia y el avance del coronavirus marcan la primera sesi\u00f3n del\u2026","rel":"","context":"En \u00abInforme Diario\u00bb","block_context":{"text":"Informe Diario","link":"https:\/\/capitaliafamiliar.es\/informes\/category\/informediario\/"},"img":{"alt_text":"","src":"https:\/\/i0.wp.com\/capitaliafamiliar.es\/informes\/wp-content\/uploads\/2019\/08\/informediario2.png?resize=350%2C200&ssl=1","width":350,"height":200,"srcset":"https:\/\/i0.wp.com\/capitaliafamiliar.es\/informes\/wp-content\/uploads\/2019\/08\/informediario2.png?resize=350%2C200&ssl=1 1x, https:\/\/i0.wp.com\/capitaliafamiliar.es\/informes\/wp-content\/uploads\/2019\/08\/informediario2.png?resize=525%2C300&ssl=1 1.5x, https:\/\/i0.wp.com\/capitaliafamiliar.es\/informes\/wp-content\/uploads\/2019\/08\/informediario2.png?resize=700%2C400&ssl=1 2x"},"classes":[]},{"id":8004,"url":"https:\/\/capitaliafamiliar.es\/informes\/2022\/08\/30\/el-riesgo-de-que-los-minimos-de-marzo-y-julio-sean-perforados-a-la-baja-en-proximas-semanas-es-elevado\/","url_meta":{"origin":4891,"position":3},"title":"El riesgo de que los m\u00ednimos de marzo y julio sean perforados a la baja en pr\u00f3ximas semanas es elevado\u2026","author":"Capitalia Familiar","date":"30 de agosto de 2022","format":false,"excerpt":"Informe diario del martes, 30 de agosto de 2022 \u00a0 Sinopsis Hoy en los mercados\u2026 La debilidad de fondo del mercado contin\u00faa siendo clara\u2026 An\u00e1lisis de situaci\u00f3n y perspectivas Posible ralentizaci\u00f3n de las ca\u00eddas a muy corto plazo, pero el riesgo de que los m\u00ednimos de marzo y julio sean\u2026","rel":"","context":"En \u00abInforme Diario\u00bb","block_context":{"text":"Informe Diario","link":"https:\/\/capitaliafamiliar.es\/informes\/category\/informediario\/"},"img":{"alt_text":"","src":"https:\/\/i0.wp.com\/capitaliafamiliar.es\/informes\/wp-content\/uploads\/2019\/08\/informediario2.png?resize=350%2C200&ssl=1","width":350,"height":200,"srcset":"https:\/\/i0.wp.com\/capitaliafamiliar.es\/informes\/wp-content\/uploads\/2019\/08\/informediario2.png?resize=350%2C200&ssl=1 1x, https:\/\/i0.wp.com\/capitaliafamiliar.es\/informes\/wp-content\/uploads\/2019\/08\/informediario2.png?resize=525%2C300&ssl=1 1.5x, https:\/\/i0.wp.com\/capitaliafamiliar.es\/informes\/wp-content\/uploads\/2019\/08\/informediario2.png?resize=700%2C400&ssl=1 2x"},"classes":[]},{"id":5550,"url":"https:\/\/capitaliafamiliar.es\/informes\/2021\/01\/25\/informe-diario-lunes-25-de-enero-de-2021\/","url_meta":{"origin":4891,"position":4},"title":"Informe Diario  Lunes, 25 de enero de 2021","author":"Capitalia Familiar","date":"25 de enero de 2021","format":false,"excerpt":"Europa no logra contener el Covid-19, que vuelve a contagiar a los mercados... Europa no logra contener el Covid-19, que vuelve a contagiar a los mercados. El avance del virus es cada vez m\u00e1s preocupante en Europa, donde ya se insta a tomar medidas de movilidad entre pa\u00edses y a\u2026","rel":"","context":"En \u00abInforme Diario\u00bb","block_context":{"text":"Informe Diario","link":"https:\/\/capitaliafamiliar.es\/informes\/category\/informediario\/"},"img":{"alt_text":"","src":"https:\/\/i0.wp.com\/capitaliafamiliar.es\/informes\/wp-content\/uploads\/2019\/08\/informediario2.png?resize=350%2C200&ssl=1","width":350,"height":200,"srcset":"https:\/\/i0.wp.com\/capitaliafamiliar.es\/informes\/wp-content\/uploads\/2019\/08\/informediario2.png?resize=350%2C200&ssl=1 1x, https:\/\/i0.wp.com\/capitaliafamiliar.es\/informes\/wp-content\/uploads\/2019\/08\/informediario2.png?resize=525%2C300&ssl=1 1.5x, https:\/\/i0.wp.com\/capitaliafamiliar.es\/informes\/wp-content\/uploads\/2019\/08\/informediario2.png?resize=700%2C400&ssl=1 2x"},"classes":[]},{"id":2109,"url":"https:\/\/capitaliafamiliar.es\/informes\/2019\/05\/20\/informe-diario-lunes-20-de-mayo-de-2019\/","url_meta":{"origin":4891,"position":5},"title":"Informe Diario  Lunes, 20 de mayo de 2019","author":"Capitalia Familiar","date":"20 de mayo de 2019","format":false,"excerpt":"Los mercados han acusado hoy la tensi\u00f3n creciente entre Estados Unidos y China. Las restricciones impuestas por la administraci\u00f3n estadounidense contra la china Huawei podr\u00edan llevar a represalias por parte de China contra empresas tecnol\u00f3gicas estadounidenses, siendo Apple el primer candidato m\u00e1s evidente, aunque no el \u00fanico. Este riesgo ha\u2026","rel":"","context":"En \u00abInforme Diario\u00bb","block_context":{"text":"Informe Diario","link":"https:\/\/capitaliafamiliar.es\/informes\/category\/informediario\/"},"img":{"alt_text":"","src":"https:\/\/i0.wp.com\/capitaliafamiliar.es\/informes\/wp-content\/uploads\/2018\/07\/informediario2.png?resize=350%2C200&ssl=1","width":350,"height":200,"srcset":"https:\/\/i0.wp.com\/capitaliafamiliar.es\/informes\/wp-content\/uploads\/2018\/07\/informediario2.png?resize=350%2C200&ssl=1 1x, https:\/\/i0.wp.com\/capitaliafamiliar.es\/informes\/wp-content\/uploads\/2018\/07\/informediario2.png?resize=525%2C300&ssl=1 1.5x, https:\/\/i0.wp.com\/capitaliafamiliar.es\/informes\/wp-content\/uploads\/2018\/07\/informediario2.png?resize=700%2C400&ssl=1 2x"},"classes":[]}],"jetpack_sharing_enabled":true,"_links":{"self":[{"href":"https:\/\/capitaliafamiliar.es\/informes\/wp-json\/wp\/v2\/posts\/4891","targetHints":{"allow":["GET"]}}],"collection":[{"href":"https:\/\/capitaliafamiliar.es\/informes\/wp-json\/wp\/v2\/posts"}],"about":[{"href":"https:\/\/capitaliafamiliar.es\/informes\/wp-json\/wp\/v2\/types\/post"}],"author":[{"embeddable":true,"href":"https:\/\/capitaliafamiliar.es\/informes\/wp-json\/wp\/v2\/users\/2"}],"replies":[{"embeddable":true,"href":"https:\/\/capitaliafamiliar.es\/informes\/wp-json\/wp\/v2\/comments?post=4891"}],"version-history":[{"count":2,"href":"https:\/\/capitaliafamiliar.es\/informes\/wp-json\/wp\/v2\/posts\/4891\/revisions"}],"predecessor-version":[{"id":4896,"href":"https:\/\/capitaliafamiliar.es\/informes\/wp-json\/wp\/v2\/posts\/4891\/revisions\/4896"}],"wp:featuredmedia":[{"embeddable":true,"href":"https:\/\/capitaliafamiliar.es\/informes\/wp-json\/wp\/v2\/media\/2525"}],"wp:attachment":[{"href":"https:\/\/capitaliafamiliar.es\/informes\/wp-json\/wp\/v2\/media?parent=4891"}],"wp:term":[{"taxonomy":"category","embeddable":true,"href":"https:\/\/capitaliafamiliar.es\/informes\/wp-json\/wp\/v2\/categories?post=4891"},{"taxonomy":"post_tag","embeddable":true,"href":"https:\/\/capitaliafamiliar.es\/informes\/wp-json\/wp\/v2\/tags?post=4891"}],"curies":[{"name":"wp","href":"https:\/\/api.w.org\/{rel}","templated":true}]}}