{"id":5080,"date":"2020-10-26T16:57:18","date_gmt":"2020-10-26T16:57:18","guid":{"rendered":"https:\/\/capitaliafamiliar.es\/informes\/?p=5080"},"modified":"2020-10-26T16:57:18","modified_gmt":"2020-10-26T16:57:18","slug":"informe-diario-lunes-26-de-octubre-de-2020","status":"publish","type":"post","link":"https:\/\/capitaliafamiliar.es\/informes\/2020\/10\/26\/informe-diario-lunes-26-de-octubre-de-2020\/","title":{"rendered":"Informe Diario <br> Lunes, 26 de octubre de 2020"},"content":{"rendered":"<blockquote>\n<p style=\"text-align: justify;\"><strong><em><b><span style=\"font-size: 16px;\">La gesti\u00f3n pol\u00edtica de la pandemia en Europa: muerte, destrucci\u00f3n econ\u00f3mica e involuci\u00f3n democr\u00e1tica&#8230;<\/span><\/b><\/em><\/strong><\/p>\n<\/blockquote>\n<p style=\"text-align: justify;\"><span style=\"font-size: 16px;\"><strong>La gesti\u00f3n pol\u00edtica de la pandemia en Europa: destrucci\u00f3n econ\u00f3mica e involuci\u00f3n democr\u00e1tica. <\/strong>La nefasta gesti\u00f3n de la pandemia que est\u00e1n realizando los gobiernos europeos \u2014y muy destacadamente el espa\u00f1ol\u2014 est\u00e1 destrozando el sistema productivo y arrastrando a las econom\u00edas a una crisis sin precedentes en tiempos de paz. La vulneraci\u00f3n sistem\u00e1tica de derechos fundamentales en aras a supuestas medidas de protecci\u00f3n sanitaria, que no se ven respaldadas ni por estudios cient\u00edficos, ni por la l\u00f3gica m\u00e1s elemental (\u00bfacaso el virus sale s\u00f3lo de noche?), ni por la eficacia de las medidas adoptadas hasta ahora, representa una grave involuci\u00f3n democr\u00e1tica de alcance y consecuencias potencialmente grav\u00edsimas para la sociedad europea en general, y muy en particular para Espa\u00f1a. La sociedad civil deber\u00eda movilizarse m\u00e1s pronto que tarde en defensa de unos derechos que tantos sacrificios supusieron para las generaciones que nos precedieron, y que es nuestra obligaci\u00f3n y responsabilidad defender para las generaciones venideras.<\/span><\/p>\n<p style=\"text-align: justify;\"><span style=\"font-size: 16px;\"><strong>Se acaba el tiempo, y el acuerdo presupuestario en Estados Unidos no llega.<\/strong> A poco m\u00e1s de una semana de las elecciones presidenciales y a las C\u00e1maras del pr\u00f3ximo 3 de noviembre, la administraci\u00f3n Trump y los dem\u00f3cratas en la C\u00e1mara de Representantes contin\u00faan sin cerrar un acuerdo para la aprobaci\u00f3n de un nuevo plan de est\u00edmulo presupuestario.<\/span><\/p>\n<p style=\"text-align: justify;\"><span style=\"font-size: 16px;\"><strong>La expansi\u00f3n del Covid-19 en Estados Unidos frena la recuperaci\u00f3n de Trump en las encuestas.<\/strong> Pese a que en los \u00faltimos d\u00edas Trump hab\u00eda tomado una ligera ventaja en Florida y Arizona, Estados clave en los que ha realizado especiales esfuerzos para movilizar a su electorado, el Presidente ha perdido apoyos en otros tambi\u00e9n fundamentales, como son Wisconsin, Pensilvania o Carolina del Norte, este \u00faltimo tradicionalmente republicano. La raz\u00f3n de este retroceso responder\u00eda al fuerte aumento de casos de Covid-19 en estos Estados, que en un momento clave para los indecisos podr\u00eda decantar la balanza del lado de Biden si la pandemia se descontrola all\u00ed.<\/span><\/p>\n<p style=\"text-align: justify;\"><span style=\"font-size: 16px;\"><strong>Este contexto general ha alimentado hoy la debilidad de los mercados burs\u00e1tiles, alej\u00e1ndolos as\u00ed de las zonas de resistencia de largo plazo. Con todo, la bolsa estadounidense sigue mostr\u00e1ndose relativamente m\u00e1s fuerte que su hom\u00f3loga europea, la cual parece estar ya pr\u00f3xima a tirar la toalla y perforar a la baja el rango lateral en que ha estado atrapada desde principios del pasado mes de junio<\/strong><strong>.<\/strong><\/span><\/p>\n<p style=\"text-align: justify;\"><span style=\"font-size: 16px;\"><strong>En el terreno macroecon\u00f3mico,<\/strong> el \u00edndice IFO de clima empresarial en Alemania no cumpli\u00f3 con las previsiones al bajar cinco d\u00e9cimas en octubre hasta 92.7 puntos, por debajo de los 93.0 enteros esperados. En Estados Unidos, las ventas de viviendas nuevas frenaron su escalada en septiembre al alcanzar una cifra de 959 mil unidades, por debajo de las 994 mil de un mes antes y de las 1.1 millones de ventas previstas.<\/span><\/p>\n<p>&nbsp;<\/p>\n<p><img loading=\"lazy\" decoding=\"async\" data-attachment-id=\"5084\" data-permalink=\"https:\/\/capitaliafamiliar.es\/informes\/2020\/10\/26\/informe-diario-lunes-26-de-octubre-de-2020\/rv-599\/\" data-orig-file=\"https:\/\/capitaliafamiliar.es\/informes\/wp-content\/uploads\/2020\/10\/RV-17.jpg\" data-orig-size=\"336,413\" data-comments-opened=\"0\" data-image-meta=\"{&quot;aperture&quot;:&quot;0&quot;,&quot;credit&quot;:&quot;&quot;,&quot;camera&quot;:&quot;&quot;,&quot;caption&quot;:&quot;&quot;,&quot;created_timestamp&quot;:&quot;0&quot;,&quot;copyright&quot;:&quot;&quot;,&quot;focal_length&quot;:&quot;0&quot;,&quot;iso&quot;:&quot;0&quot;,&quot;shutter_speed&quot;:&quot;0&quot;,&quot;title&quot;:&quot;&quot;,&quot;orientation&quot;:&quot;0&quot;}\" data-image-title=\"RV\" data-image-description=\"\" data-image-caption=\"\" data-large-file=\"https:\/\/capitaliafamiliar.es\/informes\/wp-content\/uploads\/2020\/10\/RV-17.jpg\" class=\"alignnone size-full wp-image-5084\" src=\"https:\/\/capitaliafamiliar.es\/informes\/wp-content\/uploads\/2020\/10\/RV-17.jpg\" alt=\"\" width=\"336\" height=\"413\" srcset=\"https:\/\/capitaliafamiliar.es\/informes\/wp-content\/uploads\/2020\/10\/RV-17.jpg 336w, https:\/\/capitaliafamiliar.es\/informes\/wp-content\/uploads\/2020\/10\/RV-17-244x300.jpg 244w\" sizes=\"(max-width: 336px) 100vw, 336px\" \/><img loading=\"lazy\" decoding=\"async\" data-attachment-id=\"5085\" data-permalink=\"https:\/\/capitaliafamiliar.es\/informes\/2020\/10\/26\/informe-diario-lunes-26-de-octubre-de-2020\/rf-591\/\" data-orig-file=\"https:\/\/capitaliafamiliar.es\/informes\/wp-content\/uploads\/2020\/10\/RF-17.jpg\" data-orig-size=\"299,353\" data-comments-opened=\"0\" data-image-meta=\"{&quot;aperture&quot;:&quot;0&quot;,&quot;credit&quot;:&quot;&quot;,&quot;camera&quot;:&quot;&quot;,&quot;caption&quot;:&quot;&quot;,&quot;created_timestamp&quot;:&quot;0&quot;,&quot;copyright&quot;:&quot;&quot;,&quot;focal_length&quot;:&quot;0&quot;,&quot;iso&quot;:&quot;0&quot;,&quot;shutter_speed&quot;:&quot;0&quot;,&quot;title&quot;:&quot;&quot;,&quot;orientation&quot;:&quot;0&quot;}\" data-image-title=\"RF\" data-image-description=\"\" data-image-caption=\"\" data-large-file=\"https:\/\/capitaliafamiliar.es\/informes\/wp-content\/uploads\/2020\/10\/RF-17.jpg\" class=\"alignnone size-full wp-image-5085\" src=\"https:\/\/capitaliafamiliar.es\/informes\/wp-content\/uploads\/2020\/10\/RF-17.jpg\" alt=\"\" width=\"299\" height=\"353\" srcset=\"https:\/\/capitaliafamiliar.es\/informes\/wp-content\/uploads\/2020\/10\/RF-17.jpg 299w, https:\/\/capitaliafamiliar.es\/informes\/wp-content\/uploads\/2020\/10\/RF-17-254x300.jpg 254w\" sizes=\"(max-width: 299px) 100vw, 299px\" \/><\/p>\n<p>&nbsp;<\/p>\n<p><strong>| Agenda para ma\u00f1ana |<\/strong><\/p>\n<p><img loading=\"lazy\" decoding=\"async\" data-attachment-id=\"5082\" data-permalink=\"https:\/\/capitaliafamiliar.es\/informes\/2020\/10\/26\/informe-diario-lunes-26-de-octubre-de-2020\/ag-342\/\" data-orig-file=\"https:\/\/capitaliafamiliar.es\/informes\/wp-content\/uploads\/2020\/10\/AG-12.jpg\" data-orig-size=\"676,105\" data-comments-opened=\"0\" data-image-meta=\"{&quot;aperture&quot;:&quot;0&quot;,&quot;credit&quot;:&quot;&quot;,&quot;camera&quot;:&quot;&quot;,&quot;caption&quot;:&quot;&quot;,&quot;created_timestamp&quot;:&quot;0&quot;,&quot;copyright&quot;:&quot;&quot;,&quot;focal_length&quot;:&quot;0&quot;,&quot;iso&quot;:&quot;0&quot;,&quot;shutter_speed&quot;:&quot;0&quot;,&quot;title&quot;:&quot;&quot;,&quot;orientation&quot;:&quot;0&quot;}\" data-image-title=\"AG\" data-image-description=\"\" data-image-caption=\"\" data-large-file=\"https:\/\/capitaliafamiliar.es\/informes\/wp-content\/uploads\/2020\/10\/AG-12.jpg\" class=\"alignnone size-full wp-image-5082\" src=\"https:\/\/capitaliafamiliar.es\/informes\/wp-content\/uploads\/2020\/10\/AG-12.jpg\" alt=\"\" width=\"676\" height=\"105\" srcset=\"https:\/\/capitaliafamiliar.es\/informes\/wp-content\/uploads\/2020\/10\/AG-12.jpg 676w, https:\/\/capitaliafamiliar.es\/informes\/wp-content\/uploads\/2020\/10\/AG-12-300x47.jpg 300w\" sizes=\"(max-width: 676px) 100vw, 676px\" \/><\/p>\n<p>&nbsp;<\/p>\n<p style=\"text-align: center;\"><strong>Solicite informaci\u00f3n sobre nuestros servicios de asesoramiento financiero<\/strong><\/p>\n<p style=\"text-align: center;\">Si necesita ayuda para el cuidado de su patrimonio, no dude en ponerse en contacto con nosotros,<\/p>\n<p style=\"text-align: center;\">sin compromiso.<\/p>\n<p style=\"text-align: center;\">Tel\u00e9fono:\u00a0\u00a0 91 770\u00a0 22 84<\/p>\n<p style=\"text-align: center;\">Correo electr\u00f3nico:\u00a0\u00a0 capitaliafamiliar@capitaliafamiliar.es<\/p>\n","protected":false},"excerpt":{"rendered":"<p>La gesti&oacute;n pol&iacute;tica de la pandemia en Europa: muerte, destrucci&oacute;n econ&oacute;mica e involuci&oacute;n democr&aacute;tica&hellip; La gesti&oacute;n pol&iacute;tica de la pandemia en Europa: destrucci&oacute;n econ&oacute;mica e involuci&oacute;n democr&aacute;tica. La nefasta gesti&oacute;n de la pandemia que est&aacute;n realizando los gobiernos europeos &mdash;y muy destacadamente el espa&ntilde;ol&mdash; est&aacute; destrozando el sistema productivo y arrastrando a las econom&iacute;as a [&hellip;]<\/p>\n","protected":false},"author":2,"featured_media":2525,"comment_status":"open","ping_status":"open","sticky":false,"template":"","format":"standard","meta":{"_et_pb_use_builder":"","_et_pb_old_content":"","_et_gb_content_width":"","jetpack_post_was_ever_published":false,"_jetpack_newsletter_access":"","_jetpack_dont_email_post_to_subs":false,"_jetpack_newsletter_tier_id":0,"_jetpack_memberships_contains_paywalled_content":false,"_jetpack_memberships_contains_paid_content":false,"footnotes":""},"categories":[1],"tags":[],"class_list":["post-5080","post","type-post","status-publish","format-standard","has-post-thumbnail","hentry","category-informediario"],"jetpack_featured_media_url":"https:\/\/capitaliafamiliar.es\/informes\/wp-content\/uploads\/2019\/08\/informediario2.png","jetpack_shortlink":"https:\/\/wp.me\/pa2IGq-1jW","jetpack-related-posts":[{"id":3756,"url":"https:\/\/capitaliafamiliar.es\/informes\/2020\/04\/06\/informe-diario-lunes-6-de-abril-de-2020\/","url_meta":{"origin":5080,"position":0},"title":"Informe Diario  Lunes, 6 de abril de 2020","author":"Capitalia Familiar","date":"6 de abril de 2020","format":false,"excerpt":"La tendencia a la contenci\u00f3n de la pandemia alimenta la todav\u00eda quiz\u00e1s excesiva complacencia del mercado... La tendencia a la contenci\u00f3n de la pandemia alimenta la todav\u00eda quiz\u00e1s excesiva complacencia del mercado. La tendencia a la contenci\u00f3n de la pandemia del coronavirus, que reflejan los \u00faltimos datos publicados en los\u2026","rel":"","context":"En \u00abInforme Diario\u00bb","block_context":{"text":"Informe Diario","link":"https:\/\/capitaliafamiliar.es\/informes\/category\/informediario\/"},"img":{"alt_text":"","src":"https:\/\/i0.wp.com\/capitaliafamiliar.es\/informes\/wp-content\/uploads\/2019\/08\/informediario2.png?resize=350%2C200&ssl=1","width":350,"height":200,"srcset":"https:\/\/i0.wp.com\/capitaliafamiliar.es\/informes\/wp-content\/uploads\/2019\/08\/informediario2.png?resize=350%2C200&ssl=1 1x, https:\/\/i0.wp.com\/capitaliafamiliar.es\/informes\/wp-content\/uploads\/2019\/08\/informediario2.png?resize=525%2C300&ssl=1 1.5x, https:\/\/i0.wp.com\/capitaliafamiliar.es\/informes\/wp-content\/uploads\/2019\/08\/informediario2.png?resize=700%2C400&ssl=1 2x"},"classes":[]},{"id":5871,"url":"https:\/\/capitaliafamiliar.es\/informes\/2021\/03\/23\/informe-diario-martes-23-de-marzo-de-2021\/","url_meta":{"origin":5080,"position":1},"title":"Informe Diario  Martes, 23 de marzo de 2021","author":"Capitalia Familiar","date":"23 de marzo de 2021","format":false,"excerpt":"El temor a nuevos confinamientos en Europa por el avance de la pandemia frena una vez m\u00e1s a los mercados... El temor a nuevos confinamientos en Europa por el avance de la pandemia frena una vez m\u00e1s a los mercados. Pese a que los efectos de la vacunaci\u00f3n empiezan a\u2026","rel":"","context":"En \u00abInforme Diario\u00bb","block_context":{"text":"Informe Diario","link":"https:\/\/capitaliafamiliar.es\/informes\/category\/informediario\/"},"img":{"alt_text":"","src":"https:\/\/i0.wp.com\/capitaliafamiliar.es\/informes\/wp-content\/uploads\/2019\/08\/informediario2.png?resize=350%2C200&ssl=1","width":350,"height":200,"srcset":"https:\/\/i0.wp.com\/capitaliafamiliar.es\/informes\/wp-content\/uploads\/2019\/08\/informediario2.png?resize=350%2C200&ssl=1 1x, https:\/\/i0.wp.com\/capitaliafamiliar.es\/informes\/wp-content\/uploads\/2019\/08\/informediario2.png?resize=525%2C300&ssl=1 1.5x, https:\/\/i0.wp.com\/capitaliafamiliar.es\/informes\/wp-content\/uploads\/2019\/08\/informediario2.png?resize=700%2C400&ssl=1 2x"},"classes":[]},{"id":5629,"url":"https:\/\/capitaliafamiliar.es\/informes\/2021\/02\/08\/informe-diario-lunes-08-de-febrero-de-2021\/","url_meta":{"origin":5080,"position":2},"title":"Informe Diario  Lunes, 08 de febrero de 2021","author":"Capitalia Familiar","date":"8 de febrero de 2021","format":false,"excerpt":"La din\u00e1mica del mercado contin\u00faa mejorando y las bolsas apuntan a cotas m\u00e1s altas... La din\u00e1mica del mercado contin\u00faa mejorando y las bolsas apuntan a cotas m\u00e1s altas. La reacci\u00f3n alcista protagonizada por las bolsas la pasada semana permiti\u00f3 a los principales \u00edndices recuperar los soportes de medio plazo perdidos\u2026","rel":"","context":"En \u00abInforme Diario\u00bb","block_context":{"text":"Informe Diario","link":"https:\/\/capitaliafamiliar.es\/informes\/category\/informediario\/"},"img":{"alt_text":"","src":"https:\/\/i0.wp.com\/capitaliafamiliar.es\/informes\/wp-content\/uploads\/2019\/08\/informediario2.png?resize=350%2C200&ssl=1","width":350,"height":200,"srcset":"https:\/\/i0.wp.com\/capitaliafamiliar.es\/informes\/wp-content\/uploads\/2019\/08\/informediario2.png?resize=350%2C200&ssl=1 1x, https:\/\/i0.wp.com\/capitaliafamiliar.es\/informes\/wp-content\/uploads\/2019\/08\/informediario2.png?resize=525%2C300&ssl=1 1.5x, https:\/\/i0.wp.com\/capitaliafamiliar.es\/informes\/wp-content\/uploads\/2019\/08\/informediario2.png?resize=700%2C400&ssl=1 2x"},"classes":[]},{"id":3922,"url":"https:\/\/capitaliafamiliar.es\/informes\/2020\/04\/30\/informe-diario-jueves-30-de-abril-de-2020\/","url_meta":{"origin":5080,"position":3},"title":"Informe Diario  Jueves, 30 de abril de 2020","author":"Capitalia Familiar","date":"30 de abril de 2020","format":false,"excerpt":"Ni recuperaci\u00f3n en \u201cU\u201d ni en \u201cV\u201d, \u00bfes posible que nos enfrentemos a una \u201cW\u201d repetida hasta la cura del Covid-19?... Ni recuperaci\u00f3n en \u201cU\u201d ni en \u201cV\u201d, \u00bfes posible que nos enfrentemos a una \u201cW\u201d repetida hasta la cura del Covid-19? Los bancos centrales siguen dispuestos a imprimir todo\u2026","rel":"","context":"En \u00abInforme Diario\u00bb","block_context":{"text":"Informe Diario","link":"https:\/\/capitaliafamiliar.es\/informes\/category\/informediario\/"},"img":{"alt_text":"","src":"https:\/\/i0.wp.com\/capitaliafamiliar.es\/informes\/wp-content\/uploads\/2019\/08\/informediario2.png?resize=350%2C200&ssl=1","width":350,"height":200,"srcset":"https:\/\/i0.wp.com\/capitaliafamiliar.es\/informes\/wp-content\/uploads\/2019\/08\/informediario2.png?resize=350%2C200&ssl=1 1x, https:\/\/i0.wp.com\/capitaliafamiliar.es\/informes\/wp-content\/uploads\/2019\/08\/informediario2.png?resize=525%2C300&ssl=1 1.5x, https:\/\/i0.wp.com\/capitaliafamiliar.es\/informes\/wp-content\/uploads\/2019\/08\/informediario2.png?resize=700%2C400&ssl=1 2x"},"classes":[]},{"id":3733,"url":"https:\/\/capitaliafamiliar.es\/informes\/2020\/04\/01\/informe-diario-miercoles-1-de-abril-de-2020\/","url_meta":{"origin":5080,"position":4},"title":"Informe Diario  Mi\u00e9rcoles, 1 de abril de 2020","author":"Capitalia Familiar","date":"1 de abril de 2020","format":false,"excerpt":"La incertidumbre se mantiene excesivamente elevada, y la tendencia de las bolsas contin\u00faa siendo bajista... La incertidumbre se mantiene excesivamente elevada, y la tendencia de las bolsas contin\u00faa siendo bajista. El ritmo de contenci\u00f3n de la pandemia en Europa contin\u00faa siendo demasiado lento, mientras que en Estados Unidos lo peor\u2026","rel":"","context":"En \u00abInforme Diario\u00bb","block_context":{"text":"Informe Diario","link":"https:\/\/capitaliafamiliar.es\/informes\/category\/informediario\/"},"img":{"alt_text":"","src":"https:\/\/i0.wp.com\/capitaliafamiliar.es\/informes\/wp-content\/uploads\/2019\/08\/informediario2.png?resize=350%2C200&ssl=1","width":350,"height":200,"srcset":"https:\/\/i0.wp.com\/capitaliafamiliar.es\/informes\/wp-content\/uploads\/2019\/08\/informediario2.png?resize=350%2C200&ssl=1 1x, https:\/\/i0.wp.com\/capitaliafamiliar.es\/informes\/wp-content\/uploads\/2019\/08\/informediario2.png?resize=525%2C300&ssl=1 1.5x, https:\/\/i0.wp.com\/capitaliafamiliar.es\/informes\/wp-content\/uploads\/2019\/08\/informediario2.png?resize=700%2C400&ssl=1 2x"},"classes":[]},{"id":6059,"url":"https:\/\/capitaliafamiliar.es\/informes\/2021\/04\/29\/informe-diario-jueves-29-de-abril-de-2021\/","url_meta":{"origin":5080,"position":5},"title":"Informe Diario  Jueves, 29 de abril de 2021","author":"Capitalia Familiar","date":"29 de abril de 2021","format":false,"excerpt":"Ni los resultados empresariales, ni las medidas anunciadas por Biden, ni la Reserva Federal logran sacar a los mercados de su letargo... Ni los resultados empresariales, ni las medidas anunciadas por Biden, ni la Reserva Federal logran sacar a los mercados de su letargo. Pese al intenso flujo de noticias\u2026","rel":"","context":"En \u00abInforme Diario\u00bb","block_context":{"text":"Informe Diario","link":"https:\/\/capitaliafamiliar.es\/informes\/category\/informediario\/"},"img":{"alt_text":"","src":"https:\/\/i0.wp.com\/capitaliafamiliar.es\/informes\/wp-content\/uploads\/2019\/08\/informediario2.png?resize=350%2C200&ssl=1","width":350,"height":200,"srcset":"https:\/\/i0.wp.com\/capitaliafamiliar.es\/informes\/wp-content\/uploads\/2019\/08\/informediario2.png?resize=350%2C200&ssl=1 1x, https:\/\/i0.wp.com\/capitaliafamiliar.es\/informes\/wp-content\/uploads\/2019\/08\/informediario2.png?resize=525%2C300&ssl=1 1.5x, https:\/\/i0.wp.com\/capitaliafamiliar.es\/informes\/wp-content\/uploads\/2019\/08\/informediario2.png?resize=700%2C400&ssl=1 2x"},"classes":[]}],"jetpack_sharing_enabled":true,"_links":{"self":[{"href":"https:\/\/capitaliafamiliar.es\/informes\/wp-json\/wp\/v2\/posts\/5080","targetHints":{"allow":["GET"]}}],"collection":[{"href":"https:\/\/capitaliafamiliar.es\/informes\/wp-json\/wp\/v2\/posts"}],"about":[{"href":"https:\/\/capitaliafamiliar.es\/informes\/wp-json\/wp\/v2\/types\/post"}],"author":[{"embeddable":true,"href":"https:\/\/capitaliafamiliar.es\/informes\/wp-json\/wp\/v2\/users\/2"}],"replies":[{"embeddable":true,"href":"https:\/\/capitaliafamiliar.es\/informes\/wp-json\/wp\/v2\/comments?post=5080"}],"version-history":[{"count":3,"href":"https:\/\/capitaliafamiliar.es\/informes\/wp-json\/wp\/v2\/posts\/5080\/revisions"}],"predecessor-version":[{"id":5086,"href":"https:\/\/capitaliafamiliar.es\/informes\/wp-json\/wp\/v2\/posts\/5080\/revisions\/5086"}],"wp:featuredmedia":[{"embeddable":true,"href":"https:\/\/capitaliafamiliar.es\/informes\/wp-json\/wp\/v2\/media\/2525"}],"wp:attachment":[{"href":"https:\/\/capitaliafamiliar.es\/informes\/wp-json\/wp\/v2\/media?parent=5080"}],"wp:term":[{"taxonomy":"category","embeddable":true,"href":"https:\/\/capitaliafamiliar.es\/informes\/wp-json\/wp\/v2\/categories?post=5080"},{"taxonomy":"post_tag","embeddable":true,"href":"https:\/\/capitaliafamiliar.es\/informes\/wp-json\/wp\/v2\/tags?post=5080"}],"curies":[{"name":"wp","href":"https:\/\/api.w.org\/{rel}","templated":true}]}}