{"id":5462,"date":"2021-01-07T17:29:40","date_gmt":"2021-01-07T17:29:40","guid":{"rendered":"https:\/\/capitaliafamiliar.es\/informes\/?p=5462"},"modified":"2021-01-07T17:30:47","modified_gmt":"2021-01-07T17:30:47","slug":"informe-diario-jueves-7-de-enero-de-2021","status":"publish","type":"post","link":"https:\/\/capitaliafamiliar.es\/informes\/2021\/01\/07\/informe-diario-jueves-7-de-enero-de-2021\/","title":{"rendered":"Informe Diario <br> Jueves, 7 de enero de 2021"},"content":{"rendered":"<blockquote>\n<p style=\"text-align: justify;\"><strong><em><b><span style=\"font-size: 16px;\">El mercado entra en din\u00e1mica reflacionista&#8230;<\/span><\/b><\/em><\/strong><\/p>\n<\/blockquote>\n<p style=\"text-align: justify;\"><span style=\"font-size: 16px;\"><strong>El mercado entra en din\u00e1mica reflacionista.<\/strong> Pese a las dudas que a priori esboz\u00f3 el mercado ante la posibilidad de que la Administraci\u00f3n Biden controlara el Congreso y el Senado, lo cierto es que la confirmaci\u00f3n de la victoria dem\u00f3crata en la C\u00e1mara Alta garantiza una pol\u00edtica fiscal m\u00e1s expansiva que la actual, e incluso ya se espera un nuevo plan de est\u00edmulo que complemente el aprobado d\u00edas atr\u00e1s, que en cuant\u00eda distaba mucho de las demandas dem\u00f3cratas. Adem\u00e1s, el presidente saliente Donald Trump garantiz\u00f3 una transici\u00f3n ordenada el 20 de enero (fecha en la que comenzar\u00e1 la presidencia de Joe Biden), despu\u00e9s de las penosas im\u00e1genes vividas ayer con la toma del Capitolio por parte manifestantes pro Trump. Esto significa que Trump acepta que ya no ser\u00e1 presidente aunque no est\u00e9 de acuerdo con el resultado electoral. Todo ello ha provocado una rotaci\u00f3n en el mercado en favor de empresas c\u00edclicas, perjudicando la deuda p\u00fablica y provocando un repunte en los tipos de inter\u00e9s del mercado.<strong> En esta din\u00e1mica de rotaci\u00f3n surgen oportunidades individuales tanto en la bolsa europea como en la bolsa americana que estamos tratando de aprovechar.\u00a0<\/strong><\/span><\/p>\n<p style=\"text-align: justify;\"><span style=\"font-size: 16px;\"><strong>En el terreno macroecon\u00f3mico,<\/strong> la Eurozona experiment\u00f3 una mayor deflaci\u00f3n en diciembre, que ya alcanza el -0.3% interanual, en tanto que las ventas minoristas del mes de noviembre cayeron un -2.9% interanual tras haber repuntado en noviembre un +4.3%. En Estados Unidos, las peticiones semanales de subsidio por desempleo se situaron en 787 mil, pr\u00e1cticamente la misma cifra que una semana antes, pero mejora las 800 mil previstas por el mercado. El ISM del sector servicios, por su parte, subi\u00f3 en diciembre hasta 57.2 puntos desde los 55.9 de noviembre, frente a unas previsiones m\u00e1s pesimistas que lo situaban en 54.6 puntos. <strong>Mucha atenci\u00f3n ma\u00f1ana a los datos oficiales de empleo del mes de diciembre en Estados Unidos.<\/strong><\/span><\/p>\n<p>&nbsp;<\/p>\n<p><img loading=\"lazy\" decoding=\"async\" data-attachment-id=\"5464\" data-permalink=\"https:\/\/capitaliafamiliar.es\/informes\/2021\/01\/07\/informe-diario-jueves-7-de-enero-de-2021\/rv-648\/\" data-orig-file=\"https:\/\/capitaliafamiliar.es\/informes\/wp-content\/uploads\/2021\/01\/RV-2.jpg\" data-orig-size=\"336,413\" data-comments-opened=\"0\" data-image-meta=\"{&quot;aperture&quot;:&quot;0&quot;,&quot;credit&quot;:&quot;&quot;,&quot;camera&quot;:&quot;&quot;,&quot;caption&quot;:&quot;&quot;,&quot;created_timestamp&quot;:&quot;0&quot;,&quot;copyright&quot;:&quot;&quot;,&quot;focal_length&quot;:&quot;0&quot;,&quot;iso&quot;:&quot;0&quot;,&quot;shutter_speed&quot;:&quot;0&quot;,&quot;title&quot;:&quot;&quot;,&quot;orientation&quot;:&quot;0&quot;}\" data-image-title=\"RV\" data-image-description=\"\" data-image-caption=\"\" data-large-file=\"https:\/\/capitaliafamiliar.es\/informes\/wp-content\/uploads\/2021\/01\/RV-2.jpg\" class=\"alignnone size-full wp-image-5464\" src=\"https:\/\/capitaliafamiliar.es\/informes\/wp-content\/uploads\/2021\/01\/RV-2.jpg\" alt=\"\" width=\"336\" height=\"413\" srcset=\"https:\/\/capitaliafamiliar.es\/informes\/wp-content\/uploads\/2021\/01\/RV-2.jpg 336w, https:\/\/capitaliafamiliar.es\/informes\/wp-content\/uploads\/2021\/01\/RV-2-244x300.jpg 244w\" sizes=\"(max-width: 336px) 100vw, 336px\" \/><img loading=\"lazy\" decoding=\"async\" data-attachment-id=\"5465\" data-permalink=\"https:\/\/capitaliafamiliar.es\/informes\/2021\/01\/07\/informe-diario-jueves-7-de-enero-de-2021\/rf-639\/\" data-orig-file=\"https:\/\/capitaliafamiliar.es\/informes\/wp-content\/uploads\/2021\/01\/RF-2.jpg\" data-orig-size=\"299,353\" data-comments-opened=\"0\" data-image-meta=\"{&quot;aperture&quot;:&quot;0&quot;,&quot;credit&quot;:&quot;&quot;,&quot;camera&quot;:&quot;&quot;,&quot;caption&quot;:&quot;&quot;,&quot;created_timestamp&quot;:&quot;0&quot;,&quot;copyright&quot;:&quot;&quot;,&quot;focal_length&quot;:&quot;0&quot;,&quot;iso&quot;:&quot;0&quot;,&quot;shutter_speed&quot;:&quot;0&quot;,&quot;title&quot;:&quot;&quot;,&quot;orientation&quot;:&quot;0&quot;}\" data-image-title=\"RF\" data-image-description=\"\" data-image-caption=\"\" data-large-file=\"https:\/\/capitaliafamiliar.es\/informes\/wp-content\/uploads\/2021\/01\/RF-2.jpg\" class=\"alignnone size-full wp-image-5465\" src=\"https:\/\/capitaliafamiliar.es\/informes\/wp-content\/uploads\/2021\/01\/RF-2.jpg\" alt=\"\" width=\"299\" height=\"353\" srcset=\"https:\/\/capitaliafamiliar.es\/informes\/wp-content\/uploads\/2021\/01\/RF-2.jpg 299w, https:\/\/capitaliafamiliar.es\/informes\/wp-content\/uploads\/2021\/01\/RF-2-254x300.jpg 254w\" sizes=\"(max-width: 299px) 100vw, 299px\" \/><\/p>\n<p>&nbsp;<\/p>\n<p><strong>| Agenda para ma\u00f1ana |<\/strong><\/p>\n<p><img loading=\"lazy\" decoding=\"async\" data-attachment-id=\"5463\" data-permalink=\"https:\/\/capitaliafamiliar.es\/informes\/2021\/01\/07\/informe-diario-jueves-7-de-enero-de-2021\/ag-380\/\" data-orig-file=\"https:\/\/capitaliafamiliar.es\/informes\/wp-content\/uploads\/2021\/01\/AG-2.jpg\" data-orig-size=\"676,157\" data-comments-opened=\"0\" data-image-meta=\"{&quot;aperture&quot;:&quot;0&quot;,&quot;credit&quot;:&quot;&quot;,&quot;camera&quot;:&quot;&quot;,&quot;caption&quot;:&quot;&quot;,&quot;created_timestamp&quot;:&quot;0&quot;,&quot;copyright&quot;:&quot;&quot;,&quot;focal_length&quot;:&quot;0&quot;,&quot;iso&quot;:&quot;0&quot;,&quot;shutter_speed&quot;:&quot;0&quot;,&quot;title&quot;:&quot;&quot;,&quot;orientation&quot;:&quot;0&quot;}\" data-image-title=\"AG\" data-image-description=\"\" data-image-caption=\"\" data-large-file=\"https:\/\/capitaliafamiliar.es\/informes\/wp-content\/uploads\/2021\/01\/AG-2.jpg\" class=\"alignnone size-full wp-image-5463\" src=\"https:\/\/capitaliafamiliar.es\/informes\/wp-content\/uploads\/2021\/01\/AG-2.jpg\" alt=\"\" width=\"676\" height=\"157\" srcset=\"https:\/\/capitaliafamiliar.es\/informes\/wp-content\/uploads\/2021\/01\/AG-2.jpg 676w, https:\/\/capitaliafamiliar.es\/informes\/wp-content\/uploads\/2021\/01\/AG-2-300x70.jpg 300w\" sizes=\"(max-width: 676px) 100vw, 676px\" \/><\/p>\n<p>&nbsp;<\/p>\n<p style=\"text-align: center;\"><strong>Solicite informaci\u00f3n sobre nuestros servicios de asesoramiento financiero<\/strong><\/p>\n<p style=\"text-align: center;\">Si necesita ayuda para el cuidado de su patrimonio, no dude en ponerse en contacto con nosotros,<\/p>\n<p style=\"text-align: center;\">sin compromiso.<\/p>\n<p style=\"text-align: center;\">Tel\u00e9fono:\u00a0\u00a0 91 770\u00a0 22 84<\/p>\n<p style=\"text-align: center;\">Correo electr\u00f3nico:\u00a0\u00a0 capitaliafamiliar@capitaliafamiliar.es<\/p>\n","protected":false},"excerpt":{"rendered":"<p>El mercado entra en din&aacute;mica reflacionista&hellip; El mercado entra en din&aacute;mica reflacionista. Pese a las dudas que a priori esboz&oacute; el mercado ante la posibilidad de que la Administraci&oacute;n Biden controlara el Congreso y el Senado, lo cierto es que la confirmaci&oacute;n de la victoria dem&oacute;crata en la C&aacute;mara Alta garantiza una pol&iacute;tica fiscal m&aacute;s [&hellip;]<\/p>\n","protected":false},"author":2,"featured_media":2525,"comment_status":"closed","ping_status":"closed","sticky":false,"template":"","format":"standard","meta":{"_et_pb_use_builder":"","_et_pb_old_content":"","_et_gb_content_width":"","jetpack_post_was_ever_published":false,"_jetpack_newsletter_access":"","_jetpack_dont_email_post_to_subs":false,"_jetpack_newsletter_tier_id":0,"_jetpack_memberships_contains_paywalled_content":false,"_jetpack_memberships_contains_paid_content":false,"footnotes":""},"categories":[1],"tags":[],"class_list":["post-5462","post","type-post","status-publish","format-standard","has-post-thumbnail","hentry","category-informediario"],"jetpack_featured_media_url":"https:\/\/capitaliafamiliar.es\/informes\/wp-content\/uploads\/2019\/08\/informediario2.png","jetpack_shortlink":"https:\/\/wp.me\/pa2IGq-1q6","jetpack-related-posts":[{"id":5717,"url":"https:\/\/capitaliafamiliar.es\/informes\/2021\/02\/23\/informe-diario-martes-23-de-febrero-de-2021\/","url_meta":{"origin":5462,"position":0},"title":"Informe Diario  Martes, 23 de febrero de 2021","author":"Capitalia Familiar","date":"23 de febrero de 2021","format":false,"excerpt":"Sigue la din\u00e1mica de rotaciones continuas a nivel sectorial en las bolsas, pero la rotaci\u00f3n en curso es especial... Sigue la din\u00e1mica de rotaciones continuas a nivel sectorial en las bolsas, pero la rotaci\u00f3n en curso es especial. Desde comienzos de a\u00f1o llevamos viviendo una serie de rotaciones sectoriales de\u2026","rel":"","context":"En \u00abInforme Diario\u00bb","block_context":{"text":"Informe Diario","link":"https:\/\/capitaliafamiliar.es\/informes\/category\/informediario\/"},"img":{"alt_text":"","src":"https:\/\/i0.wp.com\/capitaliafamiliar.es\/informes\/wp-content\/uploads\/2019\/08\/informediario2.png?resize=350%2C200&ssl=1","width":350,"height":200,"srcset":"https:\/\/i0.wp.com\/capitaliafamiliar.es\/informes\/wp-content\/uploads\/2019\/08\/informediario2.png?resize=350%2C200&ssl=1 1x, https:\/\/i0.wp.com\/capitaliafamiliar.es\/informes\/wp-content\/uploads\/2019\/08\/informediario2.png?resize=525%2C300&ssl=1 1.5x, https:\/\/i0.wp.com\/capitaliafamiliar.es\/informes\/wp-content\/uploads\/2019\/08\/informediario2.png?resize=700%2C400&ssl=1 2x"},"classes":[]},{"id":5526,"url":"https:\/\/capitaliafamiliar.es\/informes\/2021\/01\/20\/informe-diario-miercoles-20-de-enero-de-2021\/","url_meta":{"origin":5462,"position":1},"title":"Informe Diario  Mi\u00e9rcoles, 20 de enero de 2021","author":"Capitalia Familiar","date":"20 de enero de 2021","format":false,"excerpt":"Los mercados cotizan al alza animados por la toma de posesi\u00f3n de Joe Biden como presidente de los Estados Unidos... Los mercados cotizan al alza animados por la toma de posesi\u00f3n de Joe Biden como presidente de los Estados Unidos. La ceremonia para la toma de posesi\u00f3n del que ser\u00e1\u2026","rel":"","context":"En \u00abInforme Diario\u00bb","block_context":{"text":"Informe Diario","link":"https:\/\/capitaliafamiliar.es\/informes\/category\/informediario\/"},"img":{"alt_text":"","src":"https:\/\/i0.wp.com\/capitaliafamiliar.es\/informes\/wp-content\/uploads\/2019\/08\/informediario2.png?resize=350%2C200&ssl=1","width":350,"height":200,"srcset":"https:\/\/i0.wp.com\/capitaliafamiliar.es\/informes\/wp-content\/uploads\/2019\/08\/informediario2.png?resize=350%2C200&ssl=1 1x, https:\/\/i0.wp.com\/capitaliafamiliar.es\/informes\/wp-content\/uploads\/2019\/08\/informediario2.png?resize=525%2C300&ssl=1 1.5x, https:\/\/i0.wp.com\/capitaliafamiliar.es\/informes\/wp-content\/uploads\/2019\/08\/informediario2.png?resize=700%2C400&ssl=1 2x"},"classes":[]},{"id":5494,"url":"https:\/\/capitaliafamiliar.es\/informes\/2021\/01\/14\/informe-diario-jueves-14-de-enero-de-2021\/","url_meta":{"origin":5462,"position":2},"title":"Informe Diario  Jueves, 14 de enero de 2021","author":"Capitalia Familiar","date":"14 de enero de 2021","format":false,"excerpt":"Los mercados ignoran las turbulencias pol\u00edticas en Italia y Estados Unidos... Los mercados ignoran las turbulencias pol\u00edticas en Italia y Estados Unidos. Italia vuelve a ser noticia por su cuasi permanente inestabilidad pol\u00edtica. En Esta ocasi\u00f3n, el ex primer ministro y l\u00edder de Italia Viva, Matteo Renzi, ha anunciado que\u2026","rel":"","context":"En \u00abInforme Diario\u00bb","block_context":{"text":"Informe Diario","link":"https:\/\/capitaliafamiliar.es\/informes\/category\/informediario\/"},"img":{"alt_text":"","src":"https:\/\/i0.wp.com\/capitaliafamiliar.es\/informes\/wp-content\/uploads\/2019\/08\/informediario2.png?resize=350%2C200&ssl=1","width":350,"height":200,"srcset":"https:\/\/i0.wp.com\/capitaliafamiliar.es\/informes\/wp-content\/uploads\/2019\/08\/informediario2.png?resize=350%2C200&ssl=1 1x, https:\/\/i0.wp.com\/capitaliafamiliar.es\/informes\/wp-content\/uploads\/2019\/08\/informediario2.png?resize=525%2C300&ssl=1 1.5x, https:\/\/i0.wp.com\/capitaliafamiliar.es\/informes\/wp-content\/uploads\/2019\/08\/informediario2.png?resize=700%2C400&ssl=1 2x"},"classes":[]},{"id":3415,"url":"https:\/\/capitaliafamiliar.es\/informes\/2020\/01\/31\/informe-diario-viernes-31-de-enero-de-2020\/","url_meta":{"origin":5462,"position":3},"title":"Informe Diario  Viernes, 31 de enero de 2020","author":"Capitalia Familiar","date":"31 de enero de 2020","format":false,"excerpt":"El coronavirus de Wuhan permite alargar la fase consolidativa de corto plazo en las bolsas... El temor al coronavirus de Wuhan mantiene abierta la din\u00e1mica consolidativa de corto plazo en las bolsas. El avance de la enfermedad est\u00e1 provocando que muchos pa\u00edses tomen medidas de excepci\u00f3n como son la cancelaci\u00f3n\u2026","rel":"","context":"En \u00abInforme Diario\u00bb","block_context":{"text":"Informe Diario","link":"https:\/\/capitaliafamiliar.es\/informes\/category\/informediario\/"},"img":{"alt_text":"","src":"https:\/\/i0.wp.com\/capitaliafamiliar.es\/informes\/wp-content\/uploads\/2019\/08\/informediario2.png?resize=350%2C200&ssl=1","width":350,"height":200,"srcset":"https:\/\/i0.wp.com\/capitaliafamiliar.es\/informes\/wp-content\/uploads\/2019\/08\/informediario2.png?resize=350%2C200&ssl=1 1x, https:\/\/i0.wp.com\/capitaliafamiliar.es\/informes\/wp-content\/uploads\/2019\/08\/informediario2.png?resize=525%2C300&ssl=1 1.5x, https:\/\/i0.wp.com\/capitaliafamiliar.es\/informes\/wp-content\/uploads\/2019\/08\/informediario2.png?resize=700%2C400&ssl=1 2x"},"classes":[]},{"id":5765,"url":"https:\/\/capitaliafamiliar.es\/informes\/2021\/03\/04\/informe-diario-jueves-4-de-marzo-de-2021\/","url_meta":{"origin":5462,"position":4},"title":"Informe Diario  Jueves, 4 de marzo de 2021","author":"Capitalia Familiar","date":"4 de marzo de 2021","format":false,"excerpt":"La debilidad del sector tecnol\u00f3gico amenaza la tendencia alcista de los mercados... La debilidad del sector tecnol\u00f3gico amenaza la tendencia alcista de los mercados. El sector tecnol\u00f3gico est\u00e1 siendo el gran damnificado del movimiento al alza de los tipos de inter\u00e9s de mercado. Y es que un escenario de subida\u2026","rel":"","context":"En \u00abInforme Diario\u00bb","block_context":{"text":"Informe Diario","link":"https:\/\/capitaliafamiliar.es\/informes\/category\/informediario\/"},"img":{"alt_text":"","src":"https:\/\/i0.wp.com\/capitaliafamiliar.es\/informes\/wp-content\/uploads\/2019\/08\/informediario2.png?resize=350%2C200&ssl=1","width":350,"height":200,"srcset":"https:\/\/i0.wp.com\/capitaliafamiliar.es\/informes\/wp-content\/uploads\/2019\/08\/informediario2.png?resize=350%2C200&ssl=1 1x, https:\/\/i0.wp.com\/capitaliafamiliar.es\/informes\/wp-content\/uploads\/2019\/08\/informediario2.png?resize=525%2C300&ssl=1 1.5x, https:\/\/i0.wp.com\/capitaliafamiliar.es\/informes\/wp-content\/uploads\/2019\/08\/informediario2.png?resize=700%2C400&ssl=1 2x"},"classes":[]},{"id":4406,"url":"https:\/\/capitaliafamiliar.es\/informes\/2020\/07\/09\/informe-diario-jueves-9-de-julio-de-2020\/","url_meta":{"origin":5462,"position":5},"title":"Informe Diario  Jueves, 9 de julio de 2020","author":"Capitalia Familiar","date":"9 de julio de 2020","format":false,"excerpt":"El mercado no ha encajado bien la decisi\u00f3n del Tribunal Supremo de los Estados Unidos de permitir a la fiscal\u00eda de Nueva York acceder a la informaci\u00f3n tributaria de Trump... El mercado no ha encajado bien la decisi\u00f3n del Tribunal Supremo de los Estados Unidos de permitir a la fiscal\u00eda\u2026","rel":"","context":"En \u00abInforme Diario\u00bb","block_context":{"text":"Informe Diario","link":"https:\/\/capitaliafamiliar.es\/informes\/category\/informediario\/"},"img":{"alt_text":"","src":"https:\/\/i0.wp.com\/capitaliafamiliar.es\/informes\/wp-content\/uploads\/2019\/08\/informediario2.png?resize=350%2C200&ssl=1","width":350,"height":200,"srcset":"https:\/\/i0.wp.com\/capitaliafamiliar.es\/informes\/wp-content\/uploads\/2019\/08\/informediario2.png?resize=350%2C200&ssl=1 1x, https:\/\/i0.wp.com\/capitaliafamiliar.es\/informes\/wp-content\/uploads\/2019\/08\/informediario2.png?resize=525%2C300&ssl=1 1.5x, https:\/\/i0.wp.com\/capitaliafamiliar.es\/informes\/wp-content\/uploads\/2019\/08\/informediario2.png?resize=700%2C400&ssl=1 2x"},"classes":[]}],"jetpack_sharing_enabled":true,"_links":{"self":[{"href":"https:\/\/capitaliafamiliar.es\/informes\/wp-json\/wp\/v2\/posts\/5462","targetHints":{"allow":["GET"]}}],"collection":[{"href":"https:\/\/capitaliafamiliar.es\/informes\/wp-json\/wp\/v2\/posts"}],"about":[{"href":"https:\/\/capitaliafamiliar.es\/informes\/wp-json\/wp\/v2\/types\/post"}],"author":[{"embeddable":true,"href":"https:\/\/capitaliafamiliar.es\/informes\/wp-json\/wp\/v2\/users\/2"}],"replies":[{"embeddable":true,"href":"https:\/\/capitaliafamiliar.es\/informes\/wp-json\/wp\/v2\/comments?post=5462"}],"version-history":[{"count":1,"href":"https:\/\/capitaliafamiliar.es\/informes\/wp-json\/wp\/v2\/posts\/5462\/revisions"}],"predecessor-version":[{"id":5466,"href":"https:\/\/capitaliafamiliar.es\/informes\/wp-json\/wp\/v2\/posts\/5462\/revisions\/5466"}],"wp:featuredmedia":[{"embeddable":true,"href":"https:\/\/capitaliafamiliar.es\/informes\/wp-json\/wp\/v2\/media\/2525"}],"wp:attachment":[{"href":"https:\/\/capitaliafamiliar.es\/informes\/wp-json\/wp\/v2\/media?parent=5462"}],"wp:term":[{"taxonomy":"category","embeddable":true,"href":"https:\/\/capitaliafamiliar.es\/informes\/wp-json\/wp\/v2\/categories?post=5462"},{"taxonomy":"post_tag","embeddable":true,"href":"https:\/\/capitaliafamiliar.es\/informes\/wp-json\/wp\/v2\/tags?post=5462"}],"curies":[{"name":"wp","href":"https:\/\/api.w.org\/{rel}","templated":true}]}}