{"id":5613,"date":"2021-02-04T17:22:30","date_gmt":"2021-02-04T17:22:30","guid":{"rendered":"https:\/\/capitaliafamiliar.es\/informes\/?p=5613"},"modified":"2021-02-04T17:23:05","modified_gmt":"2021-02-04T17:23:05","slug":"informe-diario-jueves-04-de-febrero-de-2021","status":"publish","type":"post","link":"https:\/\/capitaliafamiliar.es\/informes\/2021\/02\/04\/informe-diario-jueves-04-de-febrero-de-2021\/","title":{"rendered":"Informe Diario <br> Jueves, 04 de febrero de 2021"},"content":{"rendered":"<blockquote>\n<p style=\"text-align: justify;\"><span style=\"font-size: 16px;\"><strong>Las expectativas de reflaci\u00f3n comienzan a provocar ajustes en el mercado&#8230;<\/strong><\/span><\/p>\n<\/blockquote>\n<p style=\"text-align: justify;\"><span style=\"font-size: 16px;\"><strong>Las expectativas de reflaci\u00f3n comienzan a provocar ajustes en el mercado.<\/strong> La sorprendente y r\u00e1pida subida de los precios experimentada en enero ha reabierto el debate sobre las implicaciones y posibles consecuencias de esta escalada. En este sentido, Evans, de la Fed de Chicago, dijo que un alza de la inflaci\u00f3n ser\u00eda bienvenida, y que aunque llegara a alcanzar el 3% en algunos momentos del a\u00f1o, se tratar\u00eda de una subida temporal. Seg\u00fan las previsiones ofrecidas por Evans, el IPC en Estados Unidos acabar\u00eda 2021 entre el 1.5% y el 1.75%. Lo que est\u00e1 claro es que los bancos centrales ya monitorizan de cerca la subida de los precios, aunque por el momento no lo ven un riesgo para la econom\u00eda. En los mercados este esperado per\u00edodo de reflaci\u00f3n ha beneficiado a los sectores m\u00e1s c\u00edclicos y elevado los tipos de inter\u00e9s de mercado. Por su parte, el d\u00f3lar ha alcanzado m\u00e1ximos del mes de noviembre y los principales \u00edndices burs\u00e1tiles alcanzan de nuevo sus zonas de resistencia, dando por superada la crisis de la semana pasada.<\/span><\/p>\n<p style=\"text-align: justify;\"><span style=\"font-size: 16px;\"><strong>El Banco de Inglaterra se muestra optimista de cara a la segunda mitad del a\u00f1o.<\/strong> El Banco de Inglaterra decidi\u00f3 por unanimidad no modificar su pol\u00edtica monetaria ni su programa de est\u00edmulos. Sin embargo, se mostr\u00f3 muy optimista al destacar que la llegada de las vacunas favorecer\u00e1 una recuperaci\u00f3n muy fuerte de la econom\u00eda brit\u00e1nica en el segundo semestre del a\u00f1o.<\/span><\/p>\n<p style=\"text-align: justify;\"><span style=\"font-size: 16px;\"><strong>En el terreno macroecon\u00f3mico,<\/strong> las peticiones semanales de subsidio por desempleo en Estados Unidos descendieron hasta 779 mil desde las 812 de una semana antes (cifra revisada a la baja desde 847 mil), mejorando las previsiones y devolviendo el optimismo sobre la recuperaci\u00f3n del mercado laboral. Ma\u00f1ana veremos si la mejora del paro semanal y del ADP del sector privado se traducen en una mejora sustancial de los datos oficiales del mes de enero. En la Eurozona, las ventas minoristas subieron en diciembre un +0.6% interanual, ligeramente por encima de las previsiones.<\/span><\/p>\n<p>&nbsp;<\/p>\n<p><img loading=\"lazy\" decoding=\"async\" data-attachment-id=\"5617\" data-permalink=\"https:\/\/capitaliafamiliar.es\/informes\/2021\/02\/04\/informe-diario-jueves-04-de-febrero-de-2021\/rv-669\/\" data-orig-file=\"https:\/\/capitaliafamiliar.es\/informes\/wp-content\/uploads\/2021\/02\/RV-3.jpg\" data-orig-size=\"336,413\" data-comments-opened=\"0\" data-image-meta=\"{&quot;aperture&quot;:&quot;0&quot;,&quot;credit&quot;:&quot;&quot;,&quot;camera&quot;:&quot;&quot;,&quot;caption&quot;:&quot;&quot;,&quot;created_timestamp&quot;:&quot;0&quot;,&quot;copyright&quot;:&quot;&quot;,&quot;focal_length&quot;:&quot;0&quot;,&quot;iso&quot;:&quot;0&quot;,&quot;shutter_speed&quot;:&quot;0&quot;,&quot;title&quot;:&quot;&quot;,&quot;orientation&quot;:&quot;0&quot;}\" data-image-title=\"RV\" data-image-description=\"\" data-image-caption=\"\" data-large-file=\"https:\/\/capitaliafamiliar.es\/informes\/wp-content\/uploads\/2021\/02\/RV-3.jpg\" class=\"alignnone size-full wp-image-5617\" src=\"https:\/\/capitaliafamiliar.es\/informes\/wp-content\/uploads\/2021\/02\/RV-3.jpg\" alt=\"\" width=\"336\" height=\"413\" srcset=\"https:\/\/capitaliafamiliar.es\/informes\/wp-content\/uploads\/2021\/02\/RV-3.jpg 336w, https:\/\/capitaliafamiliar.es\/informes\/wp-content\/uploads\/2021\/02\/RV-3-244x300.jpg 244w\" sizes=\"(max-width: 336px) 100vw, 336px\" \/><img loading=\"lazy\" decoding=\"async\" data-attachment-id=\"5618\" data-permalink=\"https:\/\/capitaliafamiliar.es\/informes\/2021\/02\/04\/informe-diario-jueves-04-de-febrero-de-2021\/rf-659\/\" data-orig-file=\"https:\/\/capitaliafamiliar.es\/informes\/wp-content\/uploads\/2021\/02\/RF-3.jpg\" data-orig-size=\"299,353\" data-comments-opened=\"0\" data-image-meta=\"{&quot;aperture&quot;:&quot;0&quot;,&quot;credit&quot;:&quot;&quot;,&quot;camera&quot;:&quot;&quot;,&quot;caption&quot;:&quot;&quot;,&quot;created_timestamp&quot;:&quot;0&quot;,&quot;copyright&quot;:&quot;&quot;,&quot;focal_length&quot;:&quot;0&quot;,&quot;iso&quot;:&quot;0&quot;,&quot;shutter_speed&quot;:&quot;0&quot;,&quot;title&quot;:&quot;&quot;,&quot;orientation&quot;:&quot;0&quot;}\" data-image-title=\"RF\" data-image-description=\"\" data-image-caption=\"\" data-large-file=\"https:\/\/capitaliafamiliar.es\/informes\/wp-content\/uploads\/2021\/02\/RF-3.jpg\" class=\"alignnone size-full wp-image-5618\" src=\"https:\/\/capitaliafamiliar.es\/informes\/wp-content\/uploads\/2021\/02\/RF-3.jpg\" alt=\"\" width=\"299\" height=\"353\" srcset=\"https:\/\/capitaliafamiliar.es\/informes\/wp-content\/uploads\/2021\/02\/RF-3.jpg 299w, https:\/\/capitaliafamiliar.es\/informes\/wp-content\/uploads\/2021\/02\/RF-3-254x300.jpg 254w\" sizes=\"(max-width: 299px) 100vw, 299px\" \/><\/p>\n<p>&nbsp;<\/p>\n<p><strong>| Agenda para ma\u00f1ana |<\/strong><\/p>\n<p><img loading=\"lazy\" decoding=\"async\" data-attachment-id=\"5616\" data-permalink=\"https:\/\/capitaliafamiliar.es\/informes\/2021\/02\/04\/informe-diario-jueves-04-de-febrero-de-2021\/ag-399\/\" data-orig-file=\"https:\/\/capitaliafamiliar.es\/informes\/wp-content\/uploads\/2021\/02\/AG-3.jpg\" data-orig-size=\"676,105\" data-comments-opened=\"0\" data-image-meta=\"{&quot;aperture&quot;:&quot;0&quot;,&quot;credit&quot;:&quot;&quot;,&quot;camera&quot;:&quot;&quot;,&quot;caption&quot;:&quot;&quot;,&quot;created_timestamp&quot;:&quot;0&quot;,&quot;copyright&quot;:&quot;&quot;,&quot;focal_length&quot;:&quot;0&quot;,&quot;iso&quot;:&quot;0&quot;,&quot;shutter_speed&quot;:&quot;0&quot;,&quot;title&quot;:&quot;&quot;,&quot;orientation&quot;:&quot;0&quot;}\" data-image-title=\"AG\" data-image-description=\"\" data-image-caption=\"\" data-large-file=\"https:\/\/capitaliafamiliar.es\/informes\/wp-content\/uploads\/2021\/02\/AG-3.jpg\" class=\"alignnone size-full wp-image-5616\" src=\"https:\/\/capitaliafamiliar.es\/informes\/wp-content\/uploads\/2021\/02\/AG-3.jpg\" alt=\"\" width=\"676\" height=\"105\" srcset=\"https:\/\/capitaliafamiliar.es\/informes\/wp-content\/uploads\/2021\/02\/AG-3.jpg 676w, https:\/\/capitaliafamiliar.es\/informes\/wp-content\/uploads\/2021\/02\/AG-3-300x47.jpg 300w\" sizes=\"(max-width: 676px) 100vw, 676px\" \/><\/p>\n<p>&nbsp;<\/p>\n<p style=\"text-align: center;\"><strong>Solicite informaci\u00f3n sobre nuestros servicios de asesoramiento financiero<\/strong><\/p>\n<p style=\"text-align: center;\">Si necesita ayuda para el cuidado de su patrimonio, no dude en ponerse en contacto con nosotros,<\/p>\n<p style=\"text-align: center;\">sin compromiso.<\/p>\n<p style=\"text-align: center;\">Tel\u00e9fono:\u00a0\u00a0 91 770\u00a0 22 84<\/p>\n<p style=\"text-align: center;\">Correo electr\u00f3nico:\u00a0\u00a0 capitaliafamiliar@capitaliafamiliar.es<\/p>\n","protected":false},"excerpt":{"rendered":"<p>Las expectativas de reflaci&oacute;n comienzan a provocar ajustes en el mercado&hellip; Las expectativas de reflaci&oacute;n comienzan a provocar ajustes en el mercado. La sorprendente y r&aacute;pida subida de los precios experimentada en enero ha reabierto el debate sobre las implicaciones y posibles consecuencias de esta escalada. En este sentido, Evans, de la Fed de Chicago, [&hellip;]<\/p>\n","protected":false},"author":2,"featured_media":2525,"comment_status":"closed","ping_status":"closed","sticky":false,"template":"","format":"standard","meta":{"_et_pb_use_builder":"","_et_pb_old_content":"","_et_gb_content_width":"","jetpack_post_was_ever_published":false,"_jetpack_newsletter_access":"","_jetpack_dont_email_post_to_subs":false,"_jetpack_newsletter_tier_id":0,"_jetpack_memberships_contains_paywalled_content":false,"_jetpack_memberships_contains_paid_content":false,"footnotes":""},"categories":[1],"tags":[],"class_list":["post-5613","post","type-post","status-publish","format-standard","has-post-thumbnail","hentry","category-informediario"],"jetpack_featured_media_url":"https:\/\/capitaliafamiliar.es\/informes\/wp-content\/uploads\/2019\/08\/informediario2.png","jetpack_shortlink":"https:\/\/wp.me\/pa2IGq-1sx","jetpack-related-posts":[{"id":5687,"url":"https:\/\/capitaliafamiliar.es\/informes\/2021\/02\/17\/informe-diario-miercoles-17-de-febrero-de-2021\/","url_meta":{"origin":5613,"position":0},"title":"Informe Diario  Mi\u00e9rcoles, 17 de febrero de 2021","author":"Capitalia Familiar","date":"17 de febrero de 2021","format":false,"excerpt":"Los buenos datos macroecon\u00f3micos conocidos en Estados Unidos avivan los temores al crecimiento de la inflaci\u00f3n... Los buenos datos macroecon\u00f3micos conocidos en Estados Unidos avivan los temores al crecimiento de la inflaci\u00f3n. Los datos de ventas minoristas y producci\u00f3n industrial publicados hoy en Estados Unidos (ver m\u00e1s abajo los detalles)\u2026","rel":"","context":"En \u00abInforme Diario\u00bb","block_context":{"text":"Informe Diario","link":"https:\/\/capitaliafamiliar.es\/informes\/category\/informediario\/"},"img":{"alt_text":"","src":"https:\/\/i0.wp.com\/capitaliafamiliar.es\/informes\/wp-content\/uploads\/2019\/08\/informediario2.png?resize=350%2C200&ssl=1","width":350,"height":200,"srcset":"https:\/\/i0.wp.com\/capitaliafamiliar.es\/informes\/wp-content\/uploads\/2019\/08\/informediario2.png?resize=350%2C200&ssl=1 1x, https:\/\/i0.wp.com\/capitaliafamiliar.es\/informes\/wp-content\/uploads\/2019\/08\/informediario2.png?resize=525%2C300&ssl=1 1.5x, https:\/\/i0.wp.com\/capitaliafamiliar.es\/informes\/wp-content\/uploads\/2019\/08\/informediario2.png?resize=700%2C400&ssl=1 2x"},"classes":[]},{"id":6312,"url":"https:\/\/capitaliafamiliar.es\/informes\/2021\/06\/11\/informe-diario-viernes-11-de-junio-de-2021\/","url_meta":{"origin":5613,"position":1},"title":"Informe Diario  Viernes, 11 de junio de 2021","author":"Capitalia Familiar","date":"11 de junio de 2021","format":false,"excerpt":"Los mercados no acusan la subida de la inflaci\u00f3n en Estados Unidos y buscan nuevos m\u00e1ximos... Los mercados no acusan la subida de la inflaci\u00f3n en Estados Unidos y buscan nuevos m\u00e1ximos. Pese a que tanto el IPC general como el subyacente registraron subidas importantes en Estados Unidos, el mercado\u2026","rel":"","context":"En \u00abInforme Diario\u00bb","block_context":{"text":"Informe Diario","link":"https:\/\/capitaliafamiliar.es\/informes\/category\/informediario\/"},"img":{"alt_text":"","src":"https:\/\/i0.wp.com\/capitaliafamiliar.es\/informes\/wp-content\/uploads\/2019\/08\/informediario2.png?resize=350%2C200&ssl=1","width":350,"height":200,"srcset":"https:\/\/i0.wp.com\/capitaliafamiliar.es\/informes\/wp-content\/uploads\/2019\/08\/informediario2.png?resize=350%2C200&ssl=1 1x, https:\/\/i0.wp.com\/capitaliafamiliar.es\/informes\/wp-content\/uploads\/2019\/08\/informediario2.png?resize=525%2C300&ssl=1 1.5x, https:\/\/i0.wp.com\/capitaliafamiliar.es\/informes\/wp-content\/uploads\/2019\/08\/informediario2.png?resize=700%2C400&ssl=1 2x"},"classes":[]},{"id":5729,"url":"https:\/\/capitaliafamiliar.es\/informes\/2021\/02\/25\/informe-diario-jueves-25-de-febrero-de-2021\/","url_meta":{"origin":5613,"position":2},"title":"Informe Diario  Jueves, 25 de febrero de 2021","author":"Capitalia Familiar","date":"25 de febrero de 2021","format":false,"excerpt":"La subida de los tipos de inter\u00e9s de mercado obligar\u00e1 a actuar a la Reserva Federal... La subida de los tipos de inter\u00e9s de mercado obligar\u00e1 a actuar a la Reserva Federal. Desde la Fed, tanto el presidente Jerome Powell como algunos de sus miembros, han dejado claro que no\u2026","rel":"","context":"En \u00abInforme Diario\u00bb","block_context":{"text":"Informe Diario","link":"https:\/\/capitaliafamiliar.es\/informes\/category\/informediario\/"},"img":{"alt_text":"","src":"https:\/\/i0.wp.com\/capitaliafamiliar.es\/informes\/wp-content\/uploads\/2019\/08\/informediario2.png?resize=350%2C200&ssl=1","width":350,"height":200,"srcset":"https:\/\/i0.wp.com\/capitaliafamiliar.es\/informes\/wp-content\/uploads\/2019\/08\/informediario2.png?resize=350%2C200&ssl=1 1x, https:\/\/i0.wp.com\/capitaliafamiliar.es\/informes\/wp-content\/uploads\/2019\/08\/informediario2.png?resize=525%2C300&ssl=1 1.5x, https:\/\/i0.wp.com\/capitaliafamiliar.es\/informes\/wp-content\/uploads\/2019\/08\/informediario2.png?resize=700%2C400&ssl=1 2x"},"classes":[]},{"id":5694,"url":"https:\/\/capitaliafamiliar.es\/informes\/2021\/02\/18\/informe-diario-jueves-18-de-febrero-de-2021\/","url_meta":{"origin":5613,"position":3},"title":"Informe Diario  Jueves, 18 de febrero de 2021","author":"Capitalia Familiar","date":"18 de febrero de 2021","format":false,"excerpt":"Los bancos centrales se niegan a reconocer la existencia de tensiones inflacionistas... Los bancos centrales se niegan a reconocer la existencia de tensiones inflacionistas. Pese a que los mercados comienzan a temer los efectos de una inflaci\u00f3n mayor de lo esperado en 2021 y que los tipos de inter\u00e9s de\u2026","rel":"","context":"En \u00abInforme Diario\u00bb","block_context":{"text":"Informe Diario","link":"https:\/\/capitaliafamiliar.es\/informes\/category\/informediario\/"},"img":{"alt_text":"","src":"https:\/\/i0.wp.com\/capitaliafamiliar.es\/informes\/wp-content\/uploads\/2019\/08\/informediario2.png?resize=350%2C200&ssl=1","width":350,"height":200,"srcset":"https:\/\/i0.wp.com\/capitaliafamiliar.es\/informes\/wp-content\/uploads\/2019\/08\/informediario2.png?resize=350%2C200&ssl=1 1x, https:\/\/i0.wp.com\/capitaliafamiliar.es\/informes\/wp-content\/uploads\/2019\/08\/informediario2.png?resize=525%2C300&ssl=1 1.5x, https:\/\/i0.wp.com\/capitaliafamiliar.es\/informes\/wp-content\/uploads\/2019\/08\/informediario2.png?resize=700%2C400&ssl=1 2x"},"classes":[]},{"id":6859,"url":"https:\/\/capitaliafamiliar.es\/informes\/2021\/09\/14\/informe-diario-martes-14-de-septiembre-de-2021\/","url_meta":{"origin":5613,"position":4},"title":"Informe Diario  Martes, 14 de septiembre de 2021","author":"Capitalia Familiar","date":"14 de septiembre de 2021","format":false,"excerpt":"\u00bfHa tocado techo la inflaci\u00f3n en Estados Unidos?... \u00a0 \u00bfHa tocado techo la inflaci\u00f3n en Estados Unidos? Hoy se conocieron los datos de inflaci\u00f3n en la primera econom\u00eda del mundo, que por fin parece que comienzan a relajarse tras una primera mitad de a\u00f1o de crecimiento constante. En el mes\u2026","rel":"","context":"En \u00abInforme Diario\u00bb","block_context":{"text":"Informe Diario","link":"https:\/\/capitaliafamiliar.es\/informes\/category\/informediario\/"},"img":{"alt_text":"","src":"https:\/\/i0.wp.com\/capitaliafamiliar.es\/informes\/wp-content\/uploads\/2019\/08\/informediario2.png?resize=350%2C200&ssl=1","width":350,"height":200,"srcset":"https:\/\/i0.wp.com\/capitaliafamiliar.es\/informes\/wp-content\/uploads\/2019\/08\/informediario2.png?resize=350%2C200&ssl=1 1x, https:\/\/i0.wp.com\/capitaliafamiliar.es\/informes\/wp-content\/uploads\/2019\/08\/informediario2.png?resize=525%2C300&ssl=1 1.5x, https:\/\/i0.wp.com\/capitaliafamiliar.es\/informes\/wp-content\/uploads\/2019\/08\/informediario2.png?resize=700%2C400&ssl=1 2x"},"classes":[]},{"id":5644,"url":"https:\/\/capitaliafamiliar.es\/informes\/2021\/02\/10\/informe-diario-miercoles-10-de-febrero-de-2021\/","url_meta":{"origin":5613,"position":5},"title":"Informe Diario  Mi\u00e9rcoles, 10 de febrero de 2021","author":"Capitalia Familiar","date":"10 de febrero de 2021","format":false,"excerpt":"El mercado respira al frenarse la subida de la inflaci\u00f3n en Estados Unidos... El mercado respira al frenarse la subida de la inflaci\u00f3n en Estados Unidos. Los datos de IPC conocidos hoy en Estados Unidos permitieron alejar, al menos de manera temporal, los temores a una escalada acelerada de los\u2026","rel":"","context":"En \u00abInforme Diario\u00bb","block_context":{"text":"Informe Diario","link":"https:\/\/capitaliafamiliar.es\/informes\/category\/informediario\/"},"img":{"alt_text":"","src":"https:\/\/i0.wp.com\/capitaliafamiliar.es\/informes\/wp-content\/uploads\/2019\/08\/informediario2.png?resize=350%2C200&ssl=1","width":350,"height":200,"srcset":"https:\/\/i0.wp.com\/capitaliafamiliar.es\/informes\/wp-content\/uploads\/2019\/08\/informediario2.png?resize=350%2C200&ssl=1 1x, https:\/\/i0.wp.com\/capitaliafamiliar.es\/informes\/wp-content\/uploads\/2019\/08\/informediario2.png?resize=525%2C300&ssl=1 1.5x, https:\/\/i0.wp.com\/capitaliafamiliar.es\/informes\/wp-content\/uploads\/2019\/08\/informediario2.png?resize=700%2C400&ssl=1 2x"},"classes":[]}],"jetpack_sharing_enabled":true,"_links":{"self":[{"href":"https:\/\/capitaliafamiliar.es\/informes\/wp-json\/wp\/v2\/posts\/5613","targetHints":{"allow":["GET"]}}],"collection":[{"href":"https:\/\/capitaliafamiliar.es\/informes\/wp-json\/wp\/v2\/posts"}],"about":[{"href":"https:\/\/capitaliafamiliar.es\/informes\/wp-json\/wp\/v2\/types\/post"}],"author":[{"embeddable":true,"href":"https:\/\/capitaliafamiliar.es\/informes\/wp-json\/wp\/v2\/users\/2"}],"replies":[{"embeddable":true,"href":"https:\/\/capitaliafamiliar.es\/informes\/wp-json\/wp\/v2\/comments?post=5613"}],"version-history":[{"count":3,"href":"https:\/\/capitaliafamiliar.es\/informes\/wp-json\/wp\/v2\/posts\/5613\/revisions"}],"predecessor-version":[{"id":5619,"href":"https:\/\/capitaliafamiliar.es\/informes\/wp-json\/wp\/v2\/posts\/5613\/revisions\/5619"}],"wp:featuredmedia":[{"embeddable":true,"href":"https:\/\/capitaliafamiliar.es\/informes\/wp-json\/wp\/v2\/media\/2525"}],"wp:attachment":[{"href":"https:\/\/capitaliafamiliar.es\/informes\/wp-json\/wp\/v2\/media?parent=5613"}],"wp:term":[{"taxonomy":"category","embeddable":true,"href":"https:\/\/capitaliafamiliar.es\/informes\/wp-json\/wp\/v2\/categories?post=5613"},{"taxonomy":"post_tag","embeddable":true,"href":"https:\/\/capitaliafamiliar.es\/informes\/wp-json\/wp\/v2\/tags?post=5613"}],"curies":[{"name":"wp","href":"https:\/\/api.w.org\/{rel}","templated":true}]}}