{"id":5668,"date":"2021-02-15T17:30:21","date_gmt":"2021-02-15T17:30:21","guid":{"rendered":"https:\/\/capitaliafamiliar.es\/informes\/?p=5668"},"modified":"2021-02-15T17:33:06","modified_gmt":"2021-02-15T17:33:06","slug":"informe-diario-lunes-15-de-febrero-de-2021","status":"publish","type":"post","link":"https:\/\/capitaliafamiliar.es\/informes\/2021\/02\/15\/informe-diario-lunes-15-de-febrero-de-2021\/","title":{"rendered":"Informe Diario <br> Lunes, 15 de febrero de 2021"},"content":{"rendered":"<blockquote>\n<p style=\"text-align: justify;\"><span style=\"font-size: 16px;\"><strong>Las buenas noticias sobre la vacunaci\u00f3n en Europa impulsaron a las bolsas del Viejo Continente en una sesi\u00f3n de escaso volumen de negociaci\u00f3n&#8230;<\/strong><\/span><\/p>\n<\/blockquote>\n<p style=\"text-align: justify;\"><span style=\"font-size: 16px;\"><strong>Las buenas noticias sobre la vacunaci\u00f3n en Europa impulsaron a las bolsas del Viejo Continente en una sesi\u00f3n de escaso volumen de negociaci\u00f3n.<\/strong> Las bolsas europeas celebraron el buen ritmo de vacunaci\u00f3n en el Reino Unido y la renovada esperanza de que se pueda alcanzar la inmunidad de grupo en Europa antes del verano gracias al aumento de la producci\u00f3n de vacunas. Esto, unido a la tendencia a la baja en los contagios en occidente ha animado hoy a los mercados europeos, que recuperan la esperanza de que se normalice la situaci\u00f3n en la segunda mitad del a\u00f1o. Todo depender\u00e1, no obstante, de que se cumplan los plazos marcados por los pol\u00edticos (cosa que todav\u00eda no ha sucedido desde que estallara la pandemia hace un a\u00f1o) y de que las nuevas cepas del virus no echen por tierra los avances conseguidos hasta la fecha. Sin embargo, <strong>las subidas en Europa se han producido con un escaso volumen, debido al cierre por festivo en algunos pa\u00edses, destacando el de Estados Unidos (D\u00eda del Presidente) y China (celebraciones del A\u00f1o Nuevo chino).<\/strong><\/span><\/p>\n<p style=\"text-align: justify;\"><span style=\"font-size: 16px;\"><strong>Mario Draghi pone en marcha su ejecutivo de concentraci\u00f3n en Italia.<\/strong> Los mercados aplauden que Mario Draghi haya conseguido sacar adelante un gobierno de concentraci\u00f3n en el que hay tecn\u00f3cratas y representantes de las principales fuerzas pol\u00edticas del pa\u00eds. No obstante, la realidad es que pese a la alegr\u00eda mostrada por los mercados y tambi\u00e9n por la ciudadan\u00eda italiana, los intereses partidistas abocar\u00e1n al pa\u00eds a nuevas elecciones en cuanto se estabilice la crisis sanitaria.<\/span><\/p>\n<p style=\"text-align: justify;\"><span style=\"font-size: 16px;\"><strong>En el terreno macroecon\u00f3mico,<\/strong> ligera mejor\u00eda de la econom\u00eda japonesa en el cuarto trimestre de 2020, cuyo PIB creci\u00f3 en tasa intertrimestral anualizada un +12.2%, en tanto que la producci\u00f3n industrial cay\u00f3 en diciembre un -2.6% interanual, en ambos casos ligeramente mejor de lo esperado. En la Eurozona, la producci\u00f3n industrial de diciembre volvi\u00f3 a retroceder al situarse en el -0.8% interanual, frente al -0.6% anterior.<\/span><\/p>\n<p>&nbsp;<\/p>\n<p><img loading=\"lazy\" decoding=\"async\" data-attachment-id=\"5670\" data-permalink=\"https:\/\/capitaliafamiliar.es\/informes\/2021\/02\/15\/informe-diario-lunes-15-de-febrero-de-2021\/rv-676\/\" data-orig-file=\"https:\/\/capitaliafamiliar.es\/informes\/wp-content\/uploads\/2021\/02\/RV-10.jpg\" data-orig-size=\"336,413\" data-comments-opened=\"0\" data-image-meta=\"{&quot;aperture&quot;:&quot;0&quot;,&quot;credit&quot;:&quot;&quot;,&quot;camera&quot;:&quot;&quot;,&quot;caption&quot;:&quot;&quot;,&quot;created_timestamp&quot;:&quot;0&quot;,&quot;copyright&quot;:&quot;&quot;,&quot;focal_length&quot;:&quot;0&quot;,&quot;iso&quot;:&quot;0&quot;,&quot;shutter_speed&quot;:&quot;0&quot;,&quot;title&quot;:&quot;&quot;,&quot;orientation&quot;:&quot;0&quot;}\" data-image-title=\"RV\" data-image-description=\"\" data-image-caption=\"\" data-large-file=\"https:\/\/capitaliafamiliar.es\/informes\/wp-content\/uploads\/2021\/02\/RV-10.jpg\" class=\"alignnone size-full wp-image-5670\" src=\"https:\/\/capitaliafamiliar.es\/informes\/wp-content\/uploads\/2021\/02\/RV-10.jpg\" alt=\"\" width=\"336\" height=\"413\" srcset=\"https:\/\/capitaliafamiliar.es\/informes\/wp-content\/uploads\/2021\/02\/RV-10.jpg 336w, https:\/\/capitaliafamiliar.es\/informes\/wp-content\/uploads\/2021\/02\/RV-10-244x300.jpg 244w\" sizes=\"(max-width: 336px) 100vw, 336px\" \/><img loading=\"lazy\" decoding=\"async\" data-attachment-id=\"5671\" data-permalink=\"https:\/\/capitaliafamiliar.es\/informes\/2021\/02\/15\/informe-diario-lunes-15-de-febrero-de-2021\/rf-666\/\" data-orig-file=\"https:\/\/capitaliafamiliar.es\/informes\/wp-content\/uploads\/2021\/02\/RF-10.jpg\" data-orig-size=\"299,353\" data-comments-opened=\"0\" data-image-meta=\"{&quot;aperture&quot;:&quot;0&quot;,&quot;credit&quot;:&quot;&quot;,&quot;camera&quot;:&quot;&quot;,&quot;caption&quot;:&quot;&quot;,&quot;created_timestamp&quot;:&quot;0&quot;,&quot;copyright&quot;:&quot;&quot;,&quot;focal_length&quot;:&quot;0&quot;,&quot;iso&quot;:&quot;0&quot;,&quot;shutter_speed&quot;:&quot;0&quot;,&quot;title&quot;:&quot;&quot;,&quot;orientation&quot;:&quot;0&quot;}\" data-image-title=\"RF\" data-image-description=\"\" data-image-caption=\"\" data-large-file=\"https:\/\/capitaliafamiliar.es\/informes\/wp-content\/uploads\/2021\/02\/RF-10.jpg\" class=\"alignnone size-full wp-image-5671\" src=\"https:\/\/capitaliafamiliar.es\/informes\/wp-content\/uploads\/2021\/02\/RF-10.jpg\" alt=\"\" width=\"299\" height=\"353\" srcset=\"https:\/\/capitaliafamiliar.es\/informes\/wp-content\/uploads\/2021\/02\/RF-10.jpg 299w, https:\/\/capitaliafamiliar.es\/informes\/wp-content\/uploads\/2021\/02\/RF-10-254x300.jpg 254w\" sizes=\"(max-width: 299px) 100vw, 299px\" \/><\/p>\n<p>&nbsp;<\/p>\n<p><strong>| Agenda para ma\u00f1ana |<\/strong><\/p>\n<p><img loading=\"lazy\" decoding=\"async\" data-attachment-id=\"5669\" data-permalink=\"https:\/\/capitaliafamiliar.es\/informes\/2021\/02\/15\/informe-diario-lunes-15-de-febrero-de-2021\/ag-406\/\" data-orig-file=\"https:\/\/capitaliafamiliar.es\/informes\/wp-content\/uploads\/2021\/02\/AG-10.jpg\" data-orig-size=\"676,105\" data-comments-opened=\"0\" data-image-meta=\"{&quot;aperture&quot;:&quot;0&quot;,&quot;credit&quot;:&quot;&quot;,&quot;camera&quot;:&quot;&quot;,&quot;caption&quot;:&quot;&quot;,&quot;created_timestamp&quot;:&quot;0&quot;,&quot;copyright&quot;:&quot;&quot;,&quot;focal_length&quot;:&quot;0&quot;,&quot;iso&quot;:&quot;0&quot;,&quot;shutter_speed&quot;:&quot;0&quot;,&quot;title&quot;:&quot;&quot;,&quot;orientation&quot;:&quot;0&quot;}\" data-image-title=\"AG\" data-image-description=\"\" data-image-caption=\"\" data-large-file=\"https:\/\/capitaliafamiliar.es\/informes\/wp-content\/uploads\/2021\/02\/AG-10.jpg\" class=\"alignnone size-full wp-image-5669\" src=\"https:\/\/capitaliafamiliar.es\/informes\/wp-content\/uploads\/2021\/02\/AG-10.jpg\" alt=\"\" width=\"676\" height=\"105\" srcset=\"https:\/\/capitaliafamiliar.es\/informes\/wp-content\/uploads\/2021\/02\/AG-10.jpg 676w, https:\/\/capitaliafamiliar.es\/informes\/wp-content\/uploads\/2021\/02\/AG-10-300x47.jpg 300w\" sizes=\"(max-width: 676px) 100vw, 676px\" \/><\/p>\n<p>&nbsp;<\/p>\n<p style=\"text-align: center;\"><strong>Solicite informaci\u00f3n sobre nuestros servicios de asesoramiento financiero<\/strong><\/p>\n<p style=\"text-align: center;\">Si necesita ayuda para el cuidado de su patrimonio, no dude en ponerse en contacto con nosotros,<\/p>\n<p style=\"text-align: center;\">sin compromiso.<\/p>\n<p style=\"text-align: center;\">Tel\u00e9fono:\u00a0\u00a0 91 770\u00a0 22 84<\/p>\n<p style=\"text-align: center;\">Correo electr\u00f3nico:\u00a0\u00a0 capitaliafamiliar@capitaliafamiliar.es<\/p>\n","protected":false},"excerpt":{"rendered":"<p>Las buenas noticias sobre la vacunaci&oacute;n en Europa impulsaron a las bolsas del Viejo Continente en una sesi&oacute;n de escaso volumen de negociaci&oacute;n&hellip; Las buenas noticias sobre la vacunaci&oacute;n en Europa impulsaron a las bolsas del Viejo Continente en una sesi&oacute;n de escaso volumen de negociaci&oacute;n. Las bolsas europeas celebraron el buen ritmo de vacunaci&oacute;n [&hellip;]<\/p>\n","protected":false},"author":2,"featured_media":2525,"comment_status":"closed","ping_status":"closed","sticky":false,"template":"","format":"standard","meta":{"_et_pb_use_builder":"","_et_pb_old_content":"","_et_gb_content_width":"","jetpack_post_was_ever_published":false,"_jetpack_newsletter_access":"","_jetpack_dont_email_post_to_subs":false,"_jetpack_newsletter_tier_id":0,"_jetpack_memberships_contains_paywalled_content":false,"_jetpack_memberships_contains_paid_content":false,"footnotes":""},"categories":[1],"tags":[],"class_list":["post-5668","post","type-post","status-publish","format-standard","has-post-thumbnail","hentry","category-informediario"],"jetpack_featured_media_url":"https:\/\/capitaliafamiliar.es\/informes\/wp-content\/uploads\/2019\/08\/informediario2.png","jetpack_shortlink":"https:\/\/wp.me\/pa2IGq-1tq","jetpack-related-posts":[{"id":6240,"url":"https:\/\/capitaliafamiliar.es\/informes\/2021\/05\/31\/informe-diario-lunes-31-de-mayo-de-2021\/","url_meta":{"origin":5668,"position":0},"title":"Informe Diario  Lunes, 31 de mayo de 2021","author":"Capitalia Familiar","date":"31 de mayo de 2021","format":false,"excerpt":"Consolidaci\u00f3n en Europa en una sesi\u00f3n de escasa relevancia y bajo volumen de negociaci\u00f3n por el festivo en las bolsas de Estados Unidos y el Reino Unido... Consolidaci\u00f3n en Europa en una sesi\u00f3n de escasa relevancia y bajo volumen de negociaci\u00f3n por el festivo en las bolsas de Estados Unidos\u2026","rel":"","context":"En \u00abInforme Diario\u00bb","block_context":{"text":"Informe Diario","link":"https:\/\/capitaliafamiliar.es\/informes\/category\/informediario\/"},"img":{"alt_text":"","src":"https:\/\/i0.wp.com\/capitaliafamiliar.es\/informes\/wp-content\/uploads\/2019\/08\/informediario2.png?resize=350%2C200&ssl=1","width":350,"height":200,"srcset":"https:\/\/i0.wp.com\/capitaliafamiliar.es\/informes\/wp-content\/uploads\/2019\/08\/informediario2.png?resize=350%2C200&ssl=1 1x, https:\/\/i0.wp.com\/capitaliafamiliar.es\/informes\/wp-content\/uploads\/2019\/08\/informediario2.png?resize=525%2C300&ssl=1 1.5x, https:\/\/i0.wp.com\/capitaliafamiliar.es\/informes\/wp-content\/uploads\/2019\/08\/informediario2.png?resize=700%2C400&ssl=1 2x"},"classes":[]},{"id":7258,"url":"https:\/\/capitaliafamiliar.es\/informes\/2021\/11\/25\/sesion-de-transicion-en-los-mercados-que-no-contaron-con-la-referencia-de-wall-street-por-la-celebracion-del-dia-de-accion-de-gracias\/","url_meta":{"origin":5668,"position":1},"title":"Sesi\u00f3n de transici\u00f3n en los mercados, que no contaron con la referencia de Wall Street por la celebraci\u00f3n del D\u00eda de Acci\u00f3n de Gracias","author":"Capitalia Familiar","date":"25 de noviembre de 2021","format":false,"excerpt":"Informe diario del jueves, 25 de noviembre de 2021 \u00a0 Sesi\u00f3n de transici\u00f3n en los mercados, que no contaron con la referencia de Wall Street por la celebraci\u00f3n del D\u00eda de Acci\u00f3n de Gracias. La festividad del D\u00eda de Acci\u00f3n de Gracias pr\u00e1cticamente paraliza Estados Unidos, lo que provoca tambi\u00e9n\u2026","rel":"","context":"En \u00abInforme Diario\u00bb","block_context":{"text":"Informe Diario","link":"https:\/\/capitaliafamiliar.es\/informes\/category\/informediario\/"},"img":{"alt_text":"","src":"https:\/\/i0.wp.com\/capitaliafamiliar.es\/informes\/wp-content\/uploads\/2019\/08\/informediario2.png?resize=350%2C200&ssl=1","width":350,"height":200,"srcset":"https:\/\/i0.wp.com\/capitaliafamiliar.es\/informes\/wp-content\/uploads\/2019\/08\/informediario2.png?resize=350%2C200&ssl=1 1x, https:\/\/i0.wp.com\/capitaliafamiliar.es\/informes\/wp-content\/uploads\/2019\/08\/informediario2.png?resize=525%2C300&ssl=1 1.5x, https:\/\/i0.wp.com\/capitaliafamiliar.es\/informes\/wp-content\/uploads\/2019\/08\/informediario2.png?resize=700%2C400&ssl=1 2x"},"classes":[]},{"id":5449,"url":"https:\/\/capitaliafamiliar.es\/informes\/2021\/01\/04\/informe-diario-lunes-4-de-enero-de-2021\/","url_meta":{"origin":5668,"position":2},"title":"Informe Diario  Lunes, 4 de enero de 2021","author":"Capitalia Familiar","date":"4 de enero de 2021","format":false,"excerpt":"La segunda vuelta de las elecciones al Senado en el Estado de Georgia y el avance del coronavirus marcan la primera sesi\u00f3n del a\u00f1o en los mercados... La segunda vuelta de las elecciones al Senado en el Estado de Georgia y el avance del coronavirus marcan la primera sesi\u00f3n del\u2026","rel":"","context":"En \u00abInforme Diario\u00bb","block_context":{"text":"Informe Diario","link":"https:\/\/capitaliafamiliar.es\/informes\/category\/informediario\/"},"img":{"alt_text":"","src":"https:\/\/i0.wp.com\/capitaliafamiliar.es\/informes\/wp-content\/uploads\/2019\/08\/informediario2.png?resize=350%2C200&ssl=1","width":350,"height":200,"srcset":"https:\/\/i0.wp.com\/capitaliafamiliar.es\/informes\/wp-content\/uploads\/2019\/08\/informediario2.png?resize=350%2C200&ssl=1 1x, https:\/\/i0.wp.com\/capitaliafamiliar.es\/informes\/wp-content\/uploads\/2019\/08\/informediario2.png?resize=525%2C300&ssl=1 1.5x, https:\/\/i0.wp.com\/capitaliafamiliar.es\/informes\/wp-content\/uploads\/2019\/08\/informediario2.png?resize=700%2C400&ssl=1 2x"},"classes":[]},{"id":6634,"url":"https:\/\/capitaliafamiliar.es\/informes\/2021\/08\/04\/informe-diario-miercoles-4-de-agosto-de-2021\/","url_meta":{"origin":5668,"position":3},"title":"Informe Diario  Mi\u00e9rcoles, 4 de agosto de 2021","author":"Capitalia Familiar","date":"4 de agosto de 2021","format":false,"excerpt":"Los resultados empresariales y los datos macroecon\u00f3micos marcan la sesi\u00f3n en las bolsas... Los resultados empresariales y los datos macroecon\u00f3micos marcan la sesi\u00f3n en las bolsas. En Europa, el EuroStoxx50 se encamina a sus m\u00e1ximos anuales gracias a una campa\u00f1a de resultados positiva en un entorno en el que el\u2026","rel":"","context":"En \u00abInforme Diario\u00bb","block_context":{"text":"Informe Diario","link":"https:\/\/capitaliafamiliar.es\/informes\/category\/informediario\/"},"img":{"alt_text":"","src":"https:\/\/i0.wp.com\/capitaliafamiliar.es\/informes\/wp-content\/uploads\/2019\/08\/informediario2.png?resize=350%2C200&ssl=1","width":350,"height":200,"srcset":"https:\/\/i0.wp.com\/capitaliafamiliar.es\/informes\/wp-content\/uploads\/2019\/08\/informediario2.png?resize=350%2C200&ssl=1 1x, https:\/\/i0.wp.com\/capitaliafamiliar.es\/informes\/wp-content\/uploads\/2019\/08\/informediario2.png?resize=525%2C300&ssl=1 1.5x, https:\/\/i0.wp.com\/capitaliafamiliar.es\/informes\/wp-content\/uploads\/2019\/08\/informediario2.png?resize=700%2C400&ssl=1 2x"},"classes":[]},{"id":4471,"url":"https:\/\/capitaliafamiliar.es\/informes\/2020\/07\/20\/informe-diario-lunes-20-de-julio-de-2020\/","url_meta":{"origin":5668,"position":4},"title":"Informe Diario  Lunes, 20 de julio de 2020","author":"Capitalia Familiar","date":"20 de julio de 2020","format":false,"excerpt":"A la espera del resultado final de la cumbre del Consejo de Europa, las bolsas siguen atacando resistencias... Tras cuatro d\u00edas de negociaciones, la reuni\u00f3n del Consejo de Europa podr\u00eda terminar finalmente hoy con un acuerdo pr\u00f3ximo a las exigencias de los pa\u00edses del norte.\u00a0La cumbre extraordinaria del Consejo Europeo,\u2026","rel":"","context":"En \u00abInforme Diario\u00bb","block_context":{"text":"Informe Diario","link":"https:\/\/capitaliafamiliar.es\/informes\/category\/informediario\/"},"img":{"alt_text":"","src":"https:\/\/i0.wp.com\/capitaliafamiliar.es\/informes\/wp-content\/uploads\/2019\/08\/informediario2.png?resize=350%2C200&ssl=1","width":350,"height":200,"srcset":"https:\/\/i0.wp.com\/capitaliafamiliar.es\/informes\/wp-content\/uploads\/2019\/08\/informediario2.png?resize=350%2C200&ssl=1 1x, https:\/\/i0.wp.com\/capitaliafamiliar.es\/informes\/wp-content\/uploads\/2019\/08\/informediario2.png?resize=525%2C300&ssl=1 1.5x, https:\/\/i0.wp.com\/capitaliafamiliar.es\/informes\/wp-content\/uploads\/2019\/08\/informediario2.png?resize=700%2C400&ssl=1 2x"},"classes":[]},{"id":7184,"url":"https:\/\/capitaliafamiliar.es\/informes\/2021\/11\/12\/cuanto-durara-la-consolidacion-de-las-bolsas\/","url_meta":{"origin":5668,"position":5},"title":"\u00bfCu\u00e1nto durar\u00e1 la consolidaci\u00f3n de las bolsas? \u00bfEs buen momento para comprar renta variable?","author":"Capitalia Familiar","date":"12 de noviembre de 2021","format":false,"excerpt":"Informe diario del viernes, 12 de noviembre de 2021 \u00a0 \u00bfCu\u00e1nto durar\u00e1 la consolidaci\u00f3n de las bolsas? Se mantiene la din\u00e1mica consolidativa en las bolsas sin que por ahora haya indicios sobre el final de esta fase, pero tampoco de una profundizaci\u00f3n de la misma. Por ahora, la consolidaci\u00f3n avanza\u2026","rel":"","context":"En \u00abInforme Diario\u00bb","block_context":{"text":"Informe Diario","link":"https:\/\/capitaliafamiliar.es\/informes\/category\/informediario\/"},"img":{"alt_text":"","src":"https:\/\/i0.wp.com\/capitaliafamiliar.es\/informes\/wp-content\/uploads\/2019\/08\/informediario2.png?resize=350%2C200&ssl=1","width":350,"height":200,"srcset":"https:\/\/i0.wp.com\/capitaliafamiliar.es\/informes\/wp-content\/uploads\/2019\/08\/informediario2.png?resize=350%2C200&ssl=1 1x, https:\/\/i0.wp.com\/capitaliafamiliar.es\/informes\/wp-content\/uploads\/2019\/08\/informediario2.png?resize=525%2C300&ssl=1 1.5x, https:\/\/i0.wp.com\/capitaliafamiliar.es\/informes\/wp-content\/uploads\/2019\/08\/informediario2.png?resize=700%2C400&ssl=1 2x"},"classes":[]}],"jetpack_sharing_enabled":true,"_links":{"self":[{"href":"https:\/\/capitaliafamiliar.es\/informes\/wp-json\/wp\/v2\/posts\/5668","targetHints":{"allow":["GET"]}}],"collection":[{"href":"https:\/\/capitaliafamiliar.es\/informes\/wp-json\/wp\/v2\/posts"}],"about":[{"href":"https:\/\/capitaliafamiliar.es\/informes\/wp-json\/wp\/v2\/types\/post"}],"author":[{"embeddable":true,"href":"https:\/\/capitaliafamiliar.es\/informes\/wp-json\/wp\/v2\/users\/2"}],"replies":[{"embeddable":true,"href":"https:\/\/capitaliafamiliar.es\/informes\/wp-json\/wp\/v2\/comments?post=5668"}],"version-history":[{"count":2,"href":"https:\/\/capitaliafamiliar.es\/informes\/wp-json\/wp\/v2\/posts\/5668\/revisions"}],"predecessor-version":[{"id":5673,"href":"https:\/\/capitaliafamiliar.es\/informes\/wp-json\/wp\/v2\/posts\/5668\/revisions\/5673"}],"wp:featuredmedia":[{"embeddable":true,"href":"https:\/\/capitaliafamiliar.es\/informes\/wp-json\/wp\/v2\/media\/2525"}],"wp:attachment":[{"href":"https:\/\/capitaliafamiliar.es\/informes\/wp-json\/wp\/v2\/media?parent=5668"}],"wp:term":[{"taxonomy":"category","embeddable":true,"href":"https:\/\/capitaliafamiliar.es\/informes\/wp-json\/wp\/v2\/categories?post=5668"},{"taxonomy":"post_tag","embeddable":true,"href":"https:\/\/capitaliafamiliar.es\/informes\/wp-json\/wp\/v2\/tags?post=5668"}],"curies":[{"name":"wp","href":"https:\/\/api.w.org\/{rel}","templated":true}]}}