{"id":5694,"date":"2021-02-18T17:12:07","date_gmt":"2021-02-18T17:12:07","guid":{"rendered":"https:\/\/capitaliafamiliar.es\/informes\/?p=5694"},"modified":"2021-02-18T17:12:07","modified_gmt":"2021-02-18T17:12:07","slug":"informe-diario-jueves-18-de-febrero-de-2021","status":"publish","type":"post","link":"https:\/\/capitaliafamiliar.es\/informes\/2021\/02\/18\/informe-diario-jueves-18-de-febrero-de-2021\/","title":{"rendered":"Informe Diario <br> Jueves, 18 de febrero de 2021"},"content":{"rendered":"<blockquote>\n<p style=\"text-align: justify;\"><span style=\"font-size: 16px;\"><strong>Los bancos centrales se niegan a reconocer la existencia de tensiones inflacionistas&#8230;<\/strong><\/span><\/p>\n<\/blockquote>\n<p style=\"text-align: justify;\"><span style=\"font-size: 16px;\"><strong>Los bancos centrales se niegan a reconocer la existencia de tensiones inflacionistas.<\/strong> Pese a que los mercados comienzan a temer los efectos de una inflaci\u00f3n mayor de lo esperado en 2021 y que los tipos de inter\u00e9s de mercado contin\u00faan aumentando, los bancos centrales no van a mover ficha. Tanto desde la Reserva Federal como desde el Banco Central Europeo afirman que la subida de los precios ser\u00e1 temporal y no afectar\u00e1 al crecimiento econ\u00f3mico, por lo que no ser\u00e1n necesarios ajustes en sus pol\u00edticas monetarias. Lo que es innegable es que la inflaci\u00f3n est\u00e1 al alza y que probablemente el debate estar\u00e1 encima de la mesa al menos durante la primera parte del a\u00f1o. Bajo nuestro punto de vista, el riesgo de que se descontrole la inflaci\u00f3n es a d\u00eda de hoy bajo, pero la escasa visibilidad a medio plazo de la econom\u00eda exige tener preparado un plan de contingencia por si fuera necesario. Plan en el que sin duda trabajan ya las Autoridades Monetarias aunque no se reconozca p\u00fablicamente. En lo que respecta a los mercados, <strong>la situaci\u00f3n a corto plazo de las bolsas se deteriora al tiempo que suben los tipos de mercado, aunque por ahora la tendencia de fondo contin\u00faa siendo alcista.<\/strong><\/span><\/p>\n<p style=\"text-align: justify;\"><span style=\"font-size: 16px;\"><strong>En el terreno macroecon\u00f3mico,<\/strong> datos mixtos aunque con sesgo negativo en Estados Unidos. El m\u00e1s relevante fue el dato de paro semanal, que volvi\u00f3 a repuntar con fuerza para alcanzar las 861 mil solicitudes, y adem\u00e1s se revis\u00f3 al alza el dato anterior de 793 mil a 848 mil. Las viviendas iniciadas en el mes de enero cayeron m\u00e1s de lo previsto, de 1.68 a 1.58 millones, pero los permisos de construcci\u00f3n superaron las previsiones al alcanzar los 1.88 millones, frente a los 1.70 millones de diciembre. Y por \u00faltimo, el \u00edndice de la Fed de Filadelfia baj\u00f3 de 26.5 a 23.1 puntos en febrero, ligeramente por encima de lo esperado. En la Eurozona, la confianza del consumidor mejor\u00f3 t\u00edmidamente a -14.8 puntos en febrero desde los -15.5 del mes precedente.<\/span><\/p>\n<p>&nbsp;<\/p>\n<p><img loading=\"lazy\" decoding=\"async\" data-attachment-id=\"5698\" data-permalink=\"https:\/\/capitaliafamiliar.es\/informes\/2021\/02\/18\/informe-diario-jueves-18-de-febrero-de-2021\/rv-679\/\" data-orig-file=\"https:\/\/capitaliafamiliar.es\/informes\/wp-content\/uploads\/2021\/02\/RV-13.jpg\" data-orig-size=\"336,413\" data-comments-opened=\"0\" data-image-meta=\"{&quot;aperture&quot;:&quot;0&quot;,&quot;credit&quot;:&quot;&quot;,&quot;camera&quot;:&quot;&quot;,&quot;caption&quot;:&quot;&quot;,&quot;created_timestamp&quot;:&quot;0&quot;,&quot;copyright&quot;:&quot;&quot;,&quot;focal_length&quot;:&quot;0&quot;,&quot;iso&quot;:&quot;0&quot;,&quot;shutter_speed&quot;:&quot;0&quot;,&quot;title&quot;:&quot;&quot;,&quot;orientation&quot;:&quot;0&quot;}\" data-image-title=\"RV\" data-image-description=\"\" data-image-caption=\"\" data-large-file=\"https:\/\/capitaliafamiliar.es\/informes\/wp-content\/uploads\/2021\/02\/RV-13.jpg\" class=\"alignnone size-full wp-image-5698\" src=\"https:\/\/capitaliafamiliar.es\/informes\/wp-content\/uploads\/2021\/02\/RV-13.jpg\" alt=\"\" width=\"336\" height=\"413\" srcset=\"https:\/\/capitaliafamiliar.es\/informes\/wp-content\/uploads\/2021\/02\/RV-13.jpg 336w, https:\/\/capitaliafamiliar.es\/informes\/wp-content\/uploads\/2021\/02\/RV-13-244x300.jpg 244w\" sizes=\"(max-width: 336px) 100vw, 336px\" \/><img loading=\"lazy\" decoding=\"async\" data-attachment-id=\"5699\" data-permalink=\"https:\/\/capitaliafamiliar.es\/informes\/2021\/02\/18\/informe-diario-jueves-18-de-febrero-de-2021\/rf-669\/\" data-orig-file=\"https:\/\/capitaliafamiliar.es\/informes\/wp-content\/uploads\/2021\/02\/RF-13.jpg\" data-orig-size=\"299,353\" data-comments-opened=\"0\" data-image-meta=\"{&quot;aperture&quot;:&quot;0&quot;,&quot;credit&quot;:&quot;&quot;,&quot;camera&quot;:&quot;&quot;,&quot;caption&quot;:&quot;&quot;,&quot;created_timestamp&quot;:&quot;0&quot;,&quot;copyright&quot;:&quot;&quot;,&quot;focal_length&quot;:&quot;0&quot;,&quot;iso&quot;:&quot;0&quot;,&quot;shutter_speed&quot;:&quot;0&quot;,&quot;title&quot;:&quot;&quot;,&quot;orientation&quot;:&quot;0&quot;}\" data-image-title=\"RF\" data-image-description=\"\" data-image-caption=\"\" data-large-file=\"https:\/\/capitaliafamiliar.es\/informes\/wp-content\/uploads\/2021\/02\/RF-13.jpg\" class=\"alignnone size-full wp-image-5699\" src=\"https:\/\/capitaliafamiliar.es\/informes\/wp-content\/uploads\/2021\/02\/RF-13.jpg\" alt=\"\" width=\"299\" height=\"353\" srcset=\"https:\/\/capitaliafamiliar.es\/informes\/wp-content\/uploads\/2021\/02\/RF-13.jpg 299w, https:\/\/capitaliafamiliar.es\/informes\/wp-content\/uploads\/2021\/02\/RF-13-254x300.jpg 254w\" sizes=\"(max-width: 299px) 100vw, 299px\" \/><\/p>\n<p>&nbsp;<\/p>\n<p><strong>| Agenda para ma\u00f1ana |<\/strong><\/p>\n<p><img loading=\"lazy\" decoding=\"async\" data-attachment-id=\"5696\" data-permalink=\"https:\/\/capitaliafamiliar.es\/informes\/2021\/02\/18\/informe-diario-jueves-18-de-febrero-de-2021\/ag-409\/\" data-orig-file=\"https:\/\/capitaliafamiliar.es\/informes\/wp-content\/uploads\/2021\/02\/AG-13.jpg\" data-orig-size=\"676,209\" data-comments-opened=\"0\" data-image-meta=\"{&quot;aperture&quot;:&quot;0&quot;,&quot;credit&quot;:&quot;&quot;,&quot;camera&quot;:&quot;&quot;,&quot;caption&quot;:&quot;&quot;,&quot;created_timestamp&quot;:&quot;0&quot;,&quot;copyright&quot;:&quot;&quot;,&quot;focal_length&quot;:&quot;0&quot;,&quot;iso&quot;:&quot;0&quot;,&quot;shutter_speed&quot;:&quot;0&quot;,&quot;title&quot;:&quot;&quot;,&quot;orientation&quot;:&quot;0&quot;}\" data-image-title=\"AG\" data-image-description=\"\" data-image-caption=\"\" data-large-file=\"https:\/\/capitaliafamiliar.es\/informes\/wp-content\/uploads\/2021\/02\/AG-13.jpg\" class=\"alignnone size-full wp-image-5696\" src=\"https:\/\/capitaliafamiliar.es\/informes\/wp-content\/uploads\/2021\/02\/AG-13.jpg\" alt=\"\" width=\"676\" height=\"209\" srcset=\"https:\/\/capitaliafamiliar.es\/informes\/wp-content\/uploads\/2021\/02\/AG-13.jpg 676w, https:\/\/capitaliafamiliar.es\/informes\/wp-content\/uploads\/2021\/02\/AG-13-300x93.jpg 300w\" sizes=\"(max-width: 676px) 100vw, 676px\" \/><\/p>\n<p>&nbsp;<\/p>\n<p style=\"text-align: center;\"><strong>Solicite informaci\u00f3n sobre nuestros servicios de asesoramiento financiero<\/strong><\/p>\n<p style=\"text-align: center;\">Si necesita ayuda para el cuidado de su patrimonio, no dude en ponerse en contacto con nosotros,<\/p>\n<p style=\"text-align: center;\">sin compromiso.<\/p>\n<p style=\"text-align: center;\">Tel\u00e9fono:\u00a0\u00a0 91 770\u00a0 22 84<\/p>\n<p style=\"text-align: center;\">Correo electr\u00f3nico:\u00a0\u00a0 capitaliafamiliar@capitaliafamiliar.es<\/p>\n","protected":false},"excerpt":{"rendered":"<p>Los bancos centrales se niegan a reconocer la existencia de tensiones inflacionistas&hellip; Los bancos centrales se niegan a reconocer la existencia de tensiones inflacionistas. Pese a que los mercados comienzan a temer los efectos de una inflaci&oacute;n mayor de lo esperado en 2021 y que los tipos de inter&eacute;s de mercado contin&uacute;an aumentando, los bancos [&hellip;]<\/p>\n","protected":false},"author":2,"featured_media":2525,"comment_status":"closed","ping_status":"closed","sticky":false,"template":"","format":"standard","meta":{"_et_pb_use_builder":"","_et_pb_old_content":"","_et_gb_content_width":"","jetpack_post_was_ever_published":false,"_jetpack_newsletter_access":"","_jetpack_dont_email_post_to_subs":false,"_jetpack_newsletter_tier_id":0,"_jetpack_memberships_contains_paywalled_content":false,"_jetpack_memberships_contains_paid_content":false,"footnotes":""},"categories":[1],"tags":[],"class_list":["post-5694","post","type-post","status-publish","format-standard","has-post-thumbnail","hentry","category-informediario"],"jetpack_featured_media_url":"https:\/\/capitaliafamiliar.es\/informes\/wp-content\/uploads\/2019\/08\/informediario2.png","jetpack_shortlink":"https:\/\/wp.me\/pa2IGq-1tQ","jetpack-related-posts":[{"id":7352,"url":"https:\/\/capitaliafamiliar.es\/informes\/2021\/12\/14\/han-infravalorado-los-bancos-centrales-las-tensiones-inflacionistas\/","url_meta":{"origin":5694,"position":0},"title":"\u00bfHan infravalorado los bancos centrales las tensiones inflacionistas?","author":"Capitalia Familiar","date":"14 de diciembre de 2021","format":false,"excerpt":"Informe diario del martes, 14 de diciembre de 2021 \u00bfHan infravalorado los bancos centrales las tensiones inflacionistas? La dificultad para predecir la evoluci\u00f3n de los precios en un contexto de fuerte recuperaci\u00f3n por la reapertura de las econom\u00edas y las ingentes inyecciones monetarias y fiscales, ha terminado sorprendiendo a los\u2026","rel":"","context":"En \u00abInforme Diario\u00bb","block_context":{"text":"Informe Diario","link":"https:\/\/capitaliafamiliar.es\/informes\/category\/informediario\/"},"img":{"alt_text":"","src":"https:\/\/i0.wp.com\/capitaliafamiliar.es\/informes\/wp-content\/uploads\/2019\/08\/informediario2.png?resize=350%2C200&ssl=1","width":350,"height":200,"srcset":"https:\/\/i0.wp.com\/capitaliafamiliar.es\/informes\/wp-content\/uploads\/2019\/08\/informediario2.png?resize=350%2C200&ssl=1 1x, https:\/\/i0.wp.com\/capitaliafamiliar.es\/informes\/wp-content\/uploads\/2019\/08\/informediario2.png?resize=525%2C300&ssl=1 1.5x, https:\/\/i0.wp.com\/capitaliafamiliar.es\/informes\/wp-content\/uploads\/2019\/08\/informediario2.png?resize=700%2C400&ssl=1 2x"},"classes":[]},{"id":9526,"url":"https:\/\/capitaliafamiliar.es\/informes\/2023\/06\/07\/los-bancos-centrales-son-conscientes-de-que-los-riesgos-inflacionistas-no-han-desaparecido-pese-al-optimismo-del-mercado\/","url_meta":{"origin":5694,"position":1},"title":"Los bancos centrales son conscientes de que los riesgos inflacionistas no han desaparecido pese al optimismo del mercado","author":"Capitalia Familiar","date":"7 de junio de 2023","format":false,"excerpt":"Informe diario del mi\u00e9rcoles, 7 de junio de 2023 \u00a0 Sinopsis Hoy en los mercados Nueva jornada de transici\u00f3n en los mercados. An\u00e1lisis de situaci\u00f3n Los mercados infravaloran los riesgos derivados de la inflaci\u00f3n. Mucha atenci\u00f3n a la inflaci\u00f3n estadounidense y a las reuniones de los bancos centrales de la\u2026","rel":"","context":"En \u00abInforme Diario Privado\u00bb","block_context":{"text":"Informe Diario Privado","link":"https:\/\/capitaliafamiliar.es\/informes\/category\/informe-diario-privado\/"},"img":{"alt_text":"","src":"https:\/\/i0.wp.com\/capitaliafamiliar.es\/informes\/wp-content\/uploads\/2019\/08\/informediario2.png?resize=350%2C200&ssl=1","width":350,"height":200,"srcset":"https:\/\/i0.wp.com\/capitaliafamiliar.es\/informes\/wp-content\/uploads\/2019\/08\/informediario2.png?resize=350%2C200&ssl=1 1x, https:\/\/i0.wp.com\/capitaliafamiliar.es\/informes\/wp-content\/uploads\/2019\/08\/informediario2.png?resize=525%2C300&ssl=1 1.5x, https:\/\/i0.wp.com\/capitaliafamiliar.es\/informes\/wp-content\/uploads\/2019\/08\/informediario2.png?resize=700%2C400&ssl=1 2x"},"classes":[]},{"id":9530,"url":"https:\/\/capitaliafamiliar.es\/informes\/2023\/06\/07\/los-bancos-centrales-son-conscientes-de-que-los-riesgos-inflacionistas-no-han-desaparecido-pese-al-optimismo-del-mercado-2\/","url_meta":{"origin":5694,"position":2},"title":"Los bancos centrales son conscientes de que los riesgos inflacionistas no han desaparecido pese al optimismo del mercado","author":"Capitalia Familiar","date":"7 de junio de 2023","format":false,"excerpt":"Informe diario del mi\u00e9rcoles, 7 de junio de 2023 \u00a0 Sinopsis Hoy en los mercados Nueva jornada de transici\u00f3n en los mercados. An\u00e1lisis de situaci\u00f3n Los mercados infravaloran los riesgos derivados de la inflaci\u00f3n. Mucha atenci\u00f3n a la inflaci\u00f3n estadounidense y a las reuniones de los bancos centrales de la\u2026","rel":"","context":"En \u00abInforme Diario\u00bb","block_context":{"text":"Informe Diario","link":"https:\/\/capitaliafamiliar.es\/informes\/category\/informediario\/"},"img":{"alt_text":"","src":"https:\/\/i0.wp.com\/capitaliafamiliar.es\/informes\/wp-content\/uploads\/2019\/08\/informediario2.png?resize=350%2C200&ssl=1","width":350,"height":200,"srcset":"https:\/\/i0.wp.com\/capitaliafamiliar.es\/informes\/wp-content\/uploads\/2019\/08\/informediario2.png?resize=350%2C200&ssl=1 1x, https:\/\/i0.wp.com\/capitaliafamiliar.es\/informes\/wp-content\/uploads\/2019\/08\/informediario2.png?resize=525%2C300&ssl=1 1.5x, https:\/\/i0.wp.com\/capitaliafamiliar.es\/informes\/wp-content\/uploads\/2019\/08\/informediario2.png?resize=700%2C400&ssl=1 2x"},"classes":[]},{"id":6775,"url":"https:\/\/capitaliafamiliar.es\/informes\/2021\/08\/31\/informe-diario-martes-31-de-agosto-de-2021\/","url_meta":{"origin":5694,"position":3},"title":"Informe Diario  Martes, 31 de agosto de 2021","author":"Capitalia Familiar","date":"31 de agosto de 2021","format":false,"excerpt":"Las crecientes presiones inflacionistas condicionar\u00e1n la agenda de los principales bancos centrales al comienzo de este nuevo curso... Las crecientes presiones inflacionistas condicionar\u00e1n la agenda de los principales bancos centrales al comienzo de este nuevo curso.\u00a0La inflaci\u00f3n de la Eurozona aument\u00f3 m\u00e1s de lo previsto en el mes de agosto,\u2026","rel":"","context":"En \u00abInforme Diario\u00bb","block_context":{"text":"Informe Diario","link":"https:\/\/capitaliafamiliar.es\/informes\/category\/informediario\/"},"img":{"alt_text":"","src":"https:\/\/i0.wp.com\/capitaliafamiliar.es\/informes\/wp-content\/uploads\/2019\/08\/informediario2.png?resize=350%2C200&ssl=1","width":350,"height":200,"srcset":"https:\/\/i0.wp.com\/capitaliafamiliar.es\/informes\/wp-content\/uploads\/2019\/08\/informediario2.png?resize=350%2C200&ssl=1 1x, https:\/\/i0.wp.com\/capitaliafamiliar.es\/informes\/wp-content\/uploads\/2019\/08\/informediario2.png?resize=525%2C300&ssl=1 1.5x, https:\/\/i0.wp.com\/capitaliafamiliar.es\/informes\/wp-content\/uploads\/2019\/08\/informediario2.png?resize=700%2C400&ssl=1 2x"},"classes":[]},{"id":5708,"url":"https:\/\/capitaliafamiliar.es\/informes\/2021\/02\/22\/analisis-del-fin-de-semana-20-y-21-de-febrero-de-2021\/","url_meta":{"origin":5694,"position":4},"title":"An\u00e1lisis del fin de semana  20 y 21 de febrero de 2021","author":"Capitalia Familiar","date":"22 de febrero de 2021","format":false,"excerpt":"Para que la inflaci\u00f3n sea una preocupaci\u00f3n ahora, la percepci\u00f3n sobre los verdaderos problemas de fondo debe estar mejorando muy r\u00e1pidamente... Conclusiones del an\u00e1lisis del fin de semana: Los bancos centrales tienen raz\u00f3n: la inflaci\u00f3n no es un problema. La ca\u00edda de los mercados de renta fija apenas acaba de\u2026","rel":"","context":"En \u00abInforme Diario\u00bb","block_context":{"text":"Informe Diario","link":"https:\/\/capitaliafamiliar.es\/informes\/category\/informediario\/"},"img":{"alt_text":"","src":"https:\/\/i0.wp.com\/capitaliafamiliar.es\/informes\/wp-content\/uploads\/2021\/02\/comentarioespecial.png?resize=350%2C200&ssl=1","width":350,"height":200,"srcset":"https:\/\/i0.wp.com\/capitaliafamiliar.es\/informes\/wp-content\/uploads\/2021\/02\/comentarioespecial.png?resize=350%2C200&ssl=1 1x, https:\/\/i0.wp.com\/capitaliafamiliar.es\/informes\/wp-content\/uploads\/2021\/02\/comentarioespecial.png?resize=525%2C300&ssl=1 1.5x, https:\/\/i0.wp.com\/capitaliafamiliar.es\/informes\/wp-content\/uploads\/2021\/02\/comentarioespecial.png?resize=700%2C400&ssl=1 2x"},"classes":[]},{"id":6825,"url":"https:\/\/capitaliafamiliar.es\/informes\/2021\/09\/08\/informe-diario-miercoles-8-de-septiembre-de-2021\/","url_meta":{"origin":5694,"position":5},"title":"Informe Diario  Mi\u00e9rcoles, 8 de septiembre de 2021","author":"Capitalia Familiar","date":"8 de septiembre de 2021","format":false,"excerpt":"Los bancos centrales contin\u00faan siendo el mayor foco de incertidumbre para los mercados... \u00a0 Los bancos centrales contin\u00faan siendo el mayor foco de incertidumbre para los mercados. La Reserva Federal no es el \u00fanico banco central que empieza a planear la normalizaci\u00f3n monetaria. Ma\u00f1ana, el Banco Central Europeo celebra su\u2026","rel":"","context":"En \u00abInforme Diario\u00bb","block_context":{"text":"Informe Diario","link":"https:\/\/capitaliafamiliar.es\/informes\/category\/informediario\/"},"img":{"alt_text":"","src":"https:\/\/i0.wp.com\/capitaliafamiliar.es\/informes\/wp-content\/uploads\/2019\/08\/informediario2.png?resize=350%2C200&ssl=1","width":350,"height":200,"srcset":"https:\/\/i0.wp.com\/capitaliafamiliar.es\/informes\/wp-content\/uploads\/2019\/08\/informediario2.png?resize=350%2C200&ssl=1 1x, https:\/\/i0.wp.com\/capitaliafamiliar.es\/informes\/wp-content\/uploads\/2019\/08\/informediario2.png?resize=525%2C300&ssl=1 1.5x, https:\/\/i0.wp.com\/capitaliafamiliar.es\/informes\/wp-content\/uploads\/2019\/08\/informediario2.png?resize=700%2C400&ssl=1 2x"},"classes":[]}],"jetpack_sharing_enabled":true,"_links":{"self":[{"href":"https:\/\/capitaliafamiliar.es\/informes\/wp-json\/wp\/v2\/posts\/5694","targetHints":{"allow":["GET"]}}],"collection":[{"href":"https:\/\/capitaliafamiliar.es\/informes\/wp-json\/wp\/v2\/posts"}],"about":[{"href":"https:\/\/capitaliafamiliar.es\/informes\/wp-json\/wp\/v2\/types\/post"}],"author":[{"embeddable":true,"href":"https:\/\/capitaliafamiliar.es\/informes\/wp-json\/wp\/v2\/users\/2"}],"replies":[{"embeddable":true,"href":"https:\/\/capitaliafamiliar.es\/informes\/wp-json\/wp\/v2\/comments?post=5694"}],"version-history":[{"count":3,"href":"https:\/\/capitaliafamiliar.es\/informes\/wp-json\/wp\/v2\/posts\/5694\/revisions"}],"predecessor-version":[{"id":5700,"href":"https:\/\/capitaliafamiliar.es\/informes\/wp-json\/wp\/v2\/posts\/5694\/revisions\/5700"}],"wp:featuredmedia":[{"embeddable":true,"href":"https:\/\/capitaliafamiliar.es\/informes\/wp-json\/wp\/v2\/media\/2525"}],"wp:attachment":[{"href":"https:\/\/capitaliafamiliar.es\/informes\/wp-json\/wp\/v2\/media?parent=5694"}],"wp:term":[{"taxonomy":"category","embeddable":true,"href":"https:\/\/capitaliafamiliar.es\/informes\/wp-json\/wp\/v2\/categories?post=5694"},{"taxonomy":"post_tag","embeddable":true,"href":"https:\/\/capitaliafamiliar.es\/informes\/wp-json\/wp\/v2\/tags?post=5694"}],"curies":[{"name":"wp","href":"https:\/\/api.w.org\/{rel}","templated":true}]}}