{"id":5710,"date":"2021-02-22T17:13:07","date_gmt":"2021-02-22T17:13:07","guid":{"rendered":"https:\/\/capitaliafamiliar.es\/informes\/?p=5710"},"modified":"2021-02-22T17:13:07","modified_gmt":"2021-02-22T17:13:07","slug":"informe-diario-lunes-22-de-febrero-de-2021","status":"publish","type":"post","link":"https:\/\/capitaliafamiliar.es\/informes\/2021\/02\/22\/informe-diario-lunes-22-de-febrero-de-2021\/","title":{"rendered":"Informe Diario <br> Lunes, 22 de febrero de 2021"},"content":{"rendered":"<blockquote>\n<p style=\"text-align: justify;\"><span style=\"font-size: 16px;\"><strong>La subida de los tipos de inter\u00e9s de mercado se convierte en un factor de preocupaci\u00f3n creciente&#8230;<\/strong><\/span><\/p>\n<\/blockquote>\n<p style=\"text-align: justify;\"><span style=\"font-size: 16px;\"><strong>La subida de los tipos de inter\u00e9s de mercado se convierte en un factor de preocupaci\u00f3n creciente.<\/strong> Como venimos indicando d\u00edas atr\u00e1s, los temores a un alza de la inflaci\u00f3n, que a nuestro entender no deber\u00eda suponer un problema para la recuperaci\u00f3n econ\u00f3mica en curso, ha provocado p\u00e9rdidas significativas en este inicio de ejercicio para la renta fija y en consecuencia una subida de los tipos de mercado. La renta fija estaba en niveles hist\u00f3ricamente bajos (buena parte de ella incluso cotizando en negativo) debido a la intervenci\u00f3n de los bancos centrales, pero en un entorno de escalada de la inflaci\u00f3n, no es de extra\u00f1ar que se produzcan ca\u00eddas en los mercados de deuda. Y hay que a\u00f1adir que este proceso de normalizaci\u00f3n del mercado de renta fija podr\u00eda ser largo y doloroso, pues no debemos olvidar que la renta fija presenta desde hace tiempo un binomio rentabilidad-riesgo muy poco atractivo (poco que ganar y mucho que perder). Por supuesto, los bancos centrales acudir\u00e1n al rescate de la renta fija para amortiguar (que no revertir) la ca\u00edda cuando comience a suponer un lastre para la recuperaci\u00f3n o para los mercados, pero este proceso solo acaba de comenzar. El mercado espera con atenci\u00f3n la visi\u00f3n al respecto de los bancos centrales, ya que solo Christine Lagarde del Banco Central Europeo ha indicado que la entidad que preside monitorizar\u00e1 la evoluci\u00f3n de los tipos, aunque por ahora sin mostrar por ahora preocupaci\u00f3n al respecto. Pese a la pasividad mostrada hasta la fecha, <strong>los bancos centrales no permitir\u00e1n una ca\u00edda desordenada de la renta fija que pudiera amenazar la recuperaci\u00f3n econ\u00f3mica, pero el proceso de normalizaci\u00f3n en la renta fija parece inevitable. Esto no tiene por qu\u00e9 suponer que se trunque la tendencia alcista de las bolsas, pero el entorno cambiante e incierto sigue haciendo necesaria una vigilancia estrecha de los mercados.<\/strong><\/span><\/p>\n<p style=\"text-align: justify;\"><span style=\"font-size: 16px;\"><strong>En el terreno macroecon\u00f3mico,<\/strong> el \u00edndice IFO de clima empresarial alem\u00e1n subi\u00f3 en el mes de febrero hasta 92.4 puntos desde los 90.3 anteriores, mejorando adem\u00e1s las previsiones. En Estados Unidos, el \u00edndice de indicadores l\u00edderes del mes de enero subi\u00f3 un +0.5% con respecto al mes anterior, superando expectativas.<\/span><\/p>\n<p>&nbsp;<\/p>\n<p><img loading=\"lazy\" decoding=\"async\" data-attachment-id=\"5713\" data-permalink=\"https:\/\/capitaliafamiliar.es\/informes\/2021\/02\/22\/informe-diario-lunes-22-de-febrero-de-2021\/rv-681\/\" data-orig-file=\"https:\/\/capitaliafamiliar.es\/informes\/wp-content\/uploads\/2021\/02\/RV-15.jpg\" data-orig-size=\"336,413\" data-comments-opened=\"0\" data-image-meta=\"{&quot;aperture&quot;:&quot;0&quot;,&quot;credit&quot;:&quot;&quot;,&quot;camera&quot;:&quot;&quot;,&quot;caption&quot;:&quot;&quot;,&quot;created_timestamp&quot;:&quot;0&quot;,&quot;copyright&quot;:&quot;&quot;,&quot;focal_length&quot;:&quot;0&quot;,&quot;iso&quot;:&quot;0&quot;,&quot;shutter_speed&quot;:&quot;0&quot;,&quot;title&quot;:&quot;&quot;,&quot;orientation&quot;:&quot;0&quot;}\" data-image-title=\"RV\" data-image-description=\"\" data-image-caption=\"\" data-large-file=\"https:\/\/capitaliafamiliar.es\/informes\/wp-content\/uploads\/2021\/02\/RV-15.jpg\" class=\"alignnone size-full wp-image-5713\" src=\"https:\/\/capitaliafamiliar.es\/informes\/wp-content\/uploads\/2021\/02\/RV-15.jpg\" alt=\"\" width=\"336\" height=\"413\" srcset=\"https:\/\/capitaliafamiliar.es\/informes\/wp-content\/uploads\/2021\/02\/RV-15.jpg 336w, https:\/\/capitaliafamiliar.es\/informes\/wp-content\/uploads\/2021\/02\/RV-15-244x300.jpg 244w\" sizes=\"(max-width: 336px) 100vw, 336px\" \/><img loading=\"lazy\" decoding=\"async\" data-attachment-id=\"5714\" data-permalink=\"https:\/\/capitaliafamiliar.es\/informes\/2021\/02\/22\/informe-diario-lunes-22-de-febrero-de-2021\/rf-671\/\" data-orig-file=\"https:\/\/capitaliafamiliar.es\/informes\/wp-content\/uploads\/2021\/02\/RF-15.jpg\" data-orig-size=\"299,353\" data-comments-opened=\"0\" data-image-meta=\"{&quot;aperture&quot;:&quot;0&quot;,&quot;credit&quot;:&quot;&quot;,&quot;camera&quot;:&quot;&quot;,&quot;caption&quot;:&quot;&quot;,&quot;created_timestamp&quot;:&quot;0&quot;,&quot;copyright&quot;:&quot;&quot;,&quot;focal_length&quot;:&quot;0&quot;,&quot;iso&quot;:&quot;0&quot;,&quot;shutter_speed&quot;:&quot;0&quot;,&quot;title&quot;:&quot;&quot;,&quot;orientation&quot;:&quot;0&quot;}\" data-image-title=\"RF\" data-image-description=\"\" data-image-caption=\"\" data-large-file=\"https:\/\/capitaliafamiliar.es\/informes\/wp-content\/uploads\/2021\/02\/RF-15.jpg\" class=\"alignnone size-full wp-image-5714\" src=\"https:\/\/capitaliafamiliar.es\/informes\/wp-content\/uploads\/2021\/02\/RF-15.jpg\" alt=\"\" width=\"299\" height=\"353\" srcset=\"https:\/\/capitaliafamiliar.es\/informes\/wp-content\/uploads\/2021\/02\/RF-15.jpg 299w, https:\/\/capitaliafamiliar.es\/informes\/wp-content\/uploads\/2021\/02\/RF-15-254x300.jpg 254w\" sizes=\"(max-width: 299px) 100vw, 299px\" \/><\/p>\n<p>&nbsp;<\/p>\n<p><strong>| Agenda para ma\u00f1ana |<\/strong><\/p>\n<p><img loading=\"lazy\" decoding=\"async\" data-attachment-id=\"5711\" data-permalink=\"https:\/\/capitaliafamiliar.es\/informes\/2021\/02\/22\/informe-diario-lunes-22-de-febrero-de-2021\/ag-411\/\" data-orig-file=\"https:\/\/capitaliafamiliar.es\/informes\/wp-content\/uploads\/2021\/02\/AG-15.jpg\" data-orig-size=\"676,79\" data-comments-opened=\"0\" data-image-meta=\"{&quot;aperture&quot;:&quot;0&quot;,&quot;credit&quot;:&quot;&quot;,&quot;camera&quot;:&quot;&quot;,&quot;caption&quot;:&quot;&quot;,&quot;created_timestamp&quot;:&quot;0&quot;,&quot;copyright&quot;:&quot;&quot;,&quot;focal_length&quot;:&quot;0&quot;,&quot;iso&quot;:&quot;0&quot;,&quot;shutter_speed&quot;:&quot;0&quot;,&quot;title&quot;:&quot;&quot;,&quot;orientation&quot;:&quot;0&quot;}\" data-image-title=\"AG\" data-image-description=\"\" data-image-caption=\"\" data-large-file=\"https:\/\/capitaliafamiliar.es\/informes\/wp-content\/uploads\/2021\/02\/AG-15.jpg\" class=\"alignnone size-full wp-image-5711\" src=\"https:\/\/capitaliafamiliar.es\/informes\/wp-content\/uploads\/2021\/02\/AG-15.jpg\" alt=\"\" width=\"676\" height=\"79\" srcset=\"https:\/\/capitaliafamiliar.es\/informes\/wp-content\/uploads\/2021\/02\/AG-15.jpg 676w, https:\/\/capitaliafamiliar.es\/informes\/wp-content\/uploads\/2021\/02\/AG-15-300x35.jpg 300w\" sizes=\"(max-width: 676px) 100vw, 676px\" \/><\/p>\n<p>&nbsp;<\/p>\n<p style=\"text-align: center;\"><strong>Solicite informaci\u00f3n sobre nuestros servicios de asesoramiento financiero<\/strong><\/p>\n<p style=\"text-align: center;\">Si necesita ayuda para el cuidado de su patrimonio, no dude en ponerse en contacto con nosotros,<\/p>\n<p style=\"text-align: center;\">sin compromiso.<\/p>\n<p style=\"text-align: center;\">Tel\u00e9fono:\u00a0\u00a0 91 770\u00a0 22 84<\/p>\n<p style=\"text-align: center;\">Correo electr\u00f3nico:\u00a0\u00a0 capitaliafamiliar@capitaliafamiliar.es<\/p>\n","protected":false},"excerpt":{"rendered":"<p>La subida de los tipos de inter&eacute;s de mercado se convierte en un factor de preocupaci&oacute;n creciente&hellip; La subida de los tipos de inter&eacute;s de mercado se convierte en un factor de preocupaci&oacute;n creciente. Como venimos indicando d&iacute;as atr&aacute;s, los temores a un alza de la inflaci&oacute;n, que a nuestro entender no deber&iacute;a suponer un [&hellip;]<\/p>\n","protected":false},"author":2,"featured_media":2525,"comment_status":"closed","ping_status":"closed","sticky":false,"template":"","format":"standard","meta":{"_et_pb_use_builder":"","_et_pb_old_content":"","_et_gb_content_width":"","jetpack_post_was_ever_published":false,"_jetpack_newsletter_access":"","_jetpack_dont_email_post_to_subs":false,"_jetpack_newsletter_tier_id":0,"_jetpack_memberships_contains_paywalled_content":false,"_jetpack_memberships_contains_paid_content":false,"footnotes":""},"categories":[1],"tags":[],"class_list":["post-5710","post","type-post","status-publish","format-standard","has-post-thumbnail","hentry","category-informediario"],"jetpack_featured_media_url":"https:\/\/capitaliafamiliar.es\/informes\/wp-content\/uploads\/2019\/08\/informediario2.png","jetpack_shortlink":"https:\/\/wp.me\/pa2IGq-1u6","jetpack-related-posts":[{"id":5729,"url":"https:\/\/capitaliafamiliar.es\/informes\/2021\/02\/25\/informe-diario-jueves-25-de-febrero-de-2021\/","url_meta":{"origin":5710,"position":0},"title":"Informe Diario  Jueves, 25 de febrero de 2021","author":"Capitalia Familiar","date":"25 de febrero de 2021","format":false,"excerpt":"La subida de los tipos de inter\u00e9s de mercado obligar\u00e1 a actuar a la Reserva Federal... La subida de los tipos de inter\u00e9s de mercado obligar\u00e1 a actuar a la Reserva Federal. Desde la Fed, tanto el presidente Jerome Powell como algunos de sus miembros, han dejado claro que no\u2026","rel":"","context":"En \u00abInforme Diario\u00bb","block_context":{"text":"Informe Diario","link":"https:\/\/capitaliafamiliar.es\/informes\/category\/informediario\/"},"img":{"alt_text":"","src":"https:\/\/i0.wp.com\/capitaliafamiliar.es\/informes\/wp-content\/uploads\/2019\/08\/informediario2.png?resize=350%2C200&ssl=1","width":350,"height":200,"srcset":"https:\/\/i0.wp.com\/capitaliafamiliar.es\/informes\/wp-content\/uploads\/2019\/08\/informediario2.png?resize=350%2C200&ssl=1 1x, https:\/\/i0.wp.com\/capitaliafamiliar.es\/informes\/wp-content\/uploads\/2019\/08\/informediario2.png?resize=525%2C300&ssl=1 1.5x, https:\/\/i0.wp.com\/capitaliafamiliar.es\/informes\/wp-content\/uploads\/2019\/08\/informediario2.png?resize=700%2C400&ssl=1 2x"},"classes":[]},{"id":5708,"url":"https:\/\/capitaliafamiliar.es\/informes\/2021\/02\/22\/analisis-del-fin-de-semana-20-y-21-de-febrero-de-2021\/","url_meta":{"origin":5710,"position":1},"title":"An\u00e1lisis del fin de semana  20 y 21 de febrero de 2021","author":"Capitalia Familiar","date":"22 de febrero de 2021","format":false,"excerpt":"Para que la inflaci\u00f3n sea una preocupaci\u00f3n ahora, la percepci\u00f3n sobre los verdaderos problemas de fondo debe estar mejorando muy r\u00e1pidamente... Conclusiones del an\u00e1lisis del fin de semana: Los bancos centrales tienen raz\u00f3n: la inflaci\u00f3n no es un problema. La ca\u00edda de los mercados de renta fija apenas acaba de\u2026","rel":"","context":"En \u00abInforme Diario\u00bb","block_context":{"text":"Informe Diario","link":"https:\/\/capitaliafamiliar.es\/informes\/category\/informediario\/"},"img":{"alt_text":"","src":"https:\/\/i0.wp.com\/capitaliafamiliar.es\/informes\/wp-content\/uploads\/2021\/02\/comentarioespecial.png?resize=350%2C200&ssl=1","width":350,"height":200,"srcset":"https:\/\/i0.wp.com\/capitaliafamiliar.es\/informes\/wp-content\/uploads\/2021\/02\/comentarioespecial.png?resize=350%2C200&ssl=1 1x, https:\/\/i0.wp.com\/capitaliafamiliar.es\/informes\/wp-content\/uploads\/2021\/02\/comentarioespecial.png?resize=525%2C300&ssl=1 1.5x, https:\/\/i0.wp.com\/capitaliafamiliar.es\/informes\/wp-content\/uploads\/2021\/02\/comentarioespecial.png?resize=700%2C400&ssl=1 2x"},"classes":[]},{"id":5856,"url":"https:\/\/capitaliafamiliar.es\/informes\/2021\/03\/18\/informe-diario-jueves-18-de-marzo-de-2021\/","url_meta":{"origin":5710,"position":2},"title":"Informe Diario  Jueves, 18 de marzo de 2021","author":"Capitalia Familiar","date":"18 de marzo de 2021","format":false,"excerpt":"\u00bfY ahora qu\u00e9? El mensaje de la Fed no convence al mercado y se profundizan las ca\u00eddas en la renta fija... \u00bfY ahora qu\u00e9? El mensaje de la Fed no convence al mercado y se profundizan las ca\u00eddas en la renta fija. La Reserva Federal mostr\u00f3 su cara m\u00e1s dovish\u2026","rel":"","context":"En \u00abInforme Diario\u00bb","block_context":{"text":"Informe Diario","link":"https:\/\/capitaliafamiliar.es\/informes\/category\/informediario\/"},"img":{"alt_text":"","src":"https:\/\/i0.wp.com\/capitaliafamiliar.es\/informes\/wp-content\/uploads\/2019\/08\/informediario2.png?resize=350%2C200&ssl=1","width":350,"height":200,"srcset":"https:\/\/i0.wp.com\/capitaliafamiliar.es\/informes\/wp-content\/uploads\/2019\/08\/informediario2.png?resize=350%2C200&ssl=1 1x, https:\/\/i0.wp.com\/capitaliafamiliar.es\/informes\/wp-content\/uploads\/2019\/08\/informediario2.png?resize=525%2C300&ssl=1 1.5x, https:\/\/i0.wp.com\/capitaliafamiliar.es\/informes\/wp-content\/uploads\/2019\/08\/informediario2.png?resize=700%2C400&ssl=1 2x"},"classes":[]},{"id":5841,"url":"https:\/\/capitaliafamiliar.es\/informes\/2021\/03\/16\/informe-diario-martes-16-de-marzo-de-2021\/","url_meta":{"origin":5710,"position":3},"title":"Informe Diario  Martes, 16 de marzo de 2021","author":"Capitalia Familiar","date":"16 de marzo de 2021","format":false,"excerpt":"\u00bfEspera el mercado un movimiento por parte de la Reserva Federal?... \u00bfEspera el mercado un movimiento por parte de la Reserva Federal? Los mercados han vivido en las \u00faltimas semanas con la incertidumbre creciente de la subida de los tipos de inter\u00e9s de mercado y el temor a un alza\u2026","rel":"","context":"En \u00abInforme Diario\u00bb","block_context":{"text":"Informe Diario","link":"https:\/\/capitaliafamiliar.es\/informes\/category\/informediario\/"},"img":{"alt_text":"","src":"https:\/\/i0.wp.com\/capitaliafamiliar.es\/informes\/wp-content\/uploads\/2019\/08\/informediario2.png?resize=350%2C200&ssl=1","width":350,"height":200,"srcset":"https:\/\/i0.wp.com\/capitaliafamiliar.es\/informes\/wp-content\/uploads\/2019\/08\/informediario2.png?resize=350%2C200&ssl=1 1x, https:\/\/i0.wp.com\/capitaliafamiliar.es\/informes\/wp-content\/uploads\/2019\/08\/informediario2.png?resize=525%2C300&ssl=1 1.5x, https:\/\/i0.wp.com\/capitaliafamiliar.es\/informes\/wp-content\/uploads\/2019\/08\/informediario2.png?resize=700%2C400&ssl=1 2x"},"classes":[]},{"id":5812,"url":"https:\/\/capitaliafamiliar.es\/informes\/2021\/03\/12\/informe-diario-viernes-12-de-marzo-de-2021\/","url_meta":{"origin":5710,"position":4},"title":"Informe Diario  Viernes, 12 de marzo de 2021","author":"Capitalia Familiar","date":"12 de marzo de 2021","format":false,"excerpt":"Los mercados presionan a la Reserva Federal para que act\u00fae... Los mercados presionan a la Reserva Federal para que act\u00fae. Parec\u00eda que los tipos de inter\u00e9s hab\u00edan frenado su escalada tras la publicaci\u00f3n de los datos de inflaci\u00f3n del mes de febrero, las palabras tranquilizadoras de la Secretaria del Tesoro\u2026","rel":"","context":"En \u00abInforme Diario\u00bb","block_context":{"text":"Informe Diario","link":"https:\/\/capitaliafamiliar.es\/informes\/category\/informediario\/"},"img":{"alt_text":"","src":"https:\/\/i0.wp.com\/capitaliafamiliar.es\/informes\/wp-content\/uploads\/2019\/08\/informediario2.png?resize=350%2C200&ssl=1","width":350,"height":200,"srcset":"https:\/\/i0.wp.com\/capitaliafamiliar.es\/informes\/wp-content\/uploads\/2019\/08\/informediario2.png?resize=350%2C200&ssl=1 1x, https:\/\/i0.wp.com\/capitaliafamiliar.es\/informes\/wp-content\/uploads\/2019\/08\/informediario2.png?resize=525%2C300&ssl=1 1.5x, https:\/\/i0.wp.com\/capitaliafamiliar.es\/informes\/wp-content\/uploads\/2019\/08\/informediario2.png?resize=700%2C400&ssl=1 2x"},"classes":[]},{"id":816,"url":"https:\/\/capitaliafamiliar.es\/informes\/2018\/10\/05\/informe-diario-viernes-5-de-octubre-de-2018\/","url_meta":{"origin":5710,"position":5},"title":"Informe Diario  Viernes, 5 de octubre de 2018","author":"Capitalia Familiar","date":"5 de octubre de 2018","format":false,"excerpt":"| Visi\u00f3n de conjunto | A vueltas con los tipos de inter\u00e9s, el crecimiento y la inflaci\u00f3n. En un momento en que los mercados sufren la presi\u00f3n de unos tipos de mercado al alza (la TIR del bono estadounidense a 10 a\u00f1os se encuentra ya en torno al 3.23%), el\u2026","rel":"","context":"En \u00abInforme Diario\u00bb","block_context":{"text":"Informe Diario","link":"https:\/\/capitaliafamiliar.es\/informes\/category\/informediario\/"},"img":{"alt_text":"","src":"https:\/\/i0.wp.com\/capitaliafamiliar.es\/informes\/wp-content\/uploads\/2018\/07\/informediario2.png?resize=350%2C200&ssl=1","width":350,"height":200,"srcset":"https:\/\/i0.wp.com\/capitaliafamiliar.es\/informes\/wp-content\/uploads\/2018\/07\/informediario2.png?resize=350%2C200&ssl=1 1x, https:\/\/i0.wp.com\/capitaliafamiliar.es\/informes\/wp-content\/uploads\/2018\/07\/informediario2.png?resize=525%2C300&ssl=1 1.5x, https:\/\/i0.wp.com\/capitaliafamiliar.es\/informes\/wp-content\/uploads\/2018\/07\/informediario2.png?resize=700%2C400&ssl=1 2x"},"classes":[]}],"jetpack_sharing_enabled":true,"_links":{"self":[{"href":"https:\/\/capitaliafamiliar.es\/informes\/wp-json\/wp\/v2\/posts\/5710","targetHints":{"allow":["GET"]}}],"collection":[{"href":"https:\/\/capitaliafamiliar.es\/informes\/wp-json\/wp\/v2\/posts"}],"about":[{"href":"https:\/\/capitaliafamiliar.es\/informes\/wp-json\/wp\/v2\/types\/post"}],"author":[{"embeddable":true,"href":"https:\/\/capitaliafamiliar.es\/informes\/wp-json\/wp\/v2\/users\/2"}],"replies":[{"embeddable":true,"href":"https:\/\/capitaliafamiliar.es\/informes\/wp-json\/wp\/v2\/comments?post=5710"}],"version-history":[{"count":2,"href":"https:\/\/capitaliafamiliar.es\/informes\/wp-json\/wp\/v2\/posts\/5710\/revisions"}],"predecessor-version":[{"id":5715,"href":"https:\/\/capitaliafamiliar.es\/informes\/wp-json\/wp\/v2\/posts\/5710\/revisions\/5715"}],"wp:featuredmedia":[{"embeddable":true,"href":"https:\/\/capitaliafamiliar.es\/informes\/wp-json\/wp\/v2\/media\/2525"}],"wp:attachment":[{"href":"https:\/\/capitaliafamiliar.es\/informes\/wp-json\/wp\/v2\/media?parent=5710"}],"wp:term":[{"taxonomy":"category","embeddable":true,"href":"https:\/\/capitaliafamiliar.es\/informes\/wp-json\/wp\/v2\/categories?post=5710"},{"taxonomy":"post_tag","embeddable":true,"href":"https:\/\/capitaliafamiliar.es\/informes\/wp-json\/wp\/v2\/tags?post=5710"}],"curies":[{"name":"wp","href":"https:\/\/api.w.org\/{rel}","templated":true}]}}