{"id":5729,"date":"2021-02-25T16:59:55","date_gmt":"2021-02-25T16:59:55","guid":{"rendered":"https:\/\/capitaliafamiliar.es\/informes\/?p=5729"},"modified":"2021-02-25T17:05:19","modified_gmt":"2021-02-25T17:05:19","slug":"informe-diario-jueves-25-de-febrero-de-2021","status":"publish","type":"post","link":"https:\/\/capitaliafamiliar.es\/informes\/2021\/02\/25\/informe-diario-jueves-25-de-febrero-de-2021\/","title":{"rendered":"Informe Diario <br> Jueves, 25 de febrero de 2021"},"content":{"rendered":"<blockquote>\n<p style=\"text-align: justify;\"><span style=\"font-size: 16px;\"><strong>La subida de los tipos de inter\u00e9s de mercado obligar\u00e1 a actuar a la Reserva Federal&#8230;<\/strong><\/span><\/p>\n<\/blockquote>\n<p style=\"text-align: justify;\"><span style=\"font-size: 16px;\"><b>La subida de los tipos de inter\u00e9s de mercado obligar\u00e1 a actuar a la Reserva Federal.<\/b> Desde la Fed, tanto el presidente Jerome Powell como algunos de sus miembros, han dejado claro que no ven la subida de la inflaci\u00f3n como un problema para la econom\u00eda estadounidense y que mantendr\u00e1n los est\u00edmulos hasta alcanzar el pleno empleo. Sin embargo, la recuperaci\u00f3n de la econom\u00eda y el alza de los precios est\u00e1 provocando una incesante escalada de los tipos de inter\u00e9s de mercado, reajustando las valoraciones y amenazando a la propia renta fija. Por tanto, si esta tendencia se mantiene, la Reserva Federal y otros bancos centrales podr\u00edan verse obligados a actuar para amortiguar el movimiento y tranquilizar a los mercados. Ya ha quedado probado que los bancos centrales har\u00e1n cuanto sea necesario, y ante cualquier s\u00edntoma de inestabilidad, actuar\u00e1n. <strong>La subida de los tipos de mercado ha llevado al bono estadounidense a las inmediaciones del 1.5% de rentabilidad, lo que vuelve a generar dudas en las bolsas, que pese a todo mantienen la tendencia alcista y se mueven cerca de m\u00e1ximos.<\/strong><\/span><\/p>\n<p style=\"text-align: justify;\"><span style=\"font-size: 16px;\"><strong>En el terreno macroecon\u00f3mico,<\/strong> las peticiones semanales de subsidio por desempleo en Estados Unidos dieron un respiro al bajar hasta 730 mil desde las 841 mil de una semana antes (cifra adem\u00e1s revisada a la baja desde 861 mil). Tambi\u00e9n resultaron mejores de lo esperado los pedidos de bienes duraderos, que en enero aumentaron un +6.3% interanual (un +8.5% excluyendo el sector transportes) frente al +2.6% de diciembre. Y en lo que respecta a la segunda revisi\u00f3n del PIB del cuarto trimestre, creci\u00f3 un +4.1% intertrimestral anualizado, una d\u00e9cima por debajo de la estimaci\u00f3n inicial. En Europa, el \u00edndice GFK de confianza del consumidor en Alemania super\u00f3 las previsiones al subir de -15.5 a -12.9 puntos para marzo, mostrando una mejor\u00eda de las expectativas al tiempo que mejora la situaci\u00f3n sanitaria.<\/span><\/p>\n<p>&nbsp;<\/p>\n<p><img loading=\"lazy\" decoding=\"async\" data-attachment-id=\"5733\" data-permalink=\"https:\/\/capitaliafamiliar.es\/informes\/2021\/02\/25\/informe-diario-jueves-25-de-febrero-de-2021\/rv-684\/\" data-orig-file=\"https:\/\/capitaliafamiliar.es\/informes\/wp-content\/uploads\/2021\/02\/RV-18.jpg\" data-orig-size=\"336,413\" data-comments-opened=\"0\" data-image-meta=\"{&quot;aperture&quot;:&quot;0&quot;,&quot;credit&quot;:&quot;&quot;,&quot;camera&quot;:&quot;&quot;,&quot;caption&quot;:&quot;&quot;,&quot;created_timestamp&quot;:&quot;0&quot;,&quot;copyright&quot;:&quot;&quot;,&quot;focal_length&quot;:&quot;0&quot;,&quot;iso&quot;:&quot;0&quot;,&quot;shutter_speed&quot;:&quot;0&quot;,&quot;title&quot;:&quot;&quot;,&quot;orientation&quot;:&quot;0&quot;}\" data-image-title=\"RV\" data-image-description=\"\" data-image-caption=\"\" data-large-file=\"https:\/\/capitaliafamiliar.es\/informes\/wp-content\/uploads\/2021\/02\/RV-18.jpg\" class=\"alignnone size-full wp-image-5733\" src=\"https:\/\/capitaliafamiliar.es\/informes\/wp-content\/uploads\/2021\/02\/RV-18.jpg\" alt=\"\" width=\"336\" height=\"413\" srcset=\"https:\/\/capitaliafamiliar.es\/informes\/wp-content\/uploads\/2021\/02\/RV-18.jpg 336w, https:\/\/capitaliafamiliar.es\/informes\/wp-content\/uploads\/2021\/02\/RV-18-244x300.jpg 244w\" sizes=\"(max-width: 336px) 100vw, 336px\" \/><img loading=\"lazy\" decoding=\"async\" data-attachment-id=\"5734\" data-permalink=\"https:\/\/capitaliafamiliar.es\/informes\/2021\/02\/25\/informe-diario-jueves-25-de-febrero-de-2021\/rf-674\/\" data-orig-file=\"https:\/\/capitaliafamiliar.es\/informes\/wp-content\/uploads\/2021\/02\/RF-18.jpg\" data-orig-size=\"299,353\" data-comments-opened=\"0\" data-image-meta=\"{&quot;aperture&quot;:&quot;0&quot;,&quot;credit&quot;:&quot;&quot;,&quot;camera&quot;:&quot;&quot;,&quot;caption&quot;:&quot;&quot;,&quot;created_timestamp&quot;:&quot;0&quot;,&quot;copyright&quot;:&quot;&quot;,&quot;focal_length&quot;:&quot;0&quot;,&quot;iso&quot;:&quot;0&quot;,&quot;shutter_speed&quot;:&quot;0&quot;,&quot;title&quot;:&quot;&quot;,&quot;orientation&quot;:&quot;0&quot;}\" data-image-title=\"RF\" data-image-description=\"\" data-image-caption=\"\" data-large-file=\"https:\/\/capitaliafamiliar.es\/informes\/wp-content\/uploads\/2021\/02\/RF-18.jpg\" class=\"alignnone size-full wp-image-5734\" src=\"https:\/\/capitaliafamiliar.es\/informes\/wp-content\/uploads\/2021\/02\/RF-18.jpg\" alt=\"\" width=\"299\" height=\"353\" srcset=\"https:\/\/capitaliafamiliar.es\/informes\/wp-content\/uploads\/2021\/02\/RF-18.jpg 299w, https:\/\/capitaliafamiliar.es\/informes\/wp-content\/uploads\/2021\/02\/RF-18-254x300.jpg 254w\" sizes=\"(max-width: 299px) 100vw, 299px\" \/><\/p>\n<p>&nbsp;<\/p>\n<p><strong>| Agenda para ma\u00f1ana |<\/strong><\/p>\n<p><img loading=\"lazy\" decoding=\"async\" data-attachment-id=\"5730\" data-permalink=\"https:\/\/capitaliafamiliar.es\/informes\/2021\/02\/25\/informe-diario-jueves-25-de-febrero-de-2021\/ag-413\/\" data-orig-file=\"https:\/\/capitaliafamiliar.es\/informes\/wp-content\/uploads\/2021\/02\/AG-17.jpg\" data-orig-size=\"676,105\" data-comments-opened=\"0\" data-image-meta=\"{&quot;aperture&quot;:&quot;0&quot;,&quot;credit&quot;:&quot;&quot;,&quot;camera&quot;:&quot;&quot;,&quot;caption&quot;:&quot;&quot;,&quot;created_timestamp&quot;:&quot;0&quot;,&quot;copyright&quot;:&quot;&quot;,&quot;focal_length&quot;:&quot;0&quot;,&quot;iso&quot;:&quot;0&quot;,&quot;shutter_speed&quot;:&quot;0&quot;,&quot;title&quot;:&quot;&quot;,&quot;orientation&quot;:&quot;0&quot;}\" data-image-title=\"AG\" data-image-description=\"\" data-image-caption=\"\" data-large-file=\"https:\/\/capitaliafamiliar.es\/informes\/wp-content\/uploads\/2021\/02\/AG-17.jpg\" class=\"alignnone size-full wp-image-5730\" src=\"https:\/\/capitaliafamiliar.es\/informes\/wp-content\/uploads\/2021\/02\/AG-17.jpg\" alt=\"\" width=\"676\" height=\"105\" srcset=\"https:\/\/capitaliafamiliar.es\/informes\/wp-content\/uploads\/2021\/02\/AG-17.jpg 676w, https:\/\/capitaliafamiliar.es\/informes\/wp-content\/uploads\/2021\/02\/AG-17-300x47.jpg 300w\" sizes=\"(max-width: 676px) 100vw, 676px\" \/><\/p>\n<p>&nbsp;<\/p>\n<p style=\"text-align: center;\"><strong>Solicite informaci\u00f3n sobre nuestros servicios de asesoramiento financiero<\/strong><\/p>\n<p style=\"text-align: center;\">Si necesita ayuda para el cuidado de su patrimonio, no dude en ponerse en contacto con nosotros,<\/p>\n<p style=\"text-align: center;\">sin compromiso.<\/p>\n<p style=\"text-align: center;\">Tel\u00e9fono:\u00a0\u00a0 91 770\u00a0 22 84<\/p>\n<p style=\"text-align: center;\">Correo electr\u00f3nico:\u00a0\u00a0 capitaliafamiliar@capitaliafamiliar.es<\/p>\n","protected":false},"excerpt":{"rendered":"<p>La subida de los tipos de inter&eacute;s de mercado obligar&aacute; a actuar a la Reserva Federal&hellip; La subida de los tipos de inter&eacute;s de mercado obligar&aacute; a actuar a la Reserva Federal. Desde la Fed, tanto el presidente Jerome Powell como algunos de sus miembros, han dejado claro que no ven la subida de la [&hellip;]<\/p>\n","protected":false},"author":2,"featured_media":2525,"comment_status":"closed","ping_status":"closed","sticky":false,"template":"","format":"standard","meta":{"_et_pb_use_builder":"","_et_pb_old_content":"","_et_gb_content_width":"","jetpack_post_was_ever_published":false,"_jetpack_newsletter_access":"","_jetpack_dont_email_post_to_subs":false,"_jetpack_newsletter_tier_id":0,"_jetpack_memberships_contains_paywalled_content":false,"_jetpack_memberships_contains_paid_content":false,"footnotes":""},"categories":[1],"tags":[],"class_list":["post-5729","post","type-post","status-publish","format-standard","has-post-thumbnail","hentry","category-informediario"],"jetpack_featured_media_url":"https:\/\/capitaliafamiliar.es\/informes\/wp-content\/uploads\/2019\/08\/informediario2.png","jetpack_shortlink":"https:\/\/wp.me\/pa2IGq-1up","jetpack-related-posts":[{"id":5474,"url":"https:\/\/capitaliafamiliar.es\/informes\/2021\/01\/11\/informe-diario-lunes-11-de-enero-de-2021\/","url_meta":{"origin":5729,"position":0},"title":"Informe Diario  Lunes, 11 de enero de 2021","author":"Capitalia Familiar","date":"11 de enero de 2021","format":false,"excerpt":"Sesi\u00f3n de consolidaci\u00f3n en las bolsas: la tendencia contin\u00faa siendo alcista... Sesi\u00f3n de consolidaci\u00f3n en las bolsas: la tendencia contin\u00faa siendo alcista. La subida de los tipos de inter\u00e9s de mercado a largo plazo, que viene produci\u00e9ndose en los \u00faltimos d\u00edas, est\u00e1 llevando a los mercados a empezar a cuestionarse\u2026","rel":"","context":"En \u00abInforme Diario\u00bb","block_context":{"text":"Informe Diario","link":"https:\/\/capitaliafamiliar.es\/informes\/category\/informediario\/"},"img":{"alt_text":"","src":"https:\/\/i0.wp.com\/capitaliafamiliar.es\/informes\/wp-content\/uploads\/2019\/08\/informediario2.png?resize=350%2C200&ssl=1","width":350,"height":200,"srcset":"https:\/\/i0.wp.com\/capitaliafamiliar.es\/informes\/wp-content\/uploads\/2019\/08\/informediario2.png?resize=350%2C200&ssl=1 1x, https:\/\/i0.wp.com\/capitaliafamiliar.es\/informes\/wp-content\/uploads\/2019\/08\/informediario2.png?resize=525%2C300&ssl=1 1.5x, https:\/\/i0.wp.com\/capitaliafamiliar.es\/informes\/wp-content\/uploads\/2019\/08\/informediario2.png?resize=700%2C400&ssl=1 2x"},"classes":[]},{"id":5812,"url":"https:\/\/capitaliafamiliar.es\/informes\/2021\/03\/12\/informe-diario-viernes-12-de-marzo-de-2021\/","url_meta":{"origin":5729,"position":1},"title":"Informe Diario  Viernes, 12 de marzo de 2021","author":"Capitalia Familiar","date":"12 de marzo de 2021","format":false,"excerpt":"Los mercados presionan a la Reserva Federal para que act\u00fae... Los mercados presionan a la Reserva Federal para que act\u00fae. Parec\u00eda que los tipos de inter\u00e9s hab\u00edan frenado su escalada tras la publicaci\u00f3n de los datos de inflaci\u00f3n del mes de febrero, las palabras tranquilizadoras de la Secretaria del Tesoro\u2026","rel":"","context":"En \u00abInforme Diario\u00bb","block_context":{"text":"Informe Diario","link":"https:\/\/capitaliafamiliar.es\/informes\/category\/informediario\/"},"img":{"alt_text":"","src":"https:\/\/i0.wp.com\/capitaliafamiliar.es\/informes\/wp-content\/uploads\/2019\/08\/informediario2.png?resize=350%2C200&ssl=1","width":350,"height":200,"srcset":"https:\/\/i0.wp.com\/capitaliafamiliar.es\/informes\/wp-content\/uploads\/2019\/08\/informediario2.png?resize=350%2C200&ssl=1 1x, https:\/\/i0.wp.com\/capitaliafamiliar.es\/informes\/wp-content\/uploads\/2019\/08\/informediario2.png?resize=525%2C300&ssl=1 1.5x, https:\/\/i0.wp.com\/capitaliafamiliar.es\/informes\/wp-content\/uploads\/2019\/08\/informediario2.png?resize=700%2C400&ssl=1 2x"},"classes":[]},{"id":6312,"url":"https:\/\/capitaliafamiliar.es\/informes\/2021\/06\/11\/informe-diario-viernes-11-de-junio-de-2021\/","url_meta":{"origin":5729,"position":2},"title":"Informe Diario  Viernes, 11 de junio de 2021","author":"Capitalia Familiar","date":"11 de junio de 2021","format":false,"excerpt":"Los mercados no acusan la subida de la inflaci\u00f3n en Estados Unidos y buscan nuevos m\u00e1ximos... Los mercados no acusan la subida de la inflaci\u00f3n en Estados Unidos y buscan nuevos m\u00e1ximos. Pese a que tanto el IPC general como el subyacente registraron subidas importantes en Estados Unidos, el mercado\u2026","rel":"","context":"En \u00abInforme Diario\u00bb","block_context":{"text":"Informe Diario","link":"https:\/\/capitaliafamiliar.es\/informes\/category\/informediario\/"},"img":{"alt_text":"","src":"https:\/\/i0.wp.com\/capitaliafamiliar.es\/informes\/wp-content\/uploads\/2019\/08\/informediario2.png?resize=350%2C200&ssl=1","width":350,"height":200,"srcset":"https:\/\/i0.wp.com\/capitaliafamiliar.es\/informes\/wp-content\/uploads\/2019\/08\/informediario2.png?resize=350%2C200&ssl=1 1x, https:\/\/i0.wp.com\/capitaliafamiliar.es\/informes\/wp-content\/uploads\/2019\/08\/informediario2.png?resize=525%2C300&ssl=1 1.5x, https:\/\/i0.wp.com\/capitaliafamiliar.es\/informes\/wp-content\/uploads\/2019\/08\/informediario2.png?resize=700%2C400&ssl=1 2x"},"classes":[]},{"id":5765,"url":"https:\/\/capitaliafamiliar.es\/informes\/2021\/03\/04\/informe-diario-jueves-4-de-marzo-de-2021\/","url_meta":{"origin":5729,"position":3},"title":"Informe Diario  Jueves, 4 de marzo de 2021","author":"Capitalia Familiar","date":"4 de marzo de 2021","format":false,"excerpt":"La debilidad del sector tecnol\u00f3gico amenaza la tendencia alcista de los mercados... La debilidad del sector tecnol\u00f3gico amenaza la tendencia alcista de los mercados. El sector tecnol\u00f3gico est\u00e1 siendo el gran damnificado del movimiento al alza de los tipos de inter\u00e9s de mercado. Y es que un escenario de subida\u2026","rel":"","context":"En \u00abInforme Diario\u00bb","block_context":{"text":"Informe Diario","link":"https:\/\/capitaliafamiliar.es\/informes\/category\/informediario\/"},"img":{"alt_text":"","src":"https:\/\/i0.wp.com\/capitaliafamiliar.es\/informes\/wp-content\/uploads\/2019\/08\/informediario2.png?resize=350%2C200&ssl=1","width":350,"height":200,"srcset":"https:\/\/i0.wp.com\/capitaliafamiliar.es\/informes\/wp-content\/uploads\/2019\/08\/informediario2.png?resize=350%2C200&ssl=1 1x, https:\/\/i0.wp.com\/capitaliafamiliar.es\/informes\/wp-content\/uploads\/2019\/08\/informediario2.png?resize=525%2C300&ssl=1 1.5x, https:\/\/i0.wp.com\/capitaliafamiliar.es\/informes\/wp-content\/uploads\/2019\/08\/informediario2.png?resize=700%2C400&ssl=1 2x"},"classes":[]},{"id":5927,"url":"https:\/\/capitaliafamiliar.es\/informes\/2021\/04\/07\/informe-diario-miercoles-7-de-abril-de-2021\/","url_meta":{"origin":5729,"position":4},"title":"Informe Diario  Mi\u00e9rcoles, 7 de abril de 2021","author":"Capitalia Familiar","date":"7 de abril de 2021","format":false,"excerpt":"Cautela en los mercados antes de la publicaci\u00f3n de las actas de la Reserva Federal... Cautela en los mercados antes de la publicaci\u00f3n de las actas de la Reserva Federal. Pese al optimismo sobre la mejora econ\u00f3mica a nivel global, los mercados siguen temiendo que la escalada de los tipos\u2026","rel":"","context":"En \u00abInforme Diario\u00bb","block_context":{"text":"Informe Diario","link":"https:\/\/capitaliafamiliar.es\/informes\/category\/informediario\/"},"img":{"alt_text":"","src":"https:\/\/i0.wp.com\/capitaliafamiliar.es\/informes\/wp-content\/uploads\/2019\/08\/informediario2.png?resize=350%2C200&ssl=1","width":350,"height":200,"srcset":"https:\/\/i0.wp.com\/capitaliafamiliar.es\/informes\/wp-content\/uploads\/2019\/08\/informediario2.png?resize=350%2C200&ssl=1 1x, https:\/\/i0.wp.com\/capitaliafamiliar.es\/informes\/wp-content\/uploads\/2019\/08\/informediario2.png?resize=525%2C300&ssl=1 1.5x, https:\/\/i0.wp.com\/capitaliafamiliar.es\/informes\/wp-content\/uploads\/2019\/08\/informediario2.png?resize=700%2C400&ssl=1 2x"},"classes":[]},{"id":5841,"url":"https:\/\/capitaliafamiliar.es\/informes\/2021\/03\/16\/informe-diario-martes-16-de-marzo-de-2021\/","url_meta":{"origin":5729,"position":5},"title":"Informe Diario  Martes, 16 de marzo de 2021","author":"Capitalia Familiar","date":"16 de marzo de 2021","format":false,"excerpt":"\u00bfEspera el mercado un movimiento por parte de la Reserva Federal?... \u00bfEspera el mercado un movimiento por parte de la Reserva Federal? Los mercados han vivido en las \u00faltimas semanas con la incertidumbre creciente de la subida de los tipos de inter\u00e9s de mercado y el temor a un alza\u2026","rel":"","context":"En \u00abInforme Diario\u00bb","block_context":{"text":"Informe Diario","link":"https:\/\/capitaliafamiliar.es\/informes\/category\/informediario\/"},"img":{"alt_text":"","src":"https:\/\/i0.wp.com\/capitaliafamiliar.es\/informes\/wp-content\/uploads\/2019\/08\/informediario2.png?resize=350%2C200&ssl=1","width":350,"height":200,"srcset":"https:\/\/i0.wp.com\/capitaliafamiliar.es\/informes\/wp-content\/uploads\/2019\/08\/informediario2.png?resize=350%2C200&ssl=1 1x, https:\/\/i0.wp.com\/capitaliafamiliar.es\/informes\/wp-content\/uploads\/2019\/08\/informediario2.png?resize=525%2C300&ssl=1 1.5x, https:\/\/i0.wp.com\/capitaliafamiliar.es\/informes\/wp-content\/uploads\/2019\/08\/informediario2.png?resize=700%2C400&ssl=1 2x"},"classes":[]}],"jetpack_sharing_enabled":true,"_links":{"self":[{"href":"https:\/\/capitaliafamiliar.es\/informes\/wp-json\/wp\/v2\/posts\/5729","targetHints":{"allow":["GET"]}}],"collection":[{"href":"https:\/\/capitaliafamiliar.es\/informes\/wp-json\/wp\/v2\/posts"}],"about":[{"href":"https:\/\/capitaliafamiliar.es\/informes\/wp-json\/wp\/v2\/types\/post"}],"author":[{"embeddable":true,"href":"https:\/\/capitaliafamiliar.es\/informes\/wp-json\/wp\/v2\/users\/2"}],"replies":[{"embeddable":true,"href":"https:\/\/capitaliafamiliar.es\/informes\/wp-json\/wp\/v2\/comments?post=5729"}],"version-history":[{"count":3,"href":"https:\/\/capitaliafamiliar.es\/informes\/wp-json\/wp\/v2\/posts\/5729\/revisions"}],"predecessor-version":[{"id":5735,"href":"https:\/\/capitaliafamiliar.es\/informes\/wp-json\/wp\/v2\/posts\/5729\/revisions\/5735"}],"wp:featuredmedia":[{"embeddable":true,"href":"https:\/\/capitaliafamiliar.es\/informes\/wp-json\/wp\/v2\/media\/2525"}],"wp:attachment":[{"href":"https:\/\/capitaliafamiliar.es\/informes\/wp-json\/wp\/v2\/media?parent=5729"}],"wp:term":[{"taxonomy":"category","embeddable":true,"href":"https:\/\/capitaliafamiliar.es\/informes\/wp-json\/wp\/v2\/categories?post=5729"},{"taxonomy":"post_tag","embeddable":true,"href":"https:\/\/capitaliafamiliar.es\/informes\/wp-json\/wp\/v2\/tags?post=5729"}],"curies":[{"name":"wp","href":"https:\/\/api.w.org\/{rel}","templated":true}]}}