{"id":5736,"date":"2021-02-26T17:22:30","date_gmt":"2021-02-26T17:22:30","guid":{"rendered":"https:\/\/capitaliafamiliar.es\/informes\/?p=5736"},"modified":"2021-02-26T17:23:32","modified_gmt":"2021-02-26T17:23:32","slug":"informe-diario-viernes-26-de-febrero-de-2021","status":"publish","type":"post","link":"https:\/\/capitaliafamiliar.es\/informes\/2021\/02\/26\/informe-diario-viernes-26-de-febrero-de-2021\/","title":{"rendered":"Informe Diario <br> Viernes, 26 de febrero de 2021"},"content":{"rendered":"<blockquote>\n<p style=\"text-align: justify;\"><span style=\"font-size: 16px;\"><strong>La volatilidad en los mercados de deuda amenaza la tendencia alcista de las bolsas&#8230;<\/strong><\/span><\/p>\n<\/blockquote>\n<p style=\"text-align: justify;\"><span style=\"font-size: 16px;\"><b>La volatilidad en los mercados de deuda amenaza la tendencia alcista de las bolsas.<\/b> La inestabilidad en los mercados de deuda, que ha llevado al bono estadounidense a 10 a\u00f1os a cotizar en el entorno del 1.5% y ha provocado p\u00e9rdidas importantes en los activos de renta fija, amenaza ahora la tendencia alcista de las bolsas. La ausencia de una respuesta clara por parte de la Reserva Federal ante este movimiento de los tipos de inter\u00e9s de mercado est\u00e1 generando un nerviosismo que, de extenderse a todos los sectores, podr\u00eda acabar provocando una correcci\u00f3n importante en los mercados. La esperanza ahora se centra en que los bancos centrales tomen el control de la situaci\u00f3n y amortig\u00fcen el movimiento de la curva de tipos y, por otro lado, que el plan de est\u00edmulo de la Administraci\u00f3n Biden vea la luz lo antes posible.<\/span><\/p>\n<p style=\"text-align: justify;\"><span style=\"font-size: 16px;\"><strong>En el terreno macroecon\u00f3mico,<\/strong> el deflactor del PCE estadounidense creci\u00f3 en febrero un +1.5% interanual, tasa que supera las previsiones pero que no evidencia por ahora signos claros de una escalada descontrolada de los precios. En Espa\u00f1a, el IPC del mes de febrero retrocedi\u00f3 contra pron\u00f3stico situando la variaci\u00f3n interanual en el 0%.<\/span><\/p>\n<p>&nbsp;<\/p>\n<p><img loading=\"lazy\" decoding=\"async\" data-attachment-id=\"5738\" data-permalink=\"https:\/\/capitaliafamiliar.es\/informes\/2021\/02\/26\/informe-diario-viernes-26-de-febrero-de-2021\/rvv-7\/\" data-orig-file=\"https:\/\/capitaliafamiliar.es\/informes\/wp-content\/uploads\/2021\/02\/RVV.jpg\" data-orig-size=\"336,413\" data-comments-opened=\"0\" data-image-meta=\"{&quot;aperture&quot;:&quot;0&quot;,&quot;credit&quot;:&quot;&quot;,&quot;camera&quot;:&quot;&quot;,&quot;caption&quot;:&quot;&quot;,&quot;created_timestamp&quot;:&quot;0&quot;,&quot;copyright&quot;:&quot;&quot;,&quot;focal_length&quot;:&quot;0&quot;,&quot;iso&quot;:&quot;0&quot;,&quot;shutter_speed&quot;:&quot;0&quot;,&quot;title&quot;:&quot;&quot;,&quot;orientation&quot;:&quot;0&quot;}\" data-image-title=\"RVV\" data-image-description=\"\" data-image-caption=\"\" data-large-file=\"https:\/\/capitaliafamiliar.es\/informes\/wp-content\/uploads\/2021\/02\/RVV.jpg\" class=\"alignnone size-full wp-image-5738\" src=\"https:\/\/capitaliafamiliar.es\/informes\/wp-content\/uploads\/2021\/02\/RVV.jpg\" alt=\"\" width=\"336\" height=\"413\" srcset=\"https:\/\/capitaliafamiliar.es\/informes\/wp-content\/uploads\/2021\/02\/RVV.jpg 336w, https:\/\/capitaliafamiliar.es\/informes\/wp-content\/uploads\/2021\/02\/RVV-244x300.jpg 244w\" sizes=\"(max-width: 336px) 100vw, 336px\" \/><img loading=\"lazy\" decoding=\"async\" data-attachment-id=\"5739\" data-permalink=\"https:\/\/capitaliafamiliar.es\/informes\/2021\/02\/26\/informe-diario-viernes-26-de-febrero-de-2021\/rf-675\/\" data-orig-file=\"https:\/\/capitaliafamiliar.es\/informes\/wp-content\/uploads\/2021\/02\/RF-19.jpg\" data-orig-size=\"299,353\" data-comments-opened=\"0\" data-image-meta=\"{&quot;aperture&quot;:&quot;0&quot;,&quot;credit&quot;:&quot;&quot;,&quot;camera&quot;:&quot;&quot;,&quot;caption&quot;:&quot;&quot;,&quot;created_timestamp&quot;:&quot;0&quot;,&quot;copyright&quot;:&quot;&quot;,&quot;focal_length&quot;:&quot;0&quot;,&quot;iso&quot;:&quot;0&quot;,&quot;shutter_speed&quot;:&quot;0&quot;,&quot;title&quot;:&quot;&quot;,&quot;orientation&quot;:&quot;0&quot;}\" data-image-title=\"RF\" data-image-description=\"\" data-image-caption=\"\" data-large-file=\"https:\/\/capitaliafamiliar.es\/informes\/wp-content\/uploads\/2021\/02\/RF-19.jpg\" class=\"alignnone size-full wp-image-5739\" src=\"https:\/\/capitaliafamiliar.es\/informes\/wp-content\/uploads\/2021\/02\/RF-19.jpg\" alt=\"\" width=\"299\" height=\"353\" srcset=\"https:\/\/capitaliafamiliar.es\/informes\/wp-content\/uploads\/2021\/02\/RF-19.jpg 299w, https:\/\/capitaliafamiliar.es\/informes\/wp-content\/uploads\/2021\/02\/RF-19-254x300.jpg 254w\" sizes=\"(max-width: 299px) 100vw, 299px\" \/><\/p>\n<p>&nbsp;<\/p>\n<p><strong>| Agenda para el lunes |<\/strong><\/p>\n<p><img loading=\"lazy\" decoding=\"async\" data-attachment-id=\"5737\" data-permalink=\"https:\/\/capitaliafamiliar.es\/informes\/2021\/02\/26\/informe-diario-viernes-26-de-febrero-de-2021\/ag-414\/\" data-orig-file=\"https:\/\/capitaliafamiliar.es\/informes\/wp-content\/uploads\/2021\/02\/AG-18.jpg\" data-orig-size=\"676,183\" data-comments-opened=\"0\" data-image-meta=\"{&quot;aperture&quot;:&quot;0&quot;,&quot;credit&quot;:&quot;&quot;,&quot;camera&quot;:&quot;&quot;,&quot;caption&quot;:&quot;&quot;,&quot;created_timestamp&quot;:&quot;0&quot;,&quot;copyright&quot;:&quot;&quot;,&quot;focal_length&quot;:&quot;0&quot;,&quot;iso&quot;:&quot;0&quot;,&quot;shutter_speed&quot;:&quot;0&quot;,&quot;title&quot;:&quot;&quot;,&quot;orientation&quot;:&quot;0&quot;}\" data-image-title=\"AG\" data-image-description=\"\" data-image-caption=\"\" data-large-file=\"https:\/\/capitaliafamiliar.es\/informes\/wp-content\/uploads\/2021\/02\/AG-18.jpg\" class=\"alignnone size-full wp-image-5737\" src=\"https:\/\/capitaliafamiliar.es\/informes\/wp-content\/uploads\/2021\/02\/AG-18.jpg\" alt=\"\" width=\"676\" height=\"183\" srcset=\"https:\/\/capitaliafamiliar.es\/informes\/wp-content\/uploads\/2021\/02\/AG-18.jpg 676w, https:\/\/capitaliafamiliar.es\/informes\/wp-content\/uploads\/2021\/02\/AG-18-300x81.jpg 300w\" sizes=\"(max-width: 676px) 100vw, 676px\" \/><\/p>\n<p>&nbsp;<\/p>\n<p style=\"text-align: center;\"><strong>Solicite informaci\u00f3n sobre nuestros servicios de asesoramiento financiero<\/strong><\/p>\n<p style=\"text-align: center;\">Si necesita ayuda para el cuidado de su patrimonio, no dude en ponerse en contacto con nosotros,<\/p>\n<p style=\"text-align: center;\">sin compromiso.<\/p>\n<p style=\"text-align: center;\">Tel\u00e9fono:\u00a0\u00a0 91 770\u00a0 22 84<\/p>\n<p style=\"text-align: center;\">Correo electr\u00f3nico:\u00a0\u00a0 capitaliafamiliar@capitaliafamiliar.es<\/p>\n","protected":false},"excerpt":{"rendered":"<p>La volatilidad en los mercados de deuda amenaza la tendencia alcista de las bolsas&hellip; La volatilidad en los mercados de deuda amenaza la tendencia alcista de las bolsas. La inestabilidad en los mercados de deuda, que ha llevado al bono estadounidense a 10 a&ntilde;os a cotizar en el entorno del 1.5% y ha provocado p&eacute;rdidas [&hellip;]<\/p>\n","protected":false},"author":2,"featured_media":2525,"comment_status":"closed","ping_status":"closed","sticky":false,"template":"","format":"standard","meta":{"_et_pb_use_builder":"","_et_pb_old_content":"","_et_gb_content_width":"","jetpack_post_was_ever_published":false,"_jetpack_newsletter_access":"","_jetpack_dont_email_post_to_subs":false,"_jetpack_newsletter_tier_id":0,"_jetpack_memberships_contains_paywalled_content":false,"_jetpack_memberships_contains_paid_content":false,"footnotes":""},"categories":[1],"tags":[],"class_list":["post-5736","post","type-post","status-publish","format-standard","has-post-thumbnail","hentry","category-informediario"],"jetpack_featured_media_url":"https:\/\/capitaliafamiliar.es\/informes\/wp-content\/uploads\/2019\/08\/informediario2.png","jetpack_shortlink":"https:\/\/wp.me\/pa2IGq-1uw","jetpack-related-posts":[{"id":5765,"url":"https:\/\/capitaliafamiliar.es\/informes\/2021\/03\/04\/informe-diario-jueves-4-de-marzo-de-2021\/","url_meta":{"origin":5736,"position":0},"title":"Informe Diario  Jueves, 4 de marzo de 2021","author":"Capitalia Familiar","date":"4 de marzo de 2021","format":false,"excerpt":"La debilidad del sector tecnol\u00f3gico amenaza la tendencia alcista de los mercados... La debilidad del sector tecnol\u00f3gico amenaza la tendencia alcista de los mercados. El sector tecnol\u00f3gico est\u00e1 siendo el gran damnificado del movimiento al alza de los tipos de inter\u00e9s de mercado. Y es que un escenario de subida\u2026","rel":"","context":"En \u00abInforme Diario\u00bb","block_context":{"text":"Informe Diario","link":"https:\/\/capitaliafamiliar.es\/informes\/category\/informediario\/"},"img":{"alt_text":"","src":"https:\/\/i0.wp.com\/capitaliafamiliar.es\/informes\/wp-content\/uploads\/2019\/08\/informediario2.png?resize=350%2C200&ssl=1","width":350,"height":200,"srcset":"https:\/\/i0.wp.com\/capitaliafamiliar.es\/informes\/wp-content\/uploads\/2019\/08\/informediario2.png?resize=350%2C200&ssl=1 1x, https:\/\/i0.wp.com\/capitaliafamiliar.es\/informes\/wp-content\/uploads\/2019\/08\/informediario2.png?resize=525%2C300&ssl=1 1.5x, https:\/\/i0.wp.com\/capitaliafamiliar.es\/informes\/wp-content\/uploads\/2019\/08\/informediario2.png?resize=700%2C400&ssl=1 2x"},"classes":[]},{"id":5474,"url":"https:\/\/capitaliafamiliar.es\/informes\/2021\/01\/11\/informe-diario-lunes-11-de-enero-de-2021\/","url_meta":{"origin":5736,"position":1},"title":"Informe Diario  Lunes, 11 de enero de 2021","author":"Capitalia Familiar","date":"11 de enero de 2021","format":false,"excerpt":"Sesi\u00f3n de consolidaci\u00f3n en las bolsas: la tendencia contin\u00faa siendo alcista... Sesi\u00f3n de consolidaci\u00f3n en las bolsas: la tendencia contin\u00faa siendo alcista. La subida de los tipos de inter\u00e9s de mercado a largo plazo, que viene produci\u00e9ndose en los \u00faltimos d\u00edas, est\u00e1 llevando a los mercados a empezar a cuestionarse\u2026","rel":"","context":"En \u00abInforme Diario\u00bb","block_context":{"text":"Informe Diario","link":"https:\/\/capitaliafamiliar.es\/informes\/category\/informediario\/"},"img":{"alt_text":"","src":"https:\/\/i0.wp.com\/capitaliafamiliar.es\/informes\/wp-content\/uploads\/2019\/08\/informediario2.png?resize=350%2C200&ssl=1","width":350,"height":200,"srcset":"https:\/\/i0.wp.com\/capitaliafamiliar.es\/informes\/wp-content\/uploads\/2019\/08\/informediario2.png?resize=350%2C200&ssl=1 1x, https:\/\/i0.wp.com\/capitaliafamiliar.es\/informes\/wp-content\/uploads\/2019\/08\/informediario2.png?resize=525%2C300&ssl=1 1.5x, https:\/\/i0.wp.com\/capitaliafamiliar.es\/informes\/wp-content\/uploads\/2019\/08\/informediario2.png?resize=700%2C400&ssl=1 2x"},"classes":[]},{"id":10388,"url":"https:\/\/capitaliafamiliar.es\/informes\/2023\/11\/08\/las-bolsas-deberian-retomar-la-tendencia-alcista-de-corto-plazo-una-vez-superada-la-fase-consolidativa-2\/","url_meta":{"origin":5736,"position":2},"title":"Las bolsas deber\u00edan retomar la tendencia alcista de corto plazo una vez superada la fase consolidativa","author":"Capitalia Familiar","date":"8 de noviembre de 2023","format":false,"excerpt":"Informe diario del mi\u00e9rcoles, 08 de noviembre de 2023 \u00a0 Sinopsis Hoy en los mercados Buen tono en Europa, que recupera terreno perdido en el inicio de semana gracias a los resultados empresariales, y agotamiento del movimiento alcista en Estados Unidos. An\u00e1lisis de situaci\u00f3n En el corto plazo las bolsas\u2026","rel":"","context":"En \u00abInforme Diario\u00bb","block_context":{"text":"Informe Diario","link":"https:\/\/capitaliafamiliar.es\/informes\/category\/informediario\/"},"img":{"alt_text":"","src":"https:\/\/i0.wp.com\/capitaliafamiliar.es\/informes\/wp-content\/uploads\/2019\/08\/informediario2.png?resize=350%2C200&ssl=1","width":350,"height":200,"srcset":"https:\/\/i0.wp.com\/capitaliafamiliar.es\/informes\/wp-content\/uploads\/2019\/08\/informediario2.png?resize=350%2C200&ssl=1 1x, https:\/\/i0.wp.com\/capitaliafamiliar.es\/informes\/wp-content\/uploads\/2019\/08\/informediario2.png?resize=525%2C300&ssl=1 1.5x, https:\/\/i0.wp.com\/capitaliafamiliar.es\/informes\/wp-content\/uploads\/2019\/08\/informediario2.png?resize=700%2C400&ssl=1 2x"},"classes":[]},{"id":10062,"url":"https:\/\/capitaliafamiliar.es\/informes\/2023\/09\/13\/la-inflacion-estadounidense-no-sirvio-para-definir-al-mercado-y-persiste-el-riesgo-de-que-las-bolsas-pierdan-la-tendencia-alcista-de-medio-y-largo-plazo-2\/","url_meta":{"origin":5736,"position":3},"title":"La inflaci\u00f3n estadounidense no sirvi\u00f3 para definir al mercado y persiste el riesgo de que las bolsas pierdan la tendencia alcista de medio y largo plazo","author":"Capitalia Familiar","date":"13 de septiembre de 2023","format":false,"excerpt":"Informe diario del mi\u00e9rcoles, 13 de septiembre de 2023 \u00a0 Sinopsis Hoy en los mercados El dato de inflaci\u00f3n estadounidense no desatasc\u00f3 por ahora la lateralidad de los \u00faltimos meses en el mercado. An\u00e1lisis de situaci\u00f3n El flujo de datos macroecon\u00f3micos contin\u00faa se\u00f1alando un escenario de inflaci\u00f3n persistente y tipos\u2026","rel":"","context":"En \u00abInforme Diario\u00bb","block_context":{"text":"Informe Diario","link":"https:\/\/capitaliafamiliar.es\/informes\/category\/informediario\/"},"img":{"alt_text":"","src":"https:\/\/i0.wp.com\/capitaliafamiliar.es\/informes\/wp-content\/uploads\/2019\/08\/informediario2.png?resize=350%2C200&ssl=1","width":350,"height":200,"srcset":"https:\/\/i0.wp.com\/capitaliafamiliar.es\/informes\/wp-content\/uploads\/2019\/08\/informediario2.png?resize=350%2C200&ssl=1 1x, https:\/\/i0.wp.com\/capitaliafamiliar.es\/informes\/wp-content\/uploads\/2019\/08\/informediario2.png?resize=525%2C300&ssl=1 1.5x, https:\/\/i0.wp.com\/capitaliafamiliar.es\/informes\/wp-content\/uploads\/2019\/08\/informediario2.png?resize=700%2C400&ssl=1 2x"},"classes":[]},{"id":10058,"url":"https:\/\/capitaliafamiliar.es\/informes\/2023\/09\/13\/la-inflacion-estadounidense-no-sirvio-para-definir-al-mercado-y-persiste-el-riesgo-de-que-las-bolsas-pierdan-la-tendencia-alcista-de-medio-y-largo-plazo\/","url_meta":{"origin":5736,"position":4},"title":"La inflaci\u00f3n estadounidense no sirvi\u00f3 para definir al mercado y persiste el riesgo de que las bolsas pierdan la tendencia alcista de medio y largo plazo","author":"Capitalia Familiar","date":"13 de septiembre de 2023","format":false,"excerpt":"Informe diario del mi\u00e9rcoles, 13 de septiembre de 2023 \u00a0 Sinopsis Hoy en los mercados El dato de inflaci\u00f3n estadounidense no desatasc\u00f3 por ahora la lateralidad de los \u00faltimos meses en el mercado. An\u00e1lisis de situaci\u00f3n El flujo de datos macroecon\u00f3micos contin\u00faa se\u00f1alando un escenario de inflaci\u00f3n persistente y tipos\u2026","rel":"","context":"En \u00abInforme Diario Privado\u00bb","block_context":{"text":"Informe Diario Privado","link":"https:\/\/capitaliafamiliar.es\/informes\/category\/informe-diario-privado\/"},"img":{"alt_text":"","src":"https:\/\/i0.wp.com\/capitaliafamiliar.es\/informes\/wp-content\/uploads\/2019\/08\/informediario2.png?resize=350%2C200&ssl=1","width":350,"height":200,"srcset":"https:\/\/i0.wp.com\/capitaliafamiliar.es\/informes\/wp-content\/uploads\/2019\/08\/informediario2.png?resize=350%2C200&ssl=1 1x, https:\/\/i0.wp.com\/capitaliafamiliar.es\/informes\/wp-content\/uploads\/2019\/08\/informediario2.png?resize=525%2C300&ssl=1 1.5x, https:\/\/i0.wp.com\/capitaliafamiliar.es\/informes\/wp-content\/uploads\/2019\/08\/informediario2.png?resize=700%2C400&ssl=1 2x"},"classes":[]},{"id":5742,"url":"https:\/\/capitaliafamiliar.es\/informes\/2021\/03\/01\/informe-diario-lunes-1-de-marzo-de-2021\/","url_meta":{"origin":5736,"position":5},"title":"Informe Diario  Lunes, 1 de marzo de 2021","author":"Capitalia Familiar","date":"1 de marzo de 2021","format":false,"excerpt":"La reducci\u00f3n de la presi\u00f3n sobre los tipos de inter\u00e9s de mercado da aire tambi\u00e9n a las bolsas... La reducci\u00f3n de la presi\u00f3n sobre los tipos de inter\u00e9s de mercado da aire tambi\u00e9n a las bolsas. La presi\u00f3n sobre los tipos de inter\u00e9s de mercado ha aflojado en las \u00faltimas\u2026","rel":"","context":"En \u00abInforme Diario\u00bb","block_context":{"text":"Informe Diario","link":"https:\/\/capitaliafamiliar.es\/informes\/category\/informediario\/"},"img":{"alt_text":"","src":"https:\/\/i0.wp.com\/capitaliafamiliar.es\/informes\/wp-content\/uploads\/2019\/08\/informediario2.png?resize=350%2C200&ssl=1","width":350,"height":200,"srcset":"https:\/\/i0.wp.com\/capitaliafamiliar.es\/informes\/wp-content\/uploads\/2019\/08\/informediario2.png?resize=350%2C200&ssl=1 1x, https:\/\/i0.wp.com\/capitaliafamiliar.es\/informes\/wp-content\/uploads\/2019\/08\/informediario2.png?resize=525%2C300&ssl=1 1.5x, https:\/\/i0.wp.com\/capitaliafamiliar.es\/informes\/wp-content\/uploads\/2019\/08\/informediario2.png?resize=700%2C400&ssl=1 2x"},"classes":[]}],"jetpack_sharing_enabled":true,"_links":{"self":[{"href":"https:\/\/capitaliafamiliar.es\/informes\/wp-json\/wp\/v2\/posts\/5736","targetHints":{"allow":["GET"]}}],"collection":[{"href":"https:\/\/capitaliafamiliar.es\/informes\/wp-json\/wp\/v2\/posts"}],"about":[{"href":"https:\/\/capitaliafamiliar.es\/informes\/wp-json\/wp\/v2\/types\/post"}],"author":[{"embeddable":true,"href":"https:\/\/capitaliafamiliar.es\/informes\/wp-json\/wp\/v2\/users\/2"}],"replies":[{"embeddable":true,"href":"https:\/\/capitaliafamiliar.es\/informes\/wp-json\/wp\/v2\/comments?post=5736"}],"version-history":[{"count":2,"href":"https:\/\/capitaliafamiliar.es\/informes\/wp-json\/wp\/v2\/posts\/5736\/revisions"}],"predecessor-version":[{"id":5741,"href":"https:\/\/capitaliafamiliar.es\/informes\/wp-json\/wp\/v2\/posts\/5736\/revisions\/5741"}],"wp:featuredmedia":[{"embeddable":true,"href":"https:\/\/capitaliafamiliar.es\/informes\/wp-json\/wp\/v2\/media\/2525"}],"wp:attachment":[{"href":"https:\/\/capitaliafamiliar.es\/informes\/wp-json\/wp\/v2\/media?parent=5736"}],"wp:term":[{"taxonomy":"category","embeddable":true,"href":"https:\/\/capitaliafamiliar.es\/informes\/wp-json\/wp\/v2\/categories?post=5736"},{"taxonomy":"post_tag","embeddable":true,"href":"https:\/\/capitaliafamiliar.es\/informes\/wp-json\/wp\/v2\/tags?post=5736"}],"curies":[{"name":"wp","href":"https:\/\/api.w.org\/{rel}","templated":true}]}}