{"id":5746,"date":"2021-03-01T12:57:02","date_gmt":"2021-03-01T12:57:02","guid":{"rendered":"https:\/\/capitaliafamiliar.es\/informes\/?p=5746"},"modified":"2021-03-01T12:57:02","modified_gmt":"2021-03-01T12:57:02","slug":"analisis-del-fin-de-semana-27-y-28-de-febrero-de-2021","status":"publish","type":"post","link":"https:\/\/capitaliafamiliar.es\/informes\/2021\/03\/01\/analisis-del-fin-de-semana-27-y-28-de-febrero-de-2021\/","title":{"rendered":"An\u00e1lisis del fin de semana <br> 27 y 28 de febrero de 2021"},"content":{"rendered":"<blockquote>\n<p style=\"text-align: justify;\"><span style=\"font-size: 16px;\"><strong>No se puede tener todo&#8230;<\/strong><\/span><\/p>\n<\/blockquote>\n<p style=\"text-align: justify;\"><span style=\"font-size: 16px;\">Conclusiones del an\u00e1lisis del fin de semana:<\/span><\/p>\n<ul style=\"text-align: justify;\">\n<li style=\"list-style-type: none;\">\n<ul>\n<li><strong>La presi\u00f3n al alza que siguen registrando los tipos de inter\u00e9s inquieta cada vez m\u00e1s a los mercados.<\/strong><\/li>\n<li><strong>Los \u00edndices burs\u00e1tiles se encuentran muy pr\u00f3ximos de nuevo a perder las primeras zonas relevantes de soporte.<\/strong><\/li>\n<li><strong>La subida de los tipos de inter\u00e9s ha puesto un primer techo al encarecimiento de las materias primas.<\/strong><\/li>\n<li><strong>La ca\u00edda del oro: \u00bf<em>Bull flag<\/em> o final de su tendencia alcista de largo plazo?<\/strong><\/li>\n<li><strong>Ante la p\u00e9rdida de <em>momentum<\/em> y el aumento del riesgo en los mercados, volvimos esta semana a una posici\u00f3n marcadamente defensiva.<\/strong><\/li>\n<\/ul>\n<\/li>\n<\/ul>\n<p>&nbsp;<\/p>\n<p style=\"text-align: justify;\"><strong><u>La presi\u00f3n al alza que siguen registrando los tipos de inter\u00e9s inquieta cada vez m\u00e1s a los mercados.<\/u><\/strong><\/p>\n<p style=\"text-align: justify;\">La presi\u00f3n alza que siguen registrando los tipos de inter\u00e9s de mercado, y la pasividad y aceptaci\u00f3n con la que los bancos centrales vienen contemplando esta din\u00e1mica inquietan cada vez m\u00e1s a los mercados. Esta subida de los tipos de inter\u00e9s presiona y hace que las valoraciones actuales de la mayor\u00eda de los activos se vuelvan m\u00e1s inc\u00f3modas.<\/p>\n<p style=\"text-align: justify;\">As\u00ed, el tipo de inter\u00e9s del bono alem\u00e1n a 10 a\u00f1os (referencia para el mercado de renta fija europeo), se encuentra ya pr\u00f3ximo a los m\u00e1ximos locales de hace un a\u00f1o. Su cotizaci\u00f3n acumula ya una p\u00e9rdida relevante en lo que llevamos de ejercicio, del -2.5% (la renta fija corporativa europea de alta calidad crediticia pierde cerca de un -1%). Por lo que respecta al bono estadounidense a 10 a\u00f1os (referencia para toda la renta fija mundial \u2014tambi\u00e9n la europea\u2014), acumula ya una p\u00e9rdida del -3.7% en lo que llevamos de ejercicio, y sigue sumando puntos para hacer de este a\u00f1o el peor de su historia (la renta fija corporativa de alta calidad crediticia en d\u00f3lares pierde ya en el a\u00f1o m\u00e1s\u00a0 de un -4%, y la p\u00e9rdida de la renta fija emergente se aproxima al -5%).<\/p>\n<p style=\"text-align: justify;\">De esta forma, el mercado de renta fija a nivel global ha entrado ya en tendencia bajista de largo plazo.<\/p>\n<p style=\"text-align: justify;\">Si este din\u00e1mica siguiera agudiz\u00e1ndose en pr\u00f3ximas semanas y meses, se convertir\u00eda en un serio peligro de descarrilamiento de la incipiente recuperaci\u00f3n econ\u00f3mica. Por ello, parece razonable pensar que, en alg\u00fan momento, los bancos centrales intervendr\u00e1n de forma espec\u00edfica en los mercados (siguen haci\u00e9ndolo de manera regular dentro del marco de sus programas de compra de activos en curso) de cara a frenar o cuando menos modular el avance de este tensionamiento (de hecho ser\u00eda m\u00e1s apropiado decir normalizaci\u00f3n) de los tipos de inter\u00e9s.<\/p>\n<p style=\"text-align: justify;\">\n<p style=\"text-align: justify;\"><strong><u>Los \u00edndices burs\u00e1tiles se encuentran muy pr\u00f3ximos de nuevo a perder las primeras zonas relevantes de soporte.<\/u><\/strong><\/p>\n<p style=\"text-align: justify;\">Tras las ca\u00eddas sufridas esta semana (del -2.1% para el \u00edndice europeo EUROSTOXX50, y del -2.5% para el estadounidense S&amp;P500), los \u00edndices burs\u00e1tiles se encuentran pr\u00f3ximos de nuevo a perder las primeras zonas relevantes de soporte. Si dichas zonas fueran perforadas finalmente a la baja, la tendencia de los mercados burs\u00e1tiles cambiar\u00eda a bajista (siquiera a corto plazo), con una proyecci\u00f3n de ca\u00edda adicional hasta las siguientes zonas de apoyo de en torno al -5% para Europa y de alrededor del -7% para el mercado estadounidense (aunque podr\u00eda encontrar un punto de giro intermedio a mitad de camino).<\/p>\n<p style=\"text-align: justify;\">Por el momento, la tendencia contin\u00faa siendo alcista, pero en las \u00faltimas jornadas su <em>momentum<\/em> se ha debilitado de manera significativa. Al mismo tiempo, la volatilidad del mercado se ha incrementado de manera muy relevante (una subida de la volatilidad del 30% durante esta semana pasada).<\/p>\n<p style=\"text-align: justify;\">Todo ello hace que los mercados afronten el inicio de esta pr\u00f3xima semana (comienzo tambi\u00e9n del mes de marzo) en una situaci\u00f3n delicada y particularmente incierta.<\/p>\n<p style=\"text-align: justify;\">\n<p style=\"text-align: justify;\"><strong><u>La subida de los tipos de inter\u00e9s ha puesto un primer techo al encarecimiento de las materias primas.<\/u><\/strong><\/p>\n<p style=\"text-align: justify;\">El aumento de los tipos de inter\u00e9s de mercado ha frenado ya la subida de los precios de las materias primas. De hecho, la mayor\u00eda de ellas vieron ya durante la semana pasada c\u00f3mo sus cotizaciones giraban a la baja.<\/p>\n<p style=\"text-align: justify;\">Est\u00e1 claro que tampoco los mercados pueden tenerlo todo: no pueden tener recuperaci\u00f3n econ\u00f3mica y de los precios, sin inflaci\u00f3n y sin la consiguiente normalizaci\u00f3n de los tipos de inter\u00e9s. La clave estar\u00e1 en c\u00f3mo se van acompasando en el futuro estos movimientos de todas las variables macroecon\u00f3micas relevantes (tambi\u00e9n y particularmente por parte de los bancos centrales) para que el proceso sea lo m\u00e1s ordenado, favorable y sostenido posible.<\/p>\n<p style=\"text-align: justify;\">\n<p style=\"text-align: justify;\"><strong><u>La ca\u00edda del oro: \u00bf<em>Bull flag<\/em> o final de su tendencia alcista de largo plazo?<\/u><\/strong><\/p>\n<p style=\"text-align: justify;\">La cotizaci\u00f3n del oro inici\u00f3 hace m\u00e1s de 20 a\u00f1os una tendencia alcista de largo plazo que lo llev\u00f3 a cotizar desde 250 USD\/oz. hacia el a\u00f1o 2000, a marcar un m\u00e1ximo en niveles de los 2075 USD\/oz. en agosto del pasado a\u00f1o. Desde entonces, la cotizaci\u00f3n del oro viene desarrollando una din\u00e1mica bajista que, por el momento, parece ser coherente con lo que en el mercado financiero conocemos como una \u201c<em>bull flag<\/em>\u201d (una din\u00e1mica de consolidaci\u00f3n bajista que, de confirmarse, ser\u00eda la antesala de la continuaci\u00f3n de la din\u00e1mica alcista de largo plazo). Por decirlo de una manera m\u00e1s sencilla, una <em>bull flag<\/em> ser\u00eda una especie de digesti\u00f3n (bajista) de la tendencia alcista previa, antes de seguir subiendo. El fracaso del intento de perforaci\u00f3n al alza de la parte superior de esta <em>bull flag, <\/em>que se produjo a comienzos de este a\u00f1o, ha dado continuidad hasta el momento a esta din\u00e1mica de <em>bull flag.<\/em><\/p>\n<p style=\"text-align: justify;\">En su configuraci\u00f3n actual, la base de dicha <em>bull flag<\/em> deber\u00eda ser respetada para mantener intactas las opciones de continuidad de la tendencia alcista de medio y largo plazo para la cotizaci\u00f3n del oro. En estos momentos, dicha base se encuentra en el entorno de los 1700 USD\/oz. En esos niveles (pr\u00e1cticamente ya en estos realmente, porque el viernes cerr\u00f3 en 1734) deber\u00eda entrar dinero en el oro de cara a mantener en vigor dicha <em>bull flag<\/em>. Si esa entrada neta de dinero en el oro no se produce, favoreciendo el consiguiente rebote de la cotizaci\u00f3n, es m\u00e1s, si dicha base de la <em>bull flag<\/em> fuera finalmente perforada a la baja con la suficiente claridad, la tendencia alcista de la cotizaci\u00f3n del oro de largo plazo quedar\u00eda en cuesti\u00f3n. Veremos por tanto qu\u00e9 sucede en pr\u00f3ximos d\u00edas, y quiz\u00e1s semanas, en torno a estos niveles cr\u00edticos en el sentido comentado.<\/p>\n<p style=\"text-align: justify;\">\n<p style=\"text-align: justify;\"><strong><u>Ante la p\u00e9rdida de <em>momentum<\/em> y el aumento del riesgo en los mercados, volvimos esta semana a una posici\u00f3n marcadamente defensiva.<\/u><\/strong><\/p>\n<p style=\"text-align: justify;\">Ante la p\u00e9rdida de <em>momentum<\/em> y el aumento de la volatilidad registrada durante esta semana pasada en los mercados, volvimos por segunda vez en lo que llevamos de este a\u00f1o a posiciones marcadamente defensivas, a la espera de ver c\u00f3mo resuelven los mercados la nueva prueba de los primeros soportes relevantes (como ya hicieran, entonces con \u00e9xito, a finales del pasado mes de enero).<\/p>\n<p style=\"text-align: justify;\">Si este nuevo test de las zonas de apoyo se resuelve satisfactoriamente, volveremos a retomar posiciones r\u00e1pidamente, como hici\u00e9ramos tambi\u00e9n a comienzos del mes de febrero.<\/p>\n<p>&nbsp;<\/p>\n<p style=\"text-align: center;\"><strong>Solicite informaci\u00f3n sobre nuestros servicios de asesoramiento financiero<\/strong><\/p>\n<p style=\"text-align: center;\">Si necesita ayuda para el cuidado de su patrimonio, no dude en ponerse en contacto con nosotros,<\/p>\n<p style=\"text-align: center;\">sin compromiso.<\/p>\n<p style=\"text-align: center;\">Tel\u00e9fono:\u00a0\u00a0 91 770\u00a0 22 84<\/p>\n<p style=\"text-align: center;\">Correo electr\u00f3nico:\u00a0\u00a0 capitaliafamiliar@capitaliafamiliar.es<\/p>\n","protected":false},"excerpt":{"rendered":"<p>No se puede tener todo&hellip; Conclusiones del an&aacute;lisis del fin de semana: La presi&oacute;n al alza que siguen registrando los tipos de inter&eacute;s inquieta cada vez m&aacute;s a los mercados. Los &iacute;ndices burs&aacute;tiles se encuentran muy pr&oacute;ximos de nuevo a perder las primeras zonas relevantes de soporte. La subida de los tipos de inter&eacute;s ha [&hellip;]<\/p>\n","protected":false},"author":2,"featured_media":5676,"comment_status":"closed","ping_status":"closed","sticky":false,"template":"","format":"standard","meta":{"_et_pb_use_builder":"","_et_pb_old_content":"","_et_gb_content_width":"","jetpack_post_was_ever_published":false,"_jetpack_newsletter_access":"","_jetpack_dont_email_post_to_subs":false,"_jetpack_newsletter_tier_id":0,"_jetpack_memberships_contains_paywalled_content":false,"_jetpack_memberships_contains_paid_content":false,"footnotes":""},"categories":[1],"tags":[],"class_list":["post-5746","post","type-post","status-publish","format-standard","has-post-thumbnail","hentry","category-informediario"],"jetpack_featured_media_url":"https:\/\/capitaliafamiliar.es\/informes\/wp-content\/uploads\/2021\/02\/comentarioespecial.png","jetpack_shortlink":"https:\/\/wp.me\/pa2IGq-1uG","jetpack-related-posts":[{"id":5862,"url":"https:\/\/capitaliafamiliar.es\/informes\/2021\/03\/22\/analisis-del-fin-de-semana-20-y-21-de-marzo-de-2021\/","url_meta":{"origin":5746,"position":0},"title":"An\u00e1lisis del fin de semana  20 y 21 de marzo de 2021","author":"Capitalia Familiar","date":"22 de marzo de 2021","format":false,"excerpt":"Confusi\u00f3n e indecisi\u00f3n... Conclusiones del an\u00e1lisis del fin de semana: La Reserva Federal no consigui\u00f3 convencer a los mercados (aunque quiz\u00e1s tampoco lo pretend\u00eda)\u2026 La presi\u00f3n alcista sobre los tipos de inter\u00e9s de mercado sigui\u00f3 aumentando. Las bolsas: confundidas e indecisas. El oro: pasito a pasito\u2026 La Reserva Federal no\u2026","rel":"","context":"En \u00abInforme Diario\u00bb","block_context":{"text":"Informe Diario","link":"https:\/\/capitaliafamiliar.es\/informes\/category\/informediario\/"},"img":{"alt_text":"","src":"https:\/\/i0.wp.com\/capitaliafamiliar.es\/informes\/wp-content\/uploads\/2021\/02\/comentarioespecial.png?resize=350%2C200&ssl=1","width":350,"height":200,"srcset":"https:\/\/i0.wp.com\/capitaliafamiliar.es\/informes\/wp-content\/uploads\/2021\/02\/comentarioespecial.png?resize=350%2C200&ssl=1 1x, https:\/\/i0.wp.com\/capitaliafamiliar.es\/informes\/wp-content\/uploads\/2021\/02\/comentarioespecial.png?resize=525%2C300&ssl=1 1.5x, https:\/\/i0.wp.com\/capitaliafamiliar.es\/informes\/wp-content\/uploads\/2021\/02\/comentarioespecial.png?resize=700%2C400&ssl=1 2x"},"classes":[]},{"id":6077,"url":"https:\/\/capitaliafamiliar.es\/informes\/2021\/05\/04\/analisis-del-fin-de-semana-1-y-2-de-mayo-de-2021\/","url_meta":{"origin":5746,"position":1},"title":"An\u00e1lisis del fin de semana  1 y 2 de mayo de 2021","author":"Capitalia Familiar","date":"4 de mayo de 2021","format":false,"excerpt":"Sin fuerza y sin rumbo... Conclusiones del an\u00e1lisis del fin de semana: Las bolsas se muestran por el momento sin fuerza y sin rumbo\u2026 Los bancos centrales siguen sin convencer a los mercados. \u00a0 Las bolsas se muestran por el momento sin fuerza y sin rumbo\u2026 Las bolsas despidieron el\u2026","rel":"","context":"En \u00abInforme Diario\u00bb","block_context":{"text":"Informe Diario","link":"https:\/\/capitaliafamiliar.es\/informes\/category\/informediario\/"},"img":{"alt_text":"","src":"https:\/\/i0.wp.com\/capitaliafamiliar.es\/informes\/wp-content\/uploads\/2021\/02\/comentarioespecial.png?resize=350%2C200&ssl=1","width":350,"height":200,"srcset":"https:\/\/i0.wp.com\/capitaliafamiliar.es\/informes\/wp-content\/uploads\/2021\/02\/comentarioespecial.png?resize=350%2C200&ssl=1 1x, https:\/\/i0.wp.com\/capitaliafamiliar.es\/informes\/wp-content\/uploads\/2021\/02\/comentarioespecial.png?resize=525%2C300&ssl=1 1.5x, https:\/\/i0.wp.com\/capitaliafamiliar.es\/informes\/wp-content\/uploads\/2021\/02\/comentarioespecial.png?resize=700%2C400&ssl=1 2x"},"classes":[]},{"id":5944,"url":"https:\/\/capitaliafamiliar.es\/informes\/2021\/04\/12\/analisis-del-fin-de-semana-10-y-11-de-abril-de-2021\/","url_meta":{"origin":5746,"position":2},"title":"An\u00e1lisis del fin de semana  10 y 11 de abril de 2021","author":"Capitalia Familiar","date":"12 de abril de 2021","format":false,"excerpt":"Atentos a la campa\u00f1a de publicaci\u00f3n de resultados empresariales del primer trimestre... Conclusiones del an\u00e1lisis del fin de semana: Los \u00edndices burs\u00e1tiles principales siguen evolucionando al alza, aunque con un perfil todav\u00eda marcadamente rotativo a nivel sectorial. Tregua en los mercados de renta fija, pero si todo va bien ser\u00e1\u2026","rel":"","context":"En \u00abInforme Diario\u00bb","block_context":{"text":"Informe Diario","link":"https:\/\/capitaliafamiliar.es\/informes\/category\/informediario\/"},"img":{"alt_text":"","src":"https:\/\/i0.wp.com\/capitaliafamiliar.es\/informes\/wp-content\/uploads\/2021\/02\/comentarioespecial.png?resize=350%2C200&ssl=1","width":350,"height":200,"srcset":"https:\/\/i0.wp.com\/capitaliafamiliar.es\/informes\/wp-content\/uploads\/2021\/02\/comentarioespecial.png?resize=350%2C200&ssl=1 1x, https:\/\/i0.wp.com\/capitaliafamiliar.es\/informes\/wp-content\/uploads\/2021\/02\/comentarioespecial.png?resize=525%2C300&ssl=1 1.5x, https:\/\/i0.wp.com\/capitaliafamiliar.es\/informes\/wp-content\/uploads\/2021\/02\/comentarioespecial.png?resize=700%2C400&ssl=1 2x"},"classes":[]},{"id":5827,"url":"https:\/\/capitaliafamiliar.es\/informes\/2021\/03\/15\/analisis-del-fin-de-semana-13-y-14-de-marzo-de-2021\/","url_meta":{"origin":5746,"position":3},"title":"An\u00e1lisis del fin de semana  13 y 14 de marzo de 2021","author":"Capitalia Familiar","date":"15 de marzo de 2021","format":false,"excerpt":"Bien, pero no suficiente... Conclusiones del an\u00e1lisis del fin de semana: Las bolsas se alejaron del borde del precipicio, pero... Los \u00edndices cuentan una historia, cada sector y cada valor tienen la suya propia\u2026 Los tipos de inter\u00e9s siguen sin ayudar, o s\u00ed (seg\u00fan a qu\u00e9 sector o valor)... El\u2026","rel":"","context":"En \u00abInforme Diario\u00bb","block_context":{"text":"Informe Diario","link":"https:\/\/capitaliafamiliar.es\/informes\/category\/informediario\/"},"img":{"alt_text":"","src":"https:\/\/i0.wp.com\/capitaliafamiliar.es\/informes\/wp-content\/uploads\/2021\/02\/comentarioespecial.png?resize=350%2C200&ssl=1","width":350,"height":200,"srcset":"https:\/\/i0.wp.com\/capitaliafamiliar.es\/informes\/wp-content\/uploads\/2021\/02\/comentarioespecial.png?resize=350%2C200&ssl=1 1x, https:\/\/i0.wp.com\/capitaliafamiliar.es\/informes\/wp-content\/uploads\/2021\/02\/comentarioespecial.png?resize=525%2C300&ssl=1 1.5x, https:\/\/i0.wp.com\/capitaliafamiliar.es\/informes\/wp-content\/uploads\/2021\/02\/comentarioespecial.png?resize=700%2C400&ssl=1 2x"},"classes":[]},{"id":5708,"url":"https:\/\/capitaliafamiliar.es\/informes\/2021\/02\/22\/analisis-del-fin-de-semana-20-y-21-de-febrero-de-2021\/","url_meta":{"origin":5746,"position":4},"title":"An\u00e1lisis del fin de semana  20 y 21 de febrero de 2021","author":"Capitalia Familiar","date":"22 de febrero de 2021","format":false,"excerpt":"Para que la inflaci\u00f3n sea una preocupaci\u00f3n ahora, la percepci\u00f3n sobre los verdaderos problemas de fondo debe estar mejorando muy r\u00e1pidamente... Conclusiones del an\u00e1lisis del fin de semana: Los bancos centrales tienen raz\u00f3n: la inflaci\u00f3n no es un problema. La ca\u00edda de los mercados de renta fija apenas acaba de\u2026","rel":"","context":"En \u00abInforme Diario\u00bb","block_context":{"text":"Informe Diario","link":"https:\/\/capitaliafamiliar.es\/informes\/category\/informediario\/"},"img":{"alt_text":"","src":"https:\/\/i0.wp.com\/capitaliafamiliar.es\/informes\/wp-content\/uploads\/2021\/02\/comentarioespecial.png?resize=350%2C200&ssl=1","width":350,"height":200,"srcset":"https:\/\/i0.wp.com\/capitaliafamiliar.es\/informes\/wp-content\/uploads\/2021\/02\/comentarioespecial.png?resize=350%2C200&ssl=1 1x, https:\/\/i0.wp.com\/capitaliafamiliar.es\/informes\/wp-content\/uploads\/2021\/02\/comentarioespecial.png?resize=525%2C300&ssl=1 1.5x, https:\/\/i0.wp.com\/capitaliafamiliar.es\/informes\/wp-content\/uploads\/2021\/02\/comentarioespecial.png?resize=700%2C400&ssl=1 2x"},"classes":[]},{"id":8825,"url":"https:\/\/capitaliafamiliar.es\/informes\/2023\/02\/11\/punto-de-mira-semana-del-13-al-17-de-febrero-de-2023\/","url_meta":{"origin":5746,"position":5},"title":"Punto de Mira  Semana del 13 al 17 de febrero, de 2023","author":"Capitalia Familiar","date":"11 de febrero de 2023","format":false,"excerpt":"\u00a0 Comentario general \u201c(\u2026) El pasado fin de semana anticip\u00e1bamos la posibilidad de asistir a corto plazo en los mercados, al menos, a un pullback de consolidaci\u00f3n. (\u2026) Esta din\u00e1mica de pullback de corto plazo podr\u00eda a\u00fan tener continuidad y recorrido en pr\u00f3ximas sesiones o, quiz\u00e1s, semanas. E incluso podr\u00eda\u2026","rel":"","context":"En \u00abAn\u00e1lisis del Fin de Semana Privado\u00bb","block_context":{"text":"An\u00e1lisis del Fin de Semana Privado","link":"https:\/\/capitaliafamiliar.es\/informes\/category\/analisis-del-fin-de-semana\/"},"img":{"alt_text":"","src":"https:\/\/i0.wp.com\/capitaliafamiliar.es\/informes\/wp-content\/uploads\/2021\/10\/analisis-fin-de-semana.png?resize=350%2C200&ssl=1","width":350,"height":200,"srcset":"https:\/\/i0.wp.com\/capitaliafamiliar.es\/informes\/wp-content\/uploads\/2021\/10\/analisis-fin-de-semana.png?resize=350%2C200&ssl=1 1x, https:\/\/i0.wp.com\/capitaliafamiliar.es\/informes\/wp-content\/uploads\/2021\/10\/analisis-fin-de-semana.png?resize=525%2C300&ssl=1 1.5x, https:\/\/i0.wp.com\/capitaliafamiliar.es\/informes\/wp-content\/uploads\/2021\/10\/analisis-fin-de-semana.png?resize=700%2C400&ssl=1 2x"},"classes":[]}],"jetpack_sharing_enabled":true,"_links":{"self":[{"href":"https:\/\/capitaliafamiliar.es\/informes\/wp-json\/wp\/v2\/posts\/5746","targetHints":{"allow":["GET"]}}],"collection":[{"href":"https:\/\/capitaliafamiliar.es\/informes\/wp-json\/wp\/v2\/posts"}],"about":[{"href":"https:\/\/capitaliafamiliar.es\/informes\/wp-json\/wp\/v2\/types\/post"}],"author":[{"embeddable":true,"href":"https:\/\/capitaliafamiliar.es\/informes\/wp-json\/wp\/v2\/users\/2"}],"replies":[{"embeddable":true,"href":"https:\/\/capitaliafamiliar.es\/informes\/wp-json\/wp\/v2\/comments?post=5746"}],"version-history":[{"count":1,"href":"https:\/\/capitaliafamiliar.es\/informes\/wp-json\/wp\/v2\/posts\/5746\/revisions"}],"predecessor-version":[{"id":5747,"href":"https:\/\/capitaliafamiliar.es\/informes\/wp-json\/wp\/v2\/posts\/5746\/revisions\/5747"}],"wp:featuredmedia":[{"embeddable":true,"href":"https:\/\/capitaliafamiliar.es\/informes\/wp-json\/wp\/v2\/media\/5676"}],"wp:attachment":[{"href":"https:\/\/capitaliafamiliar.es\/informes\/wp-json\/wp\/v2\/media?parent=5746"}],"wp:term":[{"taxonomy":"category","embeddable":true,"href":"https:\/\/capitaliafamiliar.es\/informes\/wp-json\/wp\/v2\/categories?post=5746"},{"taxonomy":"post_tag","embeddable":true,"href":"https:\/\/capitaliafamiliar.es\/informes\/wp-json\/wp\/v2\/tags?post=5746"}],"curies":[{"name":"wp","href":"https:\/\/api.w.org\/{rel}","templated":true}]}}