{"id":5759,"date":"2021-03-03T17:22:44","date_gmt":"2021-03-03T17:22:44","guid":{"rendered":"https:\/\/capitaliafamiliar.es\/informes\/?p=5759"},"modified":"2021-03-03T17:22:44","modified_gmt":"2021-03-03T17:22:44","slug":"informe-diario-miercoles-3-de-marzo-de-2021","status":"publish","type":"post","link":"https:\/\/capitaliafamiliar.es\/informes\/2021\/03\/03\/informe-diario-miercoles-3-de-marzo-de-2021\/","title":{"rendered":"Informe Diario <br> Mi\u00e9rcoles, 3 de marzo de 2021"},"content":{"rendered":"<blockquote>\n<p style=\"text-align: justify;\"><span style=\"font-size: 16px;\"><strong>Vuelven las tensiones a los mercados de renta fija&#8230;<\/strong><\/span><\/p>\n<\/blockquote>\n<p style=\"text-align: justify;\"><span style=\"font-size: 16px;\"><b>Vuelven las tensiones a los mercados de renta fija.<\/b> Como ya advert\u00edamos en el informe del lunes, la calma en los mercados de renta fija ha sido solo temporal. La complejidad del entorno actual hace insostenibles unos tipos de inter\u00e9s de mercado tan bajos sin una intervenci\u00f3n por parte de los bancos centrales. Y aunque por ahora ninguna autoridad monetaria ha tomado medidas al respecto, si quieren que la situaci\u00f3n no se descontrole deber\u00e1n hacerlo, y pronto. Y es que no hay que olvidar que los tipos de mercado est\u00e1n en niveles excepcionalmente bajos por la acci\u00f3n de los bancos centrales, y que ante una normalizaci\u00f3n de la situaci\u00f3n sin el paraca\u00eddas de los bancos centrales se corre el riesgo de que dicha normalizaci\u00f3n se produzca de manera desordenada. Y por tanto su pasividad solo incrementa los temores del mercado. En este sentido, los mercados estar\u00e1n muy atentos a las palabras en una charla sobre econom\u00eda del presidente de la Fed, Jerome Powell. La din\u00e1mica correctiva en los mercados de deuda solo acaba de comenzar, pero hay mucha diferencia entre un movimiento a la baja tendido y una ca\u00edda descontrolada, que tendr\u00eda efectos muy perniciosos sobre los mercados y tambi\u00e9n sobre la econom\u00eda. <strong>Por ahora, la din\u00e1mica alcista de las bolsas no est\u00e1 en cuesti\u00f3n, pero en este entorno incierto en el que el sentimiento del mercado cambia de optimista a pesimista (y viceversa) de un d\u00eda para otro, hace que siga siendo necesaria una estrategia muy t\u00e1ctica.<\/strong><\/span><\/p>\n<p style=\"text-align: justify;\"><span style=\"font-size: 16px;\"><strong>En el terreno macroecon\u00f3mico,<\/strong> los datos conocidos hoy en Estados Unidos van en la l\u00ednea de desaceleraci\u00f3n de la recuperaci\u00f3n econ\u00f3mica. Por un lado, el sector privado cre\u00f3 en febrero +117 mil nuevos puestos de trabajo, muy por debajo de los +177 mil esperados y de los +195 mil del mes precedente. Por otro, el ISM del sector no manufacturero se desaceler\u00f3 en ese mismo mes hasta 55.3 puntos desde los 58.7 del mes de enero. En Europa y Asia, los datos finales del PMI del sector servicios de febrero resultaron en l\u00ednea con lo estimado inicialmente.<\/span><\/p>\n<p>&nbsp;<\/p>\n<p><img loading=\"lazy\" decoding=\"async\" data-attachment-id=\"5761\" data-permalink=\"https:\/\/capitaliafamiliar.es\/informes\/2021\/03\/03\/informe-diario-miercoles-3-de-marzo-de-2021\/rv-687\/\" data-orig-file=\"https:\/\/capitaliafamiliar.es\/informes\/wp-content\/uploads\/2021\/03\/RV-2.jpg\" data-orig-size=\"336,413\" data-comments-opened=\"0\" data-image-meta=\"{&quot;aperture&quot;:&quot;0&quot;,&quot;credit&quot;:&quot;&quot;,&quot;camera&quot;:&quot;&quot;,&quot;caption&quot;:&quot;&quot;,&quot;created_timestamp&quot;:&quot;0&quot;,&quot;copyright&quot;:&quot;&quot;,&quot;focal_length&quot;:&quot;0&quot;,&quot;iso&quot;:&quot;0&quot;,&quot;shutter_speed&quot;:&quot;0&quot;,&quot;title&quot;:&quot;&quot;,&quot;orientation&quot;:&quot;0&quot;}\" data-image-title=\"RV\" data-image-description=\"\" data-image-caption=\"\" data-large-file=\"https:\/\/capitaliafamiliar.es\/informes\/wp-content\/uploads\/2021\/03\/RV-2.jpg\" class=\"alignnone size-full wp-image-5761\" src=\"https:\/\/capitaliafamiliar.es\/informes\/wp-content\/uploads\/2021\/03\/RV-2.jpg\" alt=\"\" width=\"336\" height=\"413\" srcset=\"https:\/\/capitaliafamiliar.es\/informes\/wp-content\/uploads\/2021\/03\/RV-2.jpg 336w, https:\/\/capitaliafamiliar.es\/informes\/wp-content\/uploads\/2021\/03\/RV-2-244x300.jpg 244w\" sizes=\"(max-width: 336px) 100vw, 336px\" \/><img loading=\"lazy\" decoding=\"async\" data-attachment-id=\"5762\" data-permalink=\"https:\/\/capitaliafamiliar.es\/informes\/2021\/03\/03\/informe-diario-miercoles-3-de-marzo-de-2021\/rf-678\/\" data-orig-file=\"https:\/\/capitaliafamiliar.es\/informes\/wp-content\/uploads\/2021\/03\/RF-2.jpg\" data-orig-size=\"299,353\" data-comments-opened=\"0\" data-image-meta=\"{&quot;aperture&quot;:&quot;0&quot;,&quot;credit&quot;:&quot;&quot;,&quot;camera&quot;:&quot;&quot;,&quot;caption&quot;:&quot;&quot;,&quot;created_timestamp&quot;:&quot;0&quot;,&quot;copyright&quot;:&quot;&quot;,&quot;focal_length&quot;:&quot;0&quot;,&quot;iso&quot;:&quot;0&quot;,&quot;shutter_speed&quot;:&quot;0&quot;,&quot;title&quot;:&quot;&quot;,&quot;orientation&quot;:&quot;0&quot;}\" data-image-title=\"RF\" data-image-description=\"\" data-image-caption=\"\" data-large-file=\"https:\/\/capitaliafamiliar.es\/informes\/wp-content\/uploads\/2021\/03\/RF-2.jpg\" class=\"alignnone size-full wp-image-5762\" src=\"https:\/\/capitaliafamiliar.es\/informes\/wp-content\/uploads\/2021\/03\/RF-2.jpg\" alt=\"\" width=\"299\" height=\"353\" srcset=\"https:\/\/capitaliafamiliar.es\/informes\/wp-content\/uploads\/2021\/03\/RF-2.jpg 299w, https:\/\/capitaliafamiliar.es\/informes\/wp-content\/uploads\/2021\/03\/RF-2-254x300.jpg 254w\" sizes=\"(max-width: 299px) 100vw, 299px\" \/><\/p>\n<p>&nbsp;<\/p>\n<p><strong>| Agenda para ma\u00f1ana |<\/strong><\/p>\n<p><img loading=\"lazy\" decoding=\"async\" data-attachment-id=\"5760\" data-permalink=\"https:\/\/capitaliafamiliar.es\/informes\/2021\/03\/03\/informe-diario-miercoles-3-de-marzo-de-2021\/ag-417\/\" data-orig-file=\"https:\/\/capitaliafamiliar.es\/informes\/wp-content\/uploads\/2021\/03\/AG-2.jpg\" data-orig-size=\"676,105\" data-comments-opened=\"0\" data-image-meta=\"{&quot;aperture&quot;:&quot;0&quot;,&quot;credit&quot;:&quot;&quot;,&quot;camera&quot;:&quot;&quot;,&quot;caption&quot;:&quot;&quot;,&quot;created_timestamp&quot;:&quot;0&quot;,&quot;copyright&quot;:&quot;&quot;,&quot;focal_length&quot;:&quot;0&quot;,&quot;iso&quot;:&quot;0&quot;,&quot;shutter_speed&quot;:&quot;0&quot;,&quot;title&quot;:&quot;&quot;,&quot;orientation&quot;:&quot;0&quot;}\" data-image-title=\"AG\" data-image-description=\"\" data-image-caption=\"\" data-large-file=\"https:\/\/capitaliafamiliar.es\/informes\/wp-content\/uploads\/2021\/03\/AG-2.jpg\" class=\"alignnone size-full wp-image-5760\" src=\"https:\/\/capitaliafamiliar.es\/informes\/wp-content\/uploads\/2021\/03\/AG-2.jpg\" alt=\"\" width=\"676\" height=\"105\" srcset=\"https:\/\/capitaliafamiliar.es\/informes\/wp-content\/uploads\/2021\/03\/AG-2.jpg 676w, https:\/\/capitaliafamiliar.es\/informes\/wp-content\/uploads\/2021\/03\/AG-2-300x47.jpg 300w\" sizes=\"(max-width: 676px) 100vw, 676px\" \/><\/p>\n<p>&nbsp;<\/p>\n<p style=\"text-align: center;\"><strong>Solicite informaci\u00f3n sobre nuestros servicios de asesoramiento financiero<\/strong><\/p>\n<p style=\"text-align: center;\">Si necesita ayuda para el cuidado de su patrimonio, no dude en ponerse en contacto con nosotros,<\/p>\n<p style=\"text-align: center;\">sin compromiso.<\/p>\n<p style=\"text-align: center;\">Tel\u00e9fono:\u00a0\u00a0 91 770\u00a0 22 84<\/p>\n<p style=\"text-align: center;\">Correo electr\u00f3nico:\u00a0\u00a0 capitaliafamiliar@capitaliafamiliar.es<\/p>\n","protected":false},"excerpt":{"rendered":"<p>Vuelven las tensiones a los mercados de renta fija&hellip; Vuelven las tensiones a los mercados de renta fija. Como ya advert&iacute;amos en el informe del lunes, la calma en los mercados de renta fija ha sido solo temporal. La complejidad del entorno actual hace insostenibles unos tipos de inter&eacute;s de mercado tan bajos sin una [&hellip;]<\/p>\n","protected":false},"author":2,"featured_media":2525,"comment_status":"closed","ping_status":"closed","sticky":false,"template":"","format":"standard","meta":{"_et_pb_use_builder":"","_et_pb_old_content":"","_et_gb_content_width":"","jetpack_post_was_ever_published":false,"_jetpack_newsletter_access":"","_jetpack_dont_email_post_to_subs":false,"_jetpack_newsletter_tier_id":0,"_jetpack_memberships_contains_paywalled_content":false,"_jetpack_memberships_contains_paid_content":false,"footnotes":""},"categories":[1],"tags":[],"class_list":["post-5759","post","type-post","status-publish","format-standard","has-post-thumbnail","hentry","category-informediario"],"jetpack_featured_media_url":"https:\/\/capitaliafamiliar.es\/informes\/wp-content\/uploads\/2019\/08\/informediario2.png","jetpack_shortlink":"https:\/\/wp.me\/pa2IGq-1uT","jetpack-related-posts":[{"id":5710,"url":"https:\/\/capitaliafamiliar.es\/informes\/2021\/02\/22\/informe-diario-lunes-22-de-febrero-de-2021\/","url_meta":{"origin":5759,"position":0},"title":"Informe Diario  Lunes, 22 de febrero de 2021","author":"Capitalia Familiar","date":"22 de febrero de 2021","format":false,"excerpt":"La subida de los tipos de inter\u00e9s de mercado se convierte en un factor de preocupaci\u00f3n creciente... La subida de los tipos de inter\u00e9s de mercado se convierte en un factor de preocupaci\u00f3n creciente. Como venimos indicando d\u00edas atr\u00e1s, los temores a un alza de la inflaci\u00f3n, que a nuestro\u2026","rel":"","context":"En \u00abInforme Diario\u00bb","block_context":{"text":"Informe Diario","link":"https:\/\/capitaliafamiliar.es\/informes\/category\/informediario\/"},"img":{"alt_text":"","src":"https:\/\/i0.wp.com\/capitaliafamiliar.es\/informes\/wp-content\/uploads\/2019\/08\/informediario2.png?resize=350%2C200&ssl=1","width":350,"height":200,"srcset":"https:\/\/i0.wp.com\/capitaliafamiliar.es\/informes\/wp-content\/uploads\/2019\/08\/informediario2.png?resize=350%2C200&ssl=1 1x, https:\/\/i0.wp.com\/capitaliafamiliar.es\/informes\/wp-content\/uploads\/2019\/08\/informediario2.png?resize=525%2C300&ssl=1 1.5x, https:\/\/i0.wp.com\/capitaliafamiliar.es\/informes\/wp-content\/uploads\/2019\/08\/informediario2.png?resize=700%2C400&ssl=1 2x"},"classes":[]},{"id":9653,"url":"https:\/\/capitaliafamiliar.es\/informes\/2023\/06\/29\/los-bancos-centrales-insisten-en-su-mensaje-hawkish-y-las-bolsas-continuan-ignorandolo-el-mercado-de-renta-fija-mas-profesional-si-cede-terreno\/","url_meta":{"origin":5759,"position":1},"title":"Los bancos centrales insisten en su mensaje hawkish y las bolsas contin\u00faan ignor\u00e1ndolo. El mercado de renta fija, m\u00e1s profesional, s\u00ed cede terreno","author":"Capitalia Familiar","date":"29 de junio de 2023","format":false,"excerpt":"Informe diario del jueves, 29 de junio de 2023 \u00a0 Sinopsis Hoy en los mercados El rebote de la renta variable se debilita y la renta fija suma una nueva jornada de p\u00e9rdidas relevantes. An\u00e1lisis de situaci\u00f3n Los mercados contin\u00faan instalados en la complacencia e ignorando a unos bancos centrales\u2026","rel":"","context":"En \u00abInforme Diario Privado\u00bb","block_context":{"text":"Informe Diario Privado","link":"https:\/\/capitaliafamiliar.es\/informes\/category\/informe-diario-privado\/"},"img":{"alt_text":"","src":"https:\/\/i0.wp.com\/capitaliafamiliar.es\/informes\/wp-content\/uploads\/2019\/08\/informediario2.png?resize=350%2C200&ssl=1","width":350,"height":200,"srcset":"https:\/\/i0.wp.com\/capitaliafamiliar.es\/informes\/wp-content\/uploads\/2019\/08\/informediario2.png?resize=350%2C200&ssl=1 1x, https:\/\/i0.wp.com\/capitaliafamiliar.es\/informes\/wp-content\/uploads\/2019\/08\/informediario2.png?resize=525%2C300&ssl=1 1.5x, https:\/\/i0.wp.com\/capitaliafamiliar.es\/informes\/wp-content\/uploads\/2019\/08\/informediario2.png?resize=700%2C400&ssl=1 2x"},"classes":[]},{"id":9658,"url":"https:\/\/capitaliafamiliar.es\/informes\/2023\/06\/29\/los-bancos-centrales-insisten-en-su-mensaje-hawkish-y-las-bolsas-continuan-ignorandolo-el-mercado-de-renta-fija-mas-profesional-si-cede-terreno-2\/","url_meta":{"origin":5759,"position":2},"title":"Los bancos centrales insisten en su mensaje hawkish y las bolsas contin\u00faan ignor\u00e1ndolo. El mercado de renta fija, m\u00e1s profesional, s\u00ed cede terreno","author":"Capitalia Familiar","date":"29 de junio de 2023","format":false,"excerpt":"Informe diario del jueves, 29 de junio de 2023 \u00a0 Sinopsis Hoy en los mercados El rebote de la renta variable se debilita y la renta fija suma una nueva jornada de p\u00e9rdidas relevantes. An\u00e1lisis de situaci\u00f3n Los mercados contin\u00faan instalados en la complacencia e ignorando a unos bancos centrales\u2026","rel":"","context":"En \u00abInforme Diario\u00bb","block_context":{"text":"Informe Diario","link":"https:\/\/capitaliafamiliar.es\/informes\/category\/informediario\/"},"img":{"alt_text":"","src":"https:\/\/i0.wp.com\/capitaliafamiliar.es\/informes\/wp-content\/uploads\/2019\/08\/informediario2.png?resize=350%2C200&ssl=1","width":350,"height":200,"srcset":"https:\/\/i0.wp.com\/capitaliafamiliar.es\/informes\/wp-content\/uploads\/2019\/08\/informediario2.png?resize=350%2C200&ssl=1 1x, https:\/\/i0.wp.com\/capitaliafamiliar.es\/informes\/wp-content\/uploads\/2019\/08\/informediario2.png?resize=525%2C300&ssl=1 1.5x, https:\/\/i0.wp.com\/capitaliafamiliar.es\/informes\/wp-content\/uploads\/2019\/08\/informediario2.png?resize=700%2C400&ssl=1 2x"},"classes":[]},{"id":11038,"url":"https:\/\/capitaliafamiliar.es\/informes\/2024\/03\/18\/las-reuniones-de-algunos-de-los-principales-bancos-centrales-marcara-la-semana-en-los-mercados-2\/","url_meta":{"origin":5759,"position":3},"title":"Las reuniones de algunos de los principales bancos centrales marcar\u00e1 la semana en los mercados","author":"Capitalia Familiar","date":"18 de marzo de 2024","format":false,"excerpt":"Informe diario del lunes, 18 de marzo de 2024 \u00a0 Sinopsis Hoy en los mercados Los colosos tecnol\u00f3gicos favorecieron de nuevo un rebote de las bolsas americanas. Cautela en las bolsas europeas y la renta fija. An\u00e1lisis de situaci\u00f3n El mercado se mantiene a la expectativa en una semana que\u2026","rel":"","context":"En \u00abInforme Diario\u00bb","block_context":{"text":"Informe Diario","link":"https:\/\/capitaliafamiliar.es\/informes\/category\/informediario\/"},"img":{"alt_text":"","src":"https:\/\/i0.wp.com\/capitaliafamiliar.es\/informes\/wp-content\/uploads\/2019\/08\/informediario2.png?resize=350%2C200&ssl=1","width":350,"height":200,"srcset":"https:\/\/i0.wp.com\/capitaliafamiliar.es\/informes\/wp-content\/uploads\/2019\/08\/informediario2.png?resize=350%2C200&ssl=1 1x, https:\/\/i0.wp.com\/capitaliafamiliar.es\/informes\/wp-content\/uploads\/2019\/08\/informediario2.png?resize=525%2C300&ssl=1 1.5x, https:\/\/i0.wp.com\/capitaliafamiliar.es\/informes\/wp-content\/uploads\/2019\/08\/informediario2.png?resize=700%2C400&ssl=1 2x"},"classes":[]},{"id":11108,"url":"https:\/\/capitaliafamiliar.es\/informes\/2024\/04\/08\/el-mercado-busca-una-excusa-para-consolidar-la-ultima-fase-de-subidas-en-las-bolsas-al-tiempo-que-se-intensifica-la-correccion-en-la-renta-fija-2\/","url_meta":{"origin":5759,"position":4},"title":"El mercado busca una excusa para consolidar la \u00faltima fase de subidas en las bolsas al tiempo que se intensifica la correcci\u00f3n en la renta fija","author":"Capitalia Familiar","date":"8 de abril de 2024","format":false,"excerpt":"Informe diario del lunes, 8 de abril de 2024 \u00a0 Sinopsis Hoy en los mercados Jornada de transici\u00f3n en los mercados de renta variable, que no han logrado por ahora rebotar con contundencia. La renta fija prolonga su racha bajista. An\u00e1lisis de situaci\u00f3n Las dudas en torno a los tipos\u2026","rel":"","context":"En \u00abInforme Diario\u00bb","block_context":{"text":"Informe Diario","link":"https:\/\/capitaliafamiliar.es\/informes\/category\/informediario\/"},"img":{"alt_text":"","src":"https:\/\/i0.wp.com\/capitaliafamiliar.es\/informes\/wp-content\/uploads\/2019\/08\/informediario2.png?resize=350%2C200&ssl=1","width":350,"height":200,"srcset":"https:\/\/i0.wp.com\/capitaliafamiliar.es\/informes\/wp-content\/uploads\/2019\/08\/informediario2.png?resize=350%2C200&ssl=1 1x, https:\/\/i0.wp.com\/capitaliafamiliar.es\/informes\/wp-content\/uploads\/2019\/08\/informediario2.png?resize=525%2C300&ssl=1 1.5x, https:\/\/i0.wp.com\/capitaliafamiliar.es\/informes\/wp-content\/uploads\/2019\/08\/informediario2.png?resize=700%2C400&ssl=1 2x"},"classes":[]},{"id":5708,"url":"https:\/\/capitaliafamiliar.es\/informes\/2021\/02\/22\/analisis-del-fin-de-semana-20-y-21-de-febrero-de-2021\/","url_meta":{"origin":5759,"position":5},"title":"An\u00e1lisis del fin de semana  20 y 21 de febrero de 2021","author":"Capitalia Familiar","date":"22 de febrero de 2021","format":false,"excerpt":"Para que la inflaci\u00f3n sea una preocupaci\u00f3n ahora, la percepci\u00f3n sobre los verdaderos problemas de fondo debe estar mejorando muy r\u00e1pidamente... Conclusiones del an\u00e1lisis del fin de semana: Los bancos centrales tienen raz\u00f3n: la inflaci\u00f3n no es un problema. La ca\u00edda de los mercados de renta fija apenas acaba de\u2026","rel":"","context":"En \u00abInforme Diario\u00bb","block_context":{"text":"Informe Diario","link":"https:\/\/capitaliafamiliar.es\/informes\/category\/informediario\/"},"img":{"alt_text":"","src":"https:\/\/i0.wp.com\/capitaliafamiliar.es\/informes\/wp-content\/uploads\/2021\/02\/comentarioespecial.png?resize=350%2C200&ssl=1","width":350,"height":200,"srcset":"https:\/\/i0.wp.com\/capitaliafamiliar.es\/informes\/wp-content\/uploads\/2021\/02\/comentarioespecial.png?resize=350%2C200&ssl=1 1x, https:\/\/i0.wp.com\/capitaliafamiliar.es\/informes\/wp-content\/uploads\/2021\/02\/comentarioespecial.png?resize=525%2C300&ssl=1 1.5x, https:\/\/i0.wp.com\/capitaliafamiliar.es\/informes\/wp-content\/uploads\/2021\/02\/comentarioespecial.png?resize=700%2C400&ssl=1 2x"},"classes":[]}],"jetpack_sharing_enabled":true,"_links":{"self":[{"href":"https:\/\/capitaliafamiliar.es\/informes\/wp-json\/wp\/v2\/posts\/5759","targetHints":{"allow":["GET"]}}],"collection":[{"href":"https:\/\/capitaliafamiliar.es\/informes\/wp-json\/wp\/v2\/posts"}],"about":[{"href":"https:\/\/capitaliafamiliar.es\/informes\/wp-json\/wp\/v2\/types\/post"}],"author":[{"embeddable":true,"href":"https:\/\/capitaliafamiliar.es\/informes\/wp-json\/wp\/v2\/users\/2"}],"replies":[{"embeddable":true,"href":"https:\/\/capitaliafamiliar.es\/informes\/wp-json\/wp\/v2\/comments?post=5759"}],"version-history":[{"count":1,"href":"https:\/\/capitaliafamiliar.es\/informes\/wp-json\/wp\/v2\/posts\/5759\/revisions"}],"predecessor-version":[{"id":5763,"href":"https:\/\/capitaliafamiliar.es\/informes\/wp-json\/wp\/v2\/posts\/5759\/revisions\/5763"}],"wp:featuredmedia":[{"embeddable":true,"href":"https:\/\/capitaliafamiliar.es\/informes\/wp-json\/wp\/v2\/media\/2525"}],"wp:attachment":[{"href":"https:\/\/capitaliafamiliar.es\/informes\/wp-json\/wp\/v2\/media?parent=5759"}],"wp:term":[{"taxonomy":"category","embeddable":true,"href":"https:\/\/capitaliafamiliar.es\/informes\/wp-json\/wp\/v2\/categories?post=5759"},{"taxonomy":"post_tag","embeddable":true,"href":"https:\/\/capitaliafamiliar.es\/informes\/wp-json\/wp\/v2\/tags?post=5759"}],"curies":[{"name":"wp","href":"https:\/\/api.w.org\/{rel}","templated":true}]}}