{"id":5789,"date":"2021-03-09T17:11:26","date_gmt":"2021-03-09T17:11:26","guid":{"rendered":"https:\/\/capitaliafamiliar.es\/informes\/?p=5789"},"modified":"2021-03-09T17:11:26","modified_gmt":"2021-03-09T17:11:26","slug":"informe-diario-martes-9-de-marzo-de-2021","status":"publish","type":"post","link":"https:\/\/capitaliafamiliar.es\/informes\/2021\/03\/09\/informe-diario-martes-9-de-marzo-de-2021\/","title":{"rendered":"Informe Diario <br> Martes, 9 de marzo de 2021"},"content":{"rendered":"<blockquote>\n<p style=\"text-align: justify;\"><span style=\"font-size: 16px;\"><strong><b>La ca\u00edda de los tipos de inter\u00e9s de mercado devuelve la tranquilidad a las bolsas<\/b>&#8230;<\/strong><\/span><\/p>\n<\/blockquote>\n<p style=\"text-align: justify;\"><span style=\"font-size: 16px;\"><b>La ca\u00edda de los tipos de inter\u00e9s de mercado devuelve la tranquilidad a las bolsas.<\/b> Los tipos de inter\u00e9s se mercado se alejan de los m\u00e1ximos marcados en los \u00faltimos d\u00edas de la mano de Yellen y los bancos centrales. La Secretaria del Tesoro estadounidense afirm\u00f3 que el plan de est\u00edmulo aprobado en las C\u00e1maras no producir\u00e1 una inflaci\u00f3n descontrolada y que por contra servir\u00e1 para volver al pleno empleo en 2022. Adem\u00e1s, en caso de que hubiera un repunte temporal de los precios, la Fed cuenta con las herramientas necesarias para controlar esta subida sin da\u00f1ar el crecimiento. Por otro lado, el mercado ya espera las reuniones del Banco Central Europeo (jueves 11 de marzo) y la Reserva Federal (16 y 17 de marzo) con el foco sobre su visi\u00f3n de la evoluci\u00f3n de los tipos de inter\u00e9s y la inflaci\u00f3n, y posibles medidas para contrarrestar sus efectos. En este contexto de relajaci\u00f3n de los tipos de mercado, <strong>las bolsas rebotaron capitaneadas por la tecnolog\u00eda y las compa\u00f1\u00edas defensivas, las m\u00e1s castigadas en las \u00faltimas semanas. \u00bfAsistiremos a la en\u00e9sima rotaci\u00f3n sectorial en lo que va de 2021?\u00a0<\/strong><\/span><\/p>\n<p style=\"text-align: justify;\"><span style=\"font-size: 16px;\"><strong>En el terreno macroecon\u00f3mico,<\/strong> Jap\u00f3n creci\u00f3 finalmente un +11.7% trimestral anualizado en el cuarto trimestre de 2020, por debajo del +12.7% inicialmente estimado. El PIB de la Eurozona en ese mismo per\u00edodo cay\u00f3 un -4.9% interanual, superando en una d\u00e9cima el dato adelantado. Por \u00faltimo, la balanza comercial germana del mes de enero registr\u00f3 un super\u00e1vit de +22.2 miles de millones de euros, superando ampliamente las previsiones como consecuencia del mal comportamiento de las importaciones, que bajaron un -4.7%.\u00a0<\/span><\/p>\n<p>&nbsp;<\/p>\n<p><img loading=\"lazy\" decoding=\"async\" data-attachment-id=\"5794\" data-permalink=\"https:\/\/capitaliafamiliar.es\/informes\/2021\/03\/09\/informe-diario-martes-9-de-marzo-de-2021\/rv-691\/\" data-orig-file=\"https:\/\/capitaliafamiliar.es\/informes\/wp-content\/uploads\/2021\/03\/RV-6.jpg\" data-orig-size=\"336,413\" data-comments-opened=\"0\" data-image-meta=\"{&quot;aperture&quot;:&quot;0&quot;,&quot;credit&quot;:&quot;&quot;,&quot;camera&quot;:&quot;&quot;,&quot;caption&quot;:&quot;&quot;,&quot;created_timestamp&quot;:&quot;0&quot;,&quot;copyright&quot;:&quot;&quot;,&quot;focal_length&quot;:&quot;0&quot;,&quot;iso&quot;:&quot;0&quot;,&quot;shutter_speed&quot;:&quot;0&quot;,&quot;title&quot;:&quot;&quot;,&quot;orientation&quot;:&quot;0&quot;}\" data-image-title=\"RV\" data-image-description=\"\" data-image-caption=\"\" data-large-file=\"https:\/\/capitaliafamiliar.es\/informes\/wp-content\/uploads\/2021\/03\/RV-6.jpg\" class=\"alignnone size-full wp-image-5794\" src=\"https:\/\/capitaliafamiliar.es\/informes\/wp-content\/uploads\/2021\/03\/RV-6.jpg\" alt=\"\" width=\"336\" height=\"413\" srcset=\"https:\/\/capitaliafamiliar.es\/informes\/wp-content\/uploads\/2021\/03\/RV-6.jpg 336w, https:\/\/capitaliafamiliar.es\/informes\/wp-content\/uploads\/2021\/03\/RV-6-244x300.jpg 244w\" sizes=\"(max-width: 336px) 100vw, 336px\" \/><img loading=\"lazy\" decoding=\"async\" data-attachment-id=\"5795\" data-permalink=\"https:\/\/capitaliafamiliar.es\/informes\/2021\/03\/09\/informe-diario-martes-9-de-marzo-de-2021\/rf-682\/\" data-orig-file=\"https:\/\/capitaliafamiliar.es\/informes\/wp-content\/uploads\/2021\/03\/RF-6.jpg\" data-orig-size=\"299,353\" data-comments-opened=\"0\" data-image-meta=\"{&quot;aperture&quot;:&quot;0&quot;,&quot;credit&quot;:&quot;&quot;,&quot;camera&quot;:&quot;&quot;,&quot;caption&quot;:&quot;&quot;,&quot;created_timestamp&quot;:&quot;0&quot;,&quot;copyright&quot;:&quot;&quot;,&quot;focal_length&quot;:&quot;0&quot;,&quot;iso&quot;:&quot;0&quot;,&quot;shutter_speed&quot;:&quot;0&quot;,&quot;title&quot;:&quot;&quot;,&quot;orientation&quot;:&quot;0&quot;}\" data-image-title=\"RF\" data-image-description=\"\" data-image-caption=\"\" data-large-file=\"https:\/\/capitaliafamiliar.es\/informes\/wp-content\/uploads\/2021\/03\/RF-6.jpg\" class=\"alignnone size-full wp-image-5795\" src=\"https:\/\/capitaliafamiliar.es\/informes\/wp-content\/uploads\/2021\/03\/RF-6.jpg\" alt=\"\" width=\"299\" height=\"353\" srcset=\"https:\/\/capitaliafamiliar.es\/informes\/wp-content\/uploads\/2021\/03\/RF-6.jpg 299w, https:\/\/capitaliafamiliar.es\/informes\/wp-content\/uploads\/2021\/03\/RF-6-254x300.jpg 254w\" sizes=\"(max-width: 299px) 100vw, 299px\" \/><\/p>\n<p>&nbsp;<\/p>\n<p><strong>| Agenda para ma\u00f1ana |<\/strong><\/p>\n<p><img loading=\"lazy\" decoding=\"async\" data-attachment-id=\"5792\" data-permalink=\"https:\/\/capitaliafamiliar.es\/informes\/2021\/03\/09\/informe-diario-martes-9-de-marzo-de-2021\/ag-421\/\" data-orig-file=\"https:\/\/capitaliafamiliar.es\/informes\/wp-content\/uploads\/2021\/03\/AG-6.jpg\" data-orig-size=\"676,79\" data-comments-opened=\"0\" data-image-meta=\"{&quot;aperture&quot;:&quot;0&quot;,&quot;credit&quot;:&quot;&quot;,&quot;camera&quot;:&quot;&quot;,&quot;caption&quot;:&quot;&quot;,&quot;created_timestamp&quot;:&quot;0&quot;,&quot;copyright&quot;:&quot;&quot;,&quot;focal_length&quot;:&quot;0&quot;,&quot;iso&quot;:&quot;0&quot;,&quot;shutter_speed&quot;:&quot;0&quot;,&quot;title&quot;:&quot;&quot;,&quot;orientation&quot;:&quot;0&quot;}\" data-image-title=\"AG\" data-image-description=\"\" data-image-caption=\"\" data-large-file=\"https:\/\/capitaliafamiliar.es\/informes\/wp-content\/uploads\/2021\/03\/AG-6.jpg\" class=\"alignnone size-full wp-image-5792\" src=\"https:\/\/capitaliafamiliar.es\/informes\/wp-content\/uploads\/2021\/03\/AG-6.jpg\" alt=\"\" width=\"676\" height=\"79\" srcset=\"https:\/\/capitaliafamiliar.es\/informes\/wp-content\/uploads\/2021\/03\/AG-6.jpg 676w, https:\/\/capitaliafamiliar.es\/informes\/wp-content\/uploads\/2021\/03\/AG-6-300x35.jpg 300w\" sizes=\"(max-width: 676px) 100vw, 676px\" \/><\/p>\n<p>&nbsp;<\/p>\n<p style=\"text-align: center;\"><strong>Solicite informaci\u00f3n sobre nuestros servicios de asesoramiento financiero<\/strong><\/p>\n<p style=\"text-align: center;\">Si necesita ayuda para el cuidado de su patrimonio, no dude en ponerse en contacto con nosotros,<\/p>\n<p style=\"text-align: center;\">sin compromiso.<\/p>\n<p style=\"text-align: center;\">Tel\u00e9fono:\u00a0\u00a0 91 770\u00a0 22 84<\/p>\n<p style=\"text-align: center;\">Correo electr\u00f3nico:\u00a0\u00a0 capitaliafamiliar@capitaliafamiliar.es<\/p>\n","protected":false},"excerpt":{"rendered":"<p>La ca&iacute;da de los tipos de inter&eacute;s de mercado devuelve la tranquilidad a las bolsas&hellip; La ca&iacute;da de los tipos de inter&eacute;s de mercado devuelve la tranquilidad a las bolsas. Los tipos de inter&eacute;s se mercado se alejan de los m&aacute;ximos marcados en los &uacute;ltimos d&iacute;as de la mano de Yellen y los bancos centrales. [&hellip;]<\/p>\n","protected":false},"author":2,"featured_media":2525,"comment_status":"closed","ping_status":"closed","sticky":false,"template":"","format":"standard","meta":{"_et_pb_use_builder":"","_et_pb_old_content":"","_et_gb_content_width":"","jetpack_post_was_ever_published":false,"_jetpack_newsletter_access":"","_jetpack_dont_email_post_to_subs":false,"_jetpack_newsletter_tier_id":0,"_jetpack_memberships_contains_paywalled_content":false,"_jetpack_memberships_contains_paid_content":false,"footnotes":""},"categories":[1],"tags":[],"class_list":["post-5789","post","type-post","status-publish","format-standard","has-post-thumbnail","hentry","category-informediario"],"jetpack_featured_media_url":"https:\/\/capitaliafamiliar.es\/informes\/wp-content\/uploads\/2019\/08\/informediario2.png","jetpack_shortlink":"https:\/\/wp.me\/pa2IGq-1vn","jetpack-related-posts":[{"id":5742,"url":"https:\/\/capitaliafamiliar.es\/informes\/2021\/03\/01\/informe-diario-lunes-1-de-marzo-de-2021\/","url_meta":{"origin":5789,"position":0},"title":"Informe Diario  Lunes, 1 de marzo de 2021","author":"Capitalia Familiar","date":"1 de marzo de 2021","format":false,"excerpt":"La reducci\u00f3n de la presi\u00f3n sobre los tipos de inter\u00e9s de mercado da aire tambi\u00e9n a las bolsas... La reducci\u00f3n de la presi\u00f3n sobre los tipos de inter\u00e9s de mercado da aire tambi\u00e9n a las bolsas. La presi\u00f3n sobre los tipos de inter\u00e9s de mercado ha aflojado en las \u00faltimas\u2026","rel":"","context":"En \u00abInforme Diario\u00bb","block_context":{"text":"Informe Diario","link":"https:\/\/capitaliafamiliar.es\/informes\/category\/informediario\/"},"img":{"alt_text":"","src":"https:\/\/i0.wp.com\/capitaliafamiliar.es\/informes\/wp-content\/uploads\/2019\/08\/informediario2.png?resize=350%2C200&ssl=1","width":350,"height":200,"srcset":"https:\/\/i0.wp.com\/capitaliafamiliar.es\/informes\/wp-content\/uploads\/2019\/08\/informediario2.png?resize=350%2C200&ssl=1 1x, https:\/\/i0.wp.com\/capitaliafamiliar.es\/informes\/wp-content\/uploads\/2019\/08\/informediario2.png?resize=525%2C300&ssl=1 1.5x, https:\/\/i0.wp.com\/capitaliafamiliar.es\/informes\/wp-content\/uploads\/2019\/08\/informediario2.png?resize=700%2C400&ssl=1 2x"},"classes":[]},{"id":7243,"url":"https:\/\/capitaliafamiliar.es\/informes\/2021\/11\/23\/el-temor-a-nuevos-confinamientos-en-europa-y-la-subida-de-los-tipos-de-interes\/","url_meta":{"origin":5789,"position":1},"title":"El temor a nuevos confinamientos en Europa y la subida de los tipos de inter\u00e9s de mercado penalizan a las bolsas","author":"Capitalia Familiar","date":"23 de noviembre de 2021","format":false,"excerpt":"Informe diario del martes, 23 de noviembre de 2021 \u00a0 El temor a nuevos confinamientos en Europa y la subida de los tipos de inter\u00e9s de mercado penalizan a las bolsas. El avance del virus en pa\u00edses como Rep\u00fablica Checa, Pa\u00edses Bajos y, sobre todo, Alemania devuelve el temor a\u2026","rel":"","context":"En \u00abInforme Diario\u00bb","block_context":{"text":"Informe Diario","link":"https:\/\/capitaliafamiliar.es\/informes\/category\/informediario\/"},"img":{"alt_text":"","src":"https:\/\/i0.wp.com\/capitaliafamiliar.es\/informes\/wp-content\/uploads\/2019\/08\/informediario2.png?resize=350%2C200&ssl=1","width":350,"height":200,"srcset":"https:\/\/i0.wp.com\/capitaliafamiliar.es\/informes\/wp-content\/uploads\/2019\/08\/informediario2.png?resize=350%2C200&ssl=1 1x, https:\/\/i0.wp.com\/capitaliafamiliar.es\/informes\/wp-content\/uploads\/2019\/08\/informediario2.png?resize=525%2C300&ssl=1 1.5x, https:\/\/i0.wp.com\/capitaliafamiliar.es\/informes\/wp-content\/uploads\/2019\/08\/informediario2.png?resize=700%2C400&ssl=1 2x"},"classes":[]},{"id":5812,"url":"https:\/\/capitaliafamiliar.es\/informes\/2021\/03\/12\/informe-diario-viernes-12-de-marzo-de-2021\/","url_meta":{"origin":5789,"position":2},"title":"Informe Diario  Viernes, 12 de marzo de 2021","author":"Capitalia Familiar","date":"12 de marzo de 2021","format":false,"excerpt":"Los mercados presionan a la Reserva Federal para que act\u00fae... Los mercados presionan a la Reserva Federal para que act\u00fae. Parec\u00eda que los tipos de inter\u00e9s hab\u00edan frenado su escalada tras la publicaci\u00f3n de los datos de inflaci\u00f3n del mes de febrero, las palabras tranquilizadoras de la Secretaria del Tesoro\u2026","rel":"","context":"En \u00abInforme Diario\u00bb","block_context":{"text":"Informe Diario","link":"https:\/\/capitaliafamiliar.es\/informes\/category\/informediario\/"},"img":{"alt_text":"","src":"https:\/\/i0.wp.com\/capitaliafamiliar.es\/informes\/wp-content\/uploads\/2019\/08\/informediario2.png?resize=350%2C200&ssl=1","width":350,"height":200,"srcset":"https:\/\/i0.wp.com\/capitaliafamiliar.es\/informes\/wp-content\/uploads\/2019\/08\/informediario2.png?resize=350%2C200&ssl=1 1x, https:\/\/i0.wp.com\/capitaliafamiliar.es\/informes\/wp-content\/uploads\/2019\/08\/informediario2.png?resize=525%2C300&ssl=1 1.5x, https:\/\/i0.wp.com\/capitaliafamiliar.es\/informes\/wp-content\/uploads\/2019\/08\/informediario2.png?resize=700%2C400&ssl=1 2x"},"classes":[]},{"id":5907,"url":"https:\/\/capitaliafamiliar.es\/informes\/2021\/03\/30\/informe-diario-martes-30-de-marzo-de-2021\/","url_meta":{"origin":5789,"position":3},"title":"Informe Diario  Martes, 30 de marzo de 2021","author":"Capitalia Familiar","date":"30 de marzo de 2021","format":false,"excerpt":"La subida de los tipos de mercado contin\u00faa marcando el ritmo de las bolsas... La subida de los tipos de mercado contin\u00faa marcando el ritmo de las bolsas. El Presidente de Estados Unidos, Joe Biden, anunci\u00f3 un plan de recuperaci\u00f3n para la econom\u00eda estadounidense que incluye la renovaci\u00f3n y construcci\u00f3n\u2026","rel":"","context":"En \u00abInforme Diario\u00bb","block_context":{"text":"Informe Diario","link":"https:\/\/capitaliafamiliar.es\/informes\/category\/informediario\/"},"img":{"alt_text":"","src":"https:\/\/i0.wp.com\/capitaliafamiliar.es\/informes\/wp-content\/uploads\/2019\/08\/informediario2.png?resize=350%2C200&ssl=1","width":350,"height":200,"srcset":"https:\/\/i0.wp.com\/capitaliafamiliar.es\/informes\/wp-content\/uploads\/2019\/08\/informediario2.png?resize=350%2C200&ssl=1 1x, https:\/\/i0.wp.com\/capitaliafamiliar.es\/informes\/wp-content\/uploads\/2019\/08\/informediario2.png?resize=525%2C300&ssl=1 1.5x, https:\/\/i0.wp.com\/capitaliafamiliar.es\/informes\/wp-content\/uploads\/2019\/08\/informediario2.png?resize=700%2C400&ssl=1 2x"},"classes":[]},{"id":7698,"url":"https:\/\/capitaliafamiliar.es\/informes\/2022\/04\/21\/la-dinamica-cortoplacista-de-las-bolsas-sigue-ignorando-la-presion-alcista-que-continuan-registrando-los-tipos-de-interes-de-mercado\/","url_meta":{"origin":5789,"position":4},"title":"La din\u00e1mica cortoplacista de las bolsas sigue ignorando la presi\u00f3n alcista que contin\u00faan registrando los tipos de inter\u00e9s de mercado","author":"Capitalia Familiar","date":"21 de abril de 2022","format":false,"excerpt":"Informe diario del jueves, 21 de abril de 2022 \u00a0 Sinopsis Hoy en los mercados\u2026 Se mantiene el comportamiento divergente entre las bolsas y los mercados de renta fija. An\u00e1lisis de situaci\u00f3n y perspectivas La din\u00e1mica cortoplacista de las bolsas sigue ignorando la presi\u00f3n alcista que contin\u00faan registrando los tipos\u2026","rel":"","context":"En \u00abInforme Diario\u00bb","block_context":{"text":"Informe Diario","link":"https:\/\/capitaliafamiliar.es\/informes\/category\/informediario\/"},"img":{"alt_text":"","src":"https:\/\/i0.wp.com\/capitaliafamiliar.es\/informes\/wp-content\/uploads\/2019\/08\/informediario2.png?resize=350%2C200&ssl=1","width":350,"height":200,"srcset":"https:\/\/i0.wp.com\/capitaliafamiliar.es\/informes\/wp-content\/uploads\/2019\/08\/informediario2.png?resize=350%2C200&ssl=1 1x, https:\/\/i0.wp.com\/capitaliafamiliar.es\/informes\/wp-content\/uploads\/2019\/08\/informediario2.png?resize=525%2C300&ssl=1 1.5x, https:\/\/i0.wp.com\/capitaliafamiliar.es\/informes\/wp-content\/uploads\/2019\/08\/informediario2.png?resize=700%2C400&ssl=1 2x"},"classes":[]},{"id":5932,"url":"https:\/\/capitaliafamiliar.es\/informes\/2021\/04\/08\/informe-diario-jueves-8-de-abril-de-2021\/","url_meta":{"origin":5789,"position":5},"title":"Informe Diario  Jueves, 8 de abril de 2021","author":"Capitalia Familiar","date":"8 de abril de 2021","format":false,"excerpt":"Las bolsas prolongan su buena racha pero el optimismo es todav\u00eda contenido... Las bolsas prolongan su buena racha pero el optimismo es todav\u00eda contenido. Los mercados de renta variable mantienen la senda alcista y alcanzan nuevos m\u00e1ximos gracias a la tregua que ofrecen los tipos de inter\u00e9s de mercado. Las\u2026","rel":"","context":"En \u00abInforme Diario\u00bb","block_context":{"text":"Informe Diario","link":"https:\/\/capitaliafamiliar.es\/informes\/category\/informediario\/"},"img":{"alt_text":"","src":"https:\/\/i0.wp.com\/capitaliafamiliar.es\/informes\/wp-content\/uploads\/2019\/08\/informediario2.png?resize=350%2C200&ssl=1","width":350,"height":200,"srcset":"https:\/\/i0.wp.com\/capitaliafamiliar.es\/informes\/wp-content\/uploads\/2019\/08\/informediario2.png?resize=350%2C200&ssl=1 1x, https:\/\/i0.wp.com\/capitaliafamiliar.es\/informes\/wp-content\/uploads\/2019\/08\/informediario2.png?resize=525%2C300&ssl=1 1.5x, https:\/\/i0.wp.com\/capitaliafamiliar.es\/informes\/wp-content\/uploads\/2019\/08\/informediario2.png?resize=700%2C400&ssl=1 2x"},"classes":[]}],"jetpack_sharing_enabled":true,"_links":{"self":[{"href":"https:\/\/capitaliafamiliar.es\/informes\/wp-json\/wp\/v2\/posts\/5789","targetHints":{"allow":["GET"]}}],"collection":[{"href":"https:\/\/capitaliafamiliar.es\/informes\/wp-json\/wp\/v2\/posts"}],"about":[{"href":"https:\/\/capitaliafamiliar.es\/informes\/wp-json\/wp\/v2\/types\/post"}],"author":[{"embeddable":true,"href":"https:\/\/capitaliafamiliar.es\/informes\/wp-json\/wp\/v2\/users\/2"}],"replies":[{"embeddable":true,"href":"https:\/\/capitaliafamiliar.es\/informes\/wp-json\/wp\/v2\/comments?post=5789"}],"version-history":[{"count":4,"href":"https:\/\/capitaliafamiliar.es\/informes\/wp-json\/wp\/v2\/posts\/5789\/revisions"}],"predecessor-version":[{"id":5796,"href":"https:\/\/capitaliafamiliar.es\/informes\/wp-json\/wp\/v2\/posts\/5789\/revisions\/5796"}],"wp:featuredmedia":[{"embeddable":true,"href":"https:\/\/capitaliafamiliar.es\/informes\/wp-json\/wp\/v2\/media\/2525"}],"wp:attachment":[{"href":"https:\/\/capitaliafamiliar.es\/informes\/wp-json\/wp\/v2\/media?parent=5789"}],"wp:term":[{"taxonomy":"category","embeddable":true,"href":"https:\/\/capitaliafamiliar.es\/informes\/wp-json\/wp\/v2\/categories?post=5789"},{"taxonomy":"post_tag","embeddable":true,"href":"https:\/\/capitaliafamiliar.es\/informes\/wp-json\/wp\/v2\/tags?post=5789"}],"curies":[{"name":"wp","href":"https:\/\/api.w.org\/{rel}","templated":true}]}}