{"id":5914,"date":"2021-03-31T16:07:57","date_gmt":"2021-03-31T16:07:57","guid":{"rendered":"https:\/\/capitaliafamiliar.es\/informes\/?p=5914"},"modified":"2021-03-31T16:30:22","modified_gmt":"2021-03-31T16:30:22","slug":"informe-diario-miercoles-31-de-marzo-de-2021","status":"publish","type":"post","link":"https:\/\/capitaliafamiliar.es\/informes\/2021\/03\/31\/informe-diario-miercoles-31-de-marzo-de-2021\/","title":{"rendered":"Informe Diario <br> Mi\u00e9rcoles, 31 de marzo de 2021"},"content":{"rendered":"<blockquote>\n<p style=\"text-align: justify;\"><span style=\"font-size: 16px;\"><strong>Biden camufla la subida de impuestos con su ambicioso plan de infraestructuras&#8230;<\/strong><\/span><\/p>\n<\/blockquote>\n<p style=\"text-align: justify;\"><span style=\"font-size: 16px;\"><b>Biden camufla la subida de impuestos con su ambicioso plan de infraestructuras.<\/b> el Presidente estadounidense Joe Biden presentar\u00e1 hoy en detalle su propuesta para el plan de infraestructuras elaborado por los dem\u00f3cratas dentro del plan de recuperaci\u00f3n para la econom\u00eda. El plan de infraestructuras ser\u00e1 presentado como una necesidad para Estados Unidos que permitir\u00e1 renovar su obsoleta red, destacando los grandes beneficios que traer\u00e1n consigo las nuevas infraestructuras. Per detr\u00e1s de este ambicioso plan, que tendr\u00e1 una dotaci\u00f3n de 2 billones de d\u00f3lares, hay en realidad un inter\u00e9s presupuestario, que permitir\u00e1 a Biden justificar la subida de impuestos que llevan demandando mucho tiempo los dem\u00f3cratas. Estas subidas de impuestos se focalizar\u00e1n en el impuesto de sociedades y en el de la renta. Veremos si en los mercados pesa m\u00e1s el impulso que supondr\u00e1 el plan o los efectos negativos sobre las empresas de la subida impositiva. <strong>Hoy vivimos una sesi\u00f3n de transici\u00f3n en los mercados, en la que los sectores m\u00e1s castigados en las jornadas previas, tales como la tecnolog\u00eda o las utilities, recuperaron posiciones.<\/strong><\/span><\/p>\n<p style=\"text-align: justify;\"><span style=\"font-size: 16px;\"><strong>En el terreno macroecon\u00f3mico,<\/strong> la inflaci\u00f3n general sube en marzo en la Eurozona, pero la subyacente se mantiene controlada, lo que apoya la teor\u00eda de una subida temporal de los precios. As\u00ed, el IPC subi\u00f3 un +1.3% interanual como se esperaba, pero el IPC subyacente desaceler\u00f3 su subida del +1.1% al +0.9% interanual. El sector privado estadounidense cre\u00f3 en marzo +517 mil puestos de trabajo, dato muy positivo aunque ligeramente por debajo de lo previsto. En China, los datos de actividad remontaron en marzo, especialmente el PMI de servicios que en los meses anteriores se hab\u00eda debilitado.<\/span><\/p>\n<p>&nbsp;<\/p>\n<p><img loading=\"lazy\" decoding=\"async\" data-attachment-id=\"5916\" data-permalink=\"https:\/\/capitaliafamiliar.es\/informes\/2021\/03\/31\/informe-diario-miercoles-31-de-marzo-de-2021\/rv-704\/\" data-orig-file=\"https:\/\/capitaliafamiliar.es\/informes\/wp-content\/uploads\/2021\/03\/RV-19.jpg\" data-orig-size=\"336,413\" data-comments-opened=\"0\" data-image-meta=\"{&quot;aperture&quot;:&quot;0&quot;,&quot;credit&quot;:&quot;&quot;,&quot;camera&quot;:&quot;&quot;,&quot;caption&quot;:&quot;&quot;,&quot;created_timestamp&quot;:&quot;0&quot;,&quot;copyright&quot;:&quot;&quot;,&quot;focal_length&quot;:&quot;0&quot;,&quot;iso&quot;:&quot;0&quot;,&quot;shutter_speed&quot;:&quot;0&quot;,&quot;title&quot;:&quot;&quot;,&quot;orientation&quot;:&quot;0&quot;}\" data-image-title=\"RV\" data-image-description=\"\" data-image-caption=\"\" data-large-file=\"https:\/\/capitaliafamiliar.es\/informes\/wp-content\/uploads\/2021\/03\/RV-19.jpg\" class=\"alignnone size-full wp-image-5916\" src=\"https:\/\/capitaliafamiliar.es\/informes\/wp-content\/uploads\/2021\/03\/RV-19.jpg\" alt=\"\" width=\"336\" height=\"413\" srcset=\"https:\/\/capitaliafamiliar.es\/informes\/wp-content\/uploads\/2021\/03\/RV-19.jpg 336w, https:\/\/capitaliafamiliar.es\/informes\/wp-content\/uploads\/2021\/03\/RV-19-244x300.jpg 244w\" sizes=\"(max-width: 336px) 100vw, 336px\" \/><img loading=\"lazy\" decoding=\"async\" data-attachment-id=\"5917\" data-permalink=\"https:\/\/capitaliafamiliar.es\/informes\/2021\/03\/31\/informe-diario-miercoles-31-de-marzo-de-2021\/rf-696\/\" data-orig-file=\"https:\/\/capitaliafamiliar.es\/informes\/wp-content\/uploads\/2021\/03\/RF-20.jpg\" data-orig-size=\"299,353\" data-comments-opened=\"0\" data-image-meta=\"{&quot;aperture&quot;:&quot;0&quot;,&quot;credit&quot;:&quot;&quot;,&quot;camera&quot;:&quot;&quot;,&quot;caption&quot;:&quot;&quot;,&quot;created_timestamp&quot;:&quot;0&quot;,&quot;copyright&quot;:&quot;&quot;,&quot;focal_length&quot;:&quot;0&quot;,&quot;iso&quot;:&quot;0&quot;,&quot;shutter_speed&quot;:&quot;0&quot;,&quot;title&quot;:&quot;&quot;,&quot;orientation&quot;:&quot;0&quot;}\" data-image-title=\"RF\" data-image-description=\"\" data-image-caption=\"\" data-large-file=\"https:\/\/capitaliafamiliar.es\/informes\/wp-content\/uploads\/2021\/03\/RF-20.jpg\" class=\"alignnone size-full wp-image-5917\" src=\"https:\/\/capitaliafamiliar.es\/informes\/wp-content\/uploads\/2021\/03\/RF-20.jpg\" alt=\"\" width=\"299\" height=\"353\" srcset=\"https:\/\/capitaliafamiliar.es\/informes\/wp-content\/uploads\/2021\/03\/RF-20.jpg 299w, https:\/\/capitaliafamiliar.es\/informes\/wp-content\/uploads\/2021\/03\/RF-20-254x300.jpg 254w\" sizes=\"(max-width: 299px) 100vw, 299px\" \/><\/p>\n<p>&nbsp;<\/p>\n<p><strong>| Agenda para ma\u00f1ana |<\/strong><\/p>\n<p><img loading=\"lazy\" decoding=\"async\" data-attachment-id=\"5915\" data-permalink=\"https:\/\/capitaliafamiliar.es\/informes\/2021\/03\/31\/informe-diario-miercoles-31-de-marzo-de-2021\/ag-435\/\" data-orig-file=\"https:\/\/capitaliafamiliar.es\/informes\/wp-content\/uploads\/2021\/03\/AG-20.jpg\" data-orig-size=\"676,209\" data-comments-opened=\"0\" data-image-meta=\"{&quot;aperture&quot;:&quot;0&quot;,&quot;credit&quot;:&quot;&quot;,&quot;camera&quot;:&quot;&quot;,&quot;caption&quot;:&quot;&quot;,&quot;created_timestamp&quot;:&quot;0&quot;,&quot;copyright&quot;:&quot;&quot;,&quot;focal_length&quot;:&quot;0&quot;,&quot;iso&quot;:&quot;0&quot;,&quot;shutter_speed&quot;:&quot;0&quot;,&quot;title&quot;:&quot;&quot;,&quot;orientation&quot;:&quot;0&quot;}\" data-image-title=\"AG\" data-image-description=\"\" data-image-caption=\"\" data-large-file=\"https:\/\/capitaliafamiliar.es\/informes\/wp-content\/uploads\/2021\/03\/AG-20.jpg\" class=\"alignnone size-full wp-image-5915\" src=\"https:\/\/capitaliafamiliar.es\/informes\/wp-content\/uploads\/2021\/03\/AG-20.jpg\" alt=\"\" width=\"676\" height=\"209\" srcset=\"https:\/\/capitaliafamiliar.es\/informes\/wp-content\/uploads\/2021\/03\/AG-20.jpg 676w, https:\/\/capitaliafamiliar.es\/informes\/wp-content\/uploads\/2021\/03\/AG-20-300x93.jpg 300w\" sizes=\"(max-width: 676px) 100vw, 676px\" \/><\/p>\n<p>&nbsp;<\/p>\n<p>&nbsp;<\/p>\n<p style=\"text-align: center;\"><strong>Solicite informaci\u00f3n sobre nuestros servicios de asesoramiento financiero<\/strong><\/p>\n<p style=\"text-align: center;\">Si necesita ayuda para el cuidado de su patrimonio, no dude en ponerse en contacto con nosotros,<\/p>\n<p style=\"text-align: center;\">sin compromiso.<\/p>\n<p style=\"text-align: center;\">Tel\u00e9fono:\u00a0\u00a0 91 770\u00a0 22 84<\/p>\n<p style=\"text-align: center;\">Correo electr\u00f3nico:\u00a0\u00a0 capitaliafamiliar@capitaliafamiliar.es<\/p>\n","protected":false},"excerpt":{"rendered":"<p>Biden camufla la subida de impuestos con su ambicioso plan de infraestructuras&hellip; Biden camufla la subida de impuestos con su ambicioso plan de infraestructuras. el Presidente estadounidense Joe Biden presentar&aacute; hoy en detalle su propuesta para el plan de infraestructuras elaborado por los dem&oacute;cratas dentro del plan de recuperaci&oacute;n para la econom&iacute;a. El plan de [&hellip;]<\/p>\n","protected":false},"author":2,"featured_media":2525,"comment_status":"closed","ping_status":"closed","sticky":false,"template":"","format":"standard","meta":{"_et_pb_use_builder":"","_et_pb_old_content":"","_et_gb_content_width":"","jetpack_post_was_ever_published":false,"_jetpack_newsletter_access":"","_jetpack_dont_email_post_to_subs":false,"_jetpack_newsletter_tier_id":0,"_jetpack_memberships_contains_paywalled_content":false,"_jetpack_memberships_contains_paid_content":false,"footnotes":""},"categories":[1],"tags":[],"class_list":["post-5914","post","type-post","status-publish","format-standard","has-post-thumbnail","hentry","category-informediario"],"jetpack_featured_media_url":"https:\/\/capitaliafamiliar.es\/informes\/wp-content\/uploads\/2019\/08\/informediario2.png","jetpack_shortlink":"https:\/\/wp.me\/pa2IGq-1xo","jetpack-related-posts":[{"id":5993,"url":"https:\/\/capitaliafamiliar.es\/informes\/2021\/04\/20\/informe-diario-martes-20-de-abril-de-2021\/","url_meta":{"origin":5914,"position":0},"title":"Informe Diario  Martes, 20 de abril de 2021","author":"Capitalia Familiar","date":"20 de abril de 2021","format":false,"excerpt":"Contin\u00faa la din\u00e1mica de pull back en los mercados... Contin\u00faa la din\u00e1mica de pull back en los mercados. La din\u00e1mica consolidativa iniciada ayer en los mercados contin\u00faa hoy, con mayor intensidad en Europa que en Estados Unidos. En el Viejo Continente, son varios los factores que sirven como excusa para\u2026","rel":"","context":"En \u00abInforme Diario\u00bb","block_context":{"text":"Informe Diario","link":"https:\/\/capitaliafamiliar.es\/informes\/category\/informediario\/"},"img":{"alt_text":"","src":"https:\/\/i0.wp.com\/capitaliafamiliar.es\/informes\/wp-content\/uploads\/2019\/08\/informediario2.png?resize=350%2C200&ssl=1","width":350,"height":200,"srcset":"https:\/\/i0.wp.com\/capitaliafamiliar.es\/informes\/wp-content\/uploads\/2019\/08\/informediario2.png?resize=350%2C200&ssl=1 1x, https:\/\/i0.wp.com\/capitaliafamiliar.es\/informes\/wp-content\/uploads\/2019\/08\/informediario2.png?resize=525%2C300&ssl=1 1.5x, https:\/\/i0.wp.com\/capitaliafamiliar.es\/informes\/wp-content\/uploads\/2019\/08\/informediario2.png?resize=700%2C400&ssl=1 2x"},"classes":[]},{"id":6019,"url":"https:\/\/capitaliafamiliar.es\/informes\/2021\/04\/23\/informe-diario-viernes-23-de-abril-de-2021\/","url_meta":{"origin":5914,"position":1},"title":"Informe Diario  Viernes, 23 de abril de 2021","author":"Capitalia Familiar","date":"23 de abril de 2021","format":false,"excerpt":"Biden amenaza al mercado con nuevas subidas de impuestos en Estados Unidos... Biden amenaza al mercado con nuevas subidas de impuestos en Estados Unidos. Si hace unos d\u00edas conoc\u00edamos los planes del presidente norteamericano de elevar del 21% al 28% el impuesto de sociedades para financiar su ambicioso plan de\u2026","rel":"","context":"En \u00abInforme Diario\u00bb","block_context":{"text":"Informe Diario","link":"https:\/\/capitaliafamiliar.es\/informes\/category\/informediario\/"},"img":{"alt_text":"","src":"https:\/\/i0.wp.com\/capitaliafamiliar.es\/informes\/wp-content\/uploads\/2019\/08\/informediario2.png?resize=350%2C200&ssl=1","width":350,"height":200,"srcset":"https:\/\/i0.wp.com\/capitaliafamiliar.es\/informes\/wp-content\/uploads\/2019\/08\/informediario2.png?resize=350%2C200&ssl=1 1x, https:\/\/i0.wp.com\/capitaliafamiliar.es\/informes\/wp-content\/uploads\/2019\/08\/informediario2.png?resize=525%2C300&ssl=1 1.5x, https:\/\/i0.wp.com\/capitaliafamiliar.es\/informes\/wp-content\/uploads\/2019\/08\/informediario2.png?resize=700%2C400&ssl=1 2x"},"classes":[]},{"id":5907,"url":"https:\/\/capitaliafamiliar.es\/informes\/2021\/03\/30\/informe-diario-martes-30-de-marzo-de-2021\/","url_meta":{"origin":5914,"position":2},"title":"Informe Diario  Martes, 30 de marzo de 2021","author":"Capitalia Familiar","date":"30 de marzo de 2021","format":false,"excerpt":"La subida de los tipos de mercado contin\u00faa marcando el ritmo de las bolsas... La subida de los tipos de mercado contin\u00faa marcando el ritmo de las bolsas. El Presidente de Estados Unidos, Joe Biden, anunci\u00f3 un plan de recuperaci\u00f3n para la econom\u00eda estadounidense que incluye la renovaci\u00f3n y construcci\u00f3n\u2026","rel":"","context":"En \u00abInforme Diario\u00bb","block_context":{"text":"Informe Diario","link":"https:\/\/capitaliafamiliar.es\/informes\/category\/informediario\/"},"img":{"alt_text":"","src":"https:\/\/i0.wp.com\/capitaliafamiliar.es\/informes\/wp-content\/uploads\/2019\/08\/informediario2.png?resize=350%2C200&ssl=1","width":350,"height":200,"srcset":"https:\/\/i0.wp.com\/capitaliafamiliar.es\/informes\/wp-content\/uploads\/2019\/08\/informediario2.png?resize=350%2C200&ssl=1 1x, https:\/\/i0.wp.com\/capitaliafamiliar.es\/informes\/wp-content\/uploads\/2019\/08\/informediario2.png?resize=525%2C300&ssl=1 1.5x, https:\/\/i0.wp.com\/capitaliafamiliar.es\/informes\/wp-content\/uploads\/2019\/08\/informediario2.png?resize=700%2C400&ssl=1 2x"},"classes":[]},{"id":5501,"url":"https:\/\/capitaliafamiliar.es\/informes\/2021\/01\/15\/informe-diario-viernes-15-de-enero-de-2021\/","url_meta":{"origin":5914,"position":3},"title":"Informe Diario  Viernes, 15 de enero de 2021","author":"Capitalia Familiar","date":"15 de enero de 2021","format":false,"excerpt":"El movimiento de pullback gana tracci\u00f3n en las bolsas... El movimiento de pullback gana tracci\u00f3n en las bolsas. Los mercados no encontraron en el nuevo plan de est\u00edmulo planteado por Biden un catalizador para retomar las subidas. Y es que pese a que los dem\u00f3cratas pondr\u00e1n en marcha un ambicioso\u2026","rel":"","context":"En \u00abInforme Diario\u00bb","block_context":{"text":"Informe Diario","link":"https:\/\/capitaliafamiliar.es\/informes\/category\/informediario\/"},"img":{"alt_text":"","src":"https:\/\/i0.wp.com\/capitaliafamiliar.es\/informes\/wp-content\/uploads\/2019\/08\/informediario2.png?resize=350%2C200&ssl=1","width":350,"height":200,"srcset":"https:\/\/i0.wp.com\/capitaliafamiliar.es\/informes\/wp-content\/uploads\/2019\/08\/informediario2.png?resize=350%2C200&ssl=1 1x, https:\/\/i0.wp.com\/capitaliafamiliar.es\/informes\/wp-content\/uploads\/2019\/08\/informediario2.png?resize=525%2C300&ssl=1 1.5x, https:\/\/i0.wp.com\/capitaliafamiliar.es\/informes\/wp-content\/uploads\/2019\/08\/informediario2.png?resize=700%2C400&ssl=1 2x"},"classes":[]},{"id":6620,"url":"https:\/\/capitaliafamiliar.es\/informes\/2021\/08\/02\/informe-diario-lunes-2-de-agosto-de-2021\/","url_meta":{"origin":5914,"position":4},"title":"Informe Diario  Lunes, 2 de agosto de 2021","author":"Capitalia Familiar","date":"2 de agosto de 2021","format":false,"excerpt":"La mejora del sentimiento de mercado permite un inicio del mes de agosto positivo para las bolsas... La mejora del sentimiento de mercado permite un inicio del mes de agosto positivo para las bolsas. El sentimiento de mercado ha mejorado en las \u00faltimas horas gracias a una menor percepci\u00f3n de\u2026","rel":"","context":"En \u00abInforme Diario\u00bb","block_context":{"text":"Informe Diario","link":"https:\/\/capitaliafamiliar.es\/informes\/category\/informediario\/"},"img":{"alt_text":"","src":"https:\/\/i0.wp.com\/capitaliafamiliar.es\/informes\/wp-content\/uploads\/2019\/08\/informediario2.png?resize=350%2C200&ssl=1","width":350,"height":200,"srcset":"https:\/\/i0.wp.com\/capitaliafamiliar.es\/informes\/wp-content\/uploads\/2019\/08\/informediario2.png?resize=350%2C200&ssl=1 1x, https:\/\/i0.wp.com\/capitaliafamiliar.es\/informes\/wp-content\/uploads\/2019\/08\/informediario2.png?resize=525%2C300&ssl=1 1.5x, https:\/\/i0.wp.com\/capitaliafamiliar.es\/informes\/wp-content\/uploads\/2019\/08\/informediario2.png?resize=700%2C400&ssl=1 2x"},"classes":[]},{"id":5518,"url":"https:\/\/capitaliafamiliar.es\/informes\/2021\/01\/19\/informe-diario-martes-19-de-enero-de-2021\/","url_meta":{"origin":5914,"position":5},"title":"Informe Diario  Martes, 19 de enero de 2021","author":"Capitalia Familiar","date":"19 de enero de 2021","format":false,"excerpt":"Los mercados mantienen intactas sus aspiraciones alcistas... Los mercados mantienen intactas sus aspiraciones alcistas. La din\u00e1mica consolidativa en la que se encuentran inmersos los mercados se est\u00e1 produciendo de manera ordenada y los soportes de corto plazo aguantan, por lo que se mantienen intactas las aspiraciones de cara a una\u2026","rel":"","context":"En \u00abInforme Diario\u00bb","block_context":{"text":"Informe Diario","link":"https:\/\/capitaliafamiliar.es\/informes\/category\/informediario\/"},"img":{"alt_text":"","src":"https:\/\/i0.wp.com\/capitaliafamiliar.es\/informes\/wp-content\/uploads\/2019\/08\/informediario2.png?resize=350%2C200&ssl=1","width":350,"height":200,"srcset":"https:\/\/i0.wp.com\/capitaliafamiliar.es\/informes\/wp-content\/uploads\/2019\/08\/informediario2.png?resize=350%2C200&ssl=1 1x, https:\/\/i0.wp.com\/capitaliafamiliar.es\/informes\/wp-content\/uploads\/2019\/08\/informediario2.png?resize=525%2C300&ssl=1 1.5x, https:\/\/i0.wp.com\/capitaliafamiliar.es\/informes\/wp-content\/uploads\/2019\/08\/informediario2.png?resize=700%2C400&ssl=1 2x"},"classes":[]}],"jetpack_sharing_enabled":true,"_links":{"self":[{"href":"https:\/\/capitaliafamiliar.es\/informes\/wp-json\/wp\/v2\/posts\/5914","targetHints":{"allow":["GET"]}}],"collection":[{"href":"https:\/\/capitaliafamiliar.es\/informes\/wp-json\/wp\/v2\/posts"}],"about":[{"href":"https:\/\/capitaliafamiliar.es\/informes\/wp-json\/wp\/v2\/types\/post"}],"author":[{"embeddable":true,"href":"https:\/\/capitaliafamiliar.es\/informes\/wp-json\/wp\/v2\/users\/2"}],"replies":[{"embeddable":true,"href":"https:\/\/capitaliafamiliar.es\/informes\/wp-json\/wp\/v2\/comments?post=5914"}],"version-history":[{"count":4,"href":"https:\/\/capitaliafamiliar.es\/informes\/wp-json\/wp\/v2\/posts\/5914\/revisions"}],"predecessor-version":[{"id":5921,"href":"https:\/\/capitaliafamiliar.es\/informes\/wp-json\/wp\/v2\/posts\/5914\/revisions\/5921"}],"wp:featuredmedia":[{"embeddable":true,"href":"https:\/\/capitaliafamiliar.es\/informes\/wp-json\/wp\/v2\/media\/2525"}],"wp:attachment":[{"href":"https:\/\/capitaliafamiliar.es\/informes\/wp-json\/wp\/v2\/media?parent=5914"}],"wp:term":[{"taxonomy":"category","embeddable":true,"href":"https:\/\/capitaliafamiliar.es\/informes\/wp-json\/wp\/v2\/categories?post=5914"},{"taxonomy":"post_tag","embeddable":true,"href":"https:\/\/capitaliafamiliar.es\/informes\/wp-json\/wp\/v2\/tags?post=5914"}],"curies":[{"name":"wp","href":"https:\/\/api.w.org\/{rel}","templated":true}]}}