{"id":5939,"date":"2021-04-09T16:20:43","date_gmt":"2021-04-09T16:20:43","guid":{"rendered":"https:\/\/capitaliafamiliar.es\/informes\/?p=5939"},"modified":"2021-04-09T16:20:43","modified_gmt":"2021-04-09T16:20:43","slug":"informe-diario-viernes-9-de-abril-de-2021","status":"publish","type":"post","link":"https:\/\/capitaliafamiliar.es\/informes\/2021\/04\/09\/informe-diario-viernes-9-de-abril-de-2021\/","title":{"rendered":"Informe Diario <br> Viernes, 9 de abril de 2021"},"content":{"rendered":"<blockquote>\n<p style=\"text-align: justify;\"><span style=\"font-size: 16px;\"><strong>Los mercados despiden la semana en zona de m\u00e1ximos, pero los temores a la inflaci\u00f3n frenan el optimismo&#8230;<\/strong><\/span><\/p>\n<\/blockquote>\n<p style=\"text-align: justify;\"><span style=\"font-size: 16px;\"><b>Los mercados despiden la semana en zona de m\u00e1ximos, pero los temores a la inflaci\u00f3n frenan el optimismo.<\/b> Tras varias se sesiones de relajaci\u00f3n de los tipos de inter\u00e9s y una menor preocupaci\u00f3n por la subida de los precios, los temores regresan al calor de una notable escalada de los precios de producci\u00f3n en Estados Unidos y al reconocimiento desde algunos sectores de que van a trasladar al consumidor el aumento de los costes para no da\u00f1ar m\u00e1s sus m\u00e1rgenes. Si este proceso se generalizara en los pr\u00f3ximos meses, aunque sus efectos probablemente no podr\u00e1n constatarse hasta el pr\u00f3ximo a\u00f1o, volveremos a ver tensiones en los tipos de inter\u00e9s y nervios en las bolsas en un futuro cercano. En este sentido, <strong>pese a que el repunte de los tipos de inter\u00e9s ha vuelto a perjudicar a las compa\u00f1\u00edas de crecimiento e intensivas en capital, las bolsas cerraron sin cambios destacados y prolongan la tendencia alcista.<\/strong><\/span><\/p>\n<p style=\"text-align: justify;\"><span style=\"font-size: 16px;\"><strong>En el terreno macroecon\u00f3mico,<\/strong> el IPC de China aument\u00f3 un +0.4% interanual, por encima del +0.3% esperado, y regresa a terreno positivo tras dos meses de deflaci\u00f3n. La balanza comercial germana de febrero registr\u00f3 un super\u00e1vit +19.1 miles de millones de euros, inferior a los +20.0 miles de millones de euros esperados y a los +22.2 miles de millones de euros del mes de enero, como consecuencia del aumento mayor de lo esperado de las importaciones. Adem\u00e1s, el \u00edndice de producci\u00f3n industrial de febrero de Alemania ahond\u00f3 su ca\u00edda hasta el -6.4% interanual desde el -3.9% de enero, perjudicado por las restricciones a la movilidad impuestas debido al avance del Covid-19. En Estados Unidos, los precios de producci\u00f3n avanzaron un +4.2% interanual en febrero, en tanto que el IPP subyacente lo hizo un +3.1%, en ambos casos superando las previsiones y el dato anterior.<\/span><\/p>\n<p>&nbsp;<\/p>\n<p><img loading=\"lazy\" decoding=\"async\" data-attachment-id=\"5941\" data-permalink=\"https:\/\/capitaliafamiliar.es\/informes\/2021\/04\/09\/informe-diario-viernes-9-de-abril-de-2021\/rv-707\/\" data-orig-file=\"https:\/\/capitaliafamiliar.es\/informes\/wp-content\/uploads\/2021\/04\/RV-2.jpg\" data-orig-size=\"336,413\" data-comments-opened=\"0\" data-image-meta=\"{&quot;aperture&quot;:&quot;0&quot;,&quot;credit&quot;:&quot;&quot;,&quot;camera&quot;:&quot;&quot;,&quot;caption&quot;:&quot;&quot;,&quot;created_timestamp&quot;:&quot;0&quot;,&quot;copyright&quot;:&quot;&quot;,&quot;focal_length&quot;:&quot;0&quot;,&quot;iso&quot;:&quot;0&quot;,&quot;shutter_speed&quot;:&quot;0&quot;,&quot;title&quot;:&quot;&quot;,&quot;orientation&quot;:&quot;0&quot;}\" data-image-title=\"RV\" data-image-description=\"\" data-image-caption=\"\" data-large-file=\"https:\/\/capitaliafamiliar.es\/informes\/wp-content\/uploads\/2021\/04\/RV-2.jpg\" class=\"alignnone size-full wp-image-5941\" src=\"https:\/\/capitaliafamiliar.es\/informes\/wp-content\/uploads\/2021\/04\/RV-2.jpg\" alt=\"\" width=\"336\" height=\"413\" srcset=\"https:\/\/capitaliafamiliar.es\/informes\/wp-content\/uploads\/2021\/04\/RV-2.jpg 336w, https:\/\/capitaliafamiliar.es\/informes\/wp-content\/uploads\/2021\/04\/RV-2-244x300.jpg 244w\" sizes=\"(max-width: 336px) 100vw, 336px\" \/><img loading=\"lazy\" decoding=\"async\" data-attachment-id=\"5942\" data-permalink=\"https:\/\/capitaliafamiliar.es\/informes\/2021\/04\/09\/informe-diario-viernes-9-de-abril-de-2021\/rf-699\/\" data-orig-file=\"https:\/\/capitaliafamiliar.es\/informes\/wp-content\/uploads\/2021\/04\/RF-2.jpg\" data-orig-size=\"299,353\" data-comments-opened=\"0\" data-image-meta=\"{&quot;aperture&quot;:&quot;0&quot;,&quot;credit&quot;:&quot;&quot;,&quot;camera&quot;:&quot;&quot;,&quot;caption&quot;:&quot;&quot;,&quot;created_timestamp&quot;:&quot;0&quot;,&quot;copyright&quot;:&quot;&quot;,&quot;focal_length&quot;:&quot;0&quot;,&quot;iso&quot;:&quot;0&quot;,&quot;shutter_speed&quot;:&quot;0&quot;,&quot;title&quot;:&quot;&quot;,&quot;orientation&quot;:&quot;0&quot;}\" data-image-title=\"RF\" data-image-description=\"\" data-image-caption=\"\" data-large-file=\"https:\/\/capitaliafamiliar.es\/informes\/wp-content\/uploads\/2021\/04\/RF-2.jpg\" class=\"alignnone size-full wp-image-5942\" src=\"https:\/\/capitaliafamiliar.es\/informes\/wp-content\/uploads\/2021\/04\/RF-2.jpg\" alt=\"\" width=\"299\" height=\"353\" srcset=\"https:\/\/capitaliafamiliar.es\/informes\/wp-content\/uploads\/2021\/04\/RF-2.jpg 299w, https:\/\/capitaliafamiliar.es\/informes\/wp-content\/uploads\/2021\/04\/RF-2-254x300.jpg 254w\" sizes=\"(max-width: 299px) 100vw, 299px\" \/><\/p>\n<p>&nbsp;<\/p>\n<p><strong>| Agenda para el lunes |<\/strong><\/p>\n<p><img loading=\"lazy\" decoding=\"async\" data-attachment-id=\"5940\" data-permalink=\"https:\/\/capitaliafamiliar.es\/informes\/2021\/04\/09\/informe-diario-viernes-9-de-abril-de-2021\/ag-439\/\" data-orig-file=\"https:\/\/capitaliafamiliar.es\/informes\/wp-content\/uploads\/2021\/04\/AG-3.jpg\" data-orig-size=\"676,53\" data-comments-opened=\"0\" data-image-meta=\"{&quot;aperture&quot;:&quot;0&quot;,&quot;credit&quot;:&quot;&quot;,&quot;camera&quot;:&quot;&quot;,&quot;caption&quot;:&quot;&quot;,&quot;created_timestamp&quot;:&quot;0&quot;,&quot;copyright&quot;:&quot;&quot;,&quot;focal_length&quot;:&quot;0&quot;,&quot;iso&quot;:&quot;0&quot;,&quot;shutter_speed&quot;:&quot;0&quot;,&quot;title&quot;:&quot;&quot;,&quot;orientation&quot;:&quot;0&quot;}\" data-image-title=\"AG\" data-image-description=\"\" data-image-caption=\"\" data-large-file=\"https:\/\/capitaliafamiliar.es\/informes\/wp-content\/uploads\/2021\/04\/AG-3.jpg\" class=\"alignnone size-full wp-image-5940\" src=\"https:\/\/capitaliafamiliar.es\/informes\/wp-content\/uploads\/2021\/04\/AG-3.jpg\" alt=\"\" width=\"676\" height=\"53\" srcset=\"https:\/\/capitaliafamiliar.es\/informes\/wp-content\/uploads\/2021\/04\/AG-3.jpg 676w, https:\/\/capitaliafamiliar.es\/informes\/wp-content\/uploads\/2021\/04\/AG-3-300x24.jpg 300w\" sizes=\"(max-width: 676px) 100vw, 676px\" \/><\/p>\n<p>&nbsp;<\/p>\n<p>&nbsp;<\/p>\n<p style=\"text-align: center;\"><strong>Solicite informaci\u00f3n sobre nuestros servicios de asesoramiento financiero<\/strong><\/p>\n<p style=\"text-align: center;\">Si necesita ayuda para el cuidado de su patrimonio, no dude en ponerse en contacto con nosotros,<\/p>\n<p style=\"text-align: center;\">sin compromiso.<\/p>\n<p style=\"text-align: center;\">Tel\u00e9fono:\u00a0\u00a0 91 770\u00a0 22 84<\/p>\n<p style=\"text-align: center;\">Correo electr\u00f3nico:\u00a0\u00a0 capitaliafamiliar@capitaliafamiliar.es<\/p>\n","protected":false},"excerpt":{"rendered":"<p>Los mercados despiden la semana en zona de m&aacute;ximos, pero los temores a la inflaci&oacute;n frenan el optimismo&hellip; Los mercados despiden la semana en zona de m&aacute;ximos, pero los temores a la inflaci&oacute;n frenan el optimismo. Tras varias se sesiones de relajaci&oacute;n de los tipos de inter&eacute;s y una menor preocupaci&oacute;n por la subida de [&hellip;]<\/p>\n","protected":false},"author":2,"featured_media":2525,"comment_status":"closed","ping_status":"closed","sticky":false,"template":"","format":"standard","meta":{"_et_pb_use_builder":"","_et_pb_old_content":"","_et_gb_content_width":"","jetpack_post_was_ever_published":false,"_jetpack_newsletter_access":"","_jetpack_dont_email_post_to_subs":false,"_jetpack_newsletter_tier_id":0,"_jetpack_memberships_contains_paywalled_content":false,"_jetpack_memberships_contains_paid_content":false,"footnotes":""},"categories":[1],"tags":[],"class_list":["post-5939","post","type-post","status-publish","format-standard","has-post-thumbnail","hentry","category-informediario"],"jetpack_featured_media_url":"https:\/\/capitaliafamiliar.es\/informes\/wp-content\/uploads\/2019\/08\/informediario2.png","jetpack_shortlink":"https:\/\/wp.me\/pa2IGq-1xN","jetpack-related-posts":[{"id":7072,"url":"https:\/\/capitaliafamiliar.es\/informes\/2021\/10\/21\/los-mercados-de-renta-variable-frenan-la-euforia-en-zona-de-maximos-anuales\/","url_meta":{"origin":5939,"position":0},"title":"Los mercados de renta variable frenan la euforia en zona de m\u00e1ximos anuales","author":"Capitalia Familiar","date":"21 de octubre de 2021","format":false,"excerpt":"Informe diario del jueves, 21 de octubre de 2021 \u00a0 Los mercados de renta variable frenan la euforia en zona de m\u00e1ximos anuales. Las bolsas consolidan niveles tras acercarse a sus m\u00e1ximos anuales (o alcanzarlos en el caso de los \u00edndices americanos S&P500 y Dow Jones). Dicha consolidaci\u00f3n ya se\u2026","rel":"","context":"En \u00abInforme Diario\u00bb","block_context":{"text":"Informe Diario","link":"https:\/\/capitaliafamiliar.es\/informes\/category\/informediario\/"},"img":{"alt_text":"","src":"https:\/\/i0.wp.com\/capitaliafamiliar.es\/informes\/wp-content\/uploads\/2019\/08\/informediario2.png?resize=350%2C200&ssl=1","width":350,"height":200,"srcset":"https:\/\/i0.wp.com\/capitaliafamiliar.es\/informes\/wp-content\/uploads\/2019\/08\/informediario2.png?resize=350%2C200&ssl=1 1x, https:\/\/i0.wp.com\/capitaliafamiliar.es\/informes\/wp-content\/uploads\/2019\/08\/informediario2.png?resize=525%2C300&ssl=1 1.5x, https:\/\/i0.wp.com\/capitaliafamiliar.es\/informes\/wp-content\/uploads\/2019\/08\/informediario2.png?resize=700%2C400&ssl=1 2x"},"classes":[]},{"id":816,"url":"https:\/\/capitaliafamiliar.es\/informes\/2018\/10\/05\/informe-diario-viernes-5-de-octubre-de-2018\/","url_meta":{"origin":5939,"position":1},"title":"Informe Diario  Viernes, 5 de octubre de 2018","author":"Capitalia Familiar","date":"5 de octubre de 2018","format":false,"excerpt":"| Visi\u00f3n de conjunto | A vueltas con los tipos de inter\u00e9s, el crecimiento y la inflaci\u00f3n. En un momento en que los mercados sufren la presi\u00f3n de unos tipos de mercado al alza (la TIR del bono estadounidense a 10 a\u00f1os se encuentra ya en torno al 3.23%), el\u2026","rel":"","context":"En \u00abInforme Diario\u00bb","block_context":{"text":"Informe Diario","link":"https:\/\/capitaliafamiliar.es\/informes\/category\/informediario\/"},"img":{"alt_text":"","src":"https:\/\/i0.wp.com\/capitaliafamiliar.es\/informes\/wp-content\/uploads\/2018\/07\/informediario2.png?resize=350%2C200&ssl=1","width":350,"height":200,"srcset":"https:\/\/i0.wp.com\/capitaliafamiliar.es\/informes\/wp-content\/uploads\/2018\/07\/informediario2.png?resize=350%2C200&ssl=1 1x, https:\/\/i0.wp.com\/capitaliafamiliar.es\/informes\/wp-content\/uploads\/2018\/07\/informediario2.png?resize=525%2C300&ssl=1 1.5x, https:\/\/i0.wp.com\/capitaliafamiliar.es\/informes\/wp-content\/uploads\/2018\/07\/informediario2.png?resize=700%2C400&ssl=1 2x"},"classes":[]},{"id":6684,"url":"https:\/\/capitaliafamiliar.es\/informes\/2021\/08\/16\/informe-diario-lunes-16-de-agosto-de-2021\/","url_meta":{"origin":5939,"position":2},"title":"Informe Diario  Lunes, 16 de agosto de 2021","author":"Capitalia Familiar","date":"16 de agosto de 2021","format":false,"excerpt":"Los temores a una desaceleraci\u00f3n del crecimiento en China frenan el optimismo... Los temores a una desaceleraci\u00f3n del crecimiento en China frenan el optimismo. Los datos publicados en China de producci\u00f3n industrial y ventas minoristas relativos al mes de julio (ver detalles m\u00e1s abajo), sirvieron como excusa para frenar el\u2026","rel":"","context":"En \u00abInforme Diario\u00bb","block_context":{"text":"Informe Diario","link":"https:\/\/capitaliafamiliar.es\/informes\/category\/informediario\/"},"img":{"alt_text":"","src":"https:\/\/i0.wp.com\/capitaliafamiliar.es\/informes\/wp-content\/uploads\/2019\/08\/informediario2.png?resize=350%2C200&ssl=1","width":350,"height":200,"srcset":"https:\/\/i0.wp.com\/capitaliafamiliar.es\/informes\/wp-content\/uploads\/2019\/08\/informediario2.png?resize=350%2C200&ssl=1 1x, https:\/\/i0.wp.com\/capitaliafamiliar.es\/informes\/wp-content\/uploads\/2019\/08\/informediario2.png?resize=525%2C300&ssl=1 1.5x, https:\/\/i0.wp.com\/capitaliafamiliar.es\/informes\/wp-content\/uploads\/2019\/08\/informediario2.png?resize=700%2C400&ssl=1 2x"},"classes":[]},{"id":5953,"url":"https:\/\/capitaliafamiliar.es\/informes\/2021\/04\/13\/informe-diario-martes-13-de-abril-de-2021\/","url_meta":{"origin":5939,"position":3},"title":"Informe Diario  Martes, 13 de abril de 2021","author":"Capitalia Familiar","date":"13 de abril de 2021","format":false,"excerpt":"La inflaci\u00f3n sube de manera controlada en Estados Unidos y los mercados respiran tranquilos por ahora... La inflaci\u00f3n sube de manera controlada en Estados Unidos y los mercados respiran tranquilos por ahora. El IPC estadounidense creci\u00f3 en marzo un +2.6% interanual, elev\u00e1ndose desde el +1.7% de febrero como consecuencia del\u2026","rel":"","context":"En \u00abInforme Diario\u00bb","block_context":{"text":"Informe Diario","link":"https:\/\/capitaliafamiliar.es\/informes\/category\/informediario\/"},"img":{"alt_text":"","src":"https:\/\/i0.wp.com\/capitaliafamiliar.es\/informes\/wp-content\/uploads\/2019\/08\/informediario2.png?resize=350%2C200&ssl=1","width":350,"height":200,"srcset":"https:\/\/i0.wp.com\/capitaliafamiliar.es\/informes\/wp-content\/uploads\/2019\/08\/informediario2.png?resize=350%2C200&ssl=1 1x, https:\/\/i0.wp.com\/capitaliafamiliar.es\/informes\/wp-content\/uploads\/2019\/08\/informediario2.png?resize=525%2C300&ssl=1 1.5x, https:\/\/i0.wp.com\/capitaliafamiliar.es\/informes\/wp-content\/uploads\/2019\/08\/informediario2.png?resize=700%2C400&ssl=1 2x"},"classes":[]},{"id":5644,"url":"https:\/\/capitaliafamiliar.es\/informes\/2021\/02\/10\/informe-diario-miercoles-10-de-febrero-de-2021\/","url_meta":{"origin":5939,"position":4},"title":"Informe Diario  Mi\u00e9rcoles, 10 de febrero de 2021","author":"Capitalia Familiar","date":"10 de febrero de 2021","format":false,"excerpt":"El mercado respira al frenarse la subida de la inflaci\u00f3n en Estados Unidos... El mercado respira al frenarse la subida de la inflaci\u00f3n en Estados Unidos. Los datos de IPC conocidos hoy en Estados Unidos permitieron alejar, al menos de manera temporal, los temores a una escalada acelerada de los\u2026","rel":"","context":"En \u00abInforme Diario\u00bb","block_context":{"text":"Informe Diario","link":"https:\/\/capitaliafamiliar.es\/informes\/category\/informediario\/"},"img":{"alt_text":"","src":"https:\/\/i0.wp.com\/capitaliafamiliar.es\/informes\/wp-content\/uploads\/2019\/08\/informediario2.png?resize=350%2C200&ssl=1","width":350,"height":200,"srcset":"https:\/\/i0.wp.com\/capitaliafamiliar.es\/informes\/wp-content\/uploads\/2019\/08\/informediario2.png?resize=350%2C200&ssl=1 1x, https:\/\/i0.wp.com\/capitaliafamiliar.es\/informes\/wp-content\/uploads\/2019\/08\/informediario2.png?resize=525%2C300&ssl=1 1.5x, https:\/\/i0.wp.com\/capitaliafamiliar.es\/informes\/wp-content\/uploads\/2019\/08\/informediario2.png?resize=700%2C400&ssl=1 2x"},"classes":[]},{"id":5687,"url":"https:\/\/capitaliafamiliar.es\/informes\/2021\/02\/17\/informe-diario-miercoles-17-de-febrero-de-2021\/","url_meta":{"origin":5939,"position":5},"title":"Informe Diario  Mi\u00e9rcoles, 17 de febrero de 2021","author":"Capitalia Familiar","date":"17 de febrero de 2021","format":false,"excerpt":"Los buenos datos macroecon\u00f3micos conocidos en Estados Unidos avivan los temores al crecimiento de la inflaci\u00f3n... Los buenos datos macroecon\u00f3micos conocidos en Estados Unidos avivan los temores al crecimiento de la inflaci\u00f3n. Los datos de ventas minoristas y producci\u00f3n industrial publicados hoy en Estados Unidos (ver m\u00e1s abajo los detalles)\u2026","rel":"","context":"En \u00abInforme Diario\u00bb","block_context":{"text":"Informe Diario","link":"https:\/\/capitaliafamiliar.es\/informes\/category\/informediario\/"},"img":{"alt_text":"","src":"https:\/\/i0.wp.com\/capitaliafamiliar.es\/informes\/wp-content\/uploads\/2019\/08\/informediario2.png?resize=350%2C200&ssl=1","width":350,"height":200,"srcset":"https:\/\/i0.wp.com\/capitaliafamiliar.es\/informes\/wp-content\/uploads\/2019\/08\/informediario2.png?resize=350%2C200&ssl=1 1x, https:\/\/i0.wp.com\/capitaliafamiliar.es\/informes\/wp-content\/uploads\/2019\/08\/informediario2.png?resize=525%2C300&ssl=1 1.5x, https:\/\/i0.wp.com\/capitaliafamiliar.es\/informes\/wp-content\/uploads\/2019\/08\/informediario2.png?resize=700%2C400&ssl=1 2x"},"classes":[]}],"jetpack_sharing_enabled":true,"_links":{"self":[{"href":"https:\/\/capitaliafamiliar.es\/informes\/wp-json\/wp\/v2\/posts\/5939","targetHints":{"allow":["GET"]}}],"collection":[{"href":"https:\/\/capitaliafamiliar.es\/informes\/wp-json\/wp\/v2\/posts"}],"about":[{"href":"https:\/\/capitaliafamiliar.es\/informes\/wp-json\/wp\/v2\/types\/post"}],"author":[{"embeddable":true,"href":"https:\/\/capitaliafamiliar.es\/informes\/wp-json\/wp\/v2\/users\/2"}],"replies":[{"embeddable":true,"href":"https:\/\/capitaliafamiliar.es\/informes\/wp-json\/wp\/v2\/comments?post=5939"}],"version-history":[{"count":1,"href":"https:\/\/capitaliafamiliar.es\/informes\/wp-json\/wp\/v2\/posts\/5939\/revisions"}],"predecessor-version":[{"id":5943,"href":"https:\/\/capitaliafamiliar.es\/informes\/wp-json\/wp\/v2\/posts\/5939\/revisions\/5943"}],"wp:featuredmedia":[{"embeddable":true,"href":"https:\/\/capitaliafamiliar.es\/informes\/wp-json\/wp\/v2\/media\/2525"}],"wp:attachment":[{"href":"https:\/\/capitaliafamiliar.es\/informes\/wp-json\/wp\/v2\/media?parent=5939"}],"wp:term":[{"taxonomy":"category","embeddable":true,"href":"https:\/\/capitaliafamiliar.es\/informes\/wp-json\/wp\/v2\/categories?post=5939"},{"taxonomy":"post_tag","embeddable":true,"href":"https:\/\/capitaliafamiliar.es\/informes\/wp-json\/wp\/v2\/tags?post=5939"}],"curies":[{"name":"wp","href":"https:\/\/api.w.org\/{rel}","templated":true}]}}