{"id":6011,"date":"2021-04-22T16:13:43","date_gmt":"2021-04-22T16:13:43","guid":{"rendered":"https:\/\/capitaliafamiliar.es\/informes\/?p=6011"},"modified":"2021-04-22T16:13:43","modified_gmt":"2021-04-22T16:13:43","slug":"informe-diario-jueves-22-de-abril-de-2021","status":"publish","type":"post","link":"https:\/\/capitaliafamiliar.es\/informes\/2021\/04\/22\/informe-diario-jueves-22-de-abril-de-2021\/","title":{"rendered":"Informe Diario <br> Jueves, 22 de abril de 2021"},"content":{"rendered":"<blockquote>\n<p style=\"text-align: justify;\"><span style=\"font-size: 16px;\"><strong>El Banco Central Europeo no reducir\u00e1 los est\u00edmulos a la econom\u00eda hasta que el crecimiento sea s\u00f3lido&#8230;<\/strong><\/span><\/p>\n<\/blockquote>\n<p style=\"text-align: justify;\"><span style=\"font-size: 16px;\"><b>El Banco Central Europeo no reducir\u00e1 los est\u00edmulos a la econom\u00eda hasta que el crecimiento sea s\u00f3lido.<\/b> Los temores del mercado a que la entidad abriera la puerta a una reducci\u00f3n de los est\u00edmulos a comienzos del pr\u00f3ximo a\u00f1o, no se han concretado. Adem\u00e1s, Lagarde ha mostrado un tono muy <em>dovish <\/em>en su comparecencia posterior a la reuni\u00f3n, al afirmar que tal posibilidad ni siquiera se ha debatido, al tiempo que ha reafirmado el compromiso para apuntalar el crecimiento. El BCE tambi\u00e9n seguir\u00e1 comprando deuda a un ritmo m\u00e1s elevado en el segundo trimestre para contener la subida de los tipos de mercado, y mantendr\u00e1 sin cambios sus operaciones de financiaci\u00f3n a la banca a trav\u00e9s de los TLTRO. Queda aparcado, por el momento, el temor a una normalizaci\u00f3n monetaria por parte del BCE. <strong>Los mercados recuperan la tranquilidad y las bolsas del Viejo Continente celebraron el tono <em>dovish<\/em> del Banco Central Europeo. Que se mantenga esta din\u00e1mica depender\u00e1 de los resultados empresariales que seguiremos conociendo y de la reuni\u00f3n de la Reserva Federal de la pr\u00f3xima semana.<\/strong><\/span><\/p>\n<p style=\"text-align: justify;\"><span style=\"font-size: 16px;\"><strong>En el terreno macroecon\u00f3mico,<\/strong> las peticiones semanales de subsidio por desempleo contin\u00faan mejorando gracias a la apertura de la econom\u00eda y bajan a +547 mil desde las +586 mil de la semana pasada, frente al alza esperada por el mercado hasta +617 mil solicitudes. Tambi\u00e9n result\u00f3 mejor de lo previsto el \u00edndice de indicadores l\u00edderes, que en marzo avanz\u00f3 un +1.3% con respecto al mes anterior, recuper\u00e1ndose de la ca\u00edda del -0.1% registrada en febrero. Por \u00faltimo, en la Eurozona la confianza del consumidor subi\u00f3 de -10.8 a -8.1 puntos.<\/span><\/p>\n<p>&nbsp;<\/p>\n<p><img loading=\"lazy\" decoding=\"async\" data-attachment-id=\"6015\" data-permalink=\"https:\/\/capitaliafamiliar.es\/informes\/2021\/04\/22\/informe-diario-jueves-22-de-abril-de-2021\/rv-716\/\" data-orig-file=\"https:\/\/capitaliafamiliar.es\/informes\/wp-content\/uploads\/2021\/04\/RV-11.jpg\" data-orig-size=\"336,413\" data-comments-opened=\"0\" data-image-meta=\"{&quot;aperture&quot;:&quot;0&quot;,&quot;credit&quot;:&quot;&quot;,&quot;camera&quot;:&quot;&quot;,&quot;caption&quot;:&quot;&quot;,&quot;created_timestamp&quot;:&quot;0&quot;,&quot;copyright&quot;:&quot;&quot;,&quot;focal_length&quot;:&quot;0&quot;,&quot;iso&quot;:&quot;0&quot;,&quot;shutter_speed&quot;:&quot;0&quot;,&quot;title&quot;:&quot;&quot;,&quot;orientation&quot;:&quot;0&quot;}\" data-image-title=\"RV\" data-image-description=\"\" data-image-caption=\"\" data-large-file=\"https:\/\/capitaliafamiliar.es\/informes\/wp-content\/uploads\/2021\/04\/RV-11.jpg\" class=\"alignnone size-full wp-image-6015\" src=\"https:\/\/capitaliafamiliar.es\/informes\/wp-content\/uploads\/2021\/04\/RV-11.jpg\" alt=\"\" width=\"336\" height=\"413\" srcset=\"https:\/\/capitaliafamiliar.es\/informes\/wp-content\/uploads\/2021\/04\/RV-11.jpg 336w, https:\/\/capitaliafamiliar.es\/informes\/wp-content\/uploads\/2021\/04\/RV-11-244x300.jpg 244w\" sizes=\"(max-width: 336px) 100vw, 336px\" \/><img loading=\"lazy\" decoding=\"async\" data-attachment-id=\"6016\" data-permalink=\"https:\/\/capitaliafamiliar.es\/informes\/2021\/04\/22\/informe-diario-jueves-22-de-abril-de-2021\/rf-708\/\" data-orig-file=\"https:\/\/capitaliafamiliar.es\/informes\/wp-content\/uploads\/2021\/04\/RF-11.jpg\" data-orig-size=\"299,353\" data-comments-opened=\"0\" data-image-meta=\"{&quot;aperture&quot;:&quot;0&quot;,&quot;credit&quot;:&quot;&quot;,&quot;camera&quot;:&quot;&quot;,&quot;caption&quot;:&quot;&quot;,&quot;created_timestamp&quot;:&quot;0&quot;,&quot;copyright&quot;:&quot;&quot;,&quot;focal_length&quot;:&quot;0&quot;,&quot;iso&quot;:&quot;0&quot;,&quot;shutter_speed&quot;:&quot;0&quot;,&quot;title&quot;:&quot;&quot;,&quot;orientation&quot;:&quot;0&quot;}\" data-image-title=\"RF\" data-image-description=\"\" data-image-caption=\"\" data-large-file=\"https:\/\/capitaliafamiliar.es\/informes\/wp-content\/uploads\/2021\/04\/RF-11.jpg\" class=\"alignnone size-full wp-image-6016\" src=\"https:\/\/capitaliafamiliar.es\/informes\/wp-content\/uploads\/2021\/04\/RF-11.jpg\" alt=\"\" width=\"299\" height=\"353\" srcset=\"https:\/\/capitaliafamiliar.es\/informes\/wp-content\/uploads\/2021\/04\/RF-11.jpg 299w, https:\/\/capitaliafamiliar.es\/informes\/wp-content\/uploads\/2021\/04\/RF-11-254x300.jpg 254w\" sizes=\"(max-width: 299px) 100vw, 299px\" \/><\/p>\n<p>&nbsp;<\/p>\n<p><strong>| Agenda para ma\u00f1ana |<\/strong><\/p>\n<p><img loading=\"lazy\" decoding=\"async\" data-attachment-id=\"6013\" data-permalink=\"https:\/\/capitaliafamiliar.es\/informes\/2021\/04\/22\/informe-diario-jueves-22-de-abril-de-2021\/ag-447\/\" data-orig-file=\"https:\/\/capitaliafamiliar.es\/informes\/wp-content\/uploads\/2021\/04\/AG-11.jpg\" data-orig-size=\"676,157\" data-comments-opened=\"0\" data-image-meta=\"{&quot;aperture&quot;:&quot;0&quot;,&quot;credit&quot;:&quot;&quot;,&quot;camera&quot;:&quot;&quot;,&quot;caption&quot;:&quot;&quot;,&quot;created_timestamp&quot;:&quot;0&quot;,&quot;copyright&quot;:&quot;&quot;,&quot;focal_length&quot;:&quot;0&quot;,&quot;iso&quot;:&quot;0&quot;,&quot;shutter_speed&quot;:&quot;0&quot;,&quot;title&quot;:&quot;&quot;,&quot;orientation&quot;:&quot;0&quot;}\" data-image-title=\"AG\" data-image-description=\"\" data-image-caption=\"\" data-large-file=\"https:\/\/capitaliafamiliar.es\/informes\/wp-content\/uploads\/2021\/04\/AG-11.jpg\" class=\"alignnone size-full wp-image-6013\" src=\"https:\/\/capitaliafamiliar.es\/informes\/wp-content\/uploads\/2021\/04\/AG-11.jpg\" alt=\"\" width=\"676\" height=\"157\" srcset=\"https:\/\/capitaliafamiliar.es\/informes\/wp-content\/uploads\/2021\/04\/AG-11.jpg 676w, https:\/\/capitaliafamiliar.es\/informes\/wp-content\/uploads\/2021\/04\/AG-11-300x70.jpg 300w\" sizes=\"(max-width: 676px) 100vw, 676px\" \/><\/p>\n<p>&nbsp;<\/p>\n<p>&nbsp;<\/p>\n<p style=\"text-align: center;\"><strong>Solicite informaci\u00f3n sobre nuestros servicios de asesoramiento financiero<\/strong><\/p>\n<p style=\"text-align: center;\">Si necesita ayuda para el cuidado de su patrimonio, no dude en ponerse en contacto con nosotros,<\/p>\n<p style=\"text-align: center;\">sin compromiso.<\/p>\n<p style=\"text-align: center;\">Tel\u00e9fono:\u00a0\u00a0 91 770\u00a0 22 84<\/p>\n<p style=\"text-align: center;\">Correo electr\u00f3nico:\u00a0\u00a0 capitaliafamiliar@capitaliafamiliar.es<\/p>\n","protected":false},"excerpt":{"rendered":"<p>El Banco Central Europeo no reducir&aacute; los est&iacute;mulos a la econom&iacute;a hasta que el crecimiento sea s&oacute;lido&hellip; El Banco Central Europeo no reducir&aacute; los est&iacute;mulos a la econom&iacute;a hasta que el crecimiento sea s&oacute;lido. Los temores del mercado a que la entidad abriera la puerta a una reducci&oacute;n de los est&iacute;mulos a comienzos del pr&oacute;ximo [&hellip;]<\/p>\n","protected":false},"author":2,"featured_media":2525,"comment_status":"closed","ping_status":"closed","sticky":false,"template":"","format":"standard","meta":{"_et_pb_use_builder":"","_et_pb_old_content":"","_et_gb_content_width":"","jetpack_post_was_ever_published":false,"_jetpack_newsletter_access":"","_jetpack_dont_email_post_to_subs":false,"_jetpack_newsletter_tier_id":0,"_jetpack_memberships_contains_paywalled_content":false,"_jetpack_memberships_contains_paid_content":false,"footnotes":""},"categories":[1],"tags":[],"class_list":["post-6011","post","type-post","status-publish","format-standard","has-post-thumbnail","hentry","category-informediario"],"jetpack_featured_media_url":"https:\/\/capitaliafamiliar.es\/informes\/wp-content\/uploads\/2019\/08\/informediario2.png","jetpack_shortlink":"https:\/\/wp.me\/pa2IGq-1yX","jetpack-related-posts":[{"id":6905,"url":"https:\/\/capitaliafamiliar.es\/informes\/2021\/09\/22\/informe-diario-miercoles-22-de-septiembre-de-2021\/","url_meta":{"origin":6011,"position":0},"title":"Informe Diario  Mi\u00e9rcoles, 22 de septiembre de 2021","author":"Capitalia Familiar","date":"22 de septiembre de 2021","format":false,"excerpt":"A la espera de la Reserva Federal, el mercado prolonga el rebote... \u00a0 A la espera de la Reserva Federal, el mercado prolonga el rebote. Todo pendiente de la decisi\u00f3n que adopte la Reserva Federal en su reuni\u00f3n de hoy. Como dec\u00edamos ayer, no se esperan cambios en su pol\u00edtica\u2026","rel":"","context":"En \u00abInforme Diario\u00bb","block_context":{"text":"Informe Diario","link":"https:\/\/capitaliafamiliar.es\/informes\/category\/informediario\/"},"img":{"alt_text":"","src":"https:\/\/i0.wp.com\/capitaliafamiliar.es\/informes\/wp-content\/uploads\/2019\/08\/informediario2.png?resize=350%2C200&ssl=1","width":350,"height":200,"srcset":"https:\/\/i0.wp.com\/capitaliafamiliar.es\/informes\/wp-content\/uploads\/2019\/08\/informediario2.png?resize=350%2C200&ssl=1 1x, https:\/\/i0.wp.com\/capitaliafamiliar.es\/informes\/wp-content\/uploads\/2019\/08\/informediario2.png?resize=525%2C300&ssl=1 1.5x, https:\/\/i0.wp.com\/capitaliafamiliar.es\/informes\/wp-content\/uploads\/2019\/08\/informediario2.png?resize=700%2C400&ssl=1 2x"},"classes":[]},{"id":7364,"url":"https:\/\/capitaliafamiliar.es\/informes\/2021\/12\/16\/los-principales-bancos-centrales-fed-bce-y-boe-endurecen-su-politica-monetaria\/","url_meta":{"origin":6011,"position":1},"title":"Los principales bancos centrales (Fed, BCE y BoE) endurecen su pol\u00edtica monetaria&#8230;","author":"Capitalia Familiar","date":"16 de diciembre de 2021","format":false,"excerpt":"Informe diario del jueves, 16 de diciembre de 2021 Los principales bancos centrales (Fed, BCE y BoE) endurecen su pol\u00edtica monetaria. Los principales bancos centrales del planeta han confirmado, tras la celebraci\u00f3n de sus respectivas reuniones, el giro hacia una pol\u00edtica monetaria m\u00e1s restrictiva como consecuencia de la subida de\u2026","rel":"","context":"En \u00abInforme Diario\u00bb","block_context":{"text":"Informe Diario","link":"https:\/\/capitaliafamiliar.es\/informes\/category\/informediario\/"},"img":{"alt_text":"","src":"https:\/\/i0.wp.com\/capitaliafamiliar.es\/informes\/wp-content\/uploads\/2019\/08\/informediario2.png?resize=350%2C200&ssl=1","width":350,"height":200,"srcset":"https:\/\/i0.wp.com\/capitaliafamiliar.es\/informes\/wp-content\/uploads\/2019\/08\/informediario2.png?resize=350%2C200&ssl=1 1x, https:\/\/i0.wp.com\/capitaliafamiliar.es\/informes\/wp-content\/uploads\/2019\/08\/informediario2.png?resize=525%2C300&ssl=1 1.5x, https:\/\/i0.wp.com\/capitaliafamiliar.es\/informes\/wp-content\/uploads\/2019\/08\/informediario2.png?resize=700%2C400&ssl=1 2x"},"classes":[]},{"id":5877,"url":"https:\/\/capitaliafamiliar.es\/informes\/2021\/03\/24\/informe-diario-miercoles-24-de-marzo-de-2021\/","url_meta":{"origin":6011,"position":2},"title":"Informe Diario  Mi\u00e9rcoles, 24 de marzo de 2021","author":"Capitalia Familiar","date":"24 de marzo de 2021","format":false,"excerpt":"Los mercados se encuentran atrapados entre la pandemia y los est\u00edmulos... Los mercados se encuentran atrapados entre la pandemia y los est\u00edmulos. La ausencia de visibilidad sobre el panorama econ\u00f3mico hace que elaborar estrategias a medio y largo plazo se haya convertido en un ejercicio de ciencia ficci\u00f3n. Tanto es\u2026","rel":"","context":"En \u00abInforme Diario\u00bb","block_context":{"text":"Informe Diario","link":"https:\/\/capitaliafamiliar.es\/informes\/category\/informediario\/"},"img":{"alt_text":"","src":"https:\/\/i0.wp.com\/capitaliafamiliar.es\/informes\/wp-content\/uploads\/2019\/08\/informediario2.png?resize=350%2C200&ssl=1","width":350,"height":200,"srcset":"https:\/\/i0.wp.com\/capitaliafamiliar.es\/informes\/wp-content\/uploads\/2019\/08\/informediario2.png?resize=350%2C200&ssl=1 1x, https:\/\/i0.wp.com\/capitaliafamiliar.es\/informes\/wp-content\/uploads\/2019\/08\/informediario2.png?resize=525%2C300&ssl=1 1.5x, https:\/\/i0.wp.com\/capitaliafamiliar.es\/informes\/wp-content\/uploads\/2019\/08\/informediario2.png?resize=700%2C400&ssl=1 2x"},"classes":[]},{"id":6794,"url":"https:\/\/capitaliafamiliar.es\/informes\/2021\/09\/02\/informe-diario-jueves-2-de-septiembre-de-2021\/","url_meta":{"origin":6011,"position":3},"title":"Informe Diario  Jueves, 2 de septiembre de 2021","author":"Capitalia Familiar","date":"2 de septiembre de 2021","format":false,"excerpt":"Las bolsas se la juegan de nuevo a los datos de empleo de ma\u00f1ana... \u00a0 Las bolsas se la juegan de nuevo a los datos de empleo de ma\u00f1ana. Con no pocos \u00edndices generales y sectoriales en zonas de resistencia o de m\u00e1ximos, y otros no pocos claramente excedidos en\u2026","rel":"","context":"En \u00abInforme Diario\u00bb","block_context":{"text":"Informe Diario","link":"https:\/\/capitaliafamiliar.es\/informes\/category\/informediario\/"},"img":{"alt_text":"","src":"https:\/\/i0.wp.com\/capitaliafamiliar.es\/informes\/wp-content\/uploads\/2019\/08\/informediario2.png?resize=350%2C200&ssl=1","width":350,"height":200,"srcset":"https:\/\/i0.wp.com\/capitaliafamiliar.es\/informes\/wp-content\/uploads\/2019\/08\/informediario2.png?resize=350%2C200&ssl=1 1x, https:\/\/i0.wp.com\/capitaliafamiliar.es\/informes\/wp-content\/uploads\/2019\/08\/informediario2.png?resize=525%2C300&ssl=1 1.5x, https:\/\/i0.wp.com\/capitaliafamiliar.es\/informes\/wp-content\/uploads\/2019\/08\/informediario2.png?resize=700%2C400&ssl=1 2x"},"classes":[]},{"id":5884,"url":"https:\/\/capitaliafamiliar.es\/informes\/2021\/03\/25\/informe-diario-jueves-25-de-marzo-de-2021\/","url_meta":{"origin":6011,"position":4},"title":"Informe Diario  Jueves, 25 de marzo de 2021","author":"Capitalia Familiar","date":"25 de marzo de 2021","format":false,"excerpt":"Los mercados no quieren ni o\u00edr hablar de retirada de est\u00edmulos... Los mercados no quieren ni o\u00edr hablar de retirada de est\u00edmulos. La din\u00e1mica de los mercados contin\u00faa deterior\u00e1ndose y el nerviosismo aumentando, en parte por la imposibilidad de superar resistencias y en parte por el temor creciente a que\u2026","rel":"","context":"En \u00abInforme Diario\u00bb","block_context":{"text":"Informe Diario","link":"https:\/\/capitaliafamiliar.es\/informes\/category\/informediario\/"},"img":{"alt_text":"","src":"https:\/\/i0.wp.com\/capitaliafamiliar.es\/informes\/wp-content\/uploads\/2019\/08\/informediario2.png?resize=350%2C200&ssl=1","width":350,"height":200,"srcset":"https:\/\/i0.wp.com\/capitaliafamiliar.es\/informes\/wp-content\/uploads\/2019\/08\/informediario2.png?resize=350%2C200&ssl=1 1x, https:\/\/i0.wp.com\/capitaliafamiliar.es\/informes\/wp-content\/uploads\/2019\/08\/informediario2.png?resize=525%2C300&ssl=1 1.5x, https:\/\/i0.wp.com\/capitaliafamiliar.es\/informes\/wp-content\/uploads\/2019\/08\/informediario2.png?resize=700%2C400&ssl=1 2x"},"classes":[]},{"id":495,"url":"https:\/\/capitaliafamiliar.es\/informes\/2018\/08\/29\/informe-diario-miercoles-28-de-agosto-de-2018\/","url_meta":{"origin":6011,"position":5},"title":"Informe Diario  Mi\u00e9rcoles, 29 de agosto de 2018","author":"Capitalia Familiar","date":"29 de agosto de 2018","format":false,"excerpt":"| Visi\u00f3n de conjunto | En ausencia de otras novedades, Turqu\u00eda e Italia contin\u00faan siendo protagonistas: las autoridades turcas e italianas mantienen\u00a0discursos que no\u00a0contribuyen precisamente a aliviar la presi\u00f3n sobre sus sistemas financieros. Negar la realidad no ayudar\u00e1 a resolver la crisis turca. En plena din\u00e1mica bajista de la lira\u2026","rel":"","context":"En \u00abInforme Diario\u00bb","block_context":{"text":"Informe Diario","link":"https:\/\/capitaliafamiliar.es\/informes\/category\/informediario\/"},"img":{"alt_text":"","src":"https:\/\/i0.wp.com\/capitaliafamiliar.es\/informes\/wp-content\/uploads\/2018\/07\/informediario2.png?resize=350%2C200&ssl=1","width":350,"height":200,"srcset":"https:\/\/i0.wp.com\/capitaliafamiliar.es\/informes\/wp-content\/uploads\/2018\/07\/informediario2.png?resize=350%2C200&ssl=1 1x, https:\/\/i0.wp.com\/capitaliafamiliar.es\/informes\/wp-content\/uploads\/2018\/07\/informediario2.png?resize=525%2C300&ssl=1 1.5x, https:\/\/i0.wp.com\/capitaliafamiliar.es\/informes\/wp-content\/uploads\/2018\/07\/informediario2.png?resize=700%2C400&ssl=1 2x"},"classes":[]}],"jetpack_sharing_enabled":true,"_links":{"self":[{"href":"https:\/\/capitaliafamiliar.es\/informes\/wp-json\/wp\/v2\/posts\/6011","targetHints":{"allow":["GET"]}}],"collection":[{"href":"https:\/\/capitaliafamiliar.es\/informes\/wp-json\/wp\/v2\/posts"}],"about":[{"href":"https:\/\/capitaliafamiliar.es\/informes\/wp-json\/wp\/v2\/types\/post"}],"author":[{"embeddable":true,"href":"https:\/\/capitaliafamiliar.es\/informes\/wp-json\/wp\/v2\/users\/2"}],"replies":[{"embeddable":true,"href":"https:\/\/capitaliafamiliar.es\/informes\/wp-json\/wp\/v2\/comments?post=6011"}],"version-history":[{"count":3,"href":"https:\/\/capitaliafamiliar.es\/informes\/wp-json\/wp\/v2\/posts\/6011\/revisions"}],"predecessor-version":[{"id":6017,"href":"https:\/\/capitaliafamiliar.es\/informes\/wp-json\/wp\/v2\/posts\/6011\/revisions\/6017"}],"wp:featuredmedia":[{"embeddable":true,"href":"https:\/\/capitaliafamiliar.es\/informes\/wp-json\/wp\/v2\/media\/2525"}],"wp:attachment":[{"href":"https:\/\/capitaliafamiliar.es\/informes\/wp-json\/wp\/v2\/media?parent=6011"}],"wp:term":[{"taxonomy":"category","embeddable":true,"href":"https:\/\/capitaliafamiliar.es\/informes\/wp-json\/wp\/v2\/categories?post=6011"},{"taxonomy":"post_tag","embeddable":true,"href":"https:\/\/capitaliafamiliar.es\/informes\/wp-json\/wp\/v2\/tags?post=6011"}],"curies":[{"name":"wp","href":"https:\/\/api.w.org\/{rel}","templated":true}]}}