{"id":6134,"date":"2021-05-12T16:15:58","date_gmt":"2021-05-12T16:15:58","guid":{"rendered":"https:\/\/capitaliafamiliar.es\/informes\/?p=6134"},"modified":"2021-05-12T16:15:58","modified_gmt":"2021-05-12T16:15:58","slug":"informe-diario-miercoles-12-de-mayo-de-2021","status":"publish","type":"post","link":"https:\/\/capitaliafamiliar.es\/informes\/2021\/05\/12\/informe-diario-miercoles-12-de-mayo-de-2021\/","title":{"rendered":"Informe Diario <br> Mi\u00e9rcoles, 12 de mayo de 2021"},"content":{"rendered":"<blockquote>\n<p style=\"text-align: justify;\"><span style=\"font-size: 16px;\"><strong><b>La inflaci\u00f3n ha vuelto y pone en jaque a la Reserva Federal.<\/b>..<\/strong><\/span><\/p>\n<\/blockquote>\n<p style=\"text-align: justify;\"><span style=\"font-size: 16px;\"><b>La inflaci\u00f3n ha vuelto y pone en jaque a la Reserva Federal.<\/b> Tras casi tres lustros sin que el mercado mostrara inter\u00e9s alguno en los datos de inflaci\u00f3n, esta ha regresado, y lo ha hecho con fuerza en Estados Unidos. En el mes de abril, el IPC subi\u00f3 un +4.2% interanual, muy por encima del +3.6% y del +2.6% de marzo. Y lo que es m\u00e1s preocupante, el IPC subyacente lo hizo un +3.0% interanual, superando el +2.3% esperado y el +1.7% anterior y evidenciando que el aumento de los precios no se limita a los precios de la energ\u00eda y los alimentos frescos. La Reserva Federal hab\u00eda insistido durante meses que el alza de los precios que se estaba y se iba a producir, ser\u00eda de car\u00e1cter transitorio, pero con un IPC por encima del +4.0% y una subyacente en el +3.0% (ambas claramente por encima del objetivo oficial del +2.0%), va a ser muy dif\u00edcil que su mensaje mantenga tranquilo al mercado. Y es que el riesgo de que estas tensiones inflacionistas se autoalimenten y se vuelvan end\u00f3genas de cara a pr\u00f3ximos meses y trimestres est\u00e1 aumentando, y la Fed tiene complicado ignorar esta din\u00e1mica y m\u00e1s complicado a\u00fan ignorar la preocupaci\u00f3n creciente del mercado. La soluci\u00f3n no es f\u00e1cil para la Reserva Federal, ya que ignorar las tensiones inflacionistas pondr\u00eda nervioso al mercado, y cualquier movimiento en favor de la normalizaci\u00f3n de las condiciones monetarias tampoco ser\u00e1 bien recibido, al menos no por aquellos segmentos del mercado que a d\u00eda de hoy presentan valoraciones m\u00e1s excedidas<\/span><span style=\"font-size: 16px;\">. La pr\u00f3xima reuni\u00f3n de la Reserva Federal se celebrar\u00e1 los d\u00edas 15 y 16 de junio, por lo que la autoridad monetaria dispondr\u00e1 tambi\u00e9n de los datos de inflaci\u00f3n del mes de mayo para poder definir su hoja de ruta, aunque la presi\u00f3n del mercado ser\u00e1 muy intensa si se mantiene la tendencia alcista de los precios. \u00bfY c\u00f3mo est\u00e1n afectando estas noticias a unas bolsas cuya situaci\u00f3n t\u00e9cnica ya se hab\u00eda deteriorado en los \u00faltimos d\u00edas? En Estados Unidos tanto el S&amp;P500 como el Nasdaq vuelven a la zona de m\u00ednimos desde donde rebotaron ayer, y cuya p\u00e9rdida abrir\u00eda la puerta a una din\u00e1mica correctiva de corto plazo. En Europa la situaci\u00f3n es m\u00e1s positiva, ya que los \u00edndices lograron rebotar de manera moderada favorecidos por unas valoraciones relativas m\u00e1s atractivas.<strong> Muy atentos por tanto a la posible p\u00e9rdida de soportes en la bolsa estadounidense, ya que de confirmarse entrar\u00eda en una tendencia bajista de corto plazo que con total seguridad terminar\u00eda arrastrando tambi\u00e9n al resto de bolsas.\u00a0<\/strong><\/span><\/p>\n<p style=\"text-align: justify;\"><span style=\"font-size: 16px;\"><strong>Tambi\u00e9n en el terreno macroecon\u00f3mico,<\/strong> la producci\u00f3n industrial del Reino Unido subi\u00f3 en abril un +3.6% interanual, recuper\u00e1ndose de la ca\u00edda del -3.5% de marzo y superando el +2.8% esperado. Este mismo dato se increment\u00f3 en la Eurozona un notable +10.9% interanual en abril, frente al -1.8% anterior, aunque en este caso qued\u00f3 por debajo del +11.6% que se preve\u00eda. Por \u00faltimo, en Alemania la inflaci\u00f3n del mes de abril subi\u00f3 un +2.0% interanual, en l\u00ednea con las previsiones y por encima del +1.7% del mes pasado.<br \/>\n<\/span><\/p>\n<p>&nbsp;<\/p>\n<p><img loading=\"lazy\" decoding=\"async\" data-attachment-id=\"6138\" data-permalink=\"https:\/\/capitaliafamiliar.es\/informes\/2021\/05\/12\/informe-diario-miercoles-12-de-mayo-de-2021\/rv-729\/\" data-orig-file=\"https:\/\/capitaliafamiliar.es\/informes\/wp-content\/uploads\/2021\/05\/RV-6.jpg\" data-orig-size=\"336,413\" data-comments-opened=\"0\" data-image-meta=\"{&quot;aperture&quot;:&quot;0&quot;,&quot;credit&quot;:&quot;&quot;,&quot;camera&quot;:&quot;&quot;,&quot;caption&quot;:&quot;&quot;,&quot;created_timestamp&quot;:&quot;0&quot;,&quot;copyright&quot;:&quot;&quot;,&quot;focal_length&quot;:&quot;0&quot;,&quot;iso&quot;:&quot;0&quot;,&quot;shutter_speed&quot;:&quot;0&quot;,&quot;title&quot;:&quot;&quot;,&quot;orientation&quot;:&quot;0&quot;}\" data-image-title=\"RV\" data-image-description=\"\" data-image-caption=\"\" data-large-file=\"https:\/\/capitaliafamiliar.es\/informes\/wp-content\/uploads\/2021\/05\/RV-6.jpg\" class=\"alignnone size-full wp-image-6138\" src=\"https:\/\/capitaliafamiliar.es\/informes\/wp-content\/uploads\/2021\/05\/RV-6.jpg\" alt=\"\" width=\"336\" height=\"413\" srcset=\"https:\/\/capitaliafamiliar.es\/informes\/wp-content\/uploads\/2021\/05\/RV-6.jpg 336w, https:\/\/capitaliafamiliar.es\/informes\/wp-content\/uploads\/2021\/05\/RV-6-244x300.jpg 244w\" sizes=\"(max-width: 336px) 100vw, 336px\" \/><img loading=\"lazy\" decoding=\"async\" data-attachment-id=\"6139\" data-permalink=\"https:\/\/capitaliafamiliar.es\/informes\/2021\/05\/12\/informe-diario-miercoles-12-de-mayo-de-2021\/rf-721\/\" data-orig-file=\"https:\/\/capitaliafamiliar.es\/informes\/wp-content\/uploads\/2021\/05\/RF-6.jpg\" data-orig-size=\"299,353\" data-comments-opened=\"0\" data-image-meta=\"{&quot;aperture&quot;:&quot;0&quot;,&quot;credit&quot;:&quot;&quot;,&quot;camera&quot;:&quot;&quot;,&quot;caption&quot;:&quot;&quot;,&quot;created_timestamp&quot;:&quot;0&quot;,&quot;copyright&quot;:&quot;&quot;,&quot;focal_length&quot;:&quot;0&quot;,&quot;iso&quot;:&quot;0&quot;,&quot;shutter_speed&quot;:&quot;0&quot;,&quot;title&quot;:&quot;&quot;,&quot;orientation&quot;:&quot;0&quot;}\" data-image-title=\"RF\" data-image-description=\"\" data-image-caption=\"\" data-large-file=\"https:\/\/capitaliafamiliar.es\/informes\/wp-content\/uploads\/2021\/05\/RF-6.jpg\" class=\"alignnone size-full wp-image-6139\" src=\"https:\/\/capitaliafamiliar.es\/informes\/wp-content\/uploads\/2021\/05\/RF-6.jpg\" alt=\"\" width=\"299\" height=\"353\" srcset=\"https:\/\/capitaliafamiliar.es\/informes\/wp-content\/uploads\/2021\/05\/RF-6.jpg 299w, https:\/\/capitaliafamiliar.es\/informes\/wp-content\/uploads\/2021\/05\/RF-6-254x300.jpg 254w\" sizes=\"(max-width: 299px) 100vw, 299px\" \/><\/p>\n<p>&nbsp;<\/p>\n<p><strong>| Agenda para ma\u00f1ana |<\/strong><\/p>\n<p><img loading=\"lazy\" decoding=\"async\" data-attachment-id=\"6136\" data-permalink=\"https:\/\/capitaliafamiliar.es\/informes\/2021\/05\/12\/informe-diario-miercoles-12-de-mayo-de-2021\/ag-459\/\" data-orig-file=\"https:\/\/capitaliafamiliar.es\/informes\/wp-content\/uploads\/2021\/05\/AG-6.jpg\" data-orig-size=\"676,79\" data-comments-opened=\"0\" data-image-meta=\"{&quot;aperture&quot;:&quot;0&quot;,&quot;credit&quot;:&quot;&quot;,&quot;camera&quot;:&quot;&quot;,&quot;caption&quot;:&quot;&quot;,&quot;created_timestamp&quot;:&quot;0&quot;,&quot;copyright&quot;:&quot;&quot;,&quot;focal_length&quot;:&quot;0&quot;,&quot;iso&quot;:&quot;0&quot;,&quot;shutter_speed&quot;:&quot;0&quot;,&quot;title&quot;:&quot;&quot;,&quot;orientation&quot;:&quot;0&quot;}\" data-image-title=\"AG\" data-image-description=\"\" data-image-caption=\"\" data-large-file=\"https:\/\/capitaliafamiliar.es\/informes\/wp-content\/uploads\/2021\/05\/AG-6.jpg\" class=\"alignnone size-full wp-image-6136\" src=\"https:\/\/capitaliafamiliar.es\/informes\/wp-content\/uploads\/2021\/05\/AG-6.jpg\" alt=\"\" width=\"676\" height=\"79\" srcset=\"https:\/\/capitaliafamiliar.es\/informes\/wp-content\/uploads\/2021\/05\/AG-6.jpg 676w, https:\/\/capitaliafamiliar.es\/informes\/wp-content\/uploads\/2021\/05\/AG-6-300x35.jpg 300w\" sizes=\"(max-width: 676px) 100vw, 676px\" \/><\/p>\n<p>&nbsp;<\/p>\n<p>&nbsp;<\/p>\n<p style=\"text-align: center;\"><strong>Solicite informaci\u00f3n sobre nuestros servicios de asesoramiento financiero<\/strong><\/p>\n<p style=\"text-align: center;\">Si necesita ayuda para el cuidado de su patrimonio, no dude en ponerse en contacto con nosotros,<\/p>\n<p style=\"text-align: center;\">sin compromiso.<\/p>\n<p style=\"text-align: center;\">Tel\u00e9fono:\u00a0\u00a0 91 770\u00a0 22 84<\/p>\n<p style=\"text-align: center;\">Correo electr\u00f3nico:\u00a0\u00a0 capitaliafamiliar@capitaliafamiliar.es<\/p>\n","protected":false},"excerpt":{"rendered":"<p>La inflaci&oacute;n ha vuelto y pone en jaque a la Reserva Federal&#8230; La inflaci&oacute;n ha vuelto y pone en jaque a la Reserva Federal. Tras casi tres lustros sin que el mercado mostrara inter&eacute;s alguno en los datos de inflaci&oacute;n, esta ha regresado, y lo ha hecho con fuerza en Estados Unidos. En el mes [&hellip;]<\/p>\n","protected":false},"author":2,"featured_media":2525,"comment_status":"closed","ping_status":"closed","sticky":false,"template":"","format":"standard","meta":{"_et_pb_use_builder":"","_et_pb_old_content":"","_et_gb_content_width":"","jetpack_post_was_ever_published":false,"_jetpack_newsletter_access":"","_jetpack_dont_email_post_to_subs":false,"_jetpack_newsletter_tier_id":0,"_jetpack_memberships_contains_paywalled_content":false,"_jetpack_memberships_contains_paid_content":false,"footnotes":""},"categories":[1],"tags":[],"class_list":["post-6134","post","type-post","status-publish","format-standard","has-post-thumbnail","hentry","category-informediario"],"jetpack_featured_media_url":"https:\/\/capitaliafamiliar.es\/informes\/wp-content\/uploads\/2019\/08\/informediario2.png","jetpack_shortlink":"https:\/\/wp.me\/pa2IGq-1AW","jetpack-related-posts":[{"id":6666,"url":"https:\/\/capitaliafamiliar.es\/informes\/2021\/08\/11\/informe-diario-miercoles-11-de-agosto-de-2021\/","url_meta":{"origin":6134,"position":0},"title":"Informe Diario  Mi\u00e9rcoles, 11 de agosto de 2021","author":"Capitalia Familiar","date":"11 de agosto de 2021","format":false,"excerpt":"La inflaci\u00f3n estadounidense da un respiro a la Reserva Federal... La inflaci\u00f3n estadounidense da un respiro a la Reserva Federal. El IPC general se mantuvo en Estados Unidos en el mes de junio en el +5.4% interanual, en tanto que el IPC subyacente se desaceler\u00f3 desde el +4.5% hasta el\u2026","rel":"","context":"En \u00abInforme Diario\u00bb","block_context":{"text":"Informe Diario","link":"https:\/\/capitaliafamiliar.es\/informes\/category\/informediario\/"},"img":{"alt_text":"","src":"https:\/\/i0.wp.com\/capitaliafamiliar.es\/informes\/wp-content\/uploads\/2019\/08\/informediario2.png?resize=350%2C200&ssl=1","width":350,"height":200,"srcset":"https:\/\/i0.wp.com\/capitaliafamiliar.es\/informes\/wp-content\/uploads\/2019\/08\/informediario2.png?resize=350%2C200&ssl=1 1x, https:\/\/i0.wp.com\/capitaliafamiliar.es\/informes\/wp-content\/uploads\/2019\/08\/informediario2.png?resize=525%2C300&ssl=1 1.5x, https:\/\/i0.wp.com\/capitaliafamiliar.es\/informes\/wp-content\/uploads\/2019\/08\/informediario2.png?resize=700%2C400&ssl=1 2x"},"classes":[]},{"id":6841,"url":"https:\/\/capitaliafamiliar.es\/informes\/2021\/09\/10\/informe-diario-viernes-10-de-septiembre-de-2021\/","url_meta":{"origin":6134,"position":1},"title":"Informe Diario  Viernes, 10 de septiembre de 2021","author":"Capitalia Familiar","date":"10 de septiembre de 2021","format":false,"excerpt":"A vueltas con la inflaci\u00f3n: el IPC estadounidense volver\u00e1 a ser noticia la pr\u00f3xima semana... \u00a0 A vueltas con la inflaci\u00f3n: el IPC estadounidense volver\u00e1 a ser noticia la pr\u00f3xima semana. El pr\u00f3ximo martes se conocer\u00e1 el dato de inflaci\u00f3n del mes de agosto en Estados Unidos, que servir\u00e1 para\u2026","rel":"","context":"En \u00abInforme Diario\u00bb","block_context":{"text":"Informe Diario","link":"https:\/\/capitaliafamiliar.es\/informes\/category\/informediario\/"},"img":{"alt_text":"","src":"https:\/\/i0.wp.com\/capitaliafamiliar.es\/informes\/wp-content\/uploads\/2019\/08\/informediario2.png?resize=350%2C200&ssl=1","width":350,"height":200,"srcset":"https:\/\/i0.wp.com\/capitaliafamiliar.es\/informes\/wp-content\/uploads\/2019\/08\/informediario2.png?resize=350%2C200&ssl=1 1x, https:\/\/i0.wp.com\/capitaliafamiliar.es\/informes\/wp-content\/uploads\/2019\/08\/informediario2.png?resize=525%2C300&ssl=1 1.5x, https:\/\/i0.wp.com\/capitaliafamiliar.es\/informes\/wp-content\/uploads\/2019\/08\/informediario2.png?resize=700%2C400&ssl=1 2x"},"classes":[]},{"id":5644,"url":"https:\/\/capitaliafamiliar.es\/informes\/2021\/02\/10\/informe-diario-miercoles-10-de-febrero-de-2021\/","url_meta":{"origin":6134,"position":2},"title":"Informe Diario  Mi\u00e9rcoles, 10 de febrero de 2021","author":"Capitalia Familiar","date":"10 de febrero de 2021","format":false,"excerpt":"El mercado respira al frenarse la subida de la inflaci\u00f3n en Estados Unidos... El mercado respira al frenarse la subida de la inflaci\u00f3n en Estados Unidos. Los datos de IPC conocidos hoy en Estados Unidos permitieron alejar, al menos de manera temporal, los temores a una escalada acelerada de los\u2026","rel":"","context":"En \u00abInforme Diario\u00bb","block_context":{"text":"Informe Diario","link":"https:\/\/capitaliafamiliar.es\/informes\/category\/informediario\/"},"img":{"alt_text":"","src":"https:\/\/i0.wp.com\/capitaliafamiliar.es\/informes\/wp-content\/uploads\/2019\/08\/informediario2.png?resize=350%2C200&ssl=1","width":350,"height":200,"srcset":"https:\/\/i0.wp.com\/capitaliafamiliar.es\/informes\/wp-content\/uploads\/2019\/08\/informediario2.png?resize=350%2C200&ssl=1 1x, https:\/\/i0.wp.com\/capitaliafamiliar.es\/informes\/wp-content\/uploads\/2019\/08\/informediario2.png?resize=525%2C300&ssl=1 1.5x, https:\/\/i0.wp.com\/capitaliafamiliar.es\/informes\/wp-content\/uploads\/2019\/08\/informediario2.png?resize=700%2C400&ssl=1 2x"},"classes":[]},{"id":6312,"url":"https:\/\/capitaliafamiliar.es\/informes\/2021\/06\/11\/informe-diario-viernes-11-de-junio-de-2021\/","url_meta":{"origin":6134,"position":3},"title":"Informe Diario  Viernes, 11 de junio de 2021","author":"Capitalia Familiar","date":"11 de junio de 2021","format":false,"excerpt":"Los mercados no acusan la subida de la inflaci\u00f3n en Estados Unidos y buscan nuevos m\u00e1ximos... Los mercados no acusan la subida de la inflaci\u00f3n en Estados Unidos y buscan nuevos m\u00e1ximos. Pese a que tanto el IPC general como el subyacente registraron subidas importantes en Estados Unidos, el mercado\u2026","rel":"","context":"En \u00abInforme Diario\u00bb","block_context":{"text":"Informe Diario","link":"https:\/\/capitaliafamiliar.es\/informes\/category\/informediario\/"},"img":{"alt_text":"","src":"https:\/\/i0.wp.com\/capitaliafamiliar.es\/informes\/wp-content\/uploads\/2019\/08\/informediario2.png?resize=350%2C200&ssl=1","width":350,"height":200,"srcset":"https:\/\/i0.wp.com\/capitaliafamiliar.es\/informes\/wp-content\/uploads\/2019\/08\/informediario2.png?resize=350%2C200&ssl=1 1x, https:\/\/i0.wp.com\/capitaliafamiliar.es\/informes\/wp-content\/uploads\/2019\/08\/informediario2.png?resize=525%2C300&ssl=1 1.5x, https:\/\/i0.wp.com\/capitaliafamiliar.es\/informes\/wp-content\/uploads\/2019\/08\/informediario2.png?resize=700%2C400&ssl=1 2x"},"classes":[]},{"id":6294,"url":"https:\/\/capitaliafamiliar.es\/informes\/2021\/06\/09\/informe-diario-miercoles-9-de-junio-de-2021\/","url_meta":{"origin":6134,"position":4},"title":"Informe Diario  Mi\u00e9rcoles, 9 de junio de 2021","author":"Capitalia Familiar","date":"9 de junio de 2021","format":false,"excerpt":"\u00bfPodr\u00eda llegar a descontrolarse la inflaci\u00f3n en Estados Unidos?... \u00bfPodr\u00eda llegar a descontrolarse la inflaci\u00f3n en Estados Unidos? La cita que los mercados estaban esperando por fin llega. Tras varios d\u00edas de transici\u00f3n, aton\u00eda y posicionamiento de los valores, ma\u00f1ana conoceremos el dato de IPC de Estados Unidos del mes\u2026","rel":"","context":"En \u00abInforme Diario\u00bb","block_context":{"text":"Informe Diario","link":"https:\/\/capitaliafamiliar.es\/informes\/category\/informediario\/"},"img":{"alt_text":"","src":"https:\/\/i0.wp.com\/capitaliafamiliar.es\/informes\/wp-content\/uploads\/2019\/08\/informediario2.png?resize=350%2C200&ssl=1","width":350,"height":200,"srcset":"https:\/\/i0.wp.com\/capitaliafamiliar.es\/informes\/wp-content\/uploads\/2019\/08\/informediario2.png?resize=350%2C200&ssl=1 1x, https:\/\/i0.wp.com\/capitaliafamiliar.es\/informes\/wp-content\/uploads\/2019\/08\/informediario2.png?resize=525%2C300&ssl=1 1.5x, https:\/\/i0.wp.com\/capitaliafamiliar.es\/informes\/wp-content\/uploads\/2019\/08\/informediario2.png?resize=700%2C400&ssl=1 2x"},"classes":[]},{"id":2231,"url":"https:\/\/capitaliafamiliar.es\/informes\/2019\/06\/12\/informe-diario-miercoles-12-de-junio-de-2019\/","url_meta":{"origin":6134,"position":5},"title":"Informe Diario  Mi\u00e9rcoles, 12 de junio de 2019","author":"Capitalia Familiar","date":"12 de junio de 2019","format":false,"excerpt":"El entorno sigue presionando a la Reserva Federal para que recorte su tipo de inter\u00e9s. El secretario de comercio estadounidense, Wilbur Ross, ha tachado hoy de precipitada la \u00faltima subida de tipos llevada a cabo por la Fed el pasado mes de diciembre, presionando as\u00ed a la autoridad monetaria norteamericana\u2026","rel":"","context":"En \u00abInforme Diario\u00bb","block_context":{"text":"Informe Diario","link":"https:\/\/capitaliafamiliar.es\/informes\/category\/informediario\/"},"img":{"alt_text":"","src":"https:\/\/i0.wp.com\/capitaliafamiliar.es\/informes\/wp-content\/uploads\/2018\/07\/informediario2.png?resize=350%2C200&ssl=1","width":350,"height":200,"srcset":"https:\/\/i0.wp.com\/capitaliafamiliar.es\/informes\/wp-content\/uploads\/2018\/07\/informediario2.png?resize=350%2C200&ssl=1 1x, https:\/\/i0.wp.com\/capitaliafamiliar.es\/informes\/wp-content\/uploads\/2018\/07\/informediario2.png?resize=525%2C300&ssl=1 1.5x, https:\/\/i0.wp.com\/capitaliafamiliar.es\/informes\/wp-content\/uploads\/2018\/07\/informediario2.png?resize=700%2C400&ssl=1 2x"},"classes":[]}],"jetpack_sharing_enabled":true,"_links":{"self":[{"href":"https:\/\/capitaliafamiliar.es\/informes\/wp-json\/wp\/v2\/posts\/6134","targetHints":{"allow":["GET"]}}],"collection":[{"href":"https:\/\/capitaliafamiliar.es\/informes\/wp-json\/wp\/v2\/posts"}],"about":[{"href":"https:\/\/capitaliafamiliar.es\/informes\/wp-json\/wp\/v2\/types\/post"}],"author":[{"embeddable":true,"href":"https:\/\/capitaliafamiliar.es\/informes\/wp-json\/wp\/v2\/users\/2"}],"replies":[{"embeddable":true,"href":"https:\/\/capitaliafamiliar.es\/informes\/wp-json\/wp\/v2\/comments?post=6134"}],"version-history":[{"count":3,"href":"https:\/\/capitaliafamiliar.es\/informes\/wp-json\/wp\/v2\/posts\/6134\/revisions"}],"predecessor-version":[{"id":6140,"href":"https:\/\/capitaliafamiliar.es\/informes\/wp-json\/wp\/v2\/posts\/6134\/revisions\/6140"}],"wp:featuredmedia":[{"embeddable":true,"href":"https:\/\/capitaliafamiliar.es\/informes\/wp-json\/wp\/v2\/media\/2525"}],"wp:attachment":[{"href":"https:\/\/capitaliafamiliar.es\/informes\/wp-json\/wp\/v2\/media?parent=6134"}],"wp:term":[{"taxonomy":"category","embeddable":true,"href":"https:\/\/capitaliafamiliar.es\/informes\/wp-json\/wp\/v2\/categories?post=6134"},{"taxonomy":"post_tag","embeddable":true,"href":"https:\/\/capitaliafamiliar.es\/informes\/wp-json\/wp\/v2\/tags?post=6134"}],"curies":[{"name":"wp","href":"https:\/\/api.w.org\/{rel}","templated":true}]}}