{"id":6240,"date":"2021-05-31T16:13:15","date_gmt":"2021-05-31T16:13:15","guid":{"rendered":"https:\/\/capitaliafamiliar.es\/informes\/?p=6240"},"modified":"2021-06-01T09:03:24","modified_gmt":"2021-06-01T09:03:24","slug":"informe-diario-lunes-31-de-mayo-de-2021","status":"publish","type":"post","link":"https:\/\/capitaliafamiliar.es\/informes\/2021\/05\/31\/informe-diario-lunes-31-de-mayo-de-2021\/","title":{"rendered":"Informe Diario <br> Lunes, 31 de mayo de 2021"},"content":{"rendered":"<blockquote>\n<p style=\"text-align: justify;\"><span style=\"font-size: 16px;\"><strong><b>Consolidaci\u00f3n en Europa en una sesi\u00f3n de escasa relevancia y bajo volumen de negociaci\u00f3n por el festivo en las bolsas de Estados Unidos y el Reino Unido.<\/b>..<\/strong><\/span><\/p>\n<\/blockquote>\n<p style=\"text-align: justify;\"><span style=\"font-size: 16px;\"><b>Consolidaci\u00f3n en Europa en una sesi\u00f3n de escasa relevancia y bajo volumen de negociaci\u00f3n por el festivo en las bolsas de Estados Unidos y el Reino Unido.<\/b> Sesi\u00f3n de m\u00e1s a menos en las bolsas europeas, que hoy no contaban con la referencia de Estados Unidos por el Memorial Day ni tampoco con la del Reino Unido por el festivo de primavera. Sin ellas, la contrataci\u00f3n se resinti\u00f3 de manera importante y el inter\u00e9s comprador se fue diluyendo. Lo m\u00e1s relevante fue la publicaci\u00f3n del IPC del mes de mayo en Alemania y Espa\u00f1a, que siguen aumentando si bien se mantienen en niveles contenidos. <strong>El inter\u00e9s de los mercados se centrar\u00e1 esta semana en los datos de empleo del mes de mayo en Estados Unidos, que se publicar\u00e1n el viernes.<\/strong><\/span><\/p>\n<p style=\"text-align: justify;\"><span style=\"font-size: 16px;\"><strong>En el terreno macroecon\u00f3mico,<\/strong> el IPC en el Viejo Continente contin\u00faa elev\u00e1ndose, aunque a un menor ritmo que en Estados Unidos y, por ahora, de manera controlada. El IPC en Alemania subi\u00f3 en mayo un +2.5% interanual, en tanto que en Espa\u00f1a lo hizo un +2.7% interanual, en ambos caso una d\u00e9cima por encima de lo esperado. En Jap\u00f3n, la producci\u00f3n industrial subi\u00f3 en abril un +15.3% interanual y super\u00f3 las previsiones, pero las ventas minoristas quedaron por debajo de las expectativas al incrementarse en abril un +12.0% interanual. Por \u00faltimo, en China el PMI manufacturero relativo al mes de mayo qued\u00f3 en l\u00ednea con lo esperado al situarse en 51.0 enteros y el PMI del sector servicios sorprendi\u00f3 positivamente al subir tres d\u00e9cimas hasta 55.2 puntos.<br \/>\n<\/span><\/p>\n<p>&nbsp;<\/p>\n<p><img loading=\"lazy\" decoding=\"async\" data-attachment-id=\"6245\" data-permalink=\"https:\/\/capitaliafamiliar.es\/informes\/2021\/05\/31\/informe-diario-lunes-31-de-mayo-de-2021\/rv-742\/\" data-orig-file=\"https:\/\/capitaliafamiliar.es\/informes\/wp-content\/uploads\/2021\/05\/RV-19.jpg\" data-orig-size=\"336,413\" data-comments-opened=\"0\" data-image-meta=\"{&quot;aperture&quot;:&quot;0&quot;,&quot;credit&quot;:&quot;&quot;,&quot;camera&quot;:&quot;&quot;,&quot;caption&quot;:&quot;&quot;,&quot;created_timestamp&quot;:&quot;0&quot;,&quot;copyright&quot;:&quot;&quot;,&quot;focal_length&quot;:&quot;0&quot;,&quot;iso&quot;:&quot;0&quot;,&quot;shutter_speed&quot;:&quot;0&quot;,&quot;title&quot;:&quot;&quot;,&quot;orientation&quot;:&quot;0&quot;}\" data-image-title=\"RV\" data-image-description=\"\" data-image-caption=\"\" data-large-file=\"https:\/\/capitaliafamiliar.es\/informes\/wp-content\/uploads\/2021\/05\/RV-19.jpg\" class=\"alignnone size-full wp-image-6245\" src=\"https:\/\/capitaliafamiliar.es\/informes\/wp-content\/uploads\/2021\/05\/RV-19.jpg\" alt=\"\" width=\"336\" height=\"413\" srcset=\"https:\/\/capitaliafamiliar.es\/informes\/wp-content\/uploads\/2021\/05\/RV-19.jpg 336w, https:\/\/capitaliafamiliar.es\/informes\/wp-content\/uploads\/2021\/05\/RV-19-244x300.jpg 244w\" sizes=\"(max-width: 336px) 100vw, 336px\" \/><img loading=\"lazy\" decoding=\"async\" data-attachment-id=\"6246\" data-permalink=\"https:\/\/capitaliafamiliar.es\/informes\/2021\/05\/31\/informe-diario-lunes-31-de-mayo-de-2021\/rf-734\/\" data-orig-file=\"https:\/\/capitaliafamiliar.es\/informes\/wp-content\/uploads\/2021\/05\/RF-19.jpg\" data-orig-size=\"299,353\" data-comments-opened=\"0\" data-image-meta=\"{&quot;aperture&quot;:&quot;0&quot;,&quot;credit&quot;:&quot;&quot;,&quot;camera&quot;:&quot;&quot;,&quot;caption&quot;:&quot;&quot;,&quot;created_timestamp&quot;:&quot;0&quot;,&quot;copyright&quot;:&quot;&quot;,&quot;focal_length&quot;:&quot;0&quot;,&quot;iso&quot;:&quot;0&quot;,&quot;shutter_speed&quot;:&quot;0&quot;,&quot;title&quot;:&quot;&quot;,&quot;orientation&quot;:&quot;0&quot;}\" data-image-title=\"RF\" data-image-description=\"\" data-image-caption=\"\" data-large-file=\"https:\/\/capitaliafamiliar.es\/informes\/wp-content\/uploads\/2021\/05\/RF-19.jpg\" class=\"alignnone size-full wp-image-6246\" src=\"https:\/\/capitaliafamiliar.es\/informes\/wp-content\/uploads\/2021\/05\/RF-19.jpg\" alt=\"\" width=\"299\" height=\"353\" srcset=\"https:\/\/capitaliafamiliar.es\/informes\/wp-content\/uploads\/2021\/05\/RF-19.jpg 299w, https:\/\/capitaliafamiliar.es\/informes\/wp-content\/uploads\/2021\/05\/RF-19-254x300.jpg 254w\" sizes=\"(max-width: 299px) 100vw, 299px\" \/><\/p>\n<p>&nbsp;<\/p>\n<p><strong>| Agenda para ma\u00f1ana |<\/strong><\/p>\n<p><img loading=\"lazy\" decoding=\"async\" data-attachment-id=\"6251\" data-permalink=\"https:\/\/capitaliafamiliar.es\/informes\/2021\/05\/31\/informe-diario-lunes-31-de-mayo-de-2021\/agg-25\/\" data-orig-file=\"https:\/\/capitaliafamiliar.es\/informes\/wp-content\/uploads\/2021\/05\/AGG-1.jpg\" data-orig-size=\"676,183\" data-comments-opened=\"0\" data-image-meta=\"{&quot;aperture&quot;:&quot;0&quot;,&quot;credit&quot;:&quot;&quot;,&quot;camera&quot;:&quot;&quot;,&quot;caption&quot;:&quot;&quot;,&quot;created_timestamp&quot;:&quot;0&quot;,&quot;copyright&quot;:&quot;&quot;,&quot;focal_length&quot;:&quot;0&quot;,&quot;iso&quot;:&quot;0&quot;,&quot;shutter_speed&quot;:&quot;0&quot;,&quot;title&quot;:&quot;&quot;,&quot;orientation&quot;:&quot;0&quot;}\" data-image-title=\"AGG\" data-image-description=\"\" data-image-caption=\"\" data-large-file=\"https:\/\/capitaliafamiliar.es\/informes\/wp-content\/uploads\/2021\/05\/AGG-1.jpg\" class=\"alignnone size-full wp-image-6251\" src=\"https:\/\/capitaliafamiliar.es\/informes\/wp-content\/uploads\/2021\/05\/AGG-1.jpg\" alt=\"\" width=\"676\" height=\"183\" srcset=\"https:\/\/capitaliafamiliar.es\/informes\/wp-content\/uploads\/2021\/05\/AGG-1.jpg 676w, https:\/\/capitaliafamiliar.es\/informes\/wp-content\/uploads\/2021\/05\/AGG-1-300x81.jpg 300w\" sizes=\"(max-width: 676px) 100vw, 676px\" \/><\/p>\n<p>&nbsp;<\/p>\n<p>&nbsp;<\/p>\n<p style=\"text-align: center;\"><strong>Solicite informaci\u00f3n sobre nuestros servicios de asesoramiento financiero<\/strong><\/p>\n<p style=\"text-align: center;\">Si necesita ayuda para el cuidado de su patrimonio, no dude en ponerse en contacto con nosotros,<\/p>\n<p style=\"text-align: center;\">sin compromiso.<\/p>\n<p style=\"text-align: center;\">Tel\u00e9fono:\u00a0\u00a0 91 770\u00a0 22 84<\/p>\n<p style=\"text-align: center;\">Correo electr\u00f3nico:\u00a0\u00a0 capitaliafamiliar@capitaliafamiliar.es<\/p>\n","protected":false},"excerpt":{"rendered":"<p>Consolidaci&oacute;n en Europa en una sesi&oacute;n de escasa relevancia y bajo volumen de negociaci&oacute;n por el festivo en las bolsas de Estados Unidos y el Reino Unido&#8230; Consolidaci&oacute;n en Europa en una sesi&oacute;n de escasa relevancia y bajo volumen de negociaci&oacute;n por el festivo en las bolsas de Estados Unidos y el Reino Unido. Sesi&oacute;n [&hellip;]<\/p>\n","protected":false},"author":2,"featured_media":2525,"comment_status":"closed","ping_status":"closed","sticky":false,"template":"","format":"standard","meta":{"_et_pb_use_builder":"","_et_pb_old_content":"","_et_gb_content_width":"","jetpack_post_was_ever_published":false,"_jetpack_newsletter_access":"","_jetpack_dont_email_post_to_subs":false,"_jetpack_newsletter_tier_id":0,"_jetpack_memberships_contains_paywalled_content":false,"_jetpack_memberships_contains_paid_content":false,"footnotes":""},"categories":[1],"tags":[],"class_list":["post-6240","post","type-post","status-publish","format-standard","has-post-thumbnail","hentry","category-informediario"],"jetpack_featured_media_url":"https:\/\/capitaliafamiliar.es\/informes\/wp-content\/uploads\/2019\/08\/informediario2.png","jetpack_shortlink":"https:\/\/wp.me\/pa2IGq-1CE","jetpack-related-posts":[{"id":5668,"url":"https:\/\/capitaliafamiliar.es\/informes\/2021\/02\/15\/informe-diario-lunes-15-de-febrero-de-2021\/","url_meta":{"origin":6240,"position":0},"title":"Informe Diario  Lunes, 15 de febrero de 2021","author":"Capitalia Familiar","date":"15 de febrero de 2021","format":false,"excerpt":"Las buenas noticias sobre la vacunaci\u00f3n en Europa impulsaron a las bolsas del Viejo Continente en una sesi\u00f3n de escaso volumen de negociaci\u00f3n... Las buenas noticias sobre la vacunaci\u00f3n en Europa impulsaron a las bolsas del Viejo Continente en una sesi\u00f3n de escaso volumen de negociaci\u00f3n. Las bolsas europeas celebraron\u2026","rel":"","context":"En \u00abInforme Diario\u00bb","block_context":{"text":"Informe Diario","link":"https:\/\/capitaliafamiliar.es\/informes\/category\/informediario\/"},"img":{"alt_text":"","src":"https:\/\/i0.wp.com\/capitaliafamiliar.es\/informes\/wp-content\/uploads\/2019\/08\/informediario2.png?resize=350%2C200&ssl=1","width":350,"height":200,"srcset":"https:\/\/i0.wp.com\/capitaliafamiliar.es\/informes\/wp-content\/uploads\/2019\/08\/informediario2.png?resize=350%2C200&ssl=1 1x, https:\/\/i0.wp.com\/capitaliafamiliar.es\/informes\/wp-content\/uploads\/2019\/08\/informediario2.png?resize=525%2C300&ssl=1 1.5x, https:\/\/i0.wp.com\/capitaliafamiliar.es\/informes\/wp-content\/uploads\/2019\/08\/informediario2.png?resize=700%2C400&ssl=1 2x"},"classes":[]},{"id":6453,"url":"https:\/\/capitaliafamiliar.es\/informes\/2021\/07\/05\/informe-diario-lunes-5-de-julio-de-2021\/","url_meta":{"origin":6240,"position":1},"title":"Informe Diario  Lunes, 5 de julio de 2021","author":"Capitalia Familiar","date":"5 de julio de 2021","format":false,"excerpt":"El cierre por festivo en Wall Street favorece una nueva jornada de transici\u00f3n en los mercados... El cierre por festivo en Wall Street favorece una nueva jornada de transici\u00f3n en los mercados. Tal y como se esperaba, la sesi\u00f3n result\u00f3 anodina y con escaso volumen de negociaci\u00f3n en Europa, ante\u2026","rel":"","context":"En \u00abInforme Diario\u00bb","block_context":{"text":"Informe Diario","link":"https:\/\/capitaliafamiliar.es\/informes\/category\/informediario\/"},"img":{"alt_text":"","src":"https:\/\/i0.wp.com\/capitaliafamiliar.es\/informes\/wp-content\/uploads\/2019\/08\/informediario2.png?resize=350%2C200&ssl=1","width":350,"height":200,"srcset":"https:\/\/i0.wp.com\/capitaliafamiliar.es\/informes\/wp-content\/uploads\/2019\/08\/informediario2.png?resize=350%2C200&ssl=1 1x, https:\/\/i0.wp.com\/capitaliafamiliar.es\/informes\/wp-content\/uploads\/2019\/08\/informediario2.png?resize=525%2C300&ssl=1 1.5x, https:\/\/i0.wp.com\/capitaliafamiliar.es\/informes\/wp-content\/uploads\/2019\/08\/informediario2.png?resize=700%2C400&ssl=1 2x"},"classes":[]},{"id":6189,"url":"https:\/\/capitaliafamiliar.es\/informes\/2021\/05\/21\/informe-diario-viernes-21-de-mayo-de-2021\/","url_meta":{"origin":6240,"position":2},"title":"Informe Diario  Viernes, 21 de mayo de 2021","author":"Capitalia Familiar","date":"21 de mayo de 2021","format":false,"excerpt":"Jornada de transici\u00f3n en los mercados, que siguen sin definirse... Jornada de transici\u00f3n en los mercados, que siguen sin definirse. Sesi\u00f3n intrascendente para las bolsas, con alzas moderadas en Europa apoyadas por los buenos datos macroecon\u00f3micos conocidos hoy, y dudas en Estados Unidos, donde el tecnol\u00f3gico Nasdaq retrocede tras no\u2026","rel":"","context":"En \u00abInforme Diario\u00bb","block_context":{"text":"Informe Diario","link":"https:\/\/capitaliafamiliar.es\/informes\/category\/informediario\/"},"img":{"alt_text":"","src":"https:\/\/i0.wp.com\/capitaliafamiliar.es\/informes\/wp-content\/uploads\/2019\/08\/informediario2.png?resize=350%2C200&ssl=1","width":350,"height":200,"srcset":"https:\/\/i0.wp.com\/capitaliafamiliar.es\/informes\/wp-content\/uploads\/2019\/08\/informediario2.png?resize=350%2C200&ssl=1 1x, https:\/\/i0.wp.com\/capitaliafamiliar.es\/informes\/wp-content\/uploads\/2019\/08\/informediario2.png?resize=525%2C300&ssl=1 1.5x, https:\/\/i0.wp.com\/capitaliafamiliar.es\/informes\/wp-content\/uploads\/2019\/08\/informediario2.png?resize=700%2C400&ssl=1 2x"},"classes":[]},{"id":2146,"url":"https:\/\/capitaliafamiliar.es\/informes\/2019\/05\/27\/informe-diario-lunes-27-de-mayo-de-2019\/","url_meta":{"origin":6240,"position":3},"title":"Informe Diario  Lunes, 27 de mayo de 2019","author":"Capitalia Familiar","date":"27 de mayo de 2019","format":false,"excerpt":"Tranquilidad tras las elecciones al parlamento europeo, al no conseguir los partidos antieurope\u00edstas una minor\u00eda suficiente de bloqueo, a pesar del importante respaldo obtenido por Le Pen en Francia y Salvini en Italia. Y relativamente buenos resultados para el bloque de centro-derecha en las elecciones auton\u00f3micas y municipales celebradas en\u2026","rel":"","context":"En \u00abInforme Diario\u00bb","block_context":{"text":"Informe Diario","link":"https:\/\/capitaliafamiliar.es\/informes\/category\/informediario\/"},"img":{"alt_text":"","src":"https:\/\/i0.wp.com\/capitaliafamiliar.es\/informes\/wp-content\/uploads\/2018\/07\/informediario2.png?resize=350%2C200&ssl=1","width":350,"height":200,"srcset":"https:\/\/i0.wp.com\/capitaliafamiliar.es\/informes\/wp-content\/uploads\/2018\/07\/informediario2.png?resize=350%2C200&ssl=1 1x, https:\/\/i0.wp.com\/capitaliafamiliar.es\/informes\/wp-content\/uploads\/2018\/07\/informediario2.png?resize=525%2C300&ssl=1 1.5x, https:\/\/i0.wp.com\/capitaliafamiliar.es\/informes\/wp-content\/uploads\/2018\/07\/informediario2.png?resize=700%2C400&ssl=1 2x"},"classes":[]},{"id":7465,"url":"https:\/\/capitaliafamiliar.es\/informes\/2022\/01\/17\/la-consolidacion-en-las-bolsas-no-deberia-alargarse-demasiado-en-el-tiempo\/","url_meta":{"origin":6240,"position":4},"title":"La consolidaci\u00f3n en las bolsas no deber\u00eda alargarse demasiado en el tiempo&#8230;","author":"Capitalia Familiar","date":"17 de enero de 2022","format":false,"excerpt":"Informe diario del lunes, 17 de enero de 2022 \u00a0 Sinopsis Hoy en los mercados\u2026 El festivo en Estados Unidos favorece una nueva sesi\u00f3n de transici\u00f3n en los mercados. An\u00e1lisis de situaci\u00f3n y perspectivas La consolidaci\u00f3n en las bolsas no deber\u00eda alargarse demasiado en el tiempo... \u00a0 Acceda al documento\u2026","rel":"","context":"En \u00abInforme Diario\u00bb","block_context":{"text":"Informe Diario","link":"https:\/\/capitaliafamiliar.es\/informes\/category\/informediario\/"},"img":{"alt_text":"","src":"https:\/\/i0.wp.com\/capitaliafamiliar.es\/informes\/wp-content\/uploads\/2019\/08\/informediario2.png?resize=350%2C200&ssl=1","width":350,"height":200,"srcset":"https:\/\/i0.wp.com\/capitaliafamiliar.es\/informes\/wp-content\/uploads\/2019\/08\/informediario2.png?resize=350%2C200&ssl=1 1x, https:\/\/i0.wp.com\/capitaliafamiliar.es\/informes\/wp-content\/uploads\/2019\/08\/informediario2.png?resize=525%2C300&ssl=1 1.5x, https:\/\/i0.wp.com\/capitaliafamiliar.es\/informes\/wp-content\/uploads\/2019\/08\/informediario2.png?resize=700%2C400&ssl=1 2x"},"classes":[]},{"id":6079,"url":"https:\/\/capitaliafamiliar.es\/informes\/2021\/05\/04\/informe-diario-martes-4-de-mayo-de-2021\/","url_meta":{"origin":6240,"position":5},"title":"Informe Diario  Martes, 4 de mayo de 2021","author":"Capitalia Familiar","date":"4 de mayo de 2021","format":false,"excerpt":"El sector tecnol\u00f3gico lidera las ca\u00eddas y arrastra al resto de las bolsas... El sector tecnol\u00f3gico lidera las ca\u00eddas y arrastra al resto de las bolsas. Los anuncios de reapertura de las econom\u00edas no est\u00e1n sentando nada bien al sector tecnol\u00f3gico. El Nasdaq ya cerr\u00f3 en negativo en la primera\u2026","rel":"","context":"En \u00abInforme Diario\u00bb","block_context":{"text":"Informe Diario","link":"https:\/\/capitaliafamiliar.es\/informes\/category\/informediario\/"},"img":{"alt_text":"","src":"https:\/\/i0.wp.com\/capitaliafamiliar.es\/informes\/wp-content\/uploads\/2019\/08\/informediario2.png?resize=350%2C200&ssl=1","width":350,"height":200,"srcset":"https:\/\/i0.wp.com\/capitaliafamiliar.es\/informes\/wp-content\/uploads\/2019\/08\/informediario2.png?resize=350%2C200&ssl=1 1x, https:\/\/i0.wp.com\/capitaliafamiliar.es\/informes\/wp-content\/uploads\/2019\/08\/informediario2.png?resize=525%2C300&ssl=1 1.5x, https:\/\/i0.wp.com\/capitaliafamiliar.es\/informes\/wp-content\/uploads\/2019\/08\/informediario2.png?resize=700%2C400&ssl=1 2x"},"classes":[]}],"jetpack_sharing_enabled":true,"_links":{"self":[{"href":"https:\/\/capitaliafamiliar.es\/informes\/wp-json\/wp\/v2\/posts\/6240","targetHints":{"allow":["GET"]}}],"collection":[{"href":"https:\/\/capitaliafamiliar.es\/informes\/wp-json\/wp\/v2\/posts"}],"about":[{"href":"https:\/\/capitaliafamiliar.es\/informes\/wp-json\/wp\/v2\/types\/post"}],"author":[{"embeddable":true,"href":"https:\/\/capitaliafamiliar.es\/informes\/wp-json\/wp\/v2\/users\/2"}],"replies":[{"embeddable":true,"href":"https:\/\/capitaliafamiliar.es\/informes\/wp-json\/wp\/v2\/comments?post=6240"}],"version-history":[{"count":6,"href":"https:\/\/capitaliafamiliar.es\/informes\/wp-json\/wp\/v2\/posts\/6240\/revisions"}],"predecessor-version":[{"id":6252,"href":"https:\/\/capitaliafamiliar.es\/informes\/wp-json\/wp\/v2\/posts\/6240\/revisions\/6252"}],"wp:featuredmedia":[{"embeddable":true,"href":"https:\/\/capitaliafamiliar.es\/informes\/wp-json\/wp\/v2\/media\/2525"}],"wp:attachment":[{"href":"https:\/\/capitaliafamiliar.es\/informes\/wp-json\/wp\/v2\/media?parent=6240"}],"wp:term":[{"taxonomy":"category","embeddable":true,"href":"https:\/\/capitaliafamiliar.es\/informes\/wp-json\/wp\/v2\/categories?post=6240"},{"taxonomy":"post_tag","embeddable":true,"href":"https:\/\/capitaliafamiliar.es\/informes\/wp-json\/wp\/v2\/tags?post=6240"}],"curies":[{"name":"wp","href":"https:\/\/api.w.org\/{rel}","templated":true}]}}