{"id":6312,"date":"2021-06-11T16:15:36","date_gmt":"2021-06-11T16:15:36","guid":{"rendered":"https:\/\/capitaliafamiliar.es\/informes\/?p=6312"},"modified":"2021-06-11T16:19:01","modified_gmt":"2021-06-11T16:19:01","slug":"informe-diario-viernes-11-de-junio-de-2021","status":"publish","type":"post","link":"https:\/\/capitaliafamiliar.es\/informes\/2021\/06\/11\/informe-diario-viernes-11-de-junio-de-2021\/","title":{"rendered":"Informe Diario <br> Viernes, 11 de junio de 2021"},"content":{"rendered":"<blockquote>\n<p style=\"text-align: justify;\"><span style=\"font-size: 16px;\"><strong><b>Los mercados no acusan la subida de la inflaci\u00f3n en Estados Unidos y buscan nuevos m\u00e1ximos.<\/b>..<\/strong><\/span><\/p>\n<\/blockquote>\n<p style=\"text-align: justify;\"><span style=\"font-size: 16px;\"><b>Los mercados no acusan la subida de la inflaci\u00f3n en Estados Unidos y buscan nuevos m\u00e1ximos.<\/b> Pese a que tanto el IPC general como el subyacente registraron subidas importantes en Estados Unidos, el mercado ha digerido con cierta facilidad el dato, como se desprende de la ca\u00edda de los tipos de inter\u00e9s de mercado (el Treasury estadounidense cotiza por debajo del 1.5% en rentabilidad) y la subida moderada de las bolsas. El riesgo a que la Reserva Federal normalice su pol\u00edtica monetaria a corto plazo parece descartada, toda vez que el crecimiento de los precios no es lo suficientemente acelerado como para justificar dicho movimiento. Sin embargo, el mercado sabe que la subida de los precios podr\u00eda estar convirti\u00e9ndose en estructural, lo cual da\u00f1ar\u00eda a la econom\u00eda a medio y largo plazo. No es de extra\u00f1ar que en este entorno de recuperaci\u00f3n primen m\u00e1s los buenos datos econ\u00f3micos, pero la Fed no deber\u00eda omitir este riesgo y ser\u00eda bueno que comenzara a elaborar un plan para luchar contra la inflaci\u00f3n cuando el crecimiento econ\u00f3mico comience a moderarse. <strong>Buenas perspectivas por tanto para los mercados, aunque ser\u00e1 necesaria una mayor fortaleza para poder confirmar el inicio de una nueva fase alcista.<\/strong><\/span><\/p>\n<p style=\"text-align: justify;\"><span style=\"font-size: 16px;\"><strong>En el terreno macroecon\u00f3mico,<\/strong> la confianza del consumidor de la Universidad de Michigan subi\u00f3 en junio hasta 86.4 puntos desde los 82.9 de mayo, superando adem\u00e1s las previsiones del mercado. La producci\u00f3n industrial del Reino Unido en abril avanz\u00f3 un notable +27.5% interanual, recuperaci\u00f3n importante aunque en este caso qued\u00f3 por debajo del +30.5% esperado. Por \u00faltimo, se confirm\u00f3 que el IPC de Espa\u00f1a subi\u00f3 en mayo un +2.7% interanual, por encima del +2.2% del mes pasado.<\/span><\/p>\n<p>&nbsp;<\/p>\n<p><img loading=\"lazy\" decoding=\"async\" data-attachment-id=\"6315\" data-permalink=\"https:\/\/capitaliafamiliar.es\/informes\/2021\/06\/11\/informe-diario-viernes-11-de-junio-de-2021\/rv-751\/\" data-orig-file=\"https:\/\/capitaliafamiliar.es\/informes\/wp-content\/uploads\/2021\/06\/RV-8.jpg\" data-orig-size=\"336,413\" data-comments-opened=\"0\" data-image-meta=\"{&quot;aperture&quot;:&quot;0&quot;,&quot;credit&quot;:&quot;&quot;,&quot;camera&quot;:&quot;&quot;,&quot;caption&quot;:&quot;&quot;,&quot;created_timestamp&quot;:&quot;0&quot;,&quot;copyright&quot;:&quot;&quot;,&quot;focal_length&quot;:&quot;0&quot;,&quot;iso&quot;:&quot;0&quot;,&quot;shutter_speed&quot;:&quot;0&quot;,&quot;title&quot;:&quot;&quot;,&quot;orientation&quot;:&quot;0&quot;}\" data-image-title=\"RV\" data-image-description=\"\" data-image-caption=\"\" data-large-file=\"https:\/\/capitaliafamiliar.es\/informes\/wp-content\/uploads\/2021\/06\/RV-8.jpg\" class=\"alignnone size-full wp-image-6315\" src=\"https:\/\/capitaliafamiliar.es\/informes\/wp-content\/uploads\/2021\/06\/RV-8.jpg\" alt=\"\" width=\"336\" height=\"413\" srcset=\"https:\/\/capitaliafamiliar.es\/informes\/wp-content\/uploads\/2021\/06\/RV-8.jpg 336w, https:\/\/capitaliafamiliar.es\/informes\/wp-content\/uploads\/2021\/06\/RV-8-244x300.jpg 244w\" sizes=\"(max-width: 336px) 100vw, 336px\" \/><img loading=\"lazy\" decoding=\"async\" data-attachment-id=\"6316\" data-permalink=\"https:\/\/capitaliafamiliar.es\/informes\/2021\/06\/11\/informe-diario-viernes-11-de-junio-de-2021\/rf-743\/\" data-orig-file=\"https:\/\/capitaliafamiliar.es\/informes\/wp-content\/uploads\/2021\/06\/RF-8.jpg\" data-orig-size=\"299,353\" data-comments-opened=\"0\" data-image-meta=\"{&quot;aperture&quot;:&quot;0&quot;,&quot;credit&quot;:&quot;&quot;,&quot;camera&quot;:&quot;&quot;,&quot;caption&quot;:&quot;&quot;,&quot;created_timestamp&quot;:&quot;0&quot;,&quot;copyright&quot;:&quot;&quot;,&quot;focal_length&quot;:&quot;0&quot;,&quot;iso&quot;:&quot;0&quot;,&quot;shutter_speed&quot;:&quot;0&quot;,&quot;title&quot;:&quot;&quot;,&quot;orientation&quot;:&quot;0&quot;}\" data-image-title=\"RF\" data-image-description=\"\" data-image-caption=\"\" data-large-file=\"https:\/\/capitaliafamiliar.es\/informes\/wp-content\/uploads\/2021\/06\/RF-8.jpg\" class=\"alignnone size-full wp-image-6316\" src=\"https:\/\/capitaliafamiliar.es\/informes\/wp-content\/uploads\/2021\/06\/RF-8.jpg\" alt=\"\" width=\"299\" height=\"353\" srcset=\"https:\/\/capitaliafamiliar.es\/informes\/wp-content\/uploads\/2021\/06\/RF-8.jpg 299w, https:\/\/capitaliafamiliar.es\/informes\/wp-content\/uploads\/2021\/06\/RF-8-254x300.jpg 254w\" sizes=\"(max-width: 299px) 100vw, 299px\" \/><\/p>\n<p>&nbsp;<\/p>\n<p><strong>| Agenda para el lunes |<\/strong><\/p>\n<p><img loading=\"lazy\" decoding=\"async\" data-attachment-id=\"6313\" data-permalink=\"https:\/\/capitaliafamiliar.es\/informes\/2021\/06\/11\/informe-diario-viernes-11-de-junio-de-2021\/ag-482\/\" data-orig-file=\"https:\/\/capitaliafamiliar.es\/informes\/wp-content\/uploads\/2021\/06\/AG-9.jpg\" data-orig-size=\"676,53\" data-comments-opened=\"0\" data-image-meta=\"{&quot;aperture&quot;:&quot;0&quot;,&quot;credit&quot;:&quot;&quot;,&quot;camera&quot;:&quot;&quot;,&quot;caption&quot;:&quot;&quot;,&quot;created_timestamp&quot;:&quot;0&quot;,&quot;copyright&quot;:&quot;&quot;,&quot;focal_length&quot;:&quot;0&quot;,&quot;iso&quot;:&quot;0&quot;,&quot;shutter_speed&quot;:&quot;0&quot;,&quot;title&quot;:&quot;&quot;,&quot;orientation&quot;:&quot;0&quot;}\" data-image-title=\"AG\" data-image-description=\"\" data-image-caption=\"\" data-large-file=\"https:\/\/capitaliafamiliar.es\/informes\/wp-content\/uploads\/2021\/06\/AG-9.jpg\" class=\"alignnone size-full wp-image-6313\" src=\"https:\/\/capitaliafamiliar.es\/informes\/wp-content\/uploads\/2021\/06\/AG-9.jpg\" alt=\"\" width=\"676\" height=\"53\" srcset=\"https:\/\/capitaliafamiliar.es\/informes\/wp-content\/uploads\/2021\/06\/AG-9.jpg 676w, https:\/\/capitaliafamiliar.es\/informes\/wp-content\/uploads\/2021\/06\/AG-9-300x24.jpg 300w\" sizes=\"(max-width: 676px) 100vw, 676px\" \/><\/p>\n<p>&nbsp;<\/p>\n<p>&nbsp;<\/p>\n<p style=\"text-align: center;\"><strong>Solicite informaci\u00f3n sobre nuestros servicios de asesoramiento financiero<\/strong><\/p>\n<p style=\"text-align: center;\">Si necesita ayuda para el cuidado de su patrimonio, no dude en ponerse en contacto con nosotros,<\/p>\n<p style=\"text-align: center;\">sin compromiso.<\/p>\n<p style=\"text-align: center;\">Tel\u00e9fono:\u00a0\u00a0 91 770\u00a0 22 84<\/p>\n<p style=\"text-align: center;\">Correo electr\u00f3nico:\u00a0\u00a0 capitaliafamiliar@capitaliafamiliar.es<\/p>\n","protected":false},"excerpt":{"rendered":"<p>Los mercados no acusan la subida de la inflaci&oacute;n en Estados Unidos y buscan nuevos m&aacute;ximos&#8230; Los mercados no acusan la subida de la inflaci&oacute;n en Estados Unidos y buscan nuevos m&aacute;ximos. Pese a que tanto el IPC general como el subyacente registraron subidas importantes en Estados Unidos, el mercado ha digerido con cierta facilidad [&hellip;]<\/p>\n","protected":false},"author":2,"featured_media":2525,"comment_status":"closed","ping_status":"closed","sticky":false,"template":"","format":"standard","meta":{"_et_pb_use_builder":"","_et_pb_old_content":"","_et_gb_content_width":"","jetpack_post_was_ever_published":false,"_jetpack_newsletter_access":"","_jetpack_dont_email_post_to_subs":false,"_jetpack_newsletter_tier_id":0,"_jetpack_memberships_contains_paywalled_content":false,"_jetpack_memberships_contains_paid_content":false,"footnotes":""},"categories":[1],"tags":[],"class_list":["post-6312","post","type-post","status-publish","format-standard","has-post-thumbnail","hentry","category-informediario"],"jetpack_featured_media_url":"https:\/\/capitaliafamiliar.es\/informes\/wp-content\/uploads\/2019\/08\/informediario2.png","jetpack_shortlink":"https:\/\/wp.me\/pa2IGq-1DO","jetpack-related-posts":[{"id":5644,"url":"https:\/\/capitaliafamiliar.es\/informes\/2021\/02\/10\/informe-diario-miercoles-10-de-febrero-de-2021\/","url_meta":{"origin":6312,"position":0},"title":"Informe Diario  Mi\u00e9rcoles, 10 de febrero de 2021","author":"Capitalia Familiar","date":"10 de febrero de 2021","format":false,"excerpt":"El mercado respira al frenarse la subida de la inflaci\u00f3n en Estados Unidos... El mercado respira al frenarse la subida de la inflaci\u00f3n en Estados Unidos. Los datos de IPC conocidos hoy en Estados Unidos permitieron alejar, al menos de manera temporal, los temores a una escalada acelerada de los\u2026","rel":"","context":"En \u00abInforme Diario\u00bb","block_context":{"text":"Informe Diario","link":"https:\/\/capitaliafamiliar.es\/informes\/category\/informediario\/"},"img":{"alt_text":"","src":"https:\/\/i0.wp.com\/capitaliafamiliar.es\/informes\/wp-content\/uploads\/2019\/08\/informediario2.png?resize=350%2C200&ssl=1","width":350,"height":200,"srcset":"https:\/\/i0.wp.com\/capitaliafamiliar.es\/informes\/wp-content\/uploads\/2019\/08\/informediario2.png?resize=350%2C200&ssl=1 1x, https:\/\/i0.wp.com\/capitaliafamiliar.es\/informes\/wp-content\/uploads\/2019\/08\/informediario2.png?resize=525%2C300&ssl=1 1.5x, https:\/\/i0.wp.com\/capitaliafamiliar.es\/informes\/wp-content\/uploads\/2019\/08\/informediario2.png?resize=700%2C400&ssl=1 2x"},"classes":[]},{"id":5907,"url":"https:\/\/capitaliafamiliar.es\/informes\/2021\/03\/30\/informe-diario-martes-30-de-marzo-de-2021\/","url_meta":{"origin":6312,"position":1},"title":"Informe Diario  Martes, 30 de marzo de 2021","author":"Capitalia Familiar","date":"30 de marzo de 2021","format":false,"excerpt":"La subida de los tipos de mercado contin\u00faa marcando el ritmo de las bolsas... La subida de los tipos de mercado contin\u00faa marcando el ritmo de las bolsas. El Presidente de Estados Unidos, Joe Biden, anunci\u00f3 un plan de recuperaci\u00f3n para la econom\u00eda estadounidense que incluye la renovaci\u00f3n y construcci\u00f3n\u2026","rel":"","context":"En \u00abInforme Diario\u00bb","block_context":{"text":"Informe Diario","link":"https:\/\/capitaliafamiliar.es\/informes\/category\/informediario\/"},"img":{"alt_text":"","src":"https:\/\/i0.wp.com\/capitaliafamiliar.es\/informes\/wp-content\/uploads\/2019\/08\/informediario2.png?resize=350%2C200&ssl=1","width":350,"height":200,"srcset":"https:\/\/i0.wp.com\/capitaliafamiliar.es\/informes\/wp-content\/uploads\/2019\/08\/informediario2.png?resize=350%2C200&ssl=1 1x, https:\/\/i0.wp.com\/capitaliafamiliar.es\/informes\/wp-content\/uploads\/2019\/08\/informediario2.png?resize=525%2C300&ssl=1 1.5x, https:\/\/i0.wp.com\/capitaliafamiliar.es\/informes\/wp-content\/uploads\/2019\/08\/informediario2.png?resize=700%2C400&ssl=1 2x"},"classes":[]},{"id":5953,"url":"https:\/\/capitaliafamiliar.es\/informes\/2021\/04\/13\/informe-diario-martes-13-de-abril-de-2021\/","url_meta":{"origin":6312,"position":2},"title":"Informe Diario  Martes, 13 de abril de 2021","author":"Capitalia Familiar","date":"13 de abril de 2021","format":false,"excerpt":"La inflaci\u00f3n sube de manera controlada en Estados Unidos y los mercados respiran tranquilos por ahora... La inflaci\u00f3n sube de manera controlada en Estados Unidos y los mercados respiran tranquilos por ahora. El IPC estadounidense creci\u00f3 en marzo un +2.6% interanual, elev\u00e1ndose desde el +1.7% de febrero como consecuencia del\u2026","rel":"","context":"En \u00abInforme Diario\u00bb","block_context":{"text":"Informe Diario","link":"https:\/\/capitaliafamiliar.es\/informes\/category\/informediario\/"},"img":{"alt_text":"","src":"https:\/\/i0.wp.com\/capitaliafamiliar.es\/informes\/wp-content\/uploads\/2019\/08\/informediario2.png?resize=350%2C200&ssl=1","width":350,"height":200,"srcset":"https:\/\/i0.wp.com\/capitaliafamiliar.es\/informes\/wp-content\/uploads\/2019\/08\/informediario2.png?resize=350%2C200&ssl=1 1x, https:\/\/i0.wp.com\/capitaliafamiliar.es\/informes\/wp-content\/uploads\/2019\/08\/informediario2.png?resize=525%2C300&ssl=1 1.5x, https:\/\/i0.wp.com\/capitaliafamiliar.es\/informes\/wp-content\/uploads\/2019\/08\/informediario2.png?resize=700%2C400&ssl=1 2x"},"classes":[]},{"id":6852,"url":"https:\/\/capitaliafamiliar.es\/informes\/2021\/09\/13\/informe-diario-lunes-13-de-septiembre-de-2021\/","url_meta":{"origin":6312,"position":3},"title":"Informe Diario  Lunes, 13 de septiembre de 2021","author":"Capitalia Familiar","date":"13 de septiembre de 2021","format":false,"excerpt":"Todo a la espera del dato de inflaci\u00f3n estadounidense que se conocer\u00e1 ma\u00f1ana... \u00a0 Todo a la espera del dato de inflaci\u00f3n estadounidense que se conocer\u00e1 ma\u00f1ana. Como ya adelant\u00e1bamos en informes anteriores, ma\u00f1ana se publicar\u00e1 el dato de inflaci\u00f3n relativo al mes de agosto en Estados Unidos. Las previsiones\u2026","rel":"","context":"En \u00abInforme Diario\u00bb","block_context":{"text":"Informe Diario","link":"https:\/\/capitaliafamiliar.es\/informes\/category\/informediario\/"},"img":{"alt_text":"","src":"https:\/\/i0.wp.com\/capitaliafamiliar.es\/informes\/wp-content\/uploads\/2019\/08\/informediario2.png?resize=350%2C200&ssl=1","width":350,"height":200,"srcset":"https:\/\/i0.wp.com\/capitaliafamiliar.es\/informes\/wp-content\/uploads\/2019\/08\/informediario2.png?resize=350%2C200&ssl=1 1x, https:\/\/i0.wp.com\/capitaliafamiliar.es\/informes\/wp-content\/uploads\/2019\/08\/informediario2.png?resize=525%2C300&ssl=1 1.5x, https:\/\/i0.wp.com\/capitaliafamiliar.es\/informes\/wp-content\/uploads\/2019\/08\/informediario2.png?resize=700%2C400&ssl=1 2x"},"classes":[]},{"id":5687,"url":"https:\/\/capitaliafamiliar.es\/informes\/2021\/02\/17\/informe-diario-miercoles-17-de-febrero-de-2021\/","url_meta":{"origin":6312,"position":4},"title":"Informe Diario  Mi\u00e9rcoles, 17 de febrero de 2021","author":"Capitalia Familiar","date":"17 de febrero de 2021","format":false,"excerpt":"Los buenos datos macroecon\u00f3micos conocidos en Estados Unidos avivan los temores al crecimiento de la inflaci\u00f3n... Los buenos datos macroecon\u00f3micos conocidos en Estados Unidos avivan los temores al crecimiento de la inflaci\u00f3n. Los datos de ventas minoristas y producci\u00f3n industrial publicados hoy en Estados Unidos (ver m\u00e1s abajo los detalles)\u2026","rel":"","context":"En \u00abInforme Diario\u00bb","block_context":{"text":"Informe Diario","link":"https:\/\/capitaliafamiliar.es\/informes\/category\/informediario\/"},"img":{"alt_text":"","src":"https:\/\/i0.wp.com\/capitaliafamiliar.es\/informes\/wp-content\/uploads\/2019\/08\/informediario2.png?resize=350%2C200&ssl=1","width":350,"height":200,"srcset":"https:\/\/i0.wp.com\/capitaliafamiliar.es\/informes\/wp-content\/uploads\/2019\/08\/informediario2.png?resize=350%2C200&ssl=1 1x, https:\/\/i0.wp.com\/capitaliafamiliar.es\/informes\/wp-content\/uploads\/2019\/08\/informediario2.png?resize=525%2C300&ssl=1 1.5x, https:\/\/i0.wp.com\/capitaliafamiliar.es\/informes\/wp-content\/uploads\/2019\/08\/informediario2.png?resize=700%2C400&ssl=1 2x"},"classes":[]},{"id":5729,"url":"https:\/\/capitaliafamiliar.es\/informes\/2021\/02\/25\/informe-diario-jueves-25-de-febrero-de-2021\/","url_meta":{"origin":6312,"position":5},"title":"Informe Diario  Jueves, 25 de febrero de 2021","author":"Capitalia Familiar","date":"25 de febrero de 2021","format":false,"excerpt":"La subida de los tipos de inter\u00e9s de mercado obligar\u00e1 a actuar a la Reserva Federal... La subida de los tipos de inter\u00e9s de mercado obligar\u00e1 a actuar a la Reserva Federal. Desde la Fed, tanto el presidente Jerome Powell como algunos de sus miembros, han dejado claro que no\u2026","rel":"","context":"En \u00abInforme Diario\u00bb","block_context":{"text":"Informe Diario","link":"https:\/\/capitaliafamiliar.es\/informes\/category\/informediario\/"},"img":{"alt_text":"","src":"https:\/\/i0.wp.com\/capitaliafamiliar.es\/informes\/wp-content\/uploads\/2019\/08\/informediario2.png?resize=350%2C200&ssl=1","width":350,"height":200,"srcset":"https:\/\/i0.wp.com\/capitaliafamiliar.es\/informes\/wp-content\/uploads\/2019\/08\/informediario2.png?resize=350%2C200&ssl=1 1x, https:\/\/i0.wp.com\/capitaliafamiliar.es\/informes\/wp-content\/uploads\/2019\/08\/informediario2.png?resize=525%2C300&ssl=1 1.5x, https:\/\/i0.wp.com\/capitaliafamiliar.es\/informes\/wp-content\/uploads\/2019\/08\/informediario2.png?resize=700%2C400&ssl=1 2x"},"classes":[]}],"jetpack_sharing_enabled":true,"_links":{"self":[{"href":"https:\/\/capitaliafamiliar.es\/informes\/wp-json\/wp\/v2\/posts\/6312","targetHints":{"allow":["GET"]}}],"collection":[{"href":"https:\/\/capitaliafamiliar.es\/informes\/wp-json\/wp\/v2\/posts"}],"about":[{"href":"https:\/\/capitaliafamiliar.es\/informes\/wp-json\/wp\/v2\/types\/post"}],"author":[{"embeddable":true,"href":"https:\/\/capitaliafamiliar.es\/informes\/wp-json\/wp\/v2\/users\/2"}],"replies":[{"embeddable":true,"href":"https:\/\/capitaliafamiliar.es\/informes\/wp-json\/wp\/v2\/comments?post=6312"}],"version-history":[{"count":2,"href":"https:\/\/capitaliafamiliar.es\/informes\/wp-json\/wp\/v2\/posts\/6312\/revisions"}],"predecessor-version":[{"id":6317,"href":"https:\/\/capitaliafamiliar.es\/informes\/wp-json\/wp\/v2\/posts\/6312\/revisions\/6317"}],"wp:featuredmedia":[{"embeddable":true,"href":"https:\/\/capitaliafamiliar.es\/informes\/wp-json\/wp\/v2\/media\/2525"}],"wp:attachment":[{"href":"https:\/\/capitaliafamiliar.es\/informes\/wp-json\/wp\/v2\/media?parent=6312"}],"wp:term":[{"taxonomy":"category","embeddable":true,"href":"https:\/\/capitaliafamiliar.es\/informes\/wp-json\/wp\/v2\/categories?post=6312"},{"taxonomy":"post_tag","embeddable":true,"href":"https:\/\/capitaliafamiliar.es\/informes\/wp-json\/wp\/v2\/tags?post=6312"}],"curies":[{"name":"wp","href":"https:\/\/api.w.org\/{rel}","templated":true}]}}