{"id":6353,"date":"2021-06-17T16:13:22","date_gmt":"2021-06-17T16:13:22","guid":{"rendered":"https:\/\/capitaliafamiliar.es\/informes\/?p=6353"},"modified":"2021-06-17T16:13:22","modified_gmt":"2021-06-17T16:13:22","slug":"informe-diario-jueves-17-de-junio-de-2021","status":"publish","type":"post","link":"https:\/\/capitaliafamiliar.es\/informes\/2021\/06\/17\/informe-diario-jueves-17-de-junio-de-2021\/","title":{"rendered":"Informe Diario <br> Jueves, 17 de junio de 2021"},"content":{"rendered":"<blockquote>\n<p style=\"text-align: justify;\"><span style=\"font-size: 16px;\"><strong><b>La Reserva Federal comienza a preparar a los mercados para la normalizaci\u00f3n monetaria.<\/b>..<\/strong><\/span><\/p>\n<\/blockquote>\n<p style=\"text-align: justify;\"><span style=\"font-size: 16px;\"><strong>La Reserva Federal comienza a preparar a los mercados para la normalizaci\u00f3n monetaria.<\/strong><\/span><\/p>\n<p style=\"text-align: justify;\"><span style=\"font-size: 16px;\">La reuni\u00f3n de la Reserva Federal nos dej\u00f3 importantes novedades, si bien a efectos pr\u00e1cticos, de cara a las pr\u00f3ximas semanas y meses no ha cambiado nada en lo que se refiere a la pol\u00edtica monetaria. Por tanto, no hubo cambios en los tipos de inter\u00e9s (se mantienen entre el 0% y el 0.25%) ni tampoco en el programa de compra de activos (80 mil millones de d\u00f3lares al mes en deuda p\u00fablica y 40 mil millones en c\u00e9dulas hipotecarias).<\/span><\/p>\n<p style=\"text-align: justify;\"><span style=\"font-size: 16px;\">S\u00ed hubo cambios relevantes en el comunicado, en las previsiones y en la rueda de prensa.<\/span><\/p>\n<p style=\"text-align: justify;\"><span style=\"font-size: 16px;\">En el comunicado, hubo pocas variaciones con respecto al texto de la anterior reuni\u00f3n, pero fueron cambios importantes que evidencian un cambio hacia una visi\u00f3n m\u00e1s <em>hawkish<\/em> (m\u00e1s restrictiva que la que ten\u00eda hasta ahora). As\u00ed, reduce el riesgo sobre la econom\u00eda de los efectos de la pandemia y mejora las perspectivas de la econom\u00eda y del mercado laboral, reflejando un crecimiento m\u00e1s s\u00f3lido y sostenido. Esta ser\u00eda una primera se\u00f1al de que la Fed se est\u00e1 preparando para la normalizaci\u00f3n monetaria, ya que la econom\u00eda est\u00e1 convergiendo hacia sus objetivos.<\/span><\/p>\n<p style=\"text-align: justify;\"><span style=\"font-size: 16px;\">Las previsiones econ\u00f3micas reforzaron este escenario (eleva el crecimiento de Estados Unidos en 2021 del +6.5% al +7.0% interanual) y, adem\u00e1s, la autoridad monetaria revis\u00f3 al alza su previsi\u00f3n de inflaci\u00f3n para este a\u00f1o obligada por la evidencia de los datos, hasta situarla en el +3.4% interanual (un punto porcentual m\u00e1s que la se\u00f1alada en marzo).<\/span><\/p>\n<p style=\"text-align: justify;\"><span style=\"font-size: 16px;\">Pero quiz\u00e1s lo m\u00e1s importante fue que el <em>dot plot<\/em> de los tipos de inter\u00e9s adelant\u00f3 el posible inicio de subidas del precio del dinero a 2023 (con al menos dos alzas ese a\u00f1o) desde 2024. Esto quiere decir que la normalizaci\u00f3n monetaria empezar\u00e1 antes e lo previsto. Y tambi\u00e9n quiere decir que el programa de compra de activos finalizar\u00eda como muy tarde antes del verano de 2023 (en torno a seis meses antes del inicio de las subidas de tipos).<\/span><\/p>\n<p style=\"text-align: justify;\"><span style=\"font-size: 16px;\">Este cambio, no es relevante a efectos pr\u00e1cticos, pero s\u00ed modifica las expectativas en torno a la normalizaci\u00f3n monetaria, de ah\u00ed su importancia.<\/span><\/p>\n<p style=\"text-align: justify;\"><span style=\"font-size: 16px;\">En la rueda de prensa posterior a la reuni\u00f3n, Jerome Powell fue, sin embargo, m\u00e1s <em>dovish<\/em> que en el comunicado escrito.<\/span><\/p>\n<p style=\"text-align: justify;\"><span style=\"font-size: 16px;\">Abund\u00f3 mucho a la hora de explicar por qu\u00e9 ellos consideran que la subida del IPC es transitoria y la importancia (y necesidad) de que el mercado laboral se recupere completamente. No dio un mensaje diferente al expresado en el comunicado, pero trat\u00f3 de suavizar los cambios en la hoja de ruta.<\/span><\/p>\n<p style=\"text-align: justify;\"><span style=\"font-size: 16px;\">Powell insisti\u00f3 en que creen que las tensiones inflacionistas van a ser transitorias, pero reconoci\u00f3 la incertidumbre para predecir cu\u00e1ndo corregir\u00e1n a la baja. En la medida en que estas tensiones se prolonguen en el tiempo, mayor ser\u00e1 el riesgo de que se traslade al resto de la econom\u00eda (si bien este \u00faltimo no es su escenario base). En cualquier caso, la Fed prefiere luchar contra la inflaci\u00f3n que contra la deflaci\u00f3n. Si la econom\u00eda est\u00e1 fuerte, pueden aceptar una inflaci\u00f3n ligeramente por encima del objetivo del 2.0%, ya que es m\u00e1s complejo luchar contra la deflaci\u00f3n en un entorno en el que las presiones deflacionistas (globalizaci\u00f3n, elevada productividad, tecnolog\u00eda, envejecimiento de la poblaci\u00f3n&#8230;) no han disminuido.<\/span><\/p>\n<p style=\"text-align: justify;\"><span style=\"font-size: 16px;\">La Reserva Federal adecuar\u00e1 su mensaje a los datos macroecon\u00f3micos, pero advirti\u00f3 que valorar\u00e1n la situaci\u00f3n en cada reuni\u00f3n que vayan celebrando, lo que de facto es el inicio de la cuenta atr\u00e1s a la normalizaci\u00f3n monetaria. No obstante, quiso tranquilizar indicando que anunciar\u00e1n con tiempo sus decisiones para que los agentes del mercado puedan ajustarse a los cambios con tiempo suficiente.<\/span><\/p>\n<p style=\"text-align: justify;\"><span style=\"font-size: 16px;\">De todo esto se puede extraer que la Fed est\u00e1 trabajando para anunciar en la reuni\u00f3n de diciembre el inicio del Tapering (retirada de los est\u00edmulos), quiz\u00e1s para el mes de marzo, con el objetivo de que la compra de activos terminara a finales de 2022 o principios de 2023. Existe otra opci\u00f3n, y es que la inflaci\u00f3n se dispare y el mercado laboral mejore de manera importante (han de darse ambas condiciones a la vez), y la Fed se vea obligada a adelantar el anuncio a la reuni\u00f3n de septiembre. Sin embargo, lo deseable ser\u00eda que este anuncio se produjera en diciembre y que la reuni\u00f3n de septiembre sirviera solamente para preparar al mercado, ya que actuar en septiembre ser\u00eda prematuro y pernicioso para los mercados.<\/span><\/p>\n<p style=\"text-align: justify;\"><span style=\"font-size: 16px;\"><strong>En el terreno macroecon\u00f3mico,<\/strong> en Estados Unidos las peticiones semanales de subsidio por desempleo subieron por sorpresa de 375 mil hasta 412 mil, frenando as\u00ed, al menos temporalmente, la racha de ca\u00eddas. Por su parte, el \u00edndice de la Fed de Filadelfia baj\u00f3 en junio ocho d\u00e9cimas hasta los 30.7 puntos. En la Eurozona, el IPC del mes de mayo subi\u00f3 un +2.0% interanual, en l\u00ednea con las previsiones y por encima del +1.6% en abril.<\/span><\/p>\n<p>&nbsp;<\/p>\n<p><img loading=\"lazy\" decoding=\"async\" data-attachment-id=\"6357\" data-permalink=\"https:\/\/capitaliafamiliar.es\/informes\/2021\/06\/17\/informe-diario-jueves-17-de-junio-de-2021\/rv-755\/\" data-orig-file=\"https:\/\/capitaliafamiliar.es\/informes\/wp-content\/uploads\/2021\/06\/RV-12.jpg\" data-orig-size=\"336,413\" data-comments-opened=\"0\" data-image-meta=\"{&quot;aperture&quot;:&quot;0&quot;,&quot;credit&quot;:&quot;&quot;,&quot;camera&quot;:&quot;&quot;,&quot;caption&quot;:&quot;&quot;,&quot;created_timestamp&quot;:&quot;0&quot;,&quot;copyright&quot;:&quot;&quot;,&quot;focal_length&quot;:&quot;0&quot;,&quot;iso&quot;:&quot;0&quot;,&quot;shutter_speed&quot;:&quot;0&quot;,&quot;title&quot;:&quot;&quot;,&quot;orientation&quot;:&quot;0&quot;}\" data-image-title=\"RV\" data-image-description=\"\" data-image-caption=\"\" data-large-file=\"https:\/\/capitaliafamiliar.es\/informes\/wp-content\/uploads\/2021\/06\/RV-12.jpg\" class=\"alignnone size-full wp-image-6357\" src=\"https:\/\/capitaliafamiliar.es\/informes\/wp-content\/uploads\/2021\/06\/RV-12.jpg\" alt=\"\" width=\"336\" height=\"413\" srcset=\"https:\/\/capitaliafamiliar.es\/informes\/wp-content\/uploads\/2021\/06\/RV-12.jpg 336w, https:\/\/capitaliafamiliar.es\/informes\/wp-content\/uploads\/2021\/06\/RV-12-244x300.jpg 244w\" sizes=\"(max-width: 336px) 100vw, 336px\" \/><img loading=\"lazy\" decoding=\"async\" data-attachment-id=\"6358\" data-permalink=\"https:\/\/capitaliafamiliar.es\/informes\/2021\/06\/17\/informe-diario-jueves-17-de-junio-de-2021\/rf-747\/\" data-orig-file=\"https:\/\/capitaliafamiliar.es\/informes\/wp-content\/uploads\/2021\/06\/RF-12.jpg\" data-orig-size=\"299,353\" data-comments-opened=\"0\" data-image-meta=\"{&quot;aperture&quot;:&quot;0&quot;,&quot;credit&quot;:&quot;&quot;,&quot;camera&quot;:&quot;&quot;,&quot;caption&quot;:&quot;&quot;,&quot;created_timestamp&quot;:&quot;0&quot;,&quot;copyright&quot;:&quot;&quot;,&quot;focal_length&quot;:&quot;0&quot;,&quot;iso&quot;:&quot;0&quot;,&quot;shutter_speed&quot;:&quot;0&quot;,&quot;title&quot;:&quot;&quot;,&quot;orientation&quot;:&quot;0&quot;}\" data-image-title=\"RF\" data-image-description=\"\" data-image-caption=\"\" data-large-file=\"https:\/\/capitaliafamiliar.es\/informes\/wp-content\/uploads\/2021\/06\/RF-12.jpg\" class=\"alignnone size-full wp-image-6358\" src=\"https:\/\/capitaliafamiliar.es\/informes\/wp-content\/uploads\/2021\/06\/RF-12.jpg\" alt=\"\" width=\"299\" height=\"353\" srcset=\"https:\/\/capitaliafamiliar.es\/informes\/wp-content\/uploads\/2021\/06\/RF-12.jpg 299w, https:\/\/capitaliafamiliar.es\/informes\/wp-content\/uploads\/2021\/06\/RF-12-254x300.jpg 254w\" sizes=\"(max-width: 299px) 100vw, 299px\" \/><\/p>\n<p>&nbsp;<\/p>\n<p><strong>| Agenda para ma\u00f1ana |<\/strong><\/p>\n<p><img loading=\"lazy\" decoding=\"async\" data-attachment-id=\"6355\" data-permalink=\"https:\/\/capitaliafamiliar.es\/informes\/2021\/06\/17\/informe-diario-jueves-17-de-junio-de-2021\/ag-485\/\" data-orig-file=\"https:\/\/capitaliafamiliar.es\/informes\/wp-content\/uploads\/2021\/06\/AG-12.jpg\" data-orig-size=\"676,105\" data-comments-opened=\"0\" data-image-meta=\"{&quot;aperture&quot;:&quot;0&quot;,&quot;credit&quot;:&quot;&quot;,&quot;camera&quot;:&quot;&quot;,&quot;caption&quot;:&quot;&quot;,&quot;created_timestamp&quot;:&quot;0&quot;,&quot;copyright&quot;:&quot;&quot;,&quot;focal_length&quot;:&quot;0&quot;,&quot;iso&quot;:&quot;0&quot;,&quot;shutter_speed&quot;:&quot;0&quot;,&quot;title&quot;:&quot;&quot;,&quot;orientation&quot;:&quot;0&quot;}\" data-image-title=\"AG\" data-image-description=\"\" data-image-caption=\"\" data-large-file=\"https:\/\/capitaliafamiliar.es\/informes\/wp-content\/uploads\/2021\/06\/AG-12.jpg\" class=\"alignnone size-full wp-image-6355\" src=\"https:\/\/capitaliafamiliar.es\/informes\/wp-content\/uploads\/2021\/06\/AG-12.jpg\" alt=\"\" width=\"676\" height=\"105\" srcset=\"https:\/\/capitaliafamiliar.es\/informes\/wp-content\/uploads\/2021\/06\/AG-12.jpg 676w, https:\/\/capitaliafamiliar.es\/informes\/wp-content\/uploads\/2021\/06\/AG-12-300x47.jpg 300w\" sizes=\"(max-width: 676px) 100vw, 676px\" \/><\/p>\n<p>&nbsp;<\/p>\n<p>&nbsp;<\/p>\n<p style=\"text-align: center;\"><strong>Solicite informaci\u00f3n sobre nuestros servicios de asesoramiento financiero<\/strong><\/p>\n<p style=\"text-align: center;\">Si necesita ayuda para el cuidado de su patrimonio, no dude en ponerse en contacto con nosotros,<\/p>\n<p style=\"text-align: center;\">sin compromiso.<\/p>\n<p style=\"text-align: center;\">Tel\u00e9fono:\u00a0\u00a0 91 770\u00a0 22 84<\/p>\n<p style=\"text-align: center;\">Correo electr\u00f3nico:\u00a0\u00a0 capitaliafamiliar@capitaliafamiliar.es<\/p>\n","protected":false},"excerpt":{"rendered":"<p>La Reserva Federal comienza a preparar a los mercados para la normalizaci&oacute;n monetaria&#8230; La Reserva Federal comienza a preparar a los mercados para la normalizaci&oacute;n monetaria. La reuni&oacute;n de la Reserva Federal nos dej&oacute; importantes novedades, si bien a efectos pr&aacute;cticos, de cara a las pr&oacute;ximas semanas y meses no ha cambiado nada en lo [&hellip;]<\/p>\n","protected":false},"author":2,"featured_media":2525,"comment_status":"closed","ping_status":"closed","sticky":false,"template":"","format":"standard","meta":{"_et_pb_use_builder":"","_et_pb_old_content":"","_et_gb_content_width":"","jetpack_post_was_ever_published":false,"_jetpack_newsletter_access":"","_jetpack_dont_email_post_to_subs":false,"_jetpack_newsletter_tier_id":0,"_jetpack_memberships_contains_paywalled_content":false,"_jetpack_memberships_contains_paid_content":false,"footnotes":""},"categories":[1],"tags":[],"class_list":["post-6353","post","type-post","status-publish","format-standard","has-post-thumbnail","hentry","category-informediario"],"jetpack_featured_media_url":"https:\/\/capitaliafamiliar.es\/informes\/wp-content\/uploads\/2019\/08\/informediario2.png","jetpack_shortlink":"https:\/\/wp.me\/pa2IGq-1Et","jetpack-related-posts":[{"id":6825,"url":"https:\/\/capitaliafamiliar.es\/informes\/2021\/09\/08\/informe-diario-miercoles-8-de-septiembre-de-2021\/","url_meta":{"origin":6353,"position":0},"title":"Informe Diario  Mi\u00e9rcoles, 8 de septiembre de 2021","author":"Capitalia Familiar","date":"8 de septiembre de 2021","format":false,"excerpt":"Los bancos centrales contin\u00faan siendo el mayor foco de incertidumbre para los mercados... \u00a0 Los bancos centrales contin\u00faan siendo el mayor foco de incertidumbre para los mercados. La Reserva Federal no es el \u00fanico banco central que empieza a planear la normalizaci\u00f3n monetaria. Ma\u00f1ana, el Banco Central Europeo celebra su\u2026","rel":"","context":"En \u00abInforme Diario\u00bb","block_context":{"text":"Informe Diario","link":"https:\/\/capitaliafamiliar.es\/informes\/category\/informediario\/"},"img":{"alt_text":"","src":"https:\/\/i0.wp.com\/capitaliafamiliar.es\/informes\/wp-content\/uploads\/2019\/08\/informediario2.png?resize=350%2C200&ssl=1","width":350,"height":200,"srcset":"https:\/\/i0.wp.com\/capitaliafamiliar.es\/informes\/wp-content\/uploads\/2019\/08\/informediario2.png?resize=350%2C200&ssl=1 1x, https:\/\/i0.wp.com\/capitaliafamiliar.es\/informes\/wp-content\/uploads\/2019\/08\/informediario2.png?resize=525%2C300&ssl=1 1.5x, https:\/\/i0.wp.com\/capitaliafamiliar.es\/informes\/wp-content\/uploads\/2019\/08\/informediario2.png?resize=700%2C400&ssl=1 2x"},"classes":[]},{"id":6599,"url":"https:\/\/capitaliafamiliar.es\/informes\/2021\/07\/28\/informe-diario-miercoles-28-de-julio-de-2021\/","url_meta":{"origin":6353,"position":1},"title":"Informe Diario  Mi\u00e9rcoles, 28 de julio de 2021","author":"Capitalia Familiar","date":"28 de julio de 2021","format":false,"excerpt":"Tranquilidad antes de la decisi\u00f3n de la Reserva Federal... Tranquilidad antes de la decisi\u00f3n de la Reserva Federal. Los mercados se mantienen a la expectativa de la reuni\u00f3n de la Reserva Federal, cuyo resultado se conocer\u00e1 a las 20:00 horas en Espa\u00f1a, y tras la cual comparecer\u00e1 Powell a partir\u2026","rel":"","context":"En \u00abInforme Diario\u00bb","block_context":{"text":"Informe Diario","link":"https:\/\/capitaliafamiliar.es\/informes\/category\/informediario\/"},"img":{"alt_text":"","src":"https:\/\/i0.wp.com\/capitaliafamiliar.es\/informes\/wp-content\/uploads\/2019\/08\/informediario2.png?resize=350%2C200&ssl=1","width":350,"height":200,"srcset":"https:\/\/i0.wp.com\/capitaliafamiliar.es\/informes\/wp-content\/uploads\/2019\/08\/informediario2.png?resize=350%2C200&ssl=1 1x, https:\/\/i0.wp.com\/capitaliafamiliar.es\/informes\/wp-content\/uploads\/2019\/08\/informediario2.png?resize=525%2C300&ssl=1 1.5x, https:\/\/i0.wp.com\/capitaliafamiliar.es\/informes\/wp-content\/uploads\/2019\/08\/informediario2.png?resize=700%2C400&ssl=1 2x"},"classes":[]},{"id":6905,"url":"https:\/\/capitaliafamiliar.es\/informes\/2021\/09\/22\/informe-diario-miercoles-22-de-septiembre-de-2021\/","url_meta":{"origin":6353,"position":2},"title":"Informe Diario  Mi\u00e9rcoles, 22 de septiembre de 2021","author":"Capitalia Familiar","date":"22 de septiembre de 2021","format":false,"excerpt":"A la espera de la Reserva Federal, el mercado prolonga el rebote... \u00a0 A la espera de la Reserva Federal, el mercado prolonga el rebote. Todo pendiente de la decisi\u00f3n que adopte la Reserva Federal en su reuni\u00f3n de hoy. Como dec\u00edamos ayer, no se esperan cambios en su pol\u00edtica\u2026","rel":"","context":"En \u00abInforme Diario\u00bb","block_context":{"text":"Informe Diario","link":"https:\/\/capitaliafamiliar.es\/informes\/category\/informediario\/"},"img":{"alt_text":"","src":"https:\/\/i0.wp.com\/capitaliafamiliar.es\/informes\/wp-content\/uploads\/2019\/08\/informediario2.png?resize=350%2C200&ssl=1","width":350,"height":200,"srcset":"https:\/\/i0.wp.com\/capitaliafamiliar.es\/informes\/wp-content\/uploads\/2019\/08\/informediario2.png?resize=350%2C200&ssl=1 1x, https:\/\/i0.wp.com\/capitaliafamiliar.es\/informes\/wp-content\/uploads\/2019\/08\/informediario2.png?resize=525%2C300&ssl=1 1.5x, https:\/\/i0.wp.com\/capitaliafamiliar.es\/informes\/wp-content\/uploads\/2019\/08\/informediario2.png?resize=700%2C400&ssl=1 2x"},"classes":[]},{"id":6608,"url":"https:\/\/capitaliafamiliar.es\/informes\/2021\/07\/29\/informe-diario-jueves-29-de-julio-de-2021\/","url_meta":{"origin":6353,"position":3},"title":"Informe Diario  Jueves, 29 de julio de 2021","author":"Capitalia Familiar","date":"29 de julio de 2021","format":false,"excerpt":"La Reserva Federal permite al mercado mantener el pulso del rebote... La Reserva Federal permite al mercado mantener el pulso del rebote. No hubo cambios significativos en el comunicado de la Reserva Federal. La autoridad monetaria reconoci\u00f3 progresos en el mercado laboral y en la inflaci\u00f3n, pero no endureci\u00f3 su\u2026","rel":"","context":"En \u00abInforme Diario\u00bb","block_context":{"text":"Informe Diario","link":"https:\/\/capitaliafamiliar.es\/informes\/category\/informediario\/"},"img":{"alt_text":"","src":"https:\/\/i0.wp.com\/capitaliafamiliar.es\/informes\/wp-content\/uploads\/2019\/08\/informediario2.png?resize=350%2C200&ssl=1","width":350,"height":200,"srcset":"https:\/\/i0.wp.com\/capitaliafamiliar.es\/informes\/wp-content\/uploads\/2019\/08\/informediario2.png?resize=350%2C200&ssl=1 1x, https:\/\/i0.wp.com\/capitaliafamiliar.es\/informes\/wp-content\/uploads\/2019\/08\/informediario2.png?resize=525%2C300&ssl=1 1.5x, https:\/\/i0.wp.com\/capitaliafamiliar.es\/informes\/wp-content\/uploads\/2019\/08\/informediario2.png?resize=700%2C400&ssl=1 2x"},"classes":[]},{"id":6659,"url":"https:\/\/capitaliafamiliar.es\/informes\/2021\/08\/10\/informe-diario-martes-10-de-agosto-de-2021\/","url_meta":{"origin":6353,"position":4},"title":"Informe Diario  Martes, 10 de agosto de 2021","author":"Capitalia Familiar","date":"10 de agosto de 2021","format":false,"excerpt":"El IPC estadounidense podr\u00eda ayudar a los mercados a definirse... El IPC estadounidense podr\u00eda ayudar a los mercados a definirse. Nueva jornada completamente anodina e irrelevante en los mercados. Los principales \u00edndices se mantienen en zona de m\u00e1ximos a la espera de que aparezca presi\u00f3n compradora que apoye a iniciar\u2026","rel":"","context":"En \u00abInforme Diario\u00bb","block_context":{"text":"Informe Diario","link":"https:\/\/capitaliafamiliar.es\/informes\/category\/informediario\/"},"img":{"alt_text":"","src":"https:\/\/i0.wp.com\/capitaliafamiliar.es\/informes\/wp-content\/uploads\/2019\/08\/informediario2.png?resize=350%2C200&ssl=1","width":350,"height":200,"srcset":"https:\/\/i0.wp.com\/capitaliafamiliar.es\/informes\/wp-content\/uploads\/2019\/08\/informediario2.png?resize=350%2C200&ssl=1 1x, https:\/\/i0.wp.com\/capitaliafamiliar.es\/informes\/wp-content\/uploads\/2019\/08\/informediario2.png?resize=525%2C300&ssl=1 1.5x, https:\/\/i0.wp.com\/capitaliafamiliar.es\/informes\/wp-content\/uploads\/2019\/08\/informediario2.png?resize=700%2C400&ssl=1 2x"},"classes":[]},{"id":6059,"url":"https:\/\/capitaliafamiliar.es\/informes\/2021\/04\/29\/informe-diario-jueves-29-de-abril-de-2021\/","url_meta":{"origin":6353,"position":5},"title":"Informe Diario  Jueves, 29 de abril de 2021","author":"Capitalia Familiar","date":"29 de abril de 2021","format":false,"excerpt":"Ni los resultados empresariales, ni las medidas anunciadas por Biden, ni la Reserva Federal logran sacar a los mercados de su letargo... Ni los resultados empresariales, ni las medidas anunciadas por Biden, ni la Reserva Federal logran sacar a los mercados de su letargo. Pese al intenso flujo de noticias\u2026","rel":"","context":"En \u00abInforme Diario\u00bb","block_context":{"text":"Informe Diario","link":"https:\/\/capitaliafamiliar.es\/informes\/category\/informediario\/"},"img":{"alt_text":"","src":"https:\/\/i0.wp.com\/capitaliafamiliar.es\/informes\/wp-content\/uploads\/2019\/08\/informediario2.png?resize=350%2C200&ssl=1","width":350,"height":200,"srcset":"https:\/\/i0.wp.com\/capitaliafamiliar.es\/informes\/wp-content\/uploads\/2019\/08\/informediario2.png?resize=350%2C200&ssl=1 1x, https:\/\/i0.wp.com\/capitaliafamiliar.es\/informes\/wp-content\/uploads\/2019\/08\/informediario2.png?resize=525%2C300&ssl=1 1.5x, https:\/\/i0.wp.com\/capitaliafamiliar.es\/informes\/wp-content\/uploads\/2019\/08\/informediario2.png?resize=700%2C400&ssl=1 2x"},"classes":[]}],"jetpack_sharing_enabled":true,"_links":{"self":[{"href":"https:\/\/capitaliafamiliar.es\/informes\/wp-json\/wp\/v2\/posts\/6353","targetHints":{"allow":["GET"]}}],"collection":[{"href":"https:\/\/capitaliafamiliar.es\/informes\/wp-json\/wp\/v2\/posts"}],"about":[{"href":"https:\/\/capitaliafamiliar.es\/informes\/wp-json\/wp\/v2\/types\/post"}],"author":[{"embeddable":true,"href":"https:\/\/capitaliafamiliar.es\/informes\/wp-json\/wp\/v2\/users\/2"}],"replies":[{"embeddable":true,"href":"https:\/\/capitaliafamiliar.es\/informes\/wp-json\/wp\/v2\/comments?post=6353"}],"version-history":[{"count":3,"href":"https:\/\/capitaliafamiliar.es\/informes\/wp-json\/wp\/v2\/posts\/6353\/revisions"}],"predecessor-version":[{"id":6359,"href":"https:\/\/capitaliafamiliar.es\/informes\/wp-json\/wp\/v2\/posts\/6353\/revisions\/6359"}],"wp:featuredmedia":[{"embeddable":true,"href":"https:\/\/capitaliafamiliar.es\/informes\/wp-json\/wp\/v2\/media\/2525"}],"wp:attachment":[{"href":"https:\/\/capitaliafamiliar.es\/informes\/wp-json\/wp\/v2\/media?parent=6353"}],"wp:term":[{"taxonomy":"category","embeddable":true,"href":"https:\/\/capitaliafamiliar.es\/informes\/wp-json\/wp\/v2\/categories?post=6353"},{"taxonomy":"post_tag","embeddable":true,"href":"https:\/\/capitaliafamiliar.es\/informes\/wp-json\/wp\/v2\/tags?post=6353"}],"curies":[{"name":"wp","href":"https:\/\/api.w.org\/{rel}","templated":true}]}}