{"id":6409,"date":"2021-06-28T07:46:19","date_gmt":"2021-06-28T07:46:19","guid":{"rendered":"https:\/\/capitaliafamiliar.es\/informes\/?p=6409"},"modified":"2021-06-28T07:47:00","modified_gmt":"2021-06-28T07:47:00","slug":"analisis-del-fin-de-semana-26-y-27-de-junio-de-2021","status":"publish","type":"post","link":"https:\/\/capitaliafamiliar.es\/informes\/2021\/06\/28\/analisis-del-fin-de-semana-26-y-27-de-junio-de-2021\/","title":{"rendered":"An\u00e1lisis del fin de semana <br> 26 y 27 de junio de 2021"},"content":{"rendered":"<blockquote>\n<p style=\"text-align: justify;\"><span style=\"font-size: 16px;\"><strong>El mercado asume el nuevo discurso de la Fed, y parece estar prepar\u00e1ndose para un nuevo impulso alcista&#8230;<\/strong><\/span><\/p>\n<\/blockquote>\n<p style=\"text-align: justify;\"><span style=\"font-size: 16px;\">Conclusiones del an\u00e1lisis del fin de semana:<\/span><\/p>\n<ul style=\"text-align: justify;\">\n<li><span style=\"font-size: 16px;\"><strong>El mercado asume el nuevo discurso de la Fed, y parece estar prepar\u00e1ndose para un nuevo impulso alcista&#8230;<\/strong><\/span><\/li>\n<\/ul>\n<p style=\"text-align: justify;\"><span style=\"font-size: 16px;\"><strong><u>El mercado asume el discurso de la Fed y parece estar prepar\u00e1ndose para un nuevo impulso alcista.<\/u><\/strong><\/span><\/p>\n<p style=\"text-align: justify;\"><span style=\"font-size: 16px;\">Durante esta pasada semana, <strong>los mercados terminaron de digerir, ya sin demasiados problemas, el reciente cambio de discurso por parte de la Reserva Federal.<\/strong><\/span><\/p>\n<p style=\"text-align: justify;\"><span style=\"font-size: 16px;\"><strong>La din\u00e1mica en las bolsas occidentales vuelve a ser constructiva,<\/strong> con la bolsa europea en zona de resistencia de largo plazo, y la bolsa estadounidense tratando ya de confirmar la ruptura al alza, en nuevos m\u00e1ximos.<\/span><\/p>\n<p style=\"text-align: justify;\"><span style=\"font-size: 16px;\">El movimiento alcista de esta pasada semana tuvo un <strong>respaldo generalizado a nivel sectorial,<\/strong> lo cual le otorga mayor consistencia y solvencia, aunque, en este mismo sentido, <strong>habr\u00eda sido deseable que el giro alcista se hubiera visto respaldado por un volumen de contrataci\u00f3n creciente y m\u00e1s elevado<\/strong> que el registrado en estos \u00faltimos d\u00edas.<\/span><\/p>\n<p style=\"text-align: justify;\"><span style=\"font-size: 16px;\">Habr\u00e1 que ver, por tanto, si este nuevo impulso alcista es confirmado y tiene continuidad a lo largo de las pr\u00f3ximas jornadas. Por el momento, <strong>la din\u00e1mica de fondo es prometedora<\/strong> en este sentido.<\/span><\/p>\n<p style=\"text-align: justify;\"><span style=\"font-size: 16px;\"><strong>Atenci\u00f3n tambi\u00e9n a la posibilidad de nuevas rotaciones sectoriales,<\/strong> que est\u00e1 siendo la caracter\u00edstica recurrente del comportamiento de las bolsas a lo largo de este a\u00f1o: de hecho, las \u00faltimas se\u00f1ales apuntan a una nueva p\u00e9rdida de <em>momentum<\/em> por parte del sector de tecnolog\u00eda, en favor nuevamente de los sectores c\u00edclicos. Veremos si estas se\u00f1ales se confirman tambi\u00e9n en las pr\u00f3ximas sesiones.<\/span><\/p>\n<p>&nbsp;<\/p>\n<p>&nbsp;<\/p>\n<p style=\"text-align: center;\"><strong>Solicite informaci\u00f3n sobre nuestros servicios de asesoramiento financiero<\/strong><\/p>\n<p style=\"text-align: center;\">Si necesita ayuda para el cuidado de su patrimonio, no dude en ponerse en contacto con nosotros,<\/p>\n<p style=\"text-align: center;\">sin compromiso.<\/p>\n<p style=\"text-align: center;\">Tel\u00e9fono:\u00a0\u00a0 91 770\u00a0 22 84<\/p>\n<p style=\"text-align: center;\">Correo electr\u00f3nico:\u00a0\u00a0 capitaliafamiliar@capitaliafamiliar.es<\/p>\n","protected":false},"excerpt":{"rendered":"<p>El mercado asume el nuevo discurso de la Fed, y parece estar prepar&aacute;ndose para un nuevo impulso alcista&hellip; Conclusiones del an&aacute;lisis del fin de semana: El mercado asume el nuevo discurso de la Fed, y parece estar prepar&aacute;ndose para un nuevo impulso alcista&hellip; El mercado asume el discurso de la Fed y parece estar prepar&aacute;ndose [&hellip;]<\/p>\n","protected":false},"author":2,"featured_media":5676,"comment_status":"closed","ping_status":"closed","sticky":false,"template":"","format":"standard","meta":{"_et_pb_use_builder":"","_et_pb_old_content":"","_et_gb_content_width":"","jetpack_post_was_ever_published":false,"_jetpack_newsletter_access":"","_jetpack_dont_email_post_to_subs":false,"_jetpack_newsletter_tier_id":0,"_jetpack_memberships_contains_paywalled_content":false,"_jetpack_memberships_contains_paid_content":false,"footnotes":""},"categories":[1],"tags":[],"class_list":["post-6409","post","type-post","status-publish","format-standard","has-post-thumbnail","hentry","category-informediario"],"jetpack_featured_media_url":"https:\/\/capitaliafamiliar.es\/informes\/wp-content\/uploads\/2021\/02\/comentarioespecial.png","jetpack_shortlink":"https:\/\/wp.me\/pa2IGq-1Fn","jetpack-related-posts":[{"id":6319,"url":"https:\/\/capitaliafamiliar.es\/informes\/2021\/06\/14\/analisis-del-fin-de-semana-12-y-13-de-junio-de-2021\/","url_meta":{"origin":6409,"position":0},"title":"An\u00e1lisis del fin de semana  12 y 13 de junio de 2021","author":"Capitalia Familiar","date":"14 de junio de 2021","format":false,"excerpt":"Al mercado parece no importarle la inflaci\u00f3n, mientras la Fed aguante... Conclusiones del an\u00e1lisis del fin de semana: El mercado se sobrepuso al mal dato de inflaci\u00f3n. \u00a0 El mercado se sobrepuso al mal dato de inflaci\u00f3n. La tasa de inflaci\u00f3n estadounidense super\u00f3 en mayo las peores previsiones: la tasa\u2026","rel":"","context":"En \u00abInforme Diario\u00bb","block_context":{"text":"Informe Diario","link":"https:\/\/capitaliafamiliar.es\/informes\/category\/informediario\/"},"img":{"alt_text":"","src":"https:\/\/i0.wp.com\/capitaliafamiliar.es\/informes\/wp-content\/uploads\/2021\/02\/comentarioespecial.png?resize=350%2C200&ssl=1","width":350,"height":200,"srcset":"https:\/\/i0.wp.com\/capitaliafamiliar.es\/informes\/wp-content\/uploads\/2021\/02\/comentarioespecial.png?resize=350%2C200&ssl=1 1x, https:\/\/i0.wp.com\/capitaliafamiliar.es\/informes\/wp-content\/uploads\/2021\/02\/comentarioespecial.png?resize=525%2C300&ssl=1 1.5x, https:\/\/i0.wp.com\/capitaliafamiliar.es\/informes\/wp-content\/uploads\/2021\/02\/comentarioespecial.png?resize=700%2C400&ssl=1 2x"},"classes":[]},{"id":6849,"url":"https:\/\/capitaliafamiliar.es\/informes\/2021\/09\/13\/analisis-del-fin-de-semana-11-y-12-de-septiembre-de-2021\/","url_meta":{"origin":6409,"position":1},"title":"An\u00e1lisis del fin de semana  11 y 12 de septiembre de 2021","author":"Capitalia Familiar","date":"13 de septiembre de 2021","format":false,"excerpt":"Contexto general Tras un par\u00e9ntesis veraniego agitado, los mercados contin\u00faan mostrando un comportamiento inestable al comienzo del nuevo curso. Esta inestabilidad se est\u00e1 viendo alimentada por la incertidumbre que suscitan los planes de retirada progresiva de est\u00edmulos monetarios que est\u00e1n barajando los bancos centrales, en un torno macroecon\u00f3mico a d\u00eda\u2026","rel":"","context":"En \u00abInforme Diario\u00bb","block_context":{"text":"Informe Diario","link":"https:\/\/capitaliafamiliar.es\/informes\/category\/informediario\/"},"img":{"alt_text":"","src":"https:\/\/i0.wp.com\/capitaliafamiliar.es\/informes\/wp-content\/uploads\/2021\/02\/comentarioespecial.png?resize=350%2C200&ssl=1","width":350,"height":200,"srcset":"https:\/\/i0.wp.com\/capitaliafamiliar.es\/informes\/wp-content\/uploads\/2021\/02\/comentarioespecial.png?resize=350%2C200&ssl=1 1x, https:\/\/i0.wp.com\/capitaliafamiliar.es\/informes\/wp-content\/uploads\/2021\/02\/comentarioespecial.png?resize=525%2C300&ssl=1 1.5x, https:\/\/i0.wp.com\/capitaliafamiliar.es\/informes\/wp-content\/uploads\/2021\/02\/comentarioespecial.png?resize=700%2C400&ssl=1 2x"},"classes":[]},{"id":6932,"url":"https:\/\/capitaliafamiliar.es\/informes\/2021\/09\/27\/analisis-del-fin-de-semana-25-y-26-de-septiembre-de-2021\/","url_meta":{"origin":6409,"position":2},"title":"An\u00e1lisis del fin de semana  25 y 26 de septiembre de 2021","author":"Capitalia Familiar","date":"27 de septiembre de 2021","format":false,"excerpt":"Contexto general Tras un par\u00e9ntesis veraniego agitado, los mercados contin\u00faan mostrando un comportamiento inestable al comienzo del nuevo curso. Esta inestabilidad se est\u00e1 viendo alimentada por la incertidumbre que suscitan los planes de retirada progresiva de est\u00edmulos monetarios que est\u00e1n barajando los bancos centrales, en un torno macroecon\u00f3mico a d\u00eda\u2026","rel":"","context":"En \u00abInforme Diario\u00bb","block_context":{"text":"Informe Diario","link":"https:\/\/capitaliafamiliar.es\/informes\/category\/informediario\/"},"img":{"alt_text":"","src":"https:\/\/i0.wp.com\/capitaliafamiliar.es\/informes\/wp-content\/uploads\/2021\/02\/comentarioespecial.png?resize=350%2C200&ssl=1","width":350,"height":200,"srcset":"https:\/\/i0.wp.com\/capitaliafamiliar.es\/informes\/wp-content\/uploads\/2021\/02\/comentarioespecial.png?resize=350%2C200&ssl=1 1x, https:\/\/i0.wp.com\/capitaliafamiliar.es\/informes\/wp-content\/uploads\/2021\/02\/comentarioespecial.png?resize=525%2C300&ssl=1 1.5x, https:\/\/i0.wp.com\/capitaliafamiliar.es\/informes\/wp-content\/uploads\/2021\/02\/comentarioespecial.png?resize=700%2C400&ssl=1 2x"},"classes":[]},{"id":9317,"url":"https:\/\/capitaliafamiliar.es\/informes\/2023\/05\/03\/conseguira-la-fed-que-los-mercados-se-definan-tras-varias-semanas-de-consolidacion-hoy-a-las-2000-horas-la-respuesta\/","url_meta":{"origin":6409,"position":3},"title":"\u00bfConseguir\u00e1 la Fed que los mercados se definan tras varias semanas de consolidaci\u00f3n? Hoy a las 20:00 horas la respuesta&#8230;","author":"Capitalia Familiar","date":"3 de mayo de 2023","format":false,"excerpt":"Informe diario del mi\u00e9rcoles, 3 de mayo de 2023 \u00a0 Sinopsis Hoy en los mercados Calma tensa en los mercados a la espera de que esta tarde a las 20:00 horas en Espa\u00f1a se conozca la decisi\u00f3n de la Reserva Federal. An\u00e1lisis de situaci\u00f3n El mercado est\u00e1 prepar\u00e1ndose para un\u2026","rel":"","context":"En \u00abInforme Diario Privado\u00bb","block_context":{"text":"Informe Diario Privado","link":"https:\/\/capitaliafamiliar.es\/informes\/category\/informe-diario-privado\/"},"img":{"alt_text":"","src":"https:\/\/i0.wp.com\/capitaliafamiliar.es\/informes\/wp-content\/uploads\/2019\/08\/informediario2.png?resize=350%2C200&ssl=1","width":350,"height":200,"srcset":"https:\/\/i0.wp.com\/capitaliafamiliar.es\/informes\/wp-content\/uploads\/2019\/08\/informediario2.png?resize=350%2C200&ssl=1 1x, https:\/\/i0.wp.com\/capitaliafamiliar.es\/informes\/wp-content\/uploads\/2019\/08\/informediario2.png?resize=525%2C300&ssl=1 1.5x, https:\/\/i0.wp.com\/capitaliafamiliar.es\/informes\/wp-content\/uploads\/2019\/08\/informediario2.png?resize=700%2C400&ssl=1 2x"},"classes":[]},{"id":9321,"url":"https:\/\/capitaliafamiliar.es\/informes\/2023\/05\/03\/conseguira-la-fed-que-los-mercados-se-definan-tras-varias-semanas-de-consolidacion-hoy-a-las-2000-horas-la-respuesta-2\/","url_meta":{"origin":6409,"position":4},"title":"\u00bfConseguir\u00e1 la Fed que los mercados se definan tras varias semanas de consolidaci\u00f3n? Hoy a las 20:00 horas la respuesta&#8230;","author":"Capitalia Familiar","date":"3 de mayo de 2023","format":false,"excerpt":"Informe diario del mi\u00e9rcoles, 3 de mayo de 2023 \u00a0 Sinopsis Hoy en los mercados Calma tensa en los mercados a la espera de que esta tarde a las 20:00 horas en Espa\u00f1a se conozca la decisi\u00f3n de la Reserva Federal. An\u00e1lisis de situaci\u00f3n El mercado est\u00e1 prepar\u00e1ndose para un\u2026","rel":"","context":"En \u00abInforme Diario\u00bb","block_context":{"text":"Informe Diario","link":"https:\/\/capitaliafamiliar.es\/informes\/category\/informediario\/"},"img":{"alt_text":"","src":"https:\/\/i0.wp.com\/capitaliafamiliar.es\/informes\/wp-content\/uploads\/2019\/08\/informediario2.png?resize=350%2C200&ssl=1","width":350,"height":200,"srcset":"https:\/\/i0.wp.com\/capitaliafamiliar.es\/informes\/wp-content\/uploads\/2019\/08\/informediario2.png?resize=350%2C200&ssl=1 1x, https:\/\/i0.wp.com\/capitaliafamiliar.es\/informes\/wp-content\/uploads\/2019\/08\/informediario2.png?resize=525%2C300&ssl=1 1.5x, https:\/\/i0.wp.com\/capitaliafamiliar.es\/informes\/wp-content\/uploads\/2019\/08\/informediario2.png?resize=700%2C400&ssl=1 2x"},"classes":[]},{"id":6450,"url":"https:\/\/capitaliafamiliar.es\/informes\/2021\/07\/05\/analisis-del-fin-de-semana-3-y-4-de-julio-de-2021\/","url_meta":{"origin":6409,"position":5},"title":"An\u00e1lisis del fin de semana  3 y 4 de julio de 2021","author":"Capitalia Familiar","date":"5 de julio de 2021","format":false,"excerpt":"Estados Unidos va por libre, aparentemente, y de momento... Conclusiones del an\u00e1lisis del fin de semana: Estados Unidos va por libre, aparentemente, y de momento... Estados Unidos va por libre, aparentemente, y de momento\u2026 El mercado estadounidense es otro mundo. Con frecuencia lo es. Hoy en d\u00eda lo es. Al\u2026","rel":"","context":"En \u00abInforme Diario\u00bb","block_context":{"text":"Informe Diario","link":"https:\/\/capitaliafamiliar.es\/informes\/category\/informediario\/"},"img":{"alt_text":"","src":"https:\/\/i0.wp.com\/capitaliafamiliar.es\/informes\/wp-content\/uploads\/2021\/02\/comentarioespecial.png?resize=350%2C200&ssl=1","width":350,"height":200,"srcset":"https:\/\/i0.wp.com\/capitaliafamiliar.es\/informes\/wp-content\/uploads\/2021\/02\/comentarioespecial.png?resize=350%2C200&ssl=1 1x, https:\/\/i0.wp.com\/capitaliafamiliar.es\/informes\/wp-content\/uploads\/2021\/02\/comentarioespecial.png?resize=525%2C300&ssl=1 1.5x, https:\/\/i0.wp.com\/capitaliafamiliar.es\/informes\/wp-content\/uploads\/2021\/02\/comentarioespecial.png?resize=700%2C400&ssl=1 2x"},"classes":[]}],"jetpack_sharing_enabled":true,"_links":{"self":[{"href":"https:\/\/capitaliafamiliar.es\/informes\/wp-json\/wp\/v2\/posts\/6409","targetHints":{"allow":["GET"]}}],"collection":[{"href":"https:\/\/capitaliafamiliar.es\/informes\/wp-json\/wp\/v2\/posts"}],"about":[{"href":"https:\/\/capitaliafamiliar.es\/informes\/wp-json\/wp\/v2\/types\/post"}],"author":[{"embeddable":true,"href":"https:\/\/capitaliafamiliar.es\/informes\/wp-json\/wp\/v2\/users\/2"}],"replies":[{"embeddable":true,"href":"https:\/\/capitaliafamiliar.es\/informes\/wp-json\/wp\/v2\/comments?post=6409"}],"version-history":[{"count":2,"href":"https:\/\/capitaliafamiliar.es\/informes\/wp-json\/wp\/v2\/posts\/6409\/revisions"}],"predecessor-version":[{"id":6411,"href":"https:\/\/capitaliafamiliar.es\/informes\/wp-json\/wp\/v2\/posts\/6409\/revisions\/6411"}],"wp:featuredmedia":[{"embeddable":true,"href":"https:\/\/capitaliafamiliar.es\/informes\/wp-json\/wp\/v2\/media\/5676"}],"wp:attachment":[{"href":"https:\/\/capitaliafamiliar.es\/informes\/wp-json\/wp\/v2\/media?parent=6409"}],"wp:term":[{"taxonomy":"category","embeddable":true,"href":"https:\/\/capitaliafamiliar.es\/informes\/wp-json\/wp\/v2\/categories?post=6409"},{"taxonomy":"post_tag","embeddable":true,"href":"https:\/\/capitaliafamiliar.es\/informes\/wp-json\/wp\/v2\/tags?post=6409"}],"curies":[{"name":"wp","href":"https:\/\/api.w.org\/{rel}","templated":true}]}}