{"id":6419,"date":"2021-06-29T16:09:33","date_gmt":"2021-06-29T16:09:33","guid":{"rendered":"https:\/\/capitaliafamiliar.es\/informes\/?p=6419"},"modified":"2021-06-29T16:10:01","modified_gmt":"2021-06-29T16:10:01","slug":"informe-diario-martes-29-de-junio-de-2021","status":"publish","type":"post","link":"https:\/\/capitaliafamiliar.es\/informes\/2021\/06\/29\/informe-diario-martes-29-de-junio-de-2021\/","title":{"rendered":"Informe Diario <br> Martes, 29 de junio de 2021"},"content":{"rendered":"<blockquote>\n<p style=\"text-align: justify;\"><span style=\"font-size: 16px;\"><strong><b>A vueltas con la inflaci\u00f3n: \u00bfes la confianza de la Fed excesiva?.<\/b>..<\/strong><\/span><\/p>\n<\/blockquote>\n<p style=\"text-align: justify;\"><span style=\"font-size: 16px;\"><strong>A vueltas con la inflaci\u00f3n: \u00bfes la confianza de la Fed excesiva?<\/strong> El mercado se mantiene tranquilo y confiado en que las previsiones de la Reserva Federal en torno a la inflaci\u00f3n se cumplan y la subida de los precios vaya corrigiendo a la baja en la recta final del a\u00f1o. Sin embargo, es evidente que el alza registrada en estos primeros meses de 2021 fue subestimada por la autoridad monetaria, y dada la anormalidad econ\u00f3mica post pandemia que estamos viviendo, el temor de una parte del mercado es que la Fed vuelva a infravalorar este riesgo y se vea obligada posteriormente a actuar con mayor contundencia de lo que desea. Es importante se\u00f1alar que este riesgo es por ahora bajo y, en cualquier caso, muy dif\u00edcil de medir ante la escasa visibilidad a largo plazo (lo que hace muy dif\u00edcil hacer previsiones certeras), pero no puede ser descartado. Por tanto, deberemos esperar a los datos que se vayan publicando en los pr\u00f3ximos meses para tener una idea m\u00e1s clara de la evoluci\u00f3n de los precios en Estados Unidos. En Europa, la situaci\u00f3n es bien distinta, como evidencian los datos de IPC relativos al mes de junio conocidos hoy en Alemania y Espa\u00f1a, ya que en ambos casos el crecimiento de los precios se moder\u00f3. En el pa\u00eds germano, la subida fue del +2.3% interanual (frente al +2.5% anterior) y en nuestro pa\u00eds del +2.6% interanual (una d\u00e9cima menos que en mayo), lo que parece adelantar que el IPC de la Eurozona que conoceremos este mi\u00e9rcoles ir\u00e1 en la misma l\u00ednea. Mucha menos presi\u00f3n por tanto para el BCE. <strong>En lo que respecta a los mercados, sesi\u00f3n intrascendente desde el punto de vista t\u00e9cnico, y por dentro vuelve a estar todo muy parado a la espera de que se resuelva el ataque a resistencias<\/strong><strong>.<\/strong><\/span><\/p>\n<p style=\"text-align: justify;\"><span style=\"font-size: 16px;\"><strong>Tambi\u00e9n en el terreno macroecon\u00f3mico,<\/strong> la confianza del consumidor estadounidense que elabora la Conference Board volvi\u00f3 a niveles pre pandemia al subir en junio hasta los 127.3 puntos desde los 120.0 de mayo (dato revisado al alza desde los 117.2 iniciales). Los precios de la vivienda tambi\u00e9n subieron en abril m\u00e1s de lo esperado al crecer un +14.9% interanual, acelerando desde el +13.4% de marzo. Fuera de Estados Unidos, las ventas minoristas de Jap\u00f3n crecieron en mayo un +8.2% interanual, por encima del +7.9% esperado aunque desaceler\u00e1ndose desde el +11.9% de abril.<\/span><\/p>\n<p>&nbsp;<\/p>\n<p><img loading=\"lazy\" decoding=\"async\" data-attachment-id=\"6421\" data-permalink=\"https:\/\/capitaliafamiliar.es\/informes\/2021\/06\/29\/informe-diario-martes-29-de-junio-de-2021\/rv-764\/\" data-orig-file=\"https:\/\/capitaliafamiliar.es\/informes\/wp-content\/uploads\/2021\/06\/RV-21.jpg\" data-orig-size=\"336,413\" data-comments-opened=\"0\" data-image-meta=\"{&quot;aperture&quot;:&quot;0&quot;,&quot;credit&quot;:&quot;&quot;,&quot;camera&quot;:&quot;&quot;,&quot;caption&quot;:&quot;&quot;,&quot;created_timestamp&quot;:&quot;0&quot;,&quot;copyright&quot;:&quot;&quot;,&quot;focal_length&quot;:&quot;0&quot;,&quot;iso&quot;:&quot;0&quot;,&quot;shutter_speed&quot;:&quot;0&quot;,&quot;title&quot;:&quot;&quot;,&quot;orientation&quot;:&quot;0&quot;}\" data-image-title=\"RV\" data-image-description=\"\" data-image-caption=\"\" data-large-file=\"https:\/\/capitaliafamiliar.es\/informes\/wp-content\/uploads\/2021\/06\/RV-21.jpg\" class=\"alignnone size-full wp-image-6421\" src=\"https:\/\/capitaliafamiliar.es\/informes\/wp-content\/uploads\/2021\/06\/RV-21.jpg\" alt=\"\" width=\"336\" height=\"413\" srcset=\"https:\/\/capitaliafamiliar.es\/informes\/wp-content\/uploads\/2021\/06\/RV-21.jpg 336w, https:\/\/capitaliafamiliar.es\/informes\/wp-content\/uploads\/2021\/06\/RV-21-244x300.jpg 244w\" sizes=\"(max-width: 336px) 100vw, 336px\" \/><img loading=\"lazy\" decoding=\"async\" data-attachment-id=\"6422\" data-permalink=\"https:\/\/capitaliafamiliar.es\/informes\/2021\/06\/29\/informe-diario-martes-29-de-junio-de-2021\/rf-756\/\" data-orig-file=\"https:\/\/capitaliafamiliar.es\/informes\/wp-content\/uploads\/2021\/06\/RF-21.jpg\" data-orig-size=\"299,353\" data-comments-opened=\"0\" data-image-meta=\"{&quot;aperture&quot;:&quot;0&quot;,&quot;credit&quot;:&quot;&quot;,&quot;camera&quot;:&quot;&quot;,&quot;caption&quot;:&quot;&quot;,&quot;created_timestamp&quot;:&quot;0&quot;,&quot;copyright&quot;:&quot;&quot;,&quot;focal_length&quot;:&quot;0&quot;,&quot;iso&quot;:&quot;0&quot;,&quot;shutter_speed&quot;:&quot;0&quot;,&quot;title&quot;:&quot;&quot;,&quot;orientation&quot;:&quot;0&quot;}\" data-image-title=\"RF\" data-image-description=\"\" data-image-caption=\"\" data-large-file=\"https:\/\/capitaliafamiliar.es\/informes\/wp-content\/uploads\/2021\/06\/RF-21.jpg\" class=\"alignnone size-full wp-image-6422\" src=\"https:\/\/capitaliafamiliar.es\/informes\/wp-content\/uploads\/2021\/06\/RF-21.jpg\" alt=\"\" width=\"299\" height=\"353\" srcset=\"https:\/\/capitaliafamiliar.es\/informes\/wp-content\/uploads\/2021\/06\/RF-21.jpg 299w, https:\/\/capitaliafamiliar.es\/informes\/wp-content\/uploads\/2021\/06\/RF-21-254x300.jpg 254w\" sizes=\"(max-width: 299px) 100vw, 299px\" \/><\/p>\n<p>&nbsp;<\/p>\n<p><strong>| Agenda para ma\u00f1ana |<\/strong><\/p>\n<p><img loading=\"lazy\" decoding=\"async\" data-attachment-id=\"6420\" data-permalink=\"https:\/\/capitaliafamiliar.es\/informes\/2021\/06\/29\/informe-diario-martes-29-de-junio-de-2021\/ag-492\/\" data-orig-file=\"https:\/\/capitaliafamiliar.es\/informes\/wp-content\/uploads\/2021\/06\/AG-19.jpg\" data-orig-size=\"676,157\" data-comments-opened=\"0\" data-image-meta=\"{&quot;aperture&quot;:&quot;0&quot;,&quot;credit&quot;:&quot;&quot;,&quot;camera&quot;:&quot;&quot;,&quot;caption&quot;:&quot;&quot;,&quot;created_timestamp&quot;:&quot;0&quot;,&quot;copyright&quot;:&quot;&quot;,&quot;focal_length&quot;:&quot;0&quot;,&quot;iso&quot;:&quot;0&quot;,&quot;shutter_speed&quot;:&quot;0&quot;,&quot;title&quot;:&quot;&quot;,&quot;orientation&quot;:&quot;0&quot;}\" data-image-title=\"AG\" data-image-description=\"\" data-image-caption=\"\" data-large-file=\"https:\/\/capitaliafamiliar.es\/informes\/wp-content\/uploads\/2021\/06\/AG-19.jpg\" class=\"alignnone size-full wp-image-6420\" src=\"https:\/\/capitaliafamiliar.es\/informes\/wp-content\/uploads\/2021\/06\/AG-19.jpg\" alt=\"\" width=\"676\" height=\"157\" srcset=\"https:\/\/capitaliafamiliar.es\/informes\/wp-content\/uploads\/2021\/06\/AG-19.jpg 676w, https:\/\/capitaliafamiliar.es\/informes\/wp-content\/uploads\/2021\/06\/AG-19-300x70.jpg 300w\" sizes=\"(max-width: 676px) 100vw, 676px\" \/><\/p>\n<p>&nbsp;<\/p>\n<p>&nbsp;<\/p>\n<p style=\"text-align: center;\"><strong>Solicite informaci\u00f3n sobre nuestros servicios de asesoramiento financiero<\/strong><\/p>\n<p style=\"text-align: center;\">Si necesita ayuda para el cuidado de su patrimonio, no dude en ponerse en contacto con nosotros,<\/p>\n<p style=\"text-align: center;\">sin compromiso.<\/p>\n<p style=\"text-align: center;\">Tel\u00e9fono:\u00a0\u00a0 91 770\u00a0 22 84<\/p>\n<p style=\"text-align: center;\">Correo electr\u00f3nico:\u00a0\u00a0 capitaliafamiliar@capitaliafamiliar.es<\/p>\n","protected":false},"excerpt":{"rendered":"<p>A vueltas con la inflaci&oacute;n: &iquest;es la confianza de la Fed excesiva?&#8230; A vueltas con la inflaci&oacute;n: &iquest;es la confianza de la Fed excesiva? El mercado se mantiene tranquilo y confiado en que las previsiones de la Reserva Federal en torno a la inflaci&oacute;n se cumplan y la subida de los precios vaya corrigiendo a [&hellip;]<\/p>\n","protected":false},"author":2,"featured_media":2525,"comment_status":"closed","ping_status":"closed","sticky":false,"template":"","format":"standard","meta":{"_et_pb_use_builder":"","_et_pb_old_content":"","_et_gb_content_width":"","jetpack_post_was_ever_published":false,"_jetpack_newsletter_access":"","_jetpack_dont_email_post_to_subs":false,"_jetpack_newsletter_tier_id":0,"_jetpack_memberships_contains_paywalled_content":false,"_jetpack_memberships_contains_paid_content":false,"footnotes":""},"categories":[1],"tags":[],"class_list":["post-6419","post","type-post","status-publish","format-standard","has-post-thumbnail","hentry","category-informediario"],"jetpack_featured_media_url":"https:\/\/capitaliafamiliar.es\/informes\/wp-content\/uploads\/2019\/08\/informediario2.png","jetpack_shortlink":"https:\/\/wp.me\/pa2IGq-1Fx","jetpack-related-posts":[{"id":6312,"url":"https:\/\/capitaliafamiliar.es\/informes\/2021\/06\/11\/informe-diario-viernes-11-de-junio-de-2021\/","url_meta":{"origin":6419,"position":0},"title":"Informe Diario  Viernes, 11 de junio de 2021","author":"Capitalia Familiar","date":"11 de junio de 2021","format":false,"excerpt":"Los mercados no acusan la subida de la inflaci\u00f3n en Estados Unidos y buscan nuevos m\u00e1ximos... Los mercados no acusan la subida de la inflaci\u00f3n en Estados Unidos y buscan nuevos m\u00e1ximos. Pese a que tanto el IPC general como el subyacente registraron subidas importantes en Estados Unidos, el mercado\u2026","rel":"","context":"En \u00abInforme Diario\u00bb","block_context":{"text":"Informe Diario","link":"https:\/\/capitaliafamiliar.es\/informes\/category\/informediario\/"},"img":{"alt_text":"","src":"https:\/\/i0.wp.com\/capitaliafamiliar.es\/informes\/wp-content\/uploads\/2019\/08\/informediario2.png?resize=350%2C200&ssl=1","width":350,"height":200,"srcset":"https:\/\/i0.wp.com\/capitaliafamiliar.es\/informes\/wp-content\/uploads\/2019\/08\/informediario2.png?resize=350%2C200&ssl=1 1x, https:\/\/i0.wp.com\/capitaliafamiliar.es\/informes\/wp-content\/uploads\/2019\/08\/informediario2.png?resize=525%2C300&ssl=1 1.5x, https:\/\/i0.wp.com\/capitaliafamiliar.es\/informes\/wp-content\/uploads\/2019\/08\/informediario2.png?resize=700%2C400&ssl=1 2x"},"classes":[]},{"id":5825,"url":"https:\/\/capitaliafamiliar.es\/informes\/2021\/03\/15\/informe-diario-lunes-15-de-marzo-de-2021\/","url_meta":{"origin":6419,"position":1},"title":"Informe Diario  Lunes, 15 de marzo de 2021","author":"Capitalia Familiar","date":"15 de marzo de 2021","format":false,"excerpt":"La reuni\u00f3n de la Reserva Federal marcar\u00e1 el devenir a corto plazo de los mercados... La reuni\u00f3n de la Reserva Federal marcar\u00e1 el devenir a corto plazo de los mercados. La tensi\u00f3n en los mercados de deuda contin\u00faa siendo la principal incertidumbre que est\u00e1 frenando a las bolsas en su\u2026","rel":"","context":"En \u00abInforme Diario\u00bb","block_context":{"text":"Informe Diario","link":"https:\/\/capitaliafamiliar.es\/informes\/category\/informediario\/"},"img":{"alt_text":"","src":"https:\/\/i0.wp.com\/capitaliafamiliar.es\/informes\/wp-content\/uploads\/2019\/08\/informediario2.png?resize=350%2C200&ssl=1","width":350,"height":200,"srcset":"https:\/\/i0.wp.com\/capitaliafamiliar.es\/informes\/wp-content\/uploads\/2019\/08\/informediario2.png?resize=350%2C200&ssl=1 1x, https:\/\/i0.wp.com\/capitaliafamiliar.es\/informes\/wp-content\/uploads\/2019\/08\/informediario2.png?resize=525%2C300&ssl=1 1.5x, https:\/\/i0.wp.com\/capitaliafamiliar.es\/informes\/wp-content\/uploads\/2019\/08\/informediario2.png?resize=700%2C400&ssl=1 2x"},"classes":[]},{"id":6666,"url":"https:\/\/capitaliafamiliar.es\/informes\/2021\/08\/11\/informe-diario-miercoles-11-de-agosto-de-2021\/","url_meta":{"origin":6419,"position":2},"title":"Informe Diario  Mi\u00e9rcoles, 11 de agosto de 2021","author":"Capitalia Familiar","date":"11 de agosto de 2021","format":false,"excerpt":"La inflaci\u00f3n estadounidense da un respiro a la Reserva Federal... La inflaci\u00f3n estadounidense da un respiro a la Reserva Federal. El IPC general se mantuvo en Estados Unidos en el mes de junio en el +5.4% interanual, en tanto que el IPC subyacente se desaceler\u00f3 desde el +4.5% hasta el\u2026","rel":"","context":"En \u00abInforme Diario\u00bb","block_context":{"text":"Informe Diario","link":"https:\/\/capitaliafamiliar.es\/informes\/category\/informediario\/"},"img":{"alt_text":"","src":"https:\/\/i0.wp.com\/capitaliafamiliar.es\/informes\/wp-content\/uploads\/2019\/08\/informediario2.png?resize=350%2C200&ssl=1","width":350,"height":200,"srcset":"https:\/\/i0.wp.com\/capitaliafamiliar.es\/informes\/wp-content\/uploads\/2019\/08\/informediario2.png?resize=350%2C200&ssl=1 1x, https:\/\/i0.wp.com\/capitaliafamiliar.es\/informes\/wp-content\/uploads\/2019\/08\/informediario2.png?resize=525%2C300&ssl=1 1.5x, https:\/\/i0.wp.com\/capitaliafamiliar.es\/informes\/wp-content\/uploads\/2019\/08\/informediario2.png?resize=700%2C400&ssl=1 2x"},"classes":[]},{"id":5850,"url":"https:\/\/capitaliafamiliar.es\/informes\/2021\/03\/17\/informe-diario-miercoles-17-de-marzo-de-2021\/","url_meta":{"origin":6419,"position":3},"title":"Informe Diario  Mi\u00e9rcoles, 17 de marzo de 2021","author":"Capitalia Familiar","date":"17 de marzo de 2021","format":false,"excerpt":"La comunicaci\u00f3n es la clave para que la Reserva Federal convenza a los mercados... La comunicaci\u00f3n es la clave para que la Reserva Federal convenza a los mercados. La Fed finaliza hoy su reuni\u00f3n de dos d\u00edas en materia de pol\u00edtica monetaria con la dif\u00edcil misi\u00f3n de ajustarse a las\u2026","rel":"","context":"En \u00abInforme Diario\u00bb","block_context":{"text":"Informe Diario","link":"https:\/\/capitaliafamiliar.es\/informes\/category\/informediario\/"},"img":{"alt_text":"","src":"https:\/\/i0.wp.com\/capitaliafamiliar.es\/informes\/wp-content\/uploads\/2019\/08\/informediario2.png?resize=350%2C200&ssl=1","width":350,"height":200,"srcset":"https:\/\/i0.wp.com\/capitaliafamiliar.es\/informes\/wp-content\/uploads\/2019\/08\/informediario2.png?resize=350%2C200&ssl=1 1x, https:\/\/i0.wp.com\/capitaliafamiliar.es\/informes\/wp-content\/uploads\/2019\/08\/informediario2.png?resize=525%2C300&ssl=1 1.5x, https:\/\/i0.wp.com\/capitaliafamiliar.es\/informes\/wp-content\/uploads\/2019\/08\/informediario2.png?resize=700%2C400&ssl=1 2x"},"classes":[]},{"id":6134,"url":"https:\/\/capitaliafamiliar.es\/informes\/2021\/05\/12\/informe-diario-miercoles-12-de-mayo-de-2021\/","url_meta":{"origin":6419,"position":4},"title":"Informe Diario  Mi\u00e9rcoles, 12 de mayo de 2021","author":"Capitalia Familiar","date":"12 de mayo de 2021","format":false,"excerpt":"La inflaci\u00f3n ha vuelto y pone en jaque a la Reserva Federal... La inflaci\u00f3n ha vuelto y pone en jaque a la Reserva Federal. Tras casi tres lustros sin que el mercado mostrara inter\u00e9s alguno en los datos de inflaci\u00f3n, esta ha regresado, y lo ha hecho con fuerza en\u2026","rel":"","context":"En \u00abInforme Diario\u00bb","block_context":{"text":"Informe Diario","link":"https:\/\/capitaliafamiliar.es\/informes\/category\/informediario\/"},"img":{"alt_text":"","src":"https:\/\/i0.wp.com\/capitaliafamiliar.es\/informes\/wp-content\/uploads\/2019\/08\/informediario2.png?resize=350%2C200&ssl=1","width":350,"height":200,"srcset":"https:\/\/i0.wp.com\/capitaliafamiliar.es\/informes\/wp-content\/uploads\/2019\/08\/informediario2.png?resize=350%2C200&ssl=1 1x, https:\/\/i0.wp.com\/capitaliafamiliar.es\/informes\/wp-content\/uploads\/2019\/08\/informediario2.png?resize=525%2C300&ssl=1 1.5x, https:\/\/i0.wp.com\/capitaliafamiliar.es\/informes\/wp-content\/uploads\/2019\/08\/informediario2.png?resize=700%2C400&ssl=1 2x"},"classes":[]},{"id":10062,"url":"https:\/\/capitaliafamiliar.es\/informes\/2023\/09\/13\/la-inflacion-estadounidense-no-sirvio-para-definir-al-mercado-y-persiste-el-riesgo-de-que-las-bolsas-pierdan-la-tendencia-alcista-de-medio-y-largo-plazo-2\/","url_meta":{"origin":6419,"position":5},"title":"La inflaci\u00f3n estadounidense no sirvi\u00f3 para definir al mercado y persiste el riesgo de que las bolsas pierdan la tendencia alcista de medio y largo plazo","author":"Capitalia Familiar","date":"13 de septiembre de 2023","format":false,"excerpt":"Informe diario del mi\u00e9rcoles, 13 de septiembre de 2023 \u00a0 Sinopsis Hoy en los mercados El dato de inflaci\u00f3n estadounidense no desatasc\u00f3 por ahora la lateralidad de los \u00faltimos meses en el mercado. An\u00e1lisis de situaci\u00f3n El flujo de datos macroecon\u00f3micos contin\u00faa se\u00f1alando un escenario de inflaci\u00f3n persistente y tipos\u2026","rel":"","context":"En \u00abInforme Diario\u00bb","block_context":{"text":"Informe Diario","link":"https:\/\/capitaliafamiliar.es\/informes\/category\/informediario\/"},"img":{"alt_text":"","src":"https:\/\/i0.wp.com\/capitaliafamiliar.es\/informes\/wp-content\/uploads\/2019\/08\/informediario2.png?resize=350%2C200&ssl=1","width":350,"height":200,"srcset":"https:\/\/i0.wp.com\/capitaliafamiliar.es\/informes\/wp-content\/uploads\/2019\/08\/informediario2.png?resize=350%2C200&ssl=1 1x, https:\/\/i0.wp.com\/capitaliafamiliar.es\/informes\/wp-content\/uploads\/2019\/08\/informediario2.png?resize=525%2C300&ssl=1 1.5x, https:\/\/i0.wp.com\/capitaliafamiliar.es\/informes\/wp-content\/uploads\/2019\/08\/informediario2.png?resize=700%2C400&ssl=1 2x"},"classes":[]}],"jetpack_sharing_enabled":true,"_links":{"self":[{"href":"https:\/\/capitaliafamiliar.es\/informes\/wp-json\/wp\/v2\/posts\/6419","targetHints":{"allow":["GET"]}}],"collection":[{"href":"https:\/\/capitaliafamiliar.es\/informes\/wp-json\/wp\/v2\/posts"}],"about":[{"href":"https:\/\/capitaliafamiliar.es\/informes\/wp-json\/wp\/v2\/types\/post"}],"author":[{"embeddable":true,"href":"https:\/\/capitaliafamiliar.es\/informes\/wp-json\/wp\/v2\/users\/2"}],"replies":[{"embeddable":true,"href":"https:\/\/capitaliafamiliar.es\/informes\/wp-json\/wp\/v2\/comments?post=6419"}],"version-history":[{"count":2,"href":"https:\/\/capitaliafamiliar.es\/informes\/wp-json\/wp\/v2\/posts\/6419\/revisions"}],"predecessor-version":[{"id":6424,"href":"https:\/\/capitaliafamiliar.es\/informes\/wp-json\/wp\/v2\/posts\/6419\/revisions\/6424"}],"wp:featuredmedia":[{"embeddable":true,"href":"https:\/\/capitaliafamiliar.es\/informes\/wp-json\/wp\/v2\/media\/2525"}],"wp:attachment":[{"href":"https:\/\/capitaliafamiliar.es\/informes\/wp-json\/wp\/v2\/media?parent=6419"}],"wp:term":[{"taxonomy":"category","embeddable":true,"href":"https:\/\/capitaliafamiliar.es\/informes\/wp-json\/wp\/v2\/categories?post=6419"},{"taxonomy":"post_tag","embeddable":true,"href":"https:\/\/capitaliafamiliar.es\/informes\/wp-json\/wp\/v2\/tags?post=6419"}],"curies":[{"name":"wp","href":"https:\/\/api.w.org\/{rel}","templated":true}]}}