{"id":6461,"date":"2021-07-06T16:37:49","date_gmt":"2021-07-06T16:37:49","guid":{"rendered":"https:\/\/capitaliafamiliar.es\/informes\/?p=6461"},"modified":"2021-07-06T16:37:49","modified_gmt":"2021-07-06T16:37:49","slug":"informe-diario-martes-6-de-julio-de-2021","status":"publish","type":"post","link":"https:\/\/capitaliafamiliar.es\/informes\/2021\/07\/06\/informe-diario-martes-6-de-julio-de-2021\/","title":{"rendered":"Informe Diario <br> Martes, 6 de julio de 2021"},"content":{"rendered":"<blockquote>\n<p style=\"text-align: justify;\"><span style=\"font-size: 16px;\"><strong><b>La situaci\u00f3n t\u00e9cnica de los mercados se complica y abre la puerta a un movimiento consolidativo.<\/b>..<\/strong><\/span><\/p>\n<\/blockquote>\n<p style=\"text-align: justify;\"><span style=\"font-size: 16px;\"><strong>La situaci\u00f3n t\u00e9cnica de los mercados se complica y abre la puerta a un movimiento consolidativo.<\/strong> P\u00e9rdidas generalizadas en los principales \u00edndices burs\u00e1tiles, con la excepci\u00f3n del Nasdaq, que aguanta apoyado por las grandes tecnol\u00f3gicas. Si persistiera la debilidad, en el caso del estadounidense S&amp;P500 podr\u00eda producirse un <em>pullback<\/em> consolidativo tras marcar nuevos m\u00e1ximos la pasada semana. Pero la situaci\u00f3n es m\u00e1s complicada en Europa, toda vez que hoy el EuroStoxx50 cerr\u00f3 por debajo de su media m\u00f3vil de 50 sesiones (que se ha mostrado como un soporte muy fiable en los \u00faltimos meses), y si no la recupera r\u00e1pidamente podr\u00eda suponer el inicio de una fase correctiva de corto plazo en la renta variable europea. Las tensiones en el seno de la OPEC+ provocaron que se pospusiera de manera indefinida el acuerdo para elevar la producci\u00f3n de crudo, lo que ha provocado mucha volatilidad en los precios del barril y descensos en las compa\u00f1\u00edas del sector de la energ\u00eda. Tambi\u00e9n registraron p\u00e9rdidas relevantes la banca y las c\u00edclicas (abanderadas de la recuperaci\u00f3n desde la aprobaci\u00f3n de las vacunas), como consecuencia de la incertidumbre en torno a la variante Delta del Covid-19, que se expande en occidente y que, seg\u00fan estudios de Israel, reduce de manera significativa la efectividad de la vacuna de Pfizer. <strong>Mucha atenci\u00f3n a la evoluci\u00f3n de los \u00edndices en los pr\u00f3ximos d\u00edas, especialmente en Europa, donde la tendencia alcista de corto plazo est\u00e1 amenazada.<\/strong><\/span><\/p>\n<p style=\"text-align: justify;\"><span style=\"font-size: 16px;\"><strong>En el terreno macroecon\u00f3mico,<\/strong> el \u00edndice ISM de actividad del sector servicios en Estados Unidos baj\u00f3 m\u00e1s de lo previsto en junio hasta situarse en 60.1 puntos, frente a los 63.5 puntos esperados y a los 64.0 enteros de mayo. En Alemania, el \u00edndice ZEW de confianza econ\u00f3mica cay\u00f3 en julio desde 79.8 hasta 63.3 puntos, peor incluso que los 75.2 puntos que se preve\u00edan. Por otro lado, en la Eurozona las ventas minoristas se elevaron en el mes de mayo un +9.0% interanual, por encima del +8.2% esperado, tras haberse elevado un +23.9% interanual en abril.<\/span><\/p>\n<p>&nbsp;<\/p>\n<p><img loading=\"lazy\" decoding=\"async\" data-attachment-id=\"6464\" data-permalink=\"https:\/\/capitaliafamiliar.es\/informes\/2021\/07\/06\/informe-diario-martes-6-de-julio-de-2021\/rv-769\/\" data-orig-file=\"https:\/\/capitaliafamiliar.es\/informes\/wp-content\/uploads\/2021\/07\/RV-3.jpg\" data-orig-size=\"336,413\" data-comments-opened=\"0\" data-image-meta=\"{&quot;aperture&quot;:&quot;0&quot;,&quot;credit&quot;:&quot;&quot;,&quot;camera&quot;:&quot;&quot;,&quot;caption&quot;:&quot;&quot;,&quot;created_timestamp&quot;:&quot;0&quot;,&quot;copyright&quot;:&quot;&quot;,&quot;focal_length&quot;:&quot;0&quot;,&quot;iso&quot;:&quot;0&quot;,&quot;shutter_speed&quot;:&quot;0&quot;,&quot;title&quot;:&quot;&quot;,&quot;orientation&quot;:&quot;0&quot;}\" data-image-title=\"RV\" data-image-description=\"\" data-image-caption=\"\" data-large-file=\"https:\/\/capitaliafamiliar.es\/informes\/wp-content\/uploads\/2021\/07\/RV-3.jpg\" class=\"alignnone size-full wp-image-6464\" src=\"https:\/\/capitaliafamiliar.es\/informes\/wp-content\/uploads\/2021\/07\/RV-3.jpg\" alt=\"\" width=\"336\" height=\"413\" srcset=\"https:\/\/capitaliafamiliar.es\/informes\/wp-content\/uploads\/2021\/07\/RV-3.jpg 336w, https:\/\/capitaliafamiliar.es\/informes\/wp-content\/uploads\/2021\/07\/RV-3-244x300.jpg 244w\" sizes=\"(max-width: 336px) 100vw, 336px\" \/><img loading=\"lazy\" decoding=\"async\" data-attachment-id=\"6465\" data-permalink=\"https:\/\/capitaliafamiliar.es\/informes\/2021\/07\/06\/informe-diario-martes-6-de-julio-de-2021\/rf-761\/\" data-orig-file=\"https:\/\/capitaliafamiliar.es\/informes\/wp-content\/uploads\/2021\/07\/RF-3.jpg\" data-orig-size=\"299,353\" data-comments-opened=\"0\" data-image-meta=\"{&quot;aperture&quot;:&quot;0&quot;,&quot;credit&quot;:&quot;&quot;,&quot;camera&quot;:&quot;&quot;,&quot;caption&quot;:&quot;&quot;,&quot;created_timestamp&quot;:&quot;0&quot;,&quot;copyright&quot;:&quot;&quot;,&quot;focal_length&quot;:&quot;0&quot;,&quot;iso&quot;:&quot;0&quot;,&quot;shutter_speed&quot;:&quot;0&quot;,&quot;title&quot;:&quot;&quot;,&quot;orientation&quot;:&quot;0&quot;}\" data-image-title=\"RF\" data-image-description=\"\" data-image-caption=\"\" data-large-file=\"https:\/\/capitaliafamiliar.es\/informes\/wp-content\/uploads\/2021\/07\/RF-3.jpg\" class=\"alignnone size-full wp-image-6465\" src=\"https:\/\/capitaliafamiliar.es\/informes\/wp-content\/uploads\/2021\/07\/RF-3.jpg\" alt=\"\" width=\"299\" height=\"353\" srcset=\"https:\/\/capitaliafamiliar.es\/informes\/wp-content\/uploads\/2021\/07\/RF-3.jpg 299w, https:\/\/capitaliafamiliar.es\/informes\/wp-content\/uploads\/2021\/07\/RF-3-254x300.jpg 254w\" sizes=\"(max-width: 299px) 100vw, 299px\" \/><\/p>\n<p>&nbsp;<\/p>\n<p><strong>| Agenda para ma\u00f1ana |<\/strong><\/p>\n<p><img loading=\"lazy\" decoding=\"async\" data-attachment-id=\"6462\" data-permalink=\"https:\/\/capitaliafamiliar.es\/informes\/2021\/07\/06\/informe-diario-martes-6-de-julio-de-2021\/ag-497\/\" data-orig-file=\"https:\/\/capitaliafamiliar.es\/informes\/wp-content\/uploads\/2021\/07\/AG-3.jpg\" data-orig-size=\"676,105\" data-comments-opened=\"0\" data-image-meta=\"{&quot;aperture&quot;:&quot;0&quot;,&quot;credit&quot;:&quot;&quot;,&quot;camera&quot;:&quot;&quot;,&quot;caption&quot;:&quot;&quot;,&quot;created_timestamp&quot;:&quot;0&quot;,&quot;copyright&quot;:&quot;&quot;,&quot;focal_length&quot;:&quot;0&quot;,&quot;iso&quot;:&quot;0&quot;,&quot;shutter_speed&quot;:&quot;0&quot;,&quot;title&quot;:&quot;&quot;,&quot;orientation&quot;:&quot;0&quot;}\" data-image-title=\"AG\" data-image-description=\"\" data-image-caption=\"\" data-large-file=\"https:\/\/capitaliafamiliar.es\/informes\/wp-content\/uploads\/2021\/07\/AG-3.jpg\" class=\"alignnone size-full wp-image-6462\" src=\"https:\/\/capitaliafamiliar.es\/informes\/wp-content\/uploads\/2021\/07\/AG-3.jpg\" alt=\"\" width=\"676\" height=\"105\" srcset=\"https:\/\/capitaliafamiliar.es\/informes\/wp-content\/uploads\/2021\/07\/AG-3.jpg 676w, https:\/\/capitaliafamiliar.es\/informes\/wp-content\/uploads\/2021\/07\/AG-3-300x47.jpg 300w\" sizes=\"(max-width: 676px) 100vw, 676px\" \/><\/p>\n<p>&nbsp;<\/p>\n<p>&nbsp;<\/p>\n<p style=\"text-align: center;\"><strong>Solicite informaci\u00f3n sobre nuestros servicios de asesoramiento financiero<\/strong><\/p>\n<p style=\"text-align: center;\">Si necesita ayuda para el cuidado de su patrimonio, no dude en ponerse en contacto con nosotros,<\/p>\n<p style=\"text-align: center;\">sin compromiso.<\/p>\n<p style=\"text-align: center;\">Tel\u00e9fono:\u00a0\u00a0 91 770\u00a0 22 84<\/p>\n<p style=\"text-align: center;\">Correo electr\u00f3nico:\u00a0\u00a0 capitaliafamiliar@capitaliafamiliar.es<\/p>\n","protected":false},"excerpt":{"rendered":"<p>La situaci&oacute;n t&eacute;cnica de los mercados se complica y abre la puerta a un movimiento consolidativo&#8230; La situaci&oacute;n t&eacute;cnica de los mercados se complica y abre la puerta a un movimiento consolidativo. P&eacute;rdidas generalizadas en los principales &iacute;ndices burs&aacute;tiles, con la excepci&oacute;n del Nasdaq, que aguanta apoyado por las grandes tecnol&oacute;gicas. Si persistiera la debilidad, [&hellip;]<\/p>\n","protected":false},"author":2,"featured_media":2525,"comment_status":"closed","ping_status":"closed","sticky":false,"template":"","format":"standard","meta":{"_et_pb_use_builder":"","_et_pb_old_content":"","_et_gb_content_width":"","jetpack_post_was_ever_published":false,"_jetpack_newsletter_access":"","_jetpack_dont_email_post_to_subs":false,"_jetpack_newsletter_tier_id":0,"_jetpack_memberships_contains_paywalled_content":false,"_jetpack_memberships_contains_paid_content":false,"footnotes":""},"categories":[1],"tags":[],"class_list":["post-6461","post","type-post","status-publish","format-standard","has-post-thumbnail","hentry","category-informediario"],"jetpack_featured_media_url":"https:\/\/capitaliafamiliar.es\/informes\/wp-content\/uploads\/2019\/08\/informediario2.png","jetpack_shortlink":"https:\/\/wp.me\/pa2IGq-1Gd","jetpack-related-posts":[{"id":10683,"url":"https:\/\/capitaliafamiliar.es\/informes\/2024\/01\/17\/los-mercados-abundaron-en-el-proceso-consolidativo-en-curso-de-la-mano-de-unos-datos-macroeconomicos-inesperados\/","url_meta":{"origin":6461,"position":0},"title":"Los mercados abundaron en el proceso consolidativo en curso de la mano de unos datos macroecon\u00f3micos inesperados","author":"Capitalia Familiar","date":"17 de enero de 2024","format":false,"excerpt":"Informe diario del mi\u00e9rcoles, 17 de enero de 2024 \u00a0 Sinopsis Hoy en los mercados Los datos macroecon\u00f3micos conocidos hoy tanto en China como en Occidente acrecentaron las dudas del mercado, que cerr\u00f3 nuevamente en negativo. An\u00e1lisis de situaci\u00f3n La volatilidad del mercado podr\u00eda aumentar en las pr\u00f3ximas semanas como\u2026","rel":"","context":"En \u00abInforme Diario Privado\u00bb","block_context":{"text":"Informe Diario Privado","link":"https:\/\/capitaliafamiliar.es\/informes\/category\/informe-diario-privado\/"},"img":{"alt_text":"","src":"https:\/\/i0.wp.com\/capitaliafamiliar.es\/informes\/wp-content\/uploads\/2019\/08\/informediario2.png?resize=350%2C200&ssl=1","width":350,"height":200,"srcset":"https:\/\/i0.wp.com\/capitaliafamiliar.es\/informes\/wp-content\/uploads\/2019\/08\/informediario2.png?resize=350%2C200&ssl=1 1x, https:\/\/i0.wp.com\/capitaliafamiliar.es\/informes\/wp-content\/uploads\/2019\/08\/informediario2.png?resize=525%2C300&ssl=1 1.5x, https:\/\/i0.wp.com\/capitaliafamiliar.es\/informes\/wp-content\/uploads\/2019\/08\/informediario2.png?resize=700%2C400&ssl=1 2x"},"classes":[]},{"id":10688,"url":"https:\/\/capitaliafamiliar.es\/informes\/2024\/01\/17\/los-mercados-abundaron-en-el-proceso-consolidativo-en-curso-de-la-mano-de-unos-datos-macroeconomicos-inesperados-2\/","url_meta":{"origin":6461,"position":1},"title":"Los mercados abundaron en el proceso consolidativo en curso de la mano de unos datos macroecon\u00f3micos inesperados","author":"Capitalia Familiar","date":"17 de enero de 2024","format":false,"excerpt":"Informe diario del mi\u00e9rcoles, 17 de enero de 2024 \u00a0 Sinopsis Hoy en los mercados Los datos macroecon\u00f3micos conocidos hoy tanto en China como en Occidente acrecentaron las dudas del mercado, que cerr\u00f3 nuevamente en negativo. An\u00e1lisis de situaci\u00f3n La volatilidad del mercado podr\u00eda aumentar en las pr\u00f3ximas semanas como\u2026","rel":"","context":"En \u00abInforme Diario\u00bb","block_context":{"text":"Informe Diario","link":"https:\/\/capitaliafamiliar.es\/informes\/category\/informediario\/"},"img":{"alt_text":"","src":"https:\/\/i0.wp.com\/capitaliafamiliar.es\/informes\/wp-content\/uploads\/2019\/08\/informediario2.png?resize=350%2C200&ssl=1","width":350,"height":200,"srcset":"https:\/\/i0.wp.com\/capitaliafamiliar.es\/informes\/wp-content\/uploads\/2019\/08\/informediario2.png?resize=350%2C200&ssl=1 1x, https:\/\/i0.wp.com\/capitaliafamiliar.es\/informes\/wp-content\/uploads\/2019\/08\/informediario2.png?resize=525%2C300&ssl=1 1.5x, https:\/\/i0.wp.com\/capitaliafamiliar.es\/informes\/wp-content\/uploads\/2019\/08\/informediario2.png?resize=700%2C400&ssl=1 2x"},"classes":[]},{"id":11133,"url":"https:\/\/capitaliafamiliar.es\/informes\/2024\/04\/11\/nuevo-escenario-para-los-mercados-la-fed-y-el-bce-podrian-no-sincronizarse-para-bajar-los-tipos-de-interes\/","url_meta":{"origin":6461,"position":2},"title":"\u00bfNuevo escenario para los mercados? La Fed y el BCE podr\u00edan no sincronizarse para bajar los tipos de inter\u00e9s","author":"Capitalia Familiar","date":"11 de abril de 2024","format":false,"excerpt":"Informe diario del jueves, 11 de abril de 2024 \u00a0 Sinopsis Hoy en los mercados Descensos moderados tanto en los mercados de renta fija como en los de renta variable, que contin\u00faan con su proceso consolidativo. An\u00e1lisis de situaci\u00f3n Se abre un nuevo escenario para los mercados: ya no puede\u2026","rel":"","context":"En \u00abInforme Diario Privado\u00bb","block_context":{"text":"Informe Diario Privado","link":"https:\/\/capitaliafamiliar.es\/informes\/category\/informe-diario-privado\/"},"img":{"alt_text":"","src":"https:\/\/i0.wp.com\/capitaliafamiliar.es\/informes\/wp-content\/uploads\/2019\/08\/informediario2.png?resize=350%2C200&ssl=1","width":350,"height":200,"srcset":"https:\/\/i0.wp.com\/capitaliafamiliar.es\/informes\/wp-content\/uploads\/2019\/08\/informediario2.png?resize=350%2C200&ssl=1 1x, https:\/\/i0.wp.com\/capitaliafamiliar.es\/informes\/wp-content\/uploads\/2019\/08\/informediario2.png?resize=525%2C300&ssl=1 1.5x, https:\/\/i0.wp.com\/capitaliafamiliar.es\/informes\/wp-content\/uploads\/2019\/08\/informediario2.png?resize=700%2C400&ssl=1 2x"},"classes":[]},{"id":8895,"url":"https:\/\/capitaliafamiliar.es\/informes\/2023\/02\/22\/inicio-de-un-movimiento-consolidativo-de-mayor-intensidad-o-un-simple-pullback-en-las-bolsas\/","url_meta":{"origin":6461,"position":3},"title":"\u00bfInicio de un movimiento consolidativo de mayor intensidad o un simple pullback en las bolsas?","author":"Capitalia Familiar","date":"22 de febrero de 2023","format":false,"excerpt":"Informe diario del mi\u00e9rcoles, 22 de febrero de 2023 \u00a0 Sinopsis Hoy en los mercados Los mercados comienzan a tomar conciencia de que los datos no avalan un escenario macroecon\u00f3mico tan benigno como ven\u00edan descontando. An\u00e1lisis de situaci\u00f3n Las bolsas se enfrentan a las primeras zonas relevantes de soporte. \u00bfEstamos\u2026","rel":"","context":"En \u00abInforme Diario Privado\u00bb","block_context":{"text":"Informe Diario Privado","link":"https:\/\/capitaliafamiliar.es\/informes\/category\/informe-diario-privado\/"},"img":{"alt_text":"","src":"https:\/\/i0.wp.com\/capitaliafamiliar.es\/informes\/wp-content\/uploads\/2019\/08\/informediario2.png?resize=350%2C200&ssl=1","width":350,"height":200,"srcset":"https:\/\/i0.wp.com\/capitaliafamiliar.es\/informes\/wp-content\/uploads\/2019\/08\/informediario2.png?resize=350%2C200&ssl=1 1x, https:\/\/i0.wp.com\/capitaliafamiliar.es\/informes\/wp-content\/uploads\/2019\/08\/informediario2.png?resize=525%2C300&ssl=1 1.5x, https:\/\/i0.wp.com\/capitaliafamiliar.es\/informes\/wp-content\/uploads\/2019\/08\/informediario2.png?resize=700%2C400&ssl=1 2x"},"classes":[]},{"id":8899,"url":"https:\/\/capitaliafamiliar.es\/informes\/2023\/02\/22\/inicio-de-un-movimiento-consolidativo-de-mayor-intensidad-o-un-simple-pullback-en-las-bolsas-2\/","url_meta":{"origin":6461,"position":4},"title":"\u00bfInicio de un movimiento consolidativo de mayor intensidad o un simple pullback en las bolsas?","author":"Capitalia Familiar","date":"22 de febrero de 2023","format":false,"excerpt":"Informe diario del mi\u00e9rcoles, 22 de febrero de 2023 \u00a0 Sinopsis Hoy en los mercados Los mercados comienzan a tomar conciencia de que los datos no avalan un escenario macroecon\u00f3mico tan benigno como ven\u00edan descontando. An\u00e1lisis de situaci\u00f3n Las bolsas se enfrentan a las primeras zonas relevantes de soporte. \u00bfEstamos\u2026","rel":"","context":"En \u00abInforme Diario\u00bb","block_context":{"text":"Informe Diario","link":"https:\/\/capitaliafamiliar.es\/informes\/category\/informediario\/"},"img":{"alt_text":"","src":"https:\/\/i0.wp.com\/capitaliafamiliar.es\/informes\/wp-content\/uploads\/2019\/08\/informediario2.png?resize=350%2C200&ssl=1","width":350,"height":200,"srcset":"https:\/\/i0.wp.com\/capitaliafamiliar.es\/informes\/wp-content\/uploads\/2019\/08\/informediario2.png?resize=350%2C200&ssl=1 1x, https:\/\/i0.wp.com\/capitaliafamiliar.es\/informes\/wp-content\/uploads\/2019\/08\/informediario2.png?resize=525%2C300&ssl=1 1.5x, https:\/\/i0.wp.com\/capitaliafamiliar.es\/informes\/wp-content\/uploads\/2019\/08\/informediario2.png?resize=700%2C400&ssl=1 2x"},"classes":[]},{"id":11137,"url":"https:\/\/capitaliafamiliar.es\/informes\/2024\/04\/11\/nuevo-escenario-para-los-mercados-la-fed-y-el-bce-podrian-no-sincronizarse-para-bajar-los-tipos-de-interes-2\/","url_meta":{"origin":6461,"position":5},"title":"\u00bfNuevo escenario para los mercados? La Fed y el BCE podr\u00edan no sincronizarse para bajar los tipos de inter\u00e9s","author":"Capitalia Familiar","date":"11 de abril de 2024","format":false,"excerpt":"Informe diario del jueves, 11 de abril de 2024 \u00a0 Sinopsis Hoy en los mercados Descensos moderados tanto en los mercados de renta fija como en los de renta variable, que contin\u00faan con su proceso consolidativo. An\u00e1lisis de situaci\u00f3n Se abre un nuevo escenario para los mercados: ya no puede\u2026","rel":"","context":"En \u00abInforme Diario\u00bb","block_context":{"text":"Informe Diario","link":"https:\/\/capitaliafamiliar.es\/informes\/category\/informediario\/"},"img":{"alt_text":"","src":"https:\/\/i0.wp.com\/capitaliafamiliar.es\/informes\/wp-content\/uploads\/2019\/08\/informediario2.png?resize=350%2C200&ssl=1","width":350,"height":200,"srcset":"https:\/\/i0.wp.com\/capitaliafamiliar.es\/informes\/wp-content\/uploads\/2019\/08\/informediario2.png?resize=350%2C200&ssl=1 1x, https:\/\/i0.wp.com\/capitaliafamiliar.es\/informes\/wp-content\/uploads\/2019\/08\/informediario2.png?resize=525%2C300&ssl=1 1.5x, https:\/\/i0.wp.com\/capitaliafamiliar.es\/informes\/wp-content\/uploads\/2019\/08\/informediario2.png?resize=700%2C400&ssl=1 2x"},"classes":[]}],"jetpack_sharing_enabled":true,"_links":{"self":[{"href":"https:\/\/capitaliafamiliar.es\/informes\/wp-json\/wp\/v2\/posts\/6461","targetHints":{"allow":["GET"]}}],"collection":[{"href":"https:\/\/capitaliafamiliar.es\/informes\/wp-json\/wp\/v2\/posts"}],"about":[{"href":"https:\/\/capitaliafamiliar.es\/informes\/wp-json\/wp\/v2\/types\/post"}],"author":[{"embeddable":true,"href":"https:\/\/capitaliafamiliar.es\/informes\/wp-json\/wp\/v2\/users\/2"}],"replies":[{"embeddable":true,"href":"https:\/\/capitaliafamiliar.es\/informes\/wp-json\/wp\/v2\/comments?post=6461"}],"version-history":[{"count":2,"href":"https:\/\/capitaliafamiliar.es\/informes\/wp-json\/wp\/v2\/posts\/6461\/revisions"}],"predecessor-version":[{"id":6466,"href":"https:\/\/capitaliafamiliar.es\/informes\/wp-json\/wp\/v2\/posts\/6461\/revisions\/6466"}],"wp:featuredmedia":[{"embeddable":true,"href":"https:\/\/capitaliafamiliar.es\/informes\/wp-json\/wp\/v2\/media\/2525"}],"wp:attachment":[{"href":"https:\/\/capitaliafamiliar.es\/informes\/wp-json\/wp\/v2\/media?parent=6461"}],"wp:term":[{"taxonomy":"category","embeddable":true,"href":"https:\/\/capitaliafamiliar.es\/informes\/wp-json\/wp\/v2\/categories?post=6461"},{"taxonomy":"post_tag","embeddable":true,"href":"https:\/\/capitaliafamiliar.es\/informes\/wp-json\/wp\/v2\/tags?post=6461"}],"curies":[{"name":"wp","href":"https:\/\/api.w.org\/{rel}","templated":true}]}}