{"id":6488,"date":"2021-07-09T16:02:50","date_gmt":"2021-07-09T16:02:50","guid":{"rendered":"https:\/\/capitaliafamiliar.es\/informes\/?p=6488"},"modified":"2021-07-09T16:02:50","modified_gmt":"2021-07-09T16:02:50","slug":"informe-diario-viernes-9-de-julio-de-2021","status":"publish","type":"post","link":"https:\/\/capitaliafamiliar.es\/informes\/2021\/07\/09\/informe-diario-viernes-9-de-julio-de-2021\/","title":{"rendered":"Informe Diario <br> Viernes, 9 de julio de 2021"},"content":{"rendered":"<blockquote>\n<p style=\"text-align: justify;\"><span style=\"font-size: 16px;\"><strong><b>Superada la primera tormenta del verano.<\/b>..<\/strong><\/span><\/p>\n<\/blockquote>\n<p style=\"text-align: justify;\"><strong><span style=\"font-size: 16px;\">Superada la primera tormenta del verano. <\/span><\/strong><span style=\"font-size: 16px;\">Los mercados vivieron ayer su primera tormenta del verano. La agitaci\u00f3n sufrida durante la pasada sesi\u00f3n vino a poner de manifiesto una vez m\u00e1s la mayor debilidad relativa que, desde finales de junio, viene mostrando la bolsa europea frente a su hom\u00f3loga estadounidense. Hoy, jornada de resaca y de continuidad del rebote que ya liderara ayer mismo la bolsa norteamericana. De esta forma, la bolsa estadounidense vuelve a situarse hoy en zona de resistencia de largo plazo, y pr\u00f3xima de nuevo a sus m\u00e1ximos hist\u00f3ricos. Por su parte, la bolsa europea ha conseguido hoy cerrar claramente al alza, en el soporte de medio plazo que perdiera ayer.<\/span><\/p>\n<p style=\"text-align: justify;\"><strong>Los mercados se encuentran en una fase de transici\u00f3n, y es muy probable que haya m\u00e1s tormentas en pr\u00f3ximas semanas y meses, pero sin invalidar en principio las tendencias alcistas de medio plazo en que siguen inmersos los mercados burs\u00e1tiles occidentales.<\/strong> Los mercados se encuentran en una fase de transici\u00f3n desde la crisis provocada por la pandemia al progresivo retorno a la actividad de la econom\u00edas. Esta fase de transici\u00f3n se ver\u00e1 condicionada tambi\u00e9n en pr\u00f3ximas semanas y meses por los preparativos de los bancos centrales para el futuro inicio del proceso normalizaci\u00f3n de sus pol\u00edticas monetarias. A este respecto, la Reserva Federal ya ha empezado a anticipar estos cambios, que previsiblemente, y si todo va bien, concretar\u00e1 oficialmente en la recta final de este a\u00f1o. Esta fase de transici\u00f3n est\u00e1 cursando con las l\u00f3gicas dudas y momentos de incertidumbre, que se est\u00e1n materializando en continuas y frecuentes rotaciones entre clases de activos, \u00e1reas geogr\u00e1ficas, sectores, y referencias y valores concretos. En este contexto, es previsible que a lo largo de las pr\u00f3ximas semanas y meses asistamos a nuevas correcciones bajistas de corto plazo (<em>pullbacks <\/em>\u2014ca\u00eddas de entre el -5% y el -10% de varios d\u00edas de duraci\u00f3n\u2014), pero sin invalidar en principio las tendencias alcistas de medio plazo en que siguen inmersos los mercados burs\u00e1tiles occidentales. Estas correcciones s\u00ed podr\u00edan llegar a ser m\u00e1s intensas (ca\u00eddas superiores al -10% de los \u00edndices principales) y m\u00e1s duraderas (semanas en vez de d\u00edas) en el caso de un deterioro grave en la evoluci\u00f3n de la pandemia o si los bancos centrales se vieran obligados a acelerar el proceso de normalizaci\u00f3n de sus pol\u00edticas monetarias (por ejemplo, ante un aumento sostenido y excesivo de la tasa de inflaci\u00f3n).<\/p>\n<p>&nbsp;<\/p>\n<p><img loading=\"lazy\" decoding=\"async\" data-attachment-id=\"6496\" data-permalink=\"https:\/\/capitaliafamiliar.es\/informes\/2021\/07\/09\/informe-diario-viernes-9-de-julio-de-2021\/rv-772\/\" data-orig-file=\"https:\/\/capitaliafamiliar.es\/informes\/wp-content\/uploads\/2021\/07\/RV-6.jpg\" data-orig-size=\"336,413\" data-comments-opened=\"0\" data-image-meta=\"{&quot;aperture&quot;:&quot;0&quot;,&quot;credit&quot;:&quot;&quot;,&quot;camera&quot;:&quot;&quot;,&quot;caption&quot;:&quot;&quot;,&quot;created_timestamp&quot;:&quot;0&quot;,&quot;copyright&quot;:&quot;&quot;,&quot;focal_length&quot;:&quot;0&quot;,&quot;iso&quot;:&quot;0&quot;,&quot;shutter_speed&quot;:&quot;0&quot;,&quot;title&quot;:&quot;&quot;,&quot;orientation&quot;:&quot;0&quot;}\" data-image-title=\"RV\" data-image-description=\"\" data-image-caption=\"\" data-large-file=\"https:\/\/capitaliafamiliar.es\/informes\/wp-content\/uploads\/2021\/07\/RV-6.jpg\" class=\"alignnone size-full wp-image-6496\" src=\"https:\/\/capitaliafamiliar.es\/informes\/wp-content\/uploads\/2021\/07\/RV-6.jpg\" alt=\"\" width=\"336\" height=\"413\" srcset=\"https:\/\/capitaliafamiliar.es\/informes\/wp-content\/uploads\/2021\/07\/RV-6.jpg 336w, https:\/\/capitaliafamiliar.es\/informes\/wp-content\/uploads\/2021\/07\/RV-6-244x300.jpg 244w\" sizes=\"(max-width: 336px) 100vw, 336px\" \/><img loading=\"lazy\" decoding=\"async\" data-attachment-id=\"6497\" data-permalink=\"https:\/\/capitaliafamiliar.es\/informes\/2021\/07\/09\/informe-diario-viernes-9-de-julio-de-2021\/rf-764\/\" data-orig-file=\"https:\/\/capitaliafamiliar.es\/informes\/wp-content\/uploads\/2021\/07\/RF-6.jpg\" data-orig-size=\"299,353\" data-comments-opened=\"0\" data-image-meta=\"{&quot;aperture&quot;:&quot;0&quot;,&quot;credit&quot;:&quot;&quot;,&quot;camera&quot;:&quot;&quot;,&quot;caption&quot;:&quot;&quot;,&quot;created_timestamp&quot;:&quot;0&quot;,&quot;copyright&quot;:&quot;&quot;,&quot;focal_length&quot;:&quot;0&quot;,&quot;iso&quot;:&quot;0&quot;,&quot;shutter_speed&quot;:&quot;0&quot;,&quot;title&quot;:&quot;&quot;,&quot;orientation&quot;:&quot;0&quot;}\" data-image-title=\"RF\" data-image-description=\"\" data-image-caption=\"\" data-large-file=\"https:\/\/capitaliafamiliar.es\/informes\/wp-content\/uploads\/2021\/07\/RF-6.jpg\" class=\"alignnone size-full wp-image-6497\" src=\"https:\/\/capitaliafamiliar.es\/informes\/wp-content\/uploads\/2021\/07\/RF-6.jpg\" alt=\"\" width=\"299\" height=\"353\" srcset=\"https:\/\/capitaliafamiliar.es\/informes\/wp-content\/uploads\/2021\/07\/RF-6.jpg 299w, https:\/\/capitaliafamiliar.es\/informes\/wp-content\/uploads\/2021\/07\/RF-6-254x300.jpg 254w\" sizes=\"(max-width: 299px) 100vw, 299px\" \/><\/p>\n<p>&nbsp;<\/p>\n<p><strong>| Agenda para el lunes |<\/strong><\/p>\n<p>Sin indicadores macroecon\u00f3micos relevantes.<\/p>\n<p>&nbsp;<\/p>\n<p>&nbsp;<\/p>\n<p style=\"text-align: center;\"><strong>Solicite informaci\u00f3n sobre nuestros servicios de asesoramiento financiero<\/strong><\/p>\n<p style=\"text-align: center;\">Si necesita ayuda para el cuidado de su patrimonio, no dude en ponerse en contacto con nosotros,<\/p>\n<p style=\"text-align: center;\">sin compromiso.<\/p>\n<p style=\"text-align: center;\">Tel\u00e9fono:\u00a0\u00a0 91 770\u00a0 22 84<\/p>\n<p style=\"text-align: center;\">Correo electr\u00f3nico:\u00a0\u00a0 capitaliafamiliar@capitaliafamiliar.es<\/p>\n","protected":false},"excerpt":{"rendered":"<p>Superada la primera tormenta del verano&#8230; Superada la primera tormenta del verano. Los mercados vivieron ayer su primera tormenta del verano. La agitaci&oacute;n sufrida durante la pasada sesi&oacute;n vino a poner de manifiesto una vez m&aacute;s la mayor debilidad relativa que, desde finales de junio, viene mostrando la bolsa europea frente a su hom&oacute;loga estadounidense. [&hellip;]<\/p>\n","protected":false},"author":3,"featured_media":2525,"comment_status":"closed","ping_status":"closed","sticky":false,"template":"","format":"standard","meta":{"_et_pb_use_builder":"","_et_pb_old_content":"","_et_gb_content_width":"","jetpack_post_was_ever_published":false,"_jetpack_newsletter_access":"","_jetpack_dont_email_post_to_subs":false,"_jetpack_newsletter_tier_id":0,"_jetpack_memberships_contains_paywalled_content":false,"_jetpack_memberships_contains_paid_content":false,"footnotes":""},"categories":[1],"tags":[],"class_list":["post-6488","post","type-post","status-publish","format-standard","has-post-thumbnail","hentry","category-informediario"],"jetpack_featured_media_url":"https:\/\/capitaliafamiliar.es\/informes\/wp-content\/uploads\/2019\/08\/informediario2.png","jetpack_shortlink":"https:\/\/wp.me\/pa2IGq-1GE","jetpack-related-posts":[{"id":4823,"url":"https:\/\/capitaliafamiliar.es\/informes\/2020\/09\/15\/informe-diario-martes-15-de-septiembre-de-2020\/","url_meta":{"origin":6488,"position":0},"title":"Informe Diario  Martes, 15 de septiembre de 2020","author":"Capitalia Familiar","date":"15 de septiembre de 2020","format":false,"excerpt":"La bolsa estadounidense alarga el rebote, a la espera de las conclusiones de la reuni\u00f3n de la Reserva Federal que terminar\u00e1 ma\u00f1ana... La bolsa estadounidense alarga el rebote, a la espera de las conclusiones de la reuni\u00f3n de la Reserva Federal que terminar\u00e1 ma\u00f1ana. La bolsa estadounidense prosigue hoy con\u2026","rel":"","context":"En \u00abInforme Diario\u00bb","block_context":{"text":"Informe Diario","link":"https:\/\/capitaliafamiliar.es\/informes\/category\/informediario\/"},"img":{"alt_text":"","src":"https:\/\/i0.wp.com\/capitaliafamiliar.es\/informes\/wp-content\/uploads\/2019\/08\/informediario2.png?resize=350%2C200&ssl=1","width":350,"height":200,"srcset":"https:\/\/i0.wp.com\/capitaliafamiliar.es\/informes\/wp-content\/uploads\/2019\/08\/informediario2.png?resize=350%2C200&ssl=1 1x, https:\/\/i0.wp.com\/capitaliafamiliar.es\/informes\/wp-content\/uploads\/2019\/08\/informediario2.png?resize=525%2C300&ssl=1 1.5x, https:\/\/i0.wp.com\/capitaliafamiliar.es\/informes\/wp-content\/uploads\/2019\/08\/informediario2.png?resize=700%2C400&ssl=1 2x"},"classes":[]},{"id":8566,"url":"https:\/\/capitaliafamiliar.es\/informes\/2023\/01\/05\/el-rebote-de-corto-plazo-de-la-bolsa-europea-podria-estar-llegando-a-su-fin\/","url_meta":{"origin":6488,"position":1},"title":"El rebote de corto plazo de la bolsa europea podr\u00eda estar llegando a su fin.","author":"Capitalia Familiar","date":"5 de enero de 2023","format":false,"excerpt":"Informe diario del jueves, 5 de enero de 2023 \u00a0 Sinopsis Hoy en los mercados El rebote de corto plazo de la bolsa europea podr\u00eda estar llegando a su fin. Contin\u00faa sin ser secundado por la bolsa estadounidense. An\u00e1lisis de situaci\u00f3n Se mantiene la presi\u00f3n en favor de pol\u00edticas monetarias\u2026","rel":"","context":"En \u00abInforme Diario Privado\u00bb","block_context":{"text":"Informe Diario Privado","link":"https:\/\/capitaliafamiliar.es\/informes\/category\/informe-diario-privado\/"},"img":{"alt_text":"","src":"https:\/\/i0.wp.com\/capitaliafamiliar.es\/informes\/wp-content\/uploads\/2019\/08\/informediario2.png?resize=350%2C200&ssl=1","width":350,"height":200,"srcset":"https:\/\/i0.wp.com\/capitaliafamiliar.es\/informes\/wp-content\/uploads\/2019\/08\/informediario2.png?resize=350%2C200&ssl=1 1x, https:\/\/i0.wp.com\/capitaliafamiliar.es\/informes\/wp-content\/uploads\/2019\/08\/informediario2.png?resize=525%2C300&ssl=1 1.5x, https:\/\/i0.wp.com\/capitaliafamiliar.es\/informes\/wp-content\/uploads\/2019\/08\/informediario2.png?resize=700%2C400&ssl=1 2x"},"classes":[]},{"id":8570,"url":"https:\/\/capitaliafamiliar.es\/informes\/2023\/01\/05\/el-rebote-de-corto-plazo-de-la-bolsa-europea-podria-estar-llegando-a-su-fin-2\/","url_meta":{"origin":6488,"position":2},"title":"El rebote de corto plazo de la bolsa europea podr\u00eda estar llegando a su fin.","author":"Capitalia Familiar","date":"5 de enero de 2023","format":false,"excerpt":"Informe diario del jueves, 5 de enero de 2023 \u00a0 Sinopsis Hoy en los mercados El rebote de corto plazo de la bolsa europea podr\u00eda estar llegando a su fin. Contin\u00faa sin ser secundado por la bolsa estadounidense. An\u00e1lisis de situaci\u00f3n Se mantiene la presi\u00f3n en favor de pol\u00edticas monetarias\u2026","rel":"","context":"En \u00abInforme Diario\u00bb","block_context":{"text":"Informe Diario","link":"https:\/\/capitaliafamiliar.es\/informes\/category\/informediario\/"},"img":{"alt_text":"","src":"https:\/\/i0.wp.com\/capitaliafamiliar.es\/informes\/wp-content\/uploads\/2019\/08\/informediario2.png?resize=350%2C200&ssl=1","width":350,"height":200,"srcset":"https:\/\/i0.wp.com\/capitaliafamiliar.es\/informes\/wp-content\/uploads\/2019\/08\/informediario2.png?resize=350%2C200&ssl=1 1x, https:\/\/i0.wp.com\/capitaliafamiliar.es\/informes\/wp-content\/uploads\/2019\/08\/informediario2.png?resize=525%2C300&ssl=1 1.5x, https:\/\/i0.wp.com\/capitaliafamiliar.es\/informes\/wp-content\/uploads\/2019\/08\/informediario2.png?resize=700%2C400&ssl=1 2x"},"classes":[]},{"id":8011,"url":"https:\/\/capitaliafamiliar.es\/informes\/2022\/09\/01\/atencion-a-corto-plazo-a-la-fortaleza-relativa-del-dinero-y-del-papel-en-esta-zona-de-minimos-anuales-a-la-que-se-aproxima-ya-la-bolsa-europea\/","url_meta":{"origin":6488,"position":3},"title":"Atenci\u00f3n a corto plazo a la fortaleza relativa del dinero y del papel en esta zona de m\u00ednimos anuales, a la que se aproxima ya la bolsa europea\u2026","author":"Capitalia Familiar","date":"1 de septiembre de 2022","format":false,"excerpt":"Informe diario del jueves, 1 de septiembre de 2022 \u00a0 Sinopsis Hoy en los mercados\u2026 Se mantiene la presi\u00f3n vendedora en las bolsas\u2026 An\u00e1lisis de situaci\u00f3n y perspectivas Atenci\u00f3n a corto plazo a la fortaleza relativa del dinero y del papel en esta zona de m\u00ednimos anuales, a la que\u2026","rel":"","context":"En \u00abInforme Diario\u00bb","block_context":{"text":"Informe Diario","link":"https:\/\/capitaliafamiliar.es\/informes\/category\/informediario\/"},"img":{"alt_text":"","src":"https:\/\/i0.wp.com\/capitaliafamiliar.es\/informes\/wp-content\/uploads\/2019\/08\/informediario2.png?resize=350%2C200&ssl=1","width":350,"height":200,"srcset":"https:\/\/i0.wp.com\/capitaliafamiliar.es\/informes\/wp-content\/uploads\/2019\/08\/informediario2.png?resize=350%2C200&ssl=1 1x, https:\/\/i0.wp.com\/capitaliafamiliar.es\/informes\/wp-content\/uploads\/2019\/08\/informediario2.png?resize=525%2C300&ssl=1 1.5x, https:\/\/i0.wp.com\/capitaliafamiliar.es\/informes\/wp-content\/uploads\/2019\/08\/informediario2.png?resize=700%2C400&ssl=1 2x"},"classes":[]},{"id":4815,"url":"https:\/\/capitaliafamiliar.es\/informes\/2020\/09\/14\/informe-diario-lunes-14-de-septiembre-de-2020\/","url_meta":{"origin":6488,"position":4},"title":"Informe Diario  Lunes, 14 de septiembre de 2020","author":"Capitalia Familiar","date":"14 de septiembre de 2020","format":false,"excerpt":"Prosigue la din\u00e1mica lateral de la bolsa europea, mientras la bolsa estadounidense intenta de nuevo el rebote desde su zona de soporte... Nueva semana con las mismas din\u00e1micas en las bolsas.\u00a0Esta nueva semana arranca con las mismas din\u00e1micas con las que los \u00edndices burs\u00e1tiles principales desped\u00edan la semana pasada: din\u00e1mica\u2026","rel":"","context":"En \u00abInforme Diario\u00bb","block_context":{"text":"Informe Diario","link":"https:\/\/capitaliafamiliar.es\/informes\/category\/informediario\/"},"img":{"alt_text":"","src":"https:\/\/i0.wp.com\/capitaliafamiliar.es\/informes\/wp-content\/uploads\/2019\/08\/informediario2.png?resize=350%2C200&ssl=1","width":350,"height":200,"srcset":"https:\/\/i0.wp.com\/capitaliafamiliar.es\/informes\/wp-content\/uploads\/2019\/08\/informediario2.png?resize=350%2C200&ssl=1 1x, https:\/\/i0.wp.com\/capitaliafamiliar.es\/informes\/wp-content\/uploads\/2019\/08\/informediario2.png?resize=525%2C300&ssl=1 1.5x, https:\/\/i0.wp.com\/capitaliafamiliar.es\/informes\/wp-content\/uploads\/2019\/08\/informediario2.png?resize=700%2C400&ssl=1 2x"},"classes":[]},{"id":10388,"url":"https:\/\/capitaliafamiliar.es\/informes\/2023\/11\/08\/las-bolsas-deberian-retomar-la-tendencia-alcista-de-corto-plazo-una-vez-superada-la-fase-consolidativa-2\/","url_meta":{"origin":6488,"position":5},"title":"Las bolsas deber\u00edan retomar la tendencia alcista de corto plazo una vez superada la fase consolidativa","author":"Capitalia Familiar","date":"8 de noviembre de 2023","format":false,"excerpt":"Informe diario del mi\u00e9rcoles, 08 de noviembre de 2023 \u00a0 Sinopsis Hoy en los mercados Buen tono en Europa, que recupera terreno perdido en el inicio de semana gracias a los resultados empresariales, y agotamiento del movimiento alcista en Estados Unidos. An\u00e1lisis de situaci\u00f3n En el corto plazo las bolsas\u2026","rel":"","context":"En \u00abInforme Diario\u00bb","block_context":{"text":"Informe Diario","link":"https:\/\/capitaliafamiliar.es\/informes\/category\/informediario\/"},"img":{"alt_text":"","src":"https:\/\/i0.wp.com\/capitaliafamiliar.es\/informes\/wp-content\/uploads\/2019\/08\/informediario2.png?resize=350%2C200&ssl=1","width":350,"height":200,"srcset":"https:\/\/i0.wp.com\/capitaliafamiliar.es\/informes\/wp-content\/uploads\/2019\/08\/informediario2.png?resize=350%2C200&ssl=1 1x, https:\/\/i0.wp.com\/capitaliafamiliar.es\/informes\/wp-content\/uploads\/2019\/08\/informediario2.png?resize=525%2C300&ssl=1 1.5x, https:\/\/i0.wp.com\/capitaliafamiliar.es\/informes\/wp-content\/uploads\/2019\/08\/informediario2.png?resize=700%2C400&ssl=1 2x"},"classes":[]}],"jetpack_sharing_enabled":true,"_links":{"self":[{"href":"https:\/\/capitaliafamiliar.es\/informes\/wp-json\/wp\/v2\/posts\/6488","targetHints":{"allow":["GET"]}}],"collection":[{"href":"https:\/\/capitaliafamiliar.es\/informes\/wp-json\/wp\/v2\/posts"}],"about":[{"href":"https:\/\/capitaliafamiliar.es\/informes\/wp-json\/wp\/v2\/types\/post"}],"author":[{"embeddable":true,"href":"https:\/\/capitaliafamiliar.es\/informes\/wp-json\/wp\/v2\/users\/3"}],"replies":[{"embeddable":true,"href":"https:\/\/capitaliafamiliar.es\/informes\/wp-json\/wp\/v2\/comments?post=6488"}],"version-history":[{"count":8,"href":"https:\/\/capitaliafamiliar.es\/informes\/wp-json\/wp\/v2\/posts\/6488\/revisions"}],"predecessor-version":[{"id":6498,"href":"https:\/\/capitaliafamiliar.es\/informes\/wp-json\/wp\/v2\/posts\/6488\/revisions\/6498"}],"wp:featuredmedia":[{"embeddable":true,"href":"https:\/\/capitaliafamiliar.es\/informes\/wp-json\/wp\/v2\/media\/2525"}],"wp:attachment":[{"href":"https:\/\/capitaliafamiliar.es\/informes\/wp-json\/wp\/v2\/media?parent=6488"}],"wp:term":[{"taxonomy":"category","embeddable":true,"href":"https:\/\/capitaliafamiliar.es\/informes\/wp-json\/wp\/v2\/categories?post=6488"},{"taxonomy":"post_tag","embeddable":true,"href":"https:\/\/capitaliafamiliar.es\/informes\/wp-json\/wp\/v2\/tags?post=6488"}],"curies":[{"name":"wp","href":"https:\/\/api.w.org\/{rel}","templated":true}]}}