{"id":6514,"date":"2021-07-14T16:06:12","date_gmt":"2021-07-14T16:06:12","guid":{"rendered":"https:\/\/capitaliafamiliar.es\/informes\/?p=6514"},"modified":"2021-07-15T11:31:54","modified_gmt":"2021-07-15T11:31:54","slug":"informe-diario-miercoles-14-de-julio-de-2021","status":"publish","type":"post","link":"https:\/\/capitaliafamiliar.es\/informes\/2021\/07\/14\/informe-diario-miercoles-14-de-julio-de-2021\/","title":{"rendered":"Informe Diario <br> Mi\u00e9rcoles, 14 de julio de 2021"},"content":{"rendered":"<blockquote>\n<p style=\"text-align: justify;\"><span style=\"font-size: 16px;\"><strong>El discurso de Powell ante el Congreso no advierte cambios en la hoja de ruta de la Fed pese al aumento de la inflaci\u00f3n&#8230;<\/strong><\/span><\/p>\n<\/blockquote>\n<p style=\"text-align: justify;\"><span style=\"font-size: 16px;\"><strong>El discurso de Powell ante el Congreso no advierte cambios en la hoja de ruta de la Fed pese al aumento de la inflaci\u00f3n.<\/strong> Al env\u00edo de este informe comienza la comparecencia semestral de Jerome Powell, presidente de la Reserva Federal, ante el Congreso de Estados Unidos. En su discurso, publicado con anterioridad, Powell reconoce que la inflaci\u00f3n ha aumentado notablemente y que se mantendr\u00e1 elevada en los pr\u00f3ximos meses, pero conf\u00eda en que la presi\u00f3n sobre los precios comience a remitir en breve, ya que considera que las tensiones inflacionistas se deben principalmente a cuellos de botella en la producci\u00f3n o a problemas en la parte de la oferta. En cualquier caso, la Fed est\u00e1 preparada para ajustar su pol\u00edtica monetaria si cambiaran las expectativas a largo plazo de la inflaci\u00f3n. Tambi\u00e9n mantiene que pese a los progresos observados en la econom\u00eda y el empleo, todav\u00eda queda mucho trabajo por delante hasta que la recuperaci\u00f3n sea completa. En lo que respecta a la normalizaci\u00f3n monetaria, seguir\u00e1 debati\u00e9ndose en futuras reuniones, pero volvi\u00f3 a insistir en que avisar\u00e1n con antelaci\u00f3n antes de comenzar a reducir las compras de su programa de est\u00edmulos. Atendiendo a las palabras de Powell, dicho anuncio podr\u00eda ser en la reuni\u00f3n que la Fed celebrar\u00e1 en diciembre, para iniciar la reducci\u00f3n de las compras de activos en el segundo trimestre del a\u00f1o 2022. <strong>Los mercados, que en un primer momento parec\u00edan celebrar las palabras de Powell, vieron c\u00f3mo las ganancias se fueron desvaneciendo conforme avanzaba la sesi\u00f3n estadounidense. El movimiento de hoy es un signo de debilidad que habr\u00e1 que ir monitorizando de cerca en los pr\u00f3ximos d\u00edas, y que obliga a seguir aplazando las compras en renta variable.<\/strong>\u00a0<\/span><\/p>\n<p style=\"text-align: justify;\"><span style=\"font-size: 16px;\"><strong>En el terreno macroecon\u00f3mico,<\/strong> los precios de producci\u00f3n subieron en Estados Unidos un +7.3% interanual en el mes de junio, elev\u00e1ndose desde el +6.6% y superando el +6.8% esperado. La producci\u00f3n industrial de la Eurozona avanz\u00f3 en mayo un +20.5% interanual, ligeramente por debajo del +22.2% previsto y del +39.4% del mes anterior. En la misma l\u00ednea se movi\u00f3 esta dato en Jap\u00f3n, con un incremento del +21,10% interanual, frente al +15.8% anterior y al +22.0% que se preve\u00eda. Por otro lado, el IPC en Reino Unido subi\u00f3 en junio un +2.5% interanual, en tanto que en Espa\u00f1a lo hizo un +2.7% interanual, en ambos casos superando las previsiones.<\/span><\/p>\n<p>&nbsp;<\/p>\n<p><img loading=\"lazy\" decoding=\"async\" data-attachment-id=\"6517\" data-permalink=\"https:\/\/capitaliafamiliar.es\/informes\/2021\/07\/14\/informe-diario-miercoles-14-de-julio-de-2021\/rv-775\/\" data-orig-file=\"https:\/\/capitaliafamiliar.es\/informes\/wp-content\/uploads\/2021\/07\/RV-9.jpg\" data-orig-size=\"336,413\" data-comments-opened=\"0\" data-image-meta=\"{&quot;aperture&quot;:&quot;0&quot;,&quot;credit&quot;:&quot;&quot;,&quot;camera&quot;:&quot;&quot;,&quot;caption&quot;:&quot;&quot;,&quot;created_timestamp&quot;:&quot;0&quot;,&quot;copyright&quot;:&quot;&quot;,&quot;focal_length&quot;:&quot;0&quot;,&quot;iso&quot;:&quot;0&quot;,&quot;shutter_speed&quot;:&quot;0&quot;,&quot;title&quot;:&quot;&quot;,&quot;orientation&quot;:&quot;0&quot;}\" data-image-title=\"RV\" data-image-description=\"\" data-image-caption=\"\" data-large-file=\"https:\/\/capitaliafamiliar.es\/informes\/wp-content\/uploads\/2021\/07\/RV-9.jpg\" class=\"alignnone size-full wp-image-6517\" src=\"https:\/\/capitaliafamiliar.es\/informes\/wp-content\/uploads\/2021\/07\/RV-9.jpg\" alt=\"\" width=\"336\" height=\"413\" srcset=\"https:\/\/capitaliafamiliar.es\/informes\/wp-content\/uploads\/2021\/07\/RV-9.jpg 336w, https:\/\/capitaliafamiliar.es\/informes\/wp-content\/uploads\/2021\/07\/RV-9-244x300.jpg 244w\" sizes=\"(max-width: 336px) 100vw, 336px\" \/><img loading=\"lazy\" decoding=\"async\" data-attachment-id=\"6518\" data-permalink=\"https:\/\/capitaliafamiliar.es\/informes\/2021\/07\/14\/informe-diario-miercoles-14-de-julio-de-2021\/rf-767\/\" data-orig-file=\"https:\/\/capitaliafamiliar.es\/informes\/wp-content\/uploads\/2021\/07\/RF-9.jpg\" data-orig-size=\"299,353\" data-comments-opened=\"0\" data-image-meta=\"{&quot;aperture&quot;:&quot;0&quot;,&quot;credit&quot;:&quot;&quot;,&quot;camera&quot;:&quot;&quot;,&quot;caption&quot;:&quot;&quot;,&quot;created_timestamp&quot;:&quot;0&quot;,&quot;copyright&quot;:&quot;&quot;,&quot;focal_length&quot;:&quot;0&quot;,&quot;iso&quot;:&quot;0&quot;,&quot;shutter_speed&quot;:&quot;0&quot;,&quot;title&quot;:&quot;&quot;,&quot;orientation&quot;:&quot;0&quot;}\" data-image-title=\"RF\" data-image-description=\"\" data-image-caption=\"\" data-large-file=\"https:\/\/capitaliafamiliar.es\/informes\/wp-content\/uploads\/2021\/07\/RF-9.jpg\" class=\"alignnone size-full wp-image-6518\" src=\"https:\/\/capitaliafamiliar.es\/informes\/wp-content\/uploads\/2021\/07\/RF-9.jpg\" alt=\"\" width=\"299\" height=\"353\" srcset=\"https:\/\/capitaliafamiliar.es\/informes\/wp-content\/uploads\/2021\/07\/RF-9.jpg 299w, https:\/\/capitaliafamiliar.es\/informes\/wp-content\/uploads\/2021\/07\/RF-9-254x300.jpg 254w\" sizes=\"(max-width: 299px) 100vw, 299px\" \/><\/p>\n<p>&nbsp;<\/p>\n<p><strong>| Agenda para ma\u00f1ana |<\/strong><\/p>\n<p><img loading=\"lazy\" decoding=\"async\" data-attachment-id=\"6515\" data-permalink=\"https:\/\/capitaliafamiliar.es\/informes\/2021\/07\/14\/informe-diario-miercoles-14-de-julio-de-2021\/ag-502\/\" data-orig-file=\"https:\/\/capitaliafamiliar.es\/informes\/wp-content\/uploads\/2021\/07\/AG-8.jpg\" data-orig-size=\"676,209\" data-comments-opened=\"0\" data-image-meta=\"{&quot;aperture&quot;:&quot;0&quot;,&quot;credit&quot;:&quot;&quot;,&quot;camera&quot;:&quot;&quot;,&quot;caption&quot;:&quot;&quot;,&quot;created_timestamp&quot;:&quot;0&quot;,&quot;copyright&quot;:&quot;&quot;,&quot;focal_length&quot;:&quot;0&quot;,&quot;iso&quot;:&quot;0&quot;,&quot;shutter_speed&quot;:&quot;0&quot;,&quot;title&quot;:&quot;&quot;,&quot;orientation&quot;:&quot;0&quot;}\" data-image-title=\"AG\" data-image-description=\"\" data-image-caption=\"\" data-large-file=\"https:\/\/capitaliafamiliar.es\/informes\/wp-content\/uploads\/2021\/07\/AG-8.jpg\" class=\"alignnone size-full wp-image-6515\" src=\"https:\/\/capitaliafamiliar.es\/informes\/wp-content\/uploads\/2021\/07\/AG-8.jpg\" alt=\"\" width=\"676\" height=\"209\" srcset=\"https:\/\/capitaliafamiliar.es\/informes\/wp-content\/uploads\/2021\/07\/AG-8.jpg 676w, https:\/\/capitaliafamiliar.es\/informes\/wp-content\/uploads\/2021\/07\/AG-8-300x93.jpg 300w\" sizes=\"(max-width: 676px) 100vw, 676px\" \/><\/p>\n<p>&nbsp;<\/p>\n<p>&nbsp;<\/p>\n<p style=\"text-align: center;\"><strong>Solicite informaci\u00f3n sobre nuestros servicios de asesoramiento financiero<\/strong><\/p>\n<p style=\"text-align: center;\">Si necesita ayuda para el cuidado de su patrimonio, no dude en ponerse en contacto con nosotros,<\/p>\n<p style=\"text-align: center;\">sin compromiso.<\/p>\n<p style=\"text-align: center;\">Tel\u00e9fono:\u00a0\u00a0 91 770\u00a0 22 84<\/p>\n<p style=\"text-align: center;\">Correo electr\u00f3nico:\u00a0\u00a0 capitaliafamiliar@capitaliafamiliar.es<\/p>\n","protected":false},"excerpt":{"rendered":"<p>El discurso de Powell ante el Congreso no advierte cambios en la hoja de ruta de la Fed pese al aumento de la inflaci&oacute;n&hellip; El discurso de Powell ante el Congreso no advierte cambios en la hoja de ruta de la Fed pese al aumento de la inflaci&oacute;n. Al env&iacute;o de este informe comienza la [&hellip;]<\/p>\n","protected":false},"author":2,"featured_media":2525,"comment_status":"closed","ping_status":"closed","sticky":false,"template":"","format":"standard","meta":{"_et_pb_use_builder":"","_et_pb_old_content":"","_et_gb_content_width":"","jetpack_post_was_ever_published":false,"_jetpack_newsletter_access":"","_jetpack_dont_email_post_to_subs":false,"_jetpack_newsletter_tier_id":0,"_jetpack_memberships_contains_paywalled_content":false,"_jetpack_memberships_contains_paid_content":false,"footnotes":""},"categories":[1],"tags":[],"class_list":["post-6514","post","type-post","status-publish","format-standard","has-post-thumbnail","hentry","category-informediario"],"jetpack_featured_media_url":"https:\/\/capitaliafamiliar.es\/informes\/wp-content\/uploads\/2019\/08\/informediario2.png","jetpack_shortlink":"https:\/\/wp.me\/pa2IGq-1H4","jetpack-related-posts":[{"id":241,"url":"https:\/\/capitaliafamiliar.es\/informes\/2018\/07\/17\/informe-diario-martes-17-de-julio-de-2018\/","url_meta":{"origin":6514,"position":0},"title":"Informe Diario  Martes, 17 de julio de 2018","author":"Capitalia Familiar","date":"17 de julio de 2018","format":false,"excerpt":"| Visi\u00f3n de conjunto | En su comparecencia semestral ante el comit\u00e9 bancario del Senado, el presidente de la Reserva Federal, Jerome Powell, ha insistido en la conveniencia de seguir avanzando por ahora en la subida progresiva de su tipo de inter\u00e9s de referencia, ante la fortaleza mostrada por la\u2026","rel":"","context":"En \u00abInforme Diario\u00bb","block_context":{"text":"Informe Diario","link":"https:\/\/capitaliafamiliar.es\/informes\/category\/informediario\/"},"img":{"alt_text":"","src":"https:\/\/i0.wp.com\/capitaliafamiliar.es\/informes\/wp-content\/uploads\/2018\/07\/informediario2.png?resize=350%2C200&ssl=1","width":350,"height":200,"srcset":"https:\/\/i0.wp.com\/capitaliafamiliar.es\/informes\/wp-content\/uploads\/2018\/07\/informediario2.png?resize=350%2C200&ssl=1 1x, https:\/\/i0.wp.com\/capitaliafamiliar.es\/informes\/wp-content\/uploads\/2018\/07\/informediario2.png?resize=525%2C300&ssl=1 1.5x, https:\/\/i0.wp.com\/capitaliafamiliar.es\/informes\/wp-content\/uploads\/2018\/07\/informediario2.png?resize=700%2C400&ssl=1 2x"},"classes":[]},{"id":6378,"url":"https:\/\/capitaliafamiliar.es\/informes\/2021\/06\/22\/informe-diario-martes-22-de-junio-de-2021\/","url_meta":{"origin":6514,"position":1},"title":"Informe Diario  Martes, 22 de junio de 2021","author":"Capitalia Familiar","date":"22 de junio de 2021","format":false,"excerpt":"Los mercados moderan el rebote a la espera de la comparecencia de Jerome Powell... Los mercados moderan el rebote a la espera de la comparecencia de Jerome Powell. El rebote protagonizado ayer por las bolsas se ha moderado hoy a la espera de que el presidente de la Reserva Federal,\u2026","rel":"","context":"En \u00abInforme Diario\u00bb","block_context":{"text":"Informe Diario","link":"https:\/\/capitaliafamiliar.es\/informes\/category\/informediario\/"},"img":{"alt_text":"","src":"https:\/\/i0.wp.com\/capitaliafamiliar.es\/informes\/wp-content\/uploads\/2019\/08\/informediario2.png?resize=350%2C200&ssl=1","width":350,"height":200,"srcset":"https:\/\/i0.wp.com\/capitaliafamiliar.es\/informes\/wp-content\/uploads\/2019\/08\/informediario2.png?resize=350%2C200&ssl=1 1x, https:\/\/i0.wp.com\/capitaliafamiliar.es\/informes\/wp-content\/uploads\/2019\/08\/informediario2.png?resize=525%2C300&ssl=1 1.5x, https:\/\/i0.wp.com\/capitaliafamiliar.es\/informes\/wp-content\/uploads\/2019\/08\/informediario2.png?resize=700%2C400&ssl=1 2x"},"classes":[]},{"id":8795,"url":"https:\/\/capitaliafamiliar.es\/informes\/2023\/02\/07\/nueva-oportunidad-para-powell-de-moderar-el-optimismo-del-mercado\/","url_meta":{"origin":6514,"position":2},"title":"Nueva oportunidad para Powell de moderar el optimismo del mercado.","author":"Capitalia Familiar","date":"7 de febrero de 2023","format":false,"excerpt":"Informe diario del martes, 7 de febrero de 2023 \u00a0 Sinopsis Hoy en los mercados A la espera de la conferencia de Powell para ver en qu\u00e9 medida el discurso de la Fed se ve modificado por la fortaleza de los datos de empleo conocidos el pasado viernes. An\u00e1lisis de\u2026","rel":"","context":"En \u00abInforme Diario Privado\u00bb","block_context":{"text":"Informe Diario Privado","link":"https:\/\/capitaliafamiliar.es\/informes\/category\/informe-diario-privado\/"},"img":{"alt_text":"","src":"https:\/\/i0.wp.com\/capitaliafamiliar.es\/informes\/wp-content\/uploads\/2019\/08\/informediario2.png?resize=350%2C200&ssl=1","width":350,"height":200,"srcset":"https:\/\/i0.wp.com\/capitaliafamiliar.es\/informes\/wp-content\/uploads\/2019\/08\/informediario2.png?resize=350%2C200&ssl=1 1x, https:\/\/i0.wp.com\/capitaliafamiliar.es\/informes\/wp-content\/uploads\/2019\/08\/informediario2.png?resize=525%2C300&ssl=1 1.5x, https:\/\/i0.wp.com\/capitaliafamiliar.es\/informes\/wp-content\/uploads\/2019\/08\/informediario2.png?resize=700%2C400&ssl=1 2x"},"classes":[]},{"id":8799,"url":"https:\/\/capitaliafamiliar.es\/informes\/2023\/02\/07\/nueva-oportunidad-para-powell-de-moderar-el-optimismo-del-mercado-2\/","url_meta":{"origin":6514,"position":3},"title":"Nueva oportunidad para Powell de moderar el optimismo del mercado.","author":"Capitalia Familiar","date":"7 de febrero de 2023","format":false,"excerpt":"Informe diario del martes, 7 de febrero de 2023 \u00a0 Sinopsis Hoy en los mercados A la espera de la conferencia de Powell para ver en qu\u00e9 medida el discurso de la Fed se ve modificado por la fortaleza de los datos de empleo conocidos el pasado viernes. An\u00e1lisis de\u2026","rel":"","context":"En \u00abInforme Diario\u00bb","block_context":{"text":"Informe Diario","link":"https:\/\/capitaliafamiliar.es\/informes\/category\/informediario\/"},"img":{"alt_text":"","src":"https:\/\/i0.wp.com\/capitaliafamiliar.es\/informes\/wp-content\/uploads\/2019\/08\/informediario2.png?resize=350%2C200&ssl=1","width":350,"height":200,"srcset":"https:\/\/i0.wp.com\/capitaliafamiliar.es\/informes\/wp-content\/uploads\/2019\/08\/informediario2.png?resize=350%2C200&ssl=1 1x, https:\/\/i0.wp.com\/capitaliafamiliar.es\/informes\/wp-content\/uploads\/2019\/08\/informediario2.png?resize=525%2C300&ssl=1 1.5x, https:\/\/i0.wp.com\/capitaliafamiliar.es\/informes\/wp-content\/uploads\/2019\/08\/informediario2.png?resize=700%2C400&ssl=1 2x"},"classes":[]},{"id":4832,"url":"https:\/\/capitaliafamiliar.es\/informes\/2020\/09\/16\/informe-diario-miercoles-16-de-septiembre-de-2020\/","url_meta":{"origin":6514,"position":4},"title":"Informe Diario  Mi\u00e9rcoles, 16 de septiembre de 2020","author":"Capitalia Familiar","date":"16 de septiembre de 2020","format":false,"excerpt":"Sesi\u00f3n de transici\u00f3n en los mercados, a la espera del mensaje de la Reserva Federal... Sesi\u00f3n de transici\u00f3n en los mercados, a la espera del mensaje de la Reserva Federal.\u00a0La autoridad monetaria estadounidense finaliza hoy su reuni\u00f3n. El comunicado oficial con la actualizaci\u00f3n de sus previsiones macroecon\u00f3micas se publicar\u00e1n a\u2026","rel":"","context":"En \u00abInforme Diario\u00bb","block_context":{"text":"Informe Diario","link":"https:\/\/capitaliafamiliar.es\/informes\/category\/informediario\/"},"img":{"alt_text":"","src":"https:\/\/i0.wp.com\/capitaliafamiliar.es\/informes\/wp-content\/uploads\/2019\/08\/informediario2.png?resize=350%2C200&ssl=1","width":350,"height":200,"srcset":"https:\/\/i0.wp.com\/capitaliafamiliar.es\/informes\/wp-content\/uploads\/2019\/08\/informediario2.png?resize=350%2C200&ssl=1 1x, https:\/\/i0.wp.com\/capitaliafamiliar.es\/informes\/wp-content\/uploads\/2019\/08\/informediario2.png?resize=525%2C300&ssl=1 1.5x, https:\/\/i0.wp.com\/capitaliafamiliar.es\/informes\/wp-content\/uploads\/2019\/08\/informediario2.png?resize=700%2C400&ssl=1 2x"},"classes":[]},{"id":6386,"url":"https:\/\/capitaliafamiliar.es\/informes\/2021\/06\/23\/informe-diario-miercoles-23-de-junio-de-2021\/","url_meta":{"origin":6514,"position":5},"title":"Informe Diario  Mi\u00e9rcoles, 23 de junio de 2021","author":"Capitalia Familiar","date":"23 de junio de 2021","format":false,"excerpt":"Las bolsas contin\u00faan atascadas en zona de resistencia, pero el fondo de mercado se mantiene positivo... Las bolsas contin\u00faan atascadas en zona de resistencia, pero el fondo de mercado se mantiene positivo. Pese a que en las \u00faltimas semanas las incertidumbres que rodeaban a los mercados se han ido disipando,\u2026","rel":"","context":"En \u00abInforme Diario\u00bb","block_context":{"text":"Informe Diario","link":"https:\/\/capitaliafamiliar.es\/informes\/category\/informediario\/"},"img":{"alt_text":"","src":"https:\/\/i0.wp.com\/capitaliafamiliar.es\/informes\/wp-content\/uploads\/2019\/08\/informediario2.png?resize=350%2C200&ssl=1","width":350,"height":200,"srcset":"https:\/\/i0.wp.com\/capitaliafamiliar.es\/informes\/wp-content\/uploads\/2019\/08\/informediario2.png?resize=350%2C200&ssl=1 1x, https:\/\/i0.wp.com\/capitaliafamiliar.es\/informes\/wp-content\/uploads\/2019\/08\/informediario2.png?resize=525%2C300&ssl=1 1.5x, https:\/\/i0.wp.com\/capitaliafamiliar.es\/informes\/wp-content\/uploads\/2019\/08\/informediario2.png?resize=700%2C400&ssl=1 2x"},"classes":[]}],"jetpack_sharing_enabled":true,"_links":{"self":[{"href":"https:\/\/capitaliafamiliar.es\/informes\/wp-json\/wp\/v2\/posts\/6514","targetHints":{"allow":["GET"]}}],"collection":[{"href":"https:\/\/capitaliafamiliar.es\/informes\/wp-json\/wp\/v2\/posts"}],"about":[{"href":"https:\/\/capitaliafamiliar.es\/informes\/wp-json\/wp\/v2\/types\/post"}],"author":[{"embeddable":true,"href":"https:\/\/capitaliafamiliar.es\/informes\/wp-json\/wp\/v2\/users\/2"}],"replies":[{"embeddable":true,"href":"https:\/\/capitaliafamiliar.es\/informes\/wp-json\/wp\/v2\/comments?post=6514"}],"version-history":[{"count":5,"href":"https:\/\/capitaliafamiliar.es\/informes\/wp-json\/wp\/v2\/posts\/6514\/revisions"}],"predecessor-version":[{"id":6520,"href":"https:\/\/capitaliafamiliar.es\/informes\/wp-json\/wp\/v2\/posts\/6514\/revisions\/6520"}],"wp:featuredmedia":[{"embeddable":true,"href":"https:\/\/capitaliafamiliar.es\/informes\/wp-json\/wp\/v2\/media\/2525"}],"wp:attachment":[{"href":"https:\/\/capitaliafamiliar.es\/informes\/wp-json\/wp\/v2\/media?parent=6514"}],"wp:term":[{"taxonomy":"category","embeddable":true,"href":"https:\/\/capitaliafamiliar.es\/informes\/wp-json\/wp\/v2\/categories?post=6514"},{"taxonomy":"post_tag","embeddable":true,"href":"https:\/\/capitaliafamiliar.es\/informes\/wp-json\/wp\/v2\/tags?post=6514"}],"curies":[{"name":"wp","href":"https:\/\/api.w.org\/{rel}","templated":true}]}}