{"id":6548,"date":"2021-07-19T17:08:27","date_gmt":"2021-07-19T17:08:27","guid":{"rendered":"https:\/\/capitaliafamiliar.es\/informes\/?p=6548"},"modified":"2021-07-19T17:12:22","modified_gmt":"2021-07-19T17:12:22","slug":"informe-diario-lunes-19-de-julio-de-2021","status":"publish","type":"post","link":"https:\/\/capitaliafamiliar.es\/informes\/2021\/07\/19\/informe-diario-lunes-19-de-julio-de-2021\/","title":{"rendered":"Informe Diario <br> Lunes, 19 de julio de 2021"},"content":{"rendered":"<blockquote>\n<p style=\"text-align: justify;\"><span style=\"font-size: 16px;\"><strong>La expansi\u00f3n de la variante delta de la Covid-19 sirve de pretexto a los mercados para profundizar en el nuevo pullback de corto plazo que se iniciara la pasada semana&#8230;<\/strong><\/span><\/p>\n<\/blockquote>\n<p style=\"text-align: justify;\"><span style=\"font-size: 16px;\"><strong>La expansi\u00f3n de la variante delta de la Covid-19 sirve de pretexto a los mercados para profundizar en el nuevo <em>pullback<\/em> de corto plazo que se iniciara la pasada semana.<\/strong> Europa ha perdido hoy las primeras zonas relevantes de soporte de medio plazo, aunque el riesgo bajista adicional est\u00e1 contenido por el momento por nuevas referencias de apoyo que se encuentran en torno a un -2%\/-2.5% por debajo del cierre de hoy. La ca\u00edda sufrida en esta sesi\u00f3n por las bolsas europeas ha terminado de quebrar la din\u00e1mica alcista de corto plazo, pero la tendencia alcista principal (de medio plazo) resiste por el momento el envite del papel. La bolsa espa\u00f1ola, sin embargo, sigue destacando por su mayor debilidad relativa y ha entrado ya en din\u00e1mica bajista de medio-largo plazo. Ca\u00eddas tambi\u00e9n en las bolsas al otro lado del Atl\u00e1ntico, testando igualmente sus respectivas primeras zonas de soporte en el momento de cerrar este informe. Ning\u00fan sector se salva hoy de la quema, aunque son los c\u00edclicos los que se llevan la peor parte (tecnolog\u00eda no es capaz en esta ocasi\u00f3n de contener la presi\u00f3n vendedora).<\/span><\/p>\n<p style=\"text-align: justify;\"><span style=\"font-size: 16px;\"><strong>Por el momento nos mantenemos dentro de los par\u00e1metros normales de un pullback o correcci\u00f3n de corto plazo dentro de una tendencia principal que contin\u00faa siendo alcista.<\/strong> Estad\u00edsticamente, este tipo de <em>pullbacks<\/em> de corto plazo suelen ser ca\u00eddas r\u00e1pidas y cortas, de varios d\u00edas de duraci\u00f3n, y de una profundidad de entre el -5% y el -10% desde los m\u00e1ximos recientes. Como dec\u00edamos m\u00e1s arriba, de quedar un nuevo pullback, esta correcci\u00f3n de corto plazo no tendr\u00eda consecuencias sobre la vigencia de la tendencia alcista de medio plazo. El \u00edndice europeo EuroStoxx50 acumula en estos momentos una ca\u00edda del orden del -5.8% desde su m\u00e1ximo local de mediados de junio. Por su parte, el S&amp;P500 y el Nasdaq100 acumulan hasta estos momentos sendos retrocesos del orden del -3.5% desde sus m\u00e1ximos de la semana pasada (el Russell2000, sin embargo, se aproxima ya al -10%). Por tanto, en t\u00e9rminos generales, esta din\u00e1mica bajista del mercado se encuadra por el momento dentro de una din\u00e1mica correctiva normal de corto plazo.<\/span><\/p>\n<p style=\"text-align: justify;\"><span style=\"font-size: 16px;\"><strong>Este movimiento bajista en curso deber\u00eda ayudar a corregir las din\u00e1micas excedidas que ven\u00edan presentando algunos sectores y valores, y favorecer\u00eda as\u00ed la construcci\u00f3n de nuevas bases sobre las que asentar nuevas din\u00e1micas alcistas m\u00e1s saludables y sostenibles de cara a las pr\u00f3ximas semanas. <\/strong>En otras palabras, estas ca\u00eddas abrir\u00e1n nuevas y m\u00e1s saludables fuentes de oportunidad de cara a las pr\u00f3ximas semanas. No obstante, antes, habr\u00e1 que esperar a que esta correcci\u00f3n toque fondo, posiblemente, como suele ser costumbre, con un \u00faltimo latigazo \u2014que suponga la capitulaci\u00f3n del dinero y el agotamiento de la presi\u00f3n del papel\u2014, y que dar\u00eda paso a la formaci\u00f3n de esas bases sobre las que desarrollar y sacar partido de nuevas din\u00e1micas alcistas de cara a las pr\u00f3ximas semanas.<\/span><\/p>\n<p style=\"text-align: justify;\"><span style=\"font-size: 16px;\"><strong>En el terreno macroecon\u00f3mico,<\/strong> solo se conoci\u00f3 el \u00edndice NAHB del mercado inmobiliario en Estados Unidos, que baj\u00f3 contra pron\u00f3stico en julio a 80.0 enteros desde los 81.0 puntos del mes precedente.<\/span><\/p>\n<p>&nbsp;<\/p>\n<p><img loading=\"lazy\" decoding=\"async\" data-attachment-id=\"6541\" data-permalink=\"https:\/\/capitaliafamiliar.es\/informes\/2021\/07\/16\/informe-diario-viernes-16-de-julio-de-2021\/rv-777\/\" data-orig-file=\"https:\/\/capitaliafamiliar.es\/informes\/wp-content\/uploads\/2021\/07\/RV-11.jpg\" data-orig-size=\"336,413\" data-comments-opened=\"0\" data-image-meta=\"{&quot;aperture&quot;:&quot;0&quot;,&quot;credit&quot;:&quot;&quot;,&quot;camera&quot;:&quot;&quot;,&quot;caption&quot;:&quot;&quot;,&quot;created_timestamp&quot;:&quot;0&quot;,&quot;copyright&quot;:&quot;&quot;,&quot;focal_length&quot;:&quot;0&quot;,&quot;iso&quot;:&quot;0&quot;,&quot;shutter_speed&quot;:&quot;0&quot;,&quot;title&quot;:&quot;&quot;,&quot;orientation&quot;:&quot;0&quot;}\" data-image-title=\"RV\" data-image-description=\"\" data-image-caption=\"\" data-large-file=\"https:\/\/capitaliafamiliar.es\/informes\/wp-content\/uploads\/2021\/07\/RV-11.jpg\" class=\"alignnone size-full wp-image-6541\" src=\"https:\/\/capitaliafamiliar.es\/informes\/wp-content\/uploads\/2021\/07\/RV-11.jpg\" alt=\"\" width=\"336\" height=\"413\" srcset=\"https:\/\/capitaliafamiliar.es\/informes\/wp-content\/uploads\/2021\/07\/RV-11.jpg 336w, https:\/\/capitaliafamiliar.es\/informes\/wp-content\/uploads\/2021\/07\/RV-11-244x300.jpg 244w\" sizes=\"(max-width: 336px) 100vw, 336px\" \/><img loading=\"lazy\" decoding=\"async\" data-attachment-id=\"6542\" data-permalink=\"https:\/\/capitaliafamiliar.es\/informes\/2021\/07\/16\/informe-diario-viernes-16-de-julio-de-2021\/rf-769\/\" data-orig-file=\"https:\/\/capitaliafamiliar.es\/informes\/wp-content\/uploads\/2021\/07\/RF-11.jpg\" data-orig-size=\"299,353\" data-comments-opened=\"0\" data-image-meta=\"{&quot;aperture&quot;:&quot;0&quot;,&quot;credit&quot;:&quot;&quot;,&quot;camera&quot;:&quot;&quot;,&quot;caption&quot;:&quot;&quot;,&quot;created_timestamp&quot;:&quot;0&quot;,&quot;copyright&quot;:&quot;&quot;,&quot;focal_length&quot;:&quot;0&quot;,&quot;iso&quot;:&quot;0&quot;,&quot;shutter_speed&quot;:&quot;0&quot;,&quot;title&quot;:&quot;&quot;,&quot;orientation&quot;:&quot;0&quot;}\" data-image-title=\"RF\" data-image-description=\"\" data-image-caption=\"\" data-large-file=\"https:\/\/capitaliafamiliar.es\/informes\/wp-content\/uploads\/2021\/07\/RF-11.jpg\" class=\"alignnone size-full wp-image-6542\" src=\"https:\/\/capitaliafamiliar.es\/informes\/wp-content\/uploads\/2021\/07\/RF-11.jpg\" alt=\"\" width=\"299\" height=\"353\" srcset=\"https:\/\/capitaliafamiliar.es\/informes\/wp-content\/uploads\/2021\/07\/RF-11.jpg 299w, https:\/\/capitaliafamiliar.es\/informes\/wp-content\/uploads\/2021\/07\/RF-11-254x300.jpg 254w\" sizes=\"(max-width: 299px) 100vw, 299px\" \/><\/p>\n<p>&nbsp;<\/p>\n<p><strong>| Agenda para ma\u00f1ana |<\/strong><\/p>\n<p><img loading=\"lazy\" decoding=\"async\" data-attachment-id=\"6549\" data-permalink=\"https:\/\/capitaliafamiliar.es\/informes\/2021\/07\/19\/informe-diario-lunes-19-de-julio-de-2021\/ag-505\/\" data-orig-file=\"https:\/\/capitaliafamiliar.es\/informes\/wp-content\/uploads\/2021\/07\/AG-11.jpg\" data-orig-size=\"676,105\" data-comments-opened=\"0\" data-image-meta=\"{&quot;aperture&quot;:&quot;0&quot;,&quot;credit&quot;:&quot;&quot;,&quot;camera&quot;:&quot;&quot;,&quot;caption&quot;:&quot;&quot;,&quot;created_timestamp&quot;:&quot;0&quot;,&quot;copyright&quot;:&quot;&quot;,&quot;focal_length&quot;:&quot;0&quot;,&quot;iso&quot;:&quot;0&quot;,&quot;shutter_speed&quot;:&quot;0&quot;,&quot;title&quot;:&quot;&quot;,&quot;orientation&quot;:&quot;0&quot;}\" data-image-title=\"AG\" data-image-description=\"\" data-image-caption=\"\" data-large-file=\"https:\/\/capitaliafamiliar.es\/informes\/wp-content\/uploads\/2021\/07\/AG-11.jpg\" class=\"alignnone size-full wp-image-6549\" src=\"https:\/\/capitaliafamiliar.es\/informes\/wp-content\/uploads\/2021\/07\/AG-11.jpg\" alt=\"\" width=\"676\" height=\"105\" srcset=\"https:\/\/capitaliafamiliar.es\/informes\/wp-content\/uploads\/2021\/07\/AG-11.jpg 676w, https:\/\/capitaliafamiliar.es\/informes\/wp-content\/uploads\/2021\/07\/AG-11-300x47.jpg 300w\" sizes=\"(max-width: 676px) 100vw, 676px\" \/><\/p>\n<p>&nbsp;<\/p>\n<p>&nbsp;<\/p>\n<p style=\"text-align: center;\"><strong>Solicite informaci\u00f3n sobre nuestros servicios de asesoramiento financiero<\/strong><\/p>\n<p style=\"text-align: center;\">Si necesita ayuda para el cuidado de su patrimonio, no dude en ponerse en contacto con nosotros,<\/p>\n<p style=\"text-align: center;\">sin compromiso.<\/p>\n<p style=\"text-align: center;\">Tel\u00e9fono:\u00a0\u00a0 91 770\u00a0 22 84<\/p>\n<p style=\"text-align: center;\">Correo electr\u00f3nico:\u00a0\u00a0 capitaliafamiliar@capitaliafamiliar.es<\/p>\n","protected":false},"excerpt":{"rendered":"<p>La expansi&oacute;n de la variante delta de la Covid-19 sirve de pretexto a los mercados para profundizar en el nuevo pullback de corto plazo que se iniciara la pasada semana&hellip; La expansi&oacute;n de la variante delta de la Covid-19 sirve de pretexto a los mercados para profundizar en el nuevo pullback de corto plazo que [&hellip;]<\/p>\n","protected":false},"author":2,"featured_media":2525,"comment_status":"closed","ping_status":"closed","sticky":false,"template":"","format":"standard","meta":{"_et_pb_use_builder":"","_et_pb_old_content":"","_et_gb_content_width":"","jetpack_post_was_ever_published":false,"_jetpack_newsletter_access":"","_jetpack_dont_email_post_to_subs":false,"_jetpack_newsletter_tier_id":0,"_jetpack_memberships_contains_paywalled_content":false,"_jetpack_memberships_contains_paid_content":false,"footnotes":""},"categories":[1],"tags":[],"class_list":["post-6548","post","type-post","status-publish","format-standard","has-post-thumbnail","hentry","category-informediario"],"jetpack_featured_media_url":"https:\/\/capitaliafamiliar.es\/informes\/wp-content\/uploads\/2019\/08\/informediario2.png","jetpack_shortlink":"https:\/\/wp.me\/pa2IGq-1HC","jetpack-related-posts":[{"id":3389,"url":"https:\/\/capitaliafamiliar.es\/informes\/2020\/01\/27\/informe-diario-lunes-27-de-enero-de-2020\/","url_meta":{"origin":6548,"position":0},"title":"Informe Diario  Lunes, 27 de enero de 2020","author":"Capitalia Familiar","date":"27 de enero de 2020","format":false,"excerpt":"El coronavirus de Wuhan: el pretexto perfecto en el momento perfecto... El coronavirus de Wuhan: el pretexto perfecto en el momento perfecto... A lo largo de las pasadas semanas, los principales mercados burs\u00e1tiles han venido disfrutando de una clara tendencia alcista sin apenas descanso. Si bien el mercado europeo llevaba\u2026","rel":"","context":"En \u00abInforme Diario\u00bb","block_context":{"text":"Informe Diario","link":"https:\/\/capitaliafamiliar.es\/informes\/category\/informediario\/"},"img":{"alt_text":"","src":"https:\/\/i0.wp.com\/capitaliafamiliar.es\/informes\/wp-content\/uploads\/2019\/08\/informediario2.png?resize=350%2C200&ssl=1","width":350,"height":200,"srcset":"https:\/\/i0.wp.com\/capitaliafamiliar.es\/informes\/wp-content\/uploads\/2019\/08\/informediario2.png?resize=350%2C200&ssl=1 1x, https:\/\/i0.wp.com\/capitaliafamiliar.es\/informes\/wp-content\/uploads\/2019\/08\/informediario2.png?resize=525%2C300&ssl=1 1.5x, https:\/\/i0.wp.com\/capitaliafamiliar.es\/informes\/wp-content\/uploads\/2019\/08\/informediario2.png?resize=700%2C400&ssl=1 2x"},"classes":[]},{"id":4187,"url":"https:\/\/capitaliafamiliar.es\/informes\/2020\/06\/08\/informe-diario-lunes-8-de-junio-de-2020\/","url_meta":{"origin":6548,"position":1},"title":"Informe Diario  Lunes, 8 de junio de 2020","author":"Capitalia Familiar","date":"8 de junio de 2020","format":false,"excerpt":"Posible consolidaci\u00f3n de corto plazo dentro de la tendencia alcista... Posible consolidaci\u00f3n de corto plazo dentro de la tendencia alcista\u00a0El hachazo alcista que dieron las bolsas la semana pasada se concret\u00f3 en una acusada expansi\u00f3n de rangos, con el consiguiente aumento tambi\u00e9n de la volatilidad. Esta din\u00e1mica de expansi\u00f3n de\u2026","rel":"","context":"En \u00abInforme Diario\u00bb","block_context":{"text":"Informe Diario","link":"https:\/\/capitaliafamiliar.es\/informes\/category\/informediario\/"},"img":{"alt_text":"","src":"https:\/\/i0.wp.com\/capitaliafamiliar.es\/informes\/wp-content\/uploads\/2019\/08\/informediario2.png?resize=350%2C200&ssl=1","width":350,"height":200,"srcset":"https:\/\/i0.wp.com\/capitaliafamiliar.es\/informes\/wp-content\/uploads\/2019\/08\/informediario2.png?resize=350%2C200&ssl=1 1x, https:\/\/i0.wp.com\/capitaliafamiliar.es\/informes\/wp-content\/uploads\/2019\/08\/informediario2.png?resize=525%2C300&ssl=1 1.5x, https:\/\/i0.wp.com\/capitaliafamiliar.es\/informes\/wp-content\/uploads\/2019\/08\/informediario2.png?resize=700%2C400&ssl=1 2x"},"classes":[]},{"id":6450,"url":"https:\/\/capitaliafamiliar.es\/informes\/2021\/07\/05\/analisis-del-fin-de-semana-3-y-4-de-julio-de-2021\/","url_meta":{"origin":6548,"position":2},"title":"An\u00e1lisis del fin de semana  3 y 4 de julio de 2021","author":"Capitalia Familiar","date":"5 de julio de 2021","format":false,"excerpt":"Estados Unidos va por libre, aparentemente, y de momento... Conclusiones del an\u00e1lisis del fin de semana: Estados Unidos va por libre, aparentemente, y de momento... Estados Unidos va por libre, aparentemente, y de momento\u2026 El mercado estadounidense es otro mundo. Con frecuencia lo es. Hoy en d\u00eda lo es. Al\u2026","rel":"","context":"En \u00abInforme Diario\u00bb","block_context":{"text":"Informe Diario","link":"https:\/\/capitaliafamiliar.es\/informes\/category\/informediario\/"},"img":{"alt_text":"","src":"https:\/\/i0.wp.com\/capitaliafamiliar.es\/informes\/wp-content\/uploads\/2021\/02\/comentarioespecial.png?resize=350%2C200&ssl=1","width":350,"height":200,"srcset":"https:\/\/i0.wp.com\/capitaliafamiliar.es\/informes\/wp-content\/uploads\/2021\/02\/comentarioespecial.png?resize=350%2C200&ssl=1 1x, https:\/\/i0.wp.com\/capitaliafamiliar.es\/informes\/wp-content\/uploads\/2021\/02\/comentarioespecial.png?resize=525%2C300&ssl=1 1.5x, https:\/\/i0.wp.com\/capitaliafamiliar.es\/informes\/wp-content\/uploads\/2021\/02\/comentarioespecial.png?resize=700%2C400&ssl=1 2x"},"classes":[]},{"id":9872,"url":"https:\/\/capitaliafamiliar.es\/informes\/2023\/08\/08\/continua-la-dinamica-correctiva-de-corto-plazo-en-las-bolsas-que-alcanzan-la-zona-de-soporte-de-medio-y-largo-plazo\/","url_meta":{"origin":6548,"position":3},"title":"Contin\u00faa la din\u00e1mica correctiva de corto plazo en las bolsas, que alcanzan la zona de soporte de medio y largo plazo","author":"Capitalia Familiar","date":"8 de agosto de 2023","format":false,"excerpt":"Informe diario del martes, 8 de agosto de 2023 \u00a0 Sinopsis Hoy en los mercados El intento de rebote se desvanece y las bolsas vuelven a registrar ca\u00eddas importantes que amenazan la tendencia alcista de medio y largo plazo. An\u00e1lisis de situaci\u00f3n La inflaci\u00f3n de China (ma\u00f1ana) y Estados Unidos\u2026","rel":"","context":"En \u00abInforme Diario\u00bb","block_context":{"text":"Informe Diario","link":"https:\/\/capitaliafamiliar.es\/informes\/category\/informediario\/"},"img":{"alt_text":"","src":"https:\/\/i0.wp.com\/capitaliafamiliar.es\/informes\/wp-content\/uploads\/2019\/08\/informediario2.png?resize=350%2C200&ssl=1","width":350,"height":200,"srcset":"https:\/\/i0.wp.com\/capitaliafamiliar.es\/informes\/wp-content\/uploads\/2019\/08\/informediario2.png?resize=350%2C200&ssl=1 1x, https:\/\/i0.wp.com\/capitaliafamiliar.es\/informes\/wp-content\/uploads\/2019\/08\/informediario2.png?resize=525%2C300&ssl=1 1.5x, https:\/\/i0.wp.com\/capitaliafamiliar.es\/informes\/wp-content\/uploads\/2019\/08\/informediario2.png?resize=700%2C400&ssl=1 2x"},"classes":[]},{"id":3396,"url":"https:\/\/capitaliafamiliar.es\/informes\/2020\/01\/28\/informe-diario-martes-28-de-enero-de-2020\/","url_meta":{"origin":6548,"position":4},"title":"Informe Diario  Martes, 28 de enero de 2020","author":"Capitalia Familiar","date":"28 de enero de 2020","format":false,"excerpt":"Primer intento de estabilizaci\u00f3n de las bolsas tras el pullback de las pasadas sesiones: el fondo de mercado contin\u00faa siendo s\u00f3lido... Primer intento de estabilizaci\u00f3n de las bolsas tras el pullback de las pasadas sesiones. A\u00fan es pronto para dar por cerrada la reciente correcci\u00f3n bajista de corto plazo, pero\u2026","rel":"","context":"En \u00abInforme Diario\u00bb","block_context":{"text":"Informe Diario","link":"https:\/\/capitaliafamiliar.es\/informes\/category\/informediario\/"},"img":{"alt_text":"","src":"https:\/\/i0.wp.com\/capitaliafamiliar.es\/informes\/wp-content\/uploads\/2019\/08\/informediario2.png?resize=350%2C200&ssl=1","width":350,"height":200,"srcset":"https:\/\/i0.wp.com\/capitaliafamiliar.es\/informes\/wp-content\/uploads\/2019\/08\/informediario2.png?resize=350%2C200&ssl=1 1x, https:\/\/i0.wp.com\/capitaliafamiliar.es\/informes\/wp-content\/uploads\/2019\/08\/informediario2.png?resize=525%2C300&ssl=1 1.5x, https:\/\/i0.wp.com\/capitaliafamiliar.es\/informes\/wp-content\/uploads\/2019\/08\/informediario2.png?resize=700%2C400&ssl=1 2x"},"classes":[]},{"id":4291,"url":"https:\/\/capitaliafamiliar.es\/informes\/2020\/06\/22\/informe-diario-lunes-22-de-junio-de-2020\/","url_meta":{"origin":6548,"position":5},"title":"Informe Diario  Lunes, 22 de junio de 2020","author":"Capitalia Familiar","date":"22 de junio de 2020","format":false,"excerpt":"Indefinici\u00f3n en las bolsas a corto plazo, dentro de una tendencia principal que contin\u00faa siendo alcista... Indefinici\u00f3n en las bolsas\u00a0 a corto plazo, dentro de una tendencia principal que contin\u00faa siendo alcista. En la tarde-noche del pasado viernes, con el mercado de contado europeo ya cerrado, se produjeron ca\u00eddas en\u2026","rel":"","context":"En \u00abInforme Diario\u00bb","block_context":{"text":"Informe Diario","link":"https:\/\/capitaliafamiliar.es\/informes\/category\/informediario\/"},"img":{"alt_text":"","src":"https:\/\/i0.wp.com\/capitaliafamiliar.es\/informes\/wp-content\/uploads\/2019\/08\/informediario2.png?resize=350%2C200&ssl=1","width":350,"height":200,"srcset":"https:\/\/i0.wp.com\/capitaliafamiliar.es\/informes\/wp-content\/uploads\/2019\/08\/informediario2.png?resize=350%2C200&ssl=1 1x, https:\/\/i0.wp.com\/capitaliafamiliar.es\/informes\/wp-content\/uploads\/2019\/08\/informediario2.png?resize=525%2C300&ssl=1 1.5x, https:\/\/i0.wp.com\/capitaliafamiliar.es\/informes\/wp-content\/uploads\/2019\/08\/informediario2.png?resize=700%2C400&ssl=1 2x"},"classes":[]}],"jetpack_sharing_enabled":true,"_links":{"self":[{"href":"https:\/\/capitaliafamiliar.es\/informes\/wp-json\/wp\/v2\/posts\/6548","targetHints":{"allow":["GET"]}}],"collection":[{"href":"https:\/\/capitaliafamiliar.es\/informes\/wp-json\/wp\/v2\/posts"}],"about":[{"href":"https:\/\/capitaliafamiliar.es\/informes\/wp-json\/wp\/v2\/types\/post"}],"author":[{"embeddable":true,"href":"https:\/\/capitaliafamiliar.es\/informes\/wp-json\/wp\/v2\/users\/2"}],"replies":[{"embeddable":true,"href":"https:\/\/capitaliafamiliar.es\/informes\/wp-json\/wp\/v2\/comments?post=6548"}],"version-history":[{"count":2,"href":"https:\/\/capitaliafamiliar.es\/informes\/wp-json\/wp\/v2\/posts\/6548\/revisions"}],"predecessor-version":[{"id":6551,"href":"https:\/\/capitaliafamiliar.es\/informes\/wp-json\/wp\/v2\/posts\/6548\/revisions\/6551"}],"wp:featuredmedia":[{"embeddable":true,"href":"https:\/\/capitaliafamiliar.es\/informes\/wp-json\/wp\/v2\/media\/2525"}],"wp:attachment":[{"href":"https:\/\/capitaliafamiliar.es\/informes\/wp-json\/wp\/v2\/media?parent=6548"}],"wp:term":[{"taxonomy":"category","embeddable":true,"href":"https:\/\/capitaliafamiliar.es\/informes\/wp-json\/wp\/v2\/categories?post=6548"},{"taxonomy":"post_tag","embeddable":true,"href":"https:\/\/capitaliafamiliar.es\/informes\/wp-json\/wp\/v2\/tags?post=6548"}],"curies":[{"name":"wp","href":"https:\/\/api.w.org\/{rel}","templated":true}]}}