{"id":6552,"date":"2021-07-20T16:17:40","date_gmt":"2021-07-20T16:17:40","guid":{"rendered":"https:\/\/capitaliafamiliar.es\/informes\/?p=6552"},"modified":"2021-07-20T16:18:02","modified_gmt":"2021-07-20T16:18:02","slug":"informe-diario-martes-20-de-julio-de-2021","status":"publish","type":"post","link":"https:\/\/capitaliafamiliar.es\/informes\/2021\/07\/20\/informe-diario-martes-20-de-julio-de-2021\/","title":{"rendered":"Informe Diario <br> Martes, 20 de julio de 2021"},"content":{"rendered":"<blockquote>\n<p style=\"text-align: justify;\"><span style=\"font-size: 16px;\"><strong>Rebote t\u00e9cnico en las bolsas&#8230;<\/strong><\/span><\/p>\n<\/blockquote>\n<p style=\"text-align: justify;\"><span style=\"font-size: 16px;\"><strong>Rebote t\u00e9cnico en las bolsas.<\/strong> Liderados por la bolsa estadounidense, los mercados burs\u00e1tiles occidentales han iniciado hoy el rebote tras varios d\u00edas de ca\u00eddas, especialmente intensas en la jornada de ayer. El rebote se ha concentrado en las empresas c\u00edclicas, las m\u00e1s perjudicadas en la ca\u00edda previa. Sin embargo, todav\u00eda no se puede dar por terminada la fase correctiva de corto plazo, porque la mayor parte de los \u00edndices todav\u00eda no han recuperado ninguna zona de soporte relevante al alza. Por ahora solo podemos hablar de rebote t\u00e9cnico, debido al bajo volumen registrado hoy (y muy bajo en comparaci\u00f3n con el experimentado en la ca\u00edda) y a la inconsistencia producida al recuperar a la vez las c\u00edclicas y la deuda p\u00fablica. <strong>Siempre es positivo que el mercado est\u00e9 ensayando un suelo a la ca\u00edda, pero todav\u00eda es pronto para dar por cerrada la din\u00e1mica correctiva.\u00a0<\/strong><\/span><\/p>\n<p style=\"text-align: justify;\"><span style=\"font-size: 16px;\"><strong>En el terreno macroecon\u00f3mico,<\/strong> el sector inmobiliario estadounidense sigue viviendo un buen momento pese al descenso en junio de los permisos de construcci\u00f3n de 1.68 a 1.60 millones. M\u00e1s positivas resultaron las viviendas iniciadas, que aumentaron m\u00e1s de lo previsto hasta 1.64 millones de unidades. En Alemania, los precios de producci\u00f3n avanzaron en junio un +8.5% interanual, una d\u00e9cima m\u00e1s de lo previsto, y en Jap\u00f3n el IPC volvi\u00f3 a terreno positivo al crecer en junio un +0.2% interanual, frente al -0.1% de mayo.<\/span><\/p>\n<p>&nbsp;<\/p>\n<p><img loading=\"lazy\" decoding=\"async\" data-attachment-id=\"6558\" data-permalink=\"https:\/\/capitaliafamiliar.es\/informes\/2021\/07\/20\/informe-diario-martes-20-de-julio-de-2021\/rv-778\/\" data-orig-file=\"https:\/\/capitaliafamiliar.es\/informes\/wp-content\/uploads\/2021\/07\/RV-12.jpg\" data-orig-size=\"336,413\" data-comments-opened=\"0\" data-image-meta=\"{&quot;aperture&quot;:&quot;0&quot;,&quot;credit&quot;:&quot;&quot;,&quot;camera&quot;:&quot;&quot;,&quot;caption&quot;:&quot;&quot;,&quot;created_timestamp&quot;:&quot;0&quot;,&quot;copyright&quot;:&quot;&quot;,&quot;focal_length&quot;:&quot;0&quot;,&quot;iso&quot;:&quot;0&quot;,&quot;shutter_speed&quot;:&quot;0&quot;,&quot;title&quot;:&quot;&quot;,&quot;orientation&quot;:&quot;0&quot;}\" data-image-title=\"RV\" data-image-description=\"\" data-image-caption=\"\" data-large-file=\"https:\/\/capitaliafamiliar.es\/informes\/wp-content\/uploads\/2021\/07\/RV-12.jpg\" class=\"alignnone size-full wp-image-6558\" src=\"https:\/\/capitaliafamiliar.es\/informes\/wp-content\/uploads\/2021\/07\/RV-12.jpg\" alt=\"\" width=\"336\" height=\"413\" srcset=\"https:\/\/capitaliafamiliar.es\/informes\/wp-content\/uploads\/2021\/07\/RV-12.jpg 336w, https:\/\/capitaliafamiliar.es\/informes\/wp-content\/uploads\/2021\/07\/RV-12-244x300.jpg 244w\" sizes=\"(max-width: 336px) 100vw, 336px\" \/><img loading=\"lazy\" decoding=\"async\" data-attachment-id=\"6559\" data-permalink=\"https:\/\/capitaliafamiliar.es\/informes\/2021\/07\/20\/informe-diario-martes-20-de-julio-de-2021\/rf-770\/\" data-orig-file=\"https:\/\/capitaliafamiliar.es\/informes\/wp-content\/uploads\/2021\/07\/RF-12.jpg\" data-orig-size=\"299,353\" data-comments-opened=\"0\" data-image-meta=\"{&quot;aperture&quot;:&quot;0&quot;,&quot;credit&quot;:&quot;&quot;,&quot;camera&quot;:&quot;&quot;,&quot;caption&quot;:&quot;&quot;,&quot;created_timestamp&quot;:&quot;0&quot;,&quot;copyright&quot;:&quot;&quot;,&quot;focal_length&quot;:&quot;0&quot;,&quot;iso&quot;:&quot;0&quot;,&quot;shutter_speed&quot;:&quot;0&quot;,&quot;title&quot;:&quot;&quot;,&quot;orientation&quot;:&quot;0&quot;}\" data-image-title=\"RF\" data-image-description=\"\" data-image-caption=\"\" data-large-file=\"https:\/\/capitaliafamiliar.es\/informes\/wp-content\/uploads\/2021\/07\/RF-12.jpg\" class=\"alignnone size-full wp-image-6559\" src=\"https:\/\/capitaliafamiliar.es\/informes\/wp-content\/uploads\/2021\/07\/RF-12.jpg\" alt=\"\" width=\"299\" height=\"353\" srcset=\"https:\/\/capitaliafamiliar.es\/informes\/wp-content\/uploads\/2021\/07\/RF-12.jpg 299w, https:\/\/capitaliafamiliar.es\/informes\/wp-content\/uploads\/2021\/07\/RF-12-254x300.jpg 254w\" sizes=\"(max-width: 299px) 100vw, 299px\" \/><\/p>\n<p>&nbsp;<\/p>\n<p><strong>| Agenda para ma\u00f1ana |<\/strong><\/p>\n<p><img loading=\"lazy\" decoding=\"async\" data-attachment-id=\"6553\" data-permalink=\"https:\/\/capitaliafamiliar.es\/informes\/2021\/07\/20\/informe-diario-martes-20-de-julio-de-2021\/ag-506\/\" data-orig-file=\"https:\/\/capitaliafamiliar.es\/informes\/wp-content\/uploads\/2021\/07\/AG-12.jpg\" data-orig-size=\"676,53\" data-comments-opened=\"0\" data-image-meta=\"{&quot;aperture&quot;:&quot;0&quot;,&quot;credit&quot;:&quot;&quot;,&quot;camera&quot;:&quot;&quot;,&quot;caption&quot;:&quot;&quot;,&quot;created_timestamp&quot;:&quot;0&quot;,&quot;copyright&quot;:&quot;&quot;,&quot;focal_length&quot;:&quot;0&quot;,&quot;iso&quot;:&quot;0&quot;,&quot;shutter_speed&quot;:&quot;0&quot;,&quot;title&quot;:&quot;&quot;,&quot;orientation&quot;:&quot;0&quot;}\" data-image-title=\"AG\" data-image-description=\"\" data-image-caption=\"\" data-large-file=\"https:\/\/capitaliafamiliar.es\/informes\/wp-content\/uploads\/2021\/07\/AG-12.jpg\" class=\"alignnone size-full wp-image-6553\" src=\"https:\/\/capitaliafamiliar.es\/informes\/wp-content\/uploads\/2021\/07\/AG-12.jpg\" alt=\"\" width=\"676\" height=\"53\" srcset=\"https:\/\/capitaliafamiliar.es\/informes\/wp-content\/uploads\/2021\/07\/AG-12.jpg 676w, https:\/\/capitaliafamiliar.es\/informes\/wp-content\/uploads\/2021\/07\/AG-12-300x24.jpg 300w\" sizes=\"(max-width: 676px) 100vw, 676px\" \/><\/p>\n<p>&nbsp;<\/p>\n<p>&nbsp;<\/p>\n<p style=\"text-align: center;\"><strong>Solicite informaci\u00f3n sobre nuestros servicios de asesoramiento financiero<\/strong><\/p>\n<p style=\"text-align: center;\">Si necesita ayuda para el cuidado de su patrimonio, no dude en ponerse en contacto con nosotros,<\/p>\n<p style=\"text-align: center;\">sin compromiso.<\/p>\n<p style=\"text-align: center;\">Tel\u00e9fono:\u00a0\u00a0 91 770\u00a0 22 84<\/p>\n<p style=\"text-align: center;\">Correo electr\u00f3nico:\u00a0\u00a0 capitaliafamiliar@capitaliafamiliar.es<\/p>\n","protected":false},"excerpt":{"rendered":"<p>Rebote t&eacute;cnico en las bolsas&hellip; Rebote t&eacute;cnico en las bolsas. Liderados por la bolsa estadounidense, los mercados burs&aacute;tiles occidentales han iniciado hoy el rebote tras varios d&iacute;as de ca&iacute;das, especialmente intensas en la jornada de ayer. El rebote se ha concentrado en las empresas c&iacute;clicas, las m&aacute;s perjudicadas en la ca&iacute;da previa. Sin embargo, todav&iacute;a [&hellip;]<\/p>\n","protected":false},"author":2,"featured_media":2525,"comment_status":"closed","ping_status":"closed","sticky":false,"template":"","format":"standard","meta":{"_et_pb_use_builder":"","_et_pb_old_content":"","_et_gb_content_width":"","jetpack_post_was_ever_published":false,"_jetpack_newsletter_access":"","_jetpack_dont_email_post_to_subs":false,"_jetpack_newsletter_tier_id":0,"_jetpack_memberships_contains_paywalled_content":false,"_jetpack_memberships_contains_paid_content":false,"footnotes":""},"categories":[1],"tags":[],"class_list":["post-6552","post","type-post","status-publish","format-standard","has-post-thumbnail","hentry","category-informediario"],"jetpack_featured_media_url":"https:\/\/capitaliafamiliar.es\/informes\/wp-content\/uploads\/2019\/08\/informediario2.png","jetpack_shortlink":"https:\/\/wp.me\/pa2IGq-1HG","jetpack-related-posts":[{"id":6561,"url":"https:\/\/capitaliafamiliar.es\/informes\/2021\/07\/21\/informe-diario-miercoles-21-de-julio-de-2021\/","url_meta":{"origin":6552,"position":0},"title":"Informe Diario  Mi\u00e9rcoles, 21 de julio de 2021","author":"Capitalia Familiar","date":"21 de julio de 2021","format":false,"excerpt":"El rebote en las bolsas sigue vivo, pero resulta todav\u00eda insuficiente para recuperar niveles relevantes... El rebote en las bolsas sigue vivo, pero resulta todav\u00eda insuficiente para recuperar niveles relevantes. Seguimos por ahora ante un rebote t\u00e9cnico dentro de una din\u00e1mica bajista de corto plazo. De hecho, en Europa los\u2026","rel":"","context":"En \u00abInforme Diario\u00bb","block_context":{"text":"Informe Diario","link":"https:\/\/capitaliafamiliar.es\/informes\/category\/informediario\/"},"img":{"alt_text":"","src":"https:\/\/i0.wp.com\/capitaliafamiliar.es\/informes\/wp-content\/uploads\/2019\/08\/informediario2.png?resize=350%2C200&ssl=1","width":350,"height":200,"srcset":"https:\/\/i0.wp.com\/capitaliafamiliar.es\/informes\/wp-content\/uploads\/2019\/08\/informediario2.png?resize=350%2C200&ssl=1 1x, https:\/\/i0.wp.com\/capitaliafamiliar.es\/informes\/wp-content\/uploads\/2019\/08\/informediario2.png?resize=525%2C300&ssl=1 1.5x, https:\/\/i0.wp.com\/capitaliafamiliar.es\/informes\/wp-content\/uploads\/2019\/08\/informediario2.png?resize=700%2C400&ssl=1 2x"},"classes":[]},{"id":7838,"url":"https:\/\/capitaliafamiliar.es\/informes\/2022\/06\/21\/rebote-tecnico-en-las-bolsas-que-permite-purgar-la-sobreventa-acumulada\/","url_meta":{"origin":6552,"position":1},"title":"Rebote t\u00e9cnico en las bolsas que permite purgar la sobreventa acumulada","author":"Capitalia Familiar","date":"21 de junio de 2022","format":false,"excerpt":"Informe diario del martes, 21 de junio de 2022 \u00a0 Sinopsis Hoy en los mercados\u2026 La recuperaci\u00f3n de las bolsas afianza la zona de soporte, pero no aleja definitivamente el riesgo a que se produzcan nuevas ca\u00eddas. An\u00e1lisis de situaci\u00f3n y perspectivas Rebote t\u00e9cnico en las bolsas que permite purgar\u2026","rel":"","context":"En \u00abInforme Diario\u00bb","block_context":{"text":"Informe Diario","link":"https:\/\/capitaliafamiliar.es\/informes\/category\/informediario\/"},"img":{"alt_text":"","src":"https:\/\/i0.wp.com\/capitaliafamiliar.es\/informes\/wp-content\/uploads\/2019\/08\/informediario2.png?resize=350%2C200&ssl=1","width":350,"height":200,"srcset":"https:\/\/i0.wp.com\/capitaliafamiliar.es\/informes\/wp-content\/uploads\/2019\/08\/informediario2.png?resize=350%2C200&ssl=1 1x, https:\/\/i0.wp.com\/capitaliafamiliar.es\/informes\/wp-content\/uploads\/2019\/08\/informediario2.png?resize=525%2C300&ssl=1 1.5x, https:\/\/i0.wp.com\/capitaliafamiliar.es\/informes\/wp-content\/uploads\/2019\/08\/informediario2.png?resize=700%2C400&ssl=1 2x"},"classes":[]},{"id":6976,"url":"https:\/\/capitaliafamiliar.es\/informes\/2021\/10\/05\/informe-diario-martes-5-de-octubre-de-2021\/","url_meta":{"origin":6552,"position":2},"title":"Informe Diario  Martes, 5 de octubre de 2021","author":"Capitalia Familiar","date":"5 de octubre de 2021","format":false,"excerpt":"Rebote t\u00e9cnico en las bolsas que afianza la fortaleza de las zonas de soporte... \u00a0 Rebote t\u00e9cnico en las bolsas que afianza la fortaleza de las zonas de soporte. Tras varias sesiones de debilidad manifiesta en las bolsas, hoy se ha producido un rebote prometedor desde zonas de soporte. Es\u2026","rel":"","context":"En \u00abInforme Diario\u00bb","block_context":{"text":"Informe Diario","link":"https:\/\/capitaliafamiliar.es\/informes\/category\/informediario\/"},"img":{"alt_text":"","src":"https:\/\/i0.wp.com\/capitaliafamiliar.es\/informes\/wp-content\/uploads\/2019\/08\/informediario2.png?resize=350%2C200&ssl=1","width":350,"height":200,"srcset":"https:\/\/i0.wp.com\/capitaliafamiliar.es\/informes\/wp-content\/uploads\/2019\/08\/informediario2.png?resize=350%2C200&ssl=1 1x, https:\/\/i0.wp.com\/capitaliafamiliar.es\/informes\/wp-content\/uploads\/2019\/08\/informediario2.png?resize=525%2C300&ssl=1 1.5x, https:\/\/i0.wp.com\/capitaliafamiliar.es\/informes\/wp-content\/uploads\/2019\/08\/informediario2.png?resize=700%2C400&ssl=1 2x"},"classes":[]},{"id":7818,"url":"https:\/\/capitaliafamiliar.es\/informes\/2022\/06\/13\/no-es-descartable-que-se-produzca-un-rebote-tecnico-de-corto-plazo-en-las-bolsas-debido-a-la-elevada-sobreventa-pero-la-tendencia-de-fondo-es-claramente-bajista\/","url_meta":{"origin":6552,"position":3},"title":"No es descartable que se produzca un rebote t\u00e9cnico de corto plazo en las bolsas debido a la elevada sobreventa, pero la tendencia de fondo es claramente bajista","author":"Capitalia Familiar","date":"13 de junio de 2022","format":false,"excerpt":"Informe diario del lunes, 13 de junio de 2022 \u00a0 Sinopsis Hoy en los mercados\u2026 La realidad econ\u00f3mica fulmina a los mercados. An\u00e1lisis de situaci\u00f3n y perspectivas No es descartable que se produzca un rebote t\u00e9cnico de corto plazo en las bolsas debido a la elevada sobreventa, pero la tendencia\u2026","rel":"","context":"En \u00abInforme Diario\u00bb","block_context":{"text":"Informe Diario","link":"https:\/\/capitaliafamiliar.es\/informes\/category\/informediario\/"},"img":{"alt_text":"","src":"https:\/\/i0.wp.com\/capitaliafamiliar.es\/informes\/wp-content\/uploads\/2019\/08\/informediario2.png?resize=350%2C200&ssl=1","width":350,"height":200,"srcset":"https:\/\/i0.wp.com\/capitaliafamiliar.es\/informes\/wp-content\/uploads\/2019\/08\/informediario2.png?resize=350%2C200&ssl=1 1x, https:\/\/i0.wp.com\/capitaliafamiliar.es\/informes\/wp-content\/uploads\/2019\/08\/informediario2.png?resize=525%2C300&ssl=1 1.5x, https:\/\/i0.wp.com\/capitaliafamiliar.es\/informes\/wp-content\/uploads\/2019\/08\/informediario2.png?resize=700%2C400&ssl=1 2x"},"classes":[]},{"id":6160,"url":"https:\/\/capitaliafamiliar.es\/informes\/2021\/05\/17\/informe-diario-lunes-17-de-mayo-de-2021\/","url_meta":{"origin":6552,"position":4},"title":"Informe Diario  Lunes, 17 de mayo de 2021","author":"Capitalia Familiar","date":"17 de mayo de 2021","format":false,"excerpt":"El rebote de las bolsas se frena y crecen las dudas sobre la fiabilidad del mismo... El rebote de las bolsas se frena y crecen las dudas sobre la fiabilidad del mismo. Las bolsas no lograron enlazar su tercera sesi\u00f3n consecutiva al alza y la continuidad del rebote queda en\u2026","rel":"","context":"En \u00abInforme Diario\u00bb","block_context":{"text":"Informe Diario","link":"https:\/\/capitaliafamiliar.es\/informes\/category\/informediario\/"},"img":{"alt_text":"","src":"https:\/\/i0.wp.com\/capitaliafamiliar.es\/informes\/wp-content\/uploads\/2019\/08\/informediario2.png?resize=350%2C200&ssl=1","width":350,"height":200,"srcset":"https:\/\/i0.wp.com\/capitaliafamiliar.es\/informes\/wp-content\/uploads\/2019\/08\/informediario2.png?resize=350%2C200&ssl=1 1x, https:\/\/i0.wp.com\/capitaliafamiliar.es\/informes\/wp-content\/uploads\/2019\/08\/informediario2.png?resize=525%2C300&ssl=1 1.5x, https:\/\/i0.wp.com\/capitaliafamiliar.es\/informes\/wp-content\/uploads\/2019\/08\/informediario2.png?resize=700%2C400&ssl=1 2x"},"classes":[]},{"id":7395,"url":"https:\/\/capitaliafamiliar.es\/informes\/2021\/12\/22\/las-bolsas-prolongan-el-rebote-pero-la-inestabilidad-causada-por-la-variante-omicron-no-ha-desaparecido\/","url_meta":{"origin":6552,"position":5},"title":"Las bolsas prolongan el rebote, pero la inestabilidad causada por la variante Omicron no ha desaparecido","author":"Capitalia Familiar","date":"22 de diciembre de 2021","format":false,"excerpt":"Informe diario del mi\u00e9rcoles, 22 de diciembre de 2021 Las bolsas prolongan el rebote, pero la inestabilidad causada por la variante Omicron no ha desaparecido. Los mercados contin\u00faan mostr\u00e1ndose positivos con respecto a Omicron pese al aumento de los contagios. La variante, altamente contagiosa, hasta ahora no ha mostrado una\u2026","rel":"","context":"En \u00abInforme Diario\u00bb","block_context":{"text":"Informe Diario","link":"https:\/\/capitaliafamiliar.es\/informes\/category\/informediario\/"},"img":{"alt_text":"","src":"https:\/\/i0.wp.com\/capitaliafamiliar.es\/informes\/wp-content\/uploads\/2019\/08\/informediario2.png?resize=350%2C200&ssl=1","width":350,"height":200,"srcset":"https:\/\/i0.wp.com\/capitaliafamiliar.es\/informes\/wp-content\/uploads\/2019\/08\/informediario2.png?resize=350%2C200&ssl=1 1x, https:\/\/i0.wp.com\/capitaliafamiliar.es\/informes\/wp-content\/uploads\/2019\/08\/informediario2.png?resize=525%2C300&ssl=1 1.5x, https:\/\/i0.wp.com\/capitaliafamiliar.es\/informes\/wp-content\/uploads\/2019\/08\/informediario2.png?resize=700%2C400&ssl=1 2x"},"classes":[]}],"jetpack_sharing_enabled":true,"_links":{"self":[{"href":"https:\/\/capitaliafamiliar.es\/informes\/wp-json\/wp\/v2\/posts\/6552","targetHints":{"allow":["GET"]}}],"collection":[{"href":"https:\/\/capitaliafamiliar.es\/informes\/wp-json\/wp\/v2\/posts"}],"about":[{"href":"https:\/\/capitaliafamiliar.es\/informes\/wp-json\/wp\/v2\/types\/post"}],"author":[{"embeddable":true,"href":"https:\/\/capitaliafamiliar.es\/informes\/wp-json\/wp\/v2\/users\/2"}],"replies":[{"embeddable":true,"href":"https:\/\/capitaliafamiliar.es\/informes\/wp-json\/wp\/v2\/comments?post=6552"}],"version-history":[{"count":5,"href":"https:\/\/capitaliafamiliar.es\/informes\/wp-json\/wp\/v2\/posts\/6552\/revisions"}],"predecessor-version":[{"id":6560,"href":"https:\/\/capitaliafamiliar.es\/informes\/wp-json\/wp\/v2\/posts\/6552\/revisions\/6560"}],"wp:featuredmedia":[{"embeddable":true,"href":"https:\/\/capitaliafamiliar.es\/informes\/wp-json\/wp\/v2\/media\/2525"}],"wp:attachment":[{"href":"https:\/\/capitaliafamiliar.es\/informes\/wp-json\/wp\/v2\/media?parent=6552"}],"wp:term":[{"taxonomy":"category","embeddable":true,"href":"https:\/\/capitaliafamiliar.es\/informes\/wp-json\/wp\/v2\/categories?post=6552"},{"taxonomy":"post_tag","embeddable":true,"href":"https:\/\/capitaliafamiliar.es\/informes\/wp-json\/wp\/v2\/tags?post=6552"}],"curies":[{"name":"wp","href":"https:\/\/api.w.org\/{rel}","templated":true}]}}