{"id":6579,"date":"2021-07-26T07:11:05","date_gmt":"2021-07-26T07:11:05","guid":{"rendered":"https:\/\/capitaliafamiliar.es\/informes\/?p=6579"},"modified":"2021-07-26T07:11:05","modified_gmt":"2021-07-26T07:11:05","slug":"analisis-del-fin-de-semana-24-y-25-de-julio-de-2021","status":"publish","type":"post","link":"https:\/\/capitaliafamiliar.es\/informes\/2021\/07\/26\/analisis-del-fin-de-semana-24-y-25-de-julio-de-2021\/","title":{"rendered":"An\u00e1lisis del fin de semana <br> 24 y 25 de julio de 2021"},"content":{"rendered":"<blockquote>\n<p style=\"text-align: justify;\"><span style=\"font-size: 16px;\"><strong>Tormentas de verano&#8230;<\/strong><\/span><\/p>\n<\/blockquote>\n<p style=\"text-align: justify;\"><span style=\"font-size: 16px;\">Conclusiones del an\u00e1lisis del fin de semana:<\/span><\/p>\n<ul style=\"text-align: justify;\">\n<li><span style=\"font-size: 16px;\"><strong>Tormentas de verano&#8230;<\/strong><\/span><\/li>\n<\/ul>\n<p>&nbsp;<\/p>\n<p style=\"text-align: justify;\"><span style=\"font-size: 16px;\"><strong><u>Tormentas de verano\u2026<\/u><\/strong><\/span><\/p>\n<p style=\"text-align: justify;\"><span style=\"font-size: 16px;\"><strong>Tormentas de verano en los mercados.<\/strong> Y van dos en un mes.<\/span><\/p>\n<p style=\"text-align: justify;\"><span style=\"font-size: 16px;\"><strong>El comportamiento del mercado sigue estando condicionado por la fase de transici\u00f3n en que se encuentra, dentro del proceso de progresiva reapertura y normalizaci\u00f3n de las econom\u00edas. <\/strong>Esta reapertura de las econom\u00edas se est\u00e1 traduciendo en noticias positivas en t\u00e9rminos de crecimiento econ\u00f3mico y de los beneficios empresariales, pero tambi\u00e9n en tensiones inflacionistas acusadas por el momento. En este contexto, la Reserva Federal se ha visto obligada a empezar a preparar el inicio del proceso de normalizaci\u00f3n de su pol\u00edtica monetaria, que se concretar\u00e1 en pr\u00f3ximos trimestres en la retirada de los est\u00edmulos a los que durante m\u00e1s de una d\u00e9cada ha ido acostumbrando a los mercados.<\/span><\/p>\n<p style=\"text-align: justify;\"><span style=\"font-size: 16px;\"><strong>No es de extra\u00f1ar, por tanto, que dentro de esta fase de transici\u00f3n los mercados se vean sacudidos de cuando en cuando por episodios con volatilidades relativamente m\u00e1s elevadas,<\/strong> como el vivido nuevamente durante esta semana pasada, y que <strong>es muy posible vuelvan a repetirse en estas pr\u00f3ximas semanas,<\/strong> teniendo en cuenta adem\u00e1s la p\u00e9rdida estacional de liquidez de los mercados, que es t\u00edpica del par\u00e9ntesis estival.<\/span><\/p>\n<p style=\"text-align: justify;\"><span style=\"font-size: 16px;\">As\u00ed las cosas, este \u00faltimo <em>pullback, <\/em><strong>esta nueva tormenta de verano,\u00a0ha sido superada, pero la din\u00e1mica de mercado contin\u00faa por el momento sin ser concluyente a corto plazo<\/strong> (la tendencia principal o de medio plazo contin\u00faa siendo alcista):<\/span><\/p>\n<ul style=\"text-align: justify;\">\n<li><span style=\"font-size: 16px;\">El dinero consigui\u00f3 defender y validar nuevamente las zonas de soporte de medio plazo.<\/span><\/li>\n<li><span style=\"font-size: 16px;\">Pero, por arriba, el papel mantiene por ahora el control de las zonas de resistencia.<\/span><\/li>\n<li><span style=\"font-size: 16px;\">Estos episodios de aumento de volatilidad en zonas de m\u00e1ximos del mercado americano no muestran un comportamiento especialmente saludable del mercado (podr\u00eda ser reflejo de una din\u00e1mica de distribuci\u00f3n de posiciones desde los inversores institucionales hacia los inversores minoritarios).<\/span><\/li>\n<li><span style=\"font-size: 16px;\">Contin\u00faa habiendo se\u00f1ales conflictivas dentro del mercado a corto plazo, con claras divergencias entre \u00edndices: con el estadounidense Russell2000, el agregado de emergentes y algunos europeos en din\u00e1mica de debilidad, y en claro contraste con la mayor fortaleza relativa del S&amp;P500 y el NASDAQ100.<\/span><\/li>\n<\/ul>\n<p style=\"text-align: justify;\"><span style=\"font-size: 16px;\"><strong>Esta pr\u00f3xima semana se presenta con un agenda muy cargada.<\/strong> Ser\u00e1 una semana muy intensa en cuanto a la publicaci\u00f3n de resultados empresariales se refiere: m\u00e1s de 1000 compa\u00f1\u00edas del mercado burs\u00e1til estadounidense y m\u00e1s de 1400 europeas publicar\u00e1n resultados en estos pr\u00f3ximos d\u00edas. Tambi\u00e9n se dar\u00e1n a conocer algunos indicadores macroecon\u00f3micos relevantes a ambos lados del Atl\u00e1ntico. Y, por si fuera poco, la Reserva Federal mantendr\u00e1 una nueva reuni\u00f3n el martes y mi\u00e9rcoles (ser\u00e1 la \u00faltima antes del par\u00e9ntesis veraniego).<\/span><\/p>\n<p style=\"text-align: justify;\">\n<p style=\"text-align: center;\"><strong>Solicite informaci\u00f3n sobre nuestros servicios de asesoramiento financiero<\/strong><\/p>\n<p style=\"text-align: center;\">Si necesita ayuda para el cuidado de su patrimonio, no dude en ponerse en contacto con nosotros,<\/p>\n<p style=\"text-align: center;\">sin compromiso.<\/p>\n<p style=\"text-align: center;\">Tel\u00e9fono:\u00a0\u00a0 91 770\u00a0 22 84<\/p>\n<p style=\"text-align: center;\">Correo electr\u00f3nico:\u00a0\u00a0 capitaliafamiliar@capitaliafamiliar.es<\/p>\n","protected":false},"excerpt":{"rendered":"<p>Tormentas de verano&hellip; Conclusiones del an&aacute;lisis del fin de semana: Tormentas de verano&hellip; &nbsp; Tormentas de verano&hellip; Tormentas de verano en los mercados. Y van dos en un mes. El comportamiento del mercado sigue estando condicionado por la fase de transici&oacute;n en que se encuentra, dentro del proceso de progresiva reapertura y normalizaci&oacute;n de las [&hellip;]<\/p>\n","protected":false},"author":2,"featured_media":5676,"comment_status":"closed","ping_status":"closed","sticky":false,"template":"","format":"standard","meta":{"_et_pb_use_builder":"","_et_pb_old_content":"","_et_gb_content_width":"","jetpack_post_was_ever_published":false,"_jetpack_newsletter_access":"","_jetpack_dont_email_post_to_subs":false,"_jetpack_newsletter_tier_id":0,"_jetpack_memberships_contains_paywalled_content":false,"_jetpack_memberships_contains_paid_content":false,"footnotes":""},"categories":[1],"tags":[],"class_list":["post-6579","post","type-post","status-publish","format-standard","has-post-thumbnail","hentry","category-informediario"],"jetpack_featured_media_url":"https:\/\/capitaliafamiliar.es\/informes\/wp-content\/uploads\/2021\/02\/comentarioespecial.png","jetpack_shortlink":"https:\/\/wp.me\/pa2IGq-1I7","jetpack-related-posts":[{"id":6488,"url":"https:\/\/capitaliafamiliar.es\/informes\/2021\/07\/09\/informe-diario-viernes-9-de-julio-de-2021\/","url_meta":{"origin":6579,"position":0},"title":"Informe Diario  Viernes, 9 de julio de 2021","author":"Capitalia Familiar","date":"9 de julio de 2021","format":false,"excerpt":"Superada la primera tormenta del verano... Superada la primera tormenta del verano. Los mercados vivieron ayer su primera tormenta del verano. La agitaci\u00f3n sufrida durante la pasada sesi\u00f3n vino a poner de manifiesto una vez m\u00e1s la mayor debilidad relativa que, desde finales de junio, viene mostrando la bolsa europea\u2026","rel":"","context":"En \u00abInforme Diario\u00bb","block_context":{"text":"Informe Diario","link":"https:\/\/capitaliafamiliar.es\/informes\/category\/informediario\/"},"img":{"alt_text":"","src":"https:\/\/i0.wp.com\/capitaliafamiliar.es\/informes\/wp-content\/uploads\/2019\/08\/informediario2.png?resize=350%2C200&ssl=1","width":350,"height":200,"srcset":"https:\/\/i0.wp.com\/capitaliafamiliar.es\/informes\/wp-content\/uploads\/2019\/08\/informediario2.png?resize=350%2C200&ssl=1 1x, https:\/\/i0.wp.com\/capitaliafamiliar.es\/informes\/wp-content\/uploads\/2019\/08\/informediario2.png?resize=525%2C300&ssl=1 1.5x, https:\/\/i0.wp.com\/capitaliafamiliar.es\/informes\/wp-content\/uploads\/2019\/08\/informediario2.png?resize=700%2C400&ssl=1 2x"},"classes":[]},{"id":6967,"url":"https:\/\/capitaliafamiliar.es\/informes\/2021\/10\/04\/analisis-del-fin-de-semana-2-y-3-de-octubre-de-2021\/","url_meta":{"origin":6579,"position":1},"title":"An\u00e1lisis del fin de semana  2 y 3 de octubre de 2021","author":"Capitalia Familiar","date":"4 de octubre de 2021","format":false,"excerpt":"Contexto general Tras un par\u00e9ntesis veraniego agitado, los mercados contin\u00faan mostrando un comportamiento inestable. Esta inestabilidad se est\u00e1 viendo alimentada por la incertidumbre que suscitan los planes de retirada progresiva de est\u00edmulos monetarios que est\u00e1n barajando los bancos centrales, en un torno macroecon\u00f3mico a d\u00eda de hoy contradictorio: con tasas\u2026","rel":"","context":"En \u00abInforme Diario\u00bb","block_context":{"text":"Informe Diario","link":"https:\/\/capitaliafamiliar.es\/informes\/category\/informediario\/"},"img":{"alt_text":"","src":"https:\/\/i0.wp.com\/capitaliafamiliar.es\/informes\/wp-content\/uploads\/2021\/02\/comentarioespecial.png?resize=350%2C200&ssl=1","width":350,"height":200,"srcset":"https:\/\/i0.wp.com\/capitaliafamiliar.es\/informes\/wp-content\/uploads\/2021\/02\/comentarioespecial.png?resize=350%2C200&ssl=1 1x, https:\/\/i0.wp.com\/capitaliafamiliar.es\/informes\/wp-content\/uploads\/2021\/02\/comentarioespecial.png?resize=525%2C300&ssl=1 1.5x, https:\/\/i0.wp.com\/capitaliafamiliar.es\/informes\/wp-content\/uploads\/2021\/02\/comentarioespecial.png?resize=700%2C400&ssl=1 2x"},"classes":[]},{"id":7003,"url":"https:\/\/capitaliafamiliar.es\/informes\/2021\/10\/11\/analisis-del-fin-de-semana-9-y-10-de-octubre-de-2021\/","url_meta":{"origin":6579,"position":2},"title":"An\u00e1lisis del fin de semana  9 y 10 de octubre de 2021","author":"Capitalia Familiar","date":"11 de octubre de 2021","format":false,"excerpt":"Contexto general Tras el par\u00e9ntesis veraniego, los mercados est\u00e1n atravesando por una fase de inestabilidad. Esta inestabilidad se est\u00e1 viendo alimentada por la incertidumbre que suscitan los planes de retirada progresiva de est\u00edmulos monetarios que est\u00e1n barajando los bancos centrales, en un torno macroecon\u00f3mico a d\u00eda de hoy contradictorio: con\u2026","rel":"","context":"En \u00abInforme Diario\u00bb","block_context":{"text":"Informe Diario","link":"https:\/\/capitaliafamiliar.es\/informes\/category\/informediario\/"},"img":{"alt_text":"","src":"https:\/\/i0.wp.com\/capitaliafamiliar.es\/informes\/wp-content\/uploads\/2021\/02\/comentarioespecial.png?resize=350%2C200&ssl=1","width":350,"height":200,"srcset":"https:\/\/i0.wp.com\/capitaliafamiliar.es\/informes\/wp-content\/uploads\/2021\/02\/comentarioespecial.png?resize=350%2C200&ssl=1 1x, https:\/\/i0.wp.com\/capitaliafamiliar.es\/informes\/wp-content\/uploads\/2021\/02\/comentarioespecial.png?resize=525%2C300&ssl=1 1.5x, https:\/\/i0.wp.com\/capitaliafamiliar.es\/informes\/wp-content\/uploads\/2021\/02\/comentarioespecial.png?resize=700%2C400&ssl=1 2x"},"classes":[]},{"id":6849,"url":"https:\/\/capitaliafamiliar.es\/informes\/2021\/09\/13\/analisis-del-fin-de-semana-11-y-12-de-septiembre-de-2021\/","url_meta":{"origin":6579,"position":3},"title":"An\u00e1lisis del fin de semana  11 y 12 de septiembre de 2021","author":"Capitalia Familiar","date":"13 de septiembre de 2021","format":false,"excerpt":"Contexto general Tras un par\u00e9ntesis veraniego agitado, los mercados contin\u00faan mostrando un comportamiento inestable al comienzo del nuevo curso. Esta inestabilidad se est\u00e1 viendo alimentada por la incertidumbre que suscitan los planes de retirada progresiva de est\u00edmulos monetarios que est\u00e1n barajando los bancos centrales, en un torno macroecon\u00f3mico a d\u00eda\u2026","rel":"","context":"En \u00abInforme Diario\u00bb","block_context":{"text":"Informe Diario","link":"https:\/\/capitaliafamiliar.es\/informes\/category\/informediario\/"},"img":{"alt_text":"","src":"https:\/\/i0.wp.com\/capitaliafamiliar.es\/informes\/wp-content\/uploads\/2021\/02\/comentarioespecial.png?resize=350%2C200&ssl=1","width":350,"height":200,"srcset":"https:\/\/i0.wp.com\/capitaliafamiliar.es\/informes\/wp-content\/uploads\/2021\/02\/comentarioespecial.png?resize=350%2C200&ssl=1 1x, https:\/\/i0.wp.com\/capitaliafamiliar.es\/informes\/wp-content\/uploads\/2021\/02\/comentarioespecial.png?resize=525%2C300&ssl=1 1.5x, https:\/\/i0.wp.com\/capitaliafamiliar.es\/informes\/wp-content\/uploads\/2021\/02\/comentarioespecial.png?resize=700%2C400&ssl=1 2x"},"classes":[]},{"id":6887,"url":"https:\/\/capitaliafamiliar.es\/informes\/2021\/09\/20\/analisis-del-fin-de-semana-18-y-19-de-septiembre-de-2021\/","url_meta":{"origin":6579,"position":4},"title":"An\u00e1lisis del fin de semana  18 y 19 de septiembre de 2021","author":"Capitalia Familiar","date":"20 de septiembre de 2021","format":false,"excerpt":"Contexto general Tras un par\u00e9ntesis veraniego agitado, los mercados contin\u00faan mostrando un comportamiento inestable al comienzo del nuevo curso. Esta inestabilidad se est\u00e1 viendo alimentada por la incertidumbre que suscitan los planes de retirada progresiva de est\u00edmulos monetarios que est\u00e1n barajando los bancos centrales, en un torno macroecon\u00f3mico a d\u00eda\u2026","rel":"","context":"En \u00abInforme Diario\u00bb","block_context":{"text":"Informe Diario","link":"https:\/\/capitaliafamiliar.es\/informes\/category\/informediario\/"},"img":{"alt_text":"","src":"https:\/\/i0.wp.com\/capitaliafamiliar.es\/informes\/wp-content\/uploads\/2021\/02\/comentarioespecial.png?resize=350%2C200&ssl=1","width":350,"height":200,"srcset":"https:\/\/i0.wp.com\/capitaliafamiliar.es\/informes\/wp-content\/uploads\/2021\/02\/comentarioespecial.png?resize=350%2C200&ssl=1 1x, https:\/\/i0.wp.com\/capitaliafamiliar.es\/informes\/wp-content\/uploads\/2021\/02\/comentarioespecial.png?resize=525%2C300&ssl=1 1.5x, https:\/\/i0.wp.com\/capitaliafamiliar.es\/informes\/wp-content\/uploads\/2021\/02\/comentarioespecial.png?resize=700%2C400&ssl=1 2x"},"classes":[]},{"id":6932,"url":"https:\/\/capitaliafamiliar.es\/informes\/2021\/09\/27\/analisis-del-fin-de-semana-25-y-26-de-septiembre-de-2021\/","url_meta":{"origin":6579,"position":5},"title":"An\u00e1lisis del fin de semana  25 y 26 de septiembre de 2021","author":"Capitalia Familiar","date":"27 de septiembre de 2021","format":false,"excerpt":"Contexto general Tras un par\u00e9ntesis veraniego agitado, los mercados contin\u00faan mostrando un comportamiento inestable al comienzo del nuevo curso. Esta inestabilidad se est\u00e1 viendo alimentada por la incertidumbre que suscitan los planes de retirada progresiva de est\u00edmulos monetarios que est\u00e1n barajando los bancos centrales, en un torno macroecon\u00f3mico a d\u00eda\u2026","rel":"","context":"En \u00abInforme Diario\u00bb","block_context":{"text":"Informe Diario","link":"https:\/\/capitaliafamiliar.es\/informes\/category\/informediario\/"},"img":{"alt_text":"","src":"https:\/\/i0.wp.com\/capitaliafamiliar.es\/informes\/wp-content\/uploads\/2021\/02\/comentarioespecial.png?resize=350%2C200&ssl=1","width":350,"height":200,"srcset":"https:\/\/i0.wp.com\/capitaliafamiliar.es\/informes\/wp-content\/uploads\/2021\/02\/comentarioespecial.png?resize=350%2C200&ssl=1 1x, https:\/\/i0.wp.com\/capitaliafamiliar.es\/informes\/wp-content\/uploads\/2021\/02\/comentarioespecial.png?resize=525%2C300&ssl=1 1.5x, https:\/\/i0.wp.com\/capitaliafamiliar.es\/informes\/wp-content\/uploads\/2021\/02\/comentarioespecial.png?resize=700%2C400&ssl=1 2x"},"classes":[]}],"jetpack_sharing_enabled":true,"_links":{"self":[{"href":"https:\/\/capitaliafamiliar.es\/informes\/wp-json\/wp\/v2\/posts\/6579","targetHints":{"allow":["GET"]}}],"collection":[{"href":"https:\/\/capitaliafamiliar.es\/informes\/wp-json\/wp\/v2\/posts"}],"about":[{"href":"https:\/\/capitaliafamiliar.es\/informes\/wp-json\/wp\/v2\/types\/post"}],"author":[{"embeddable":true,"href":"https:\/\/capitaliafamiliar.es\/informes\/wp-json\/wp\/v2\/users\/2"}],"replies":[{"embeddable":true,"href":"https:\/\/capitaliafamiliar.es\/informes\/wp-json\/wp\/v2\/comments?post=6579"}],"version-history":[{"count":1,"href":"https:\/\/capitaliafamiliar.es\/informes\/wp-json\/wp\/v2\/posts\/6579\/revisions"}],"predecessor-version":[{"id":6580,"href":"https:\/\/capitaliafamiliar.es\/informes\/wp-json\/wp\/v2\/posts\/6579\/revisions\/6580"}],"wp:featuredmedia":[{"embeddable":true,"href":"https:\/\/capitaliafamiliar.es\/informes\/wp-json\/wp\/v2\/media\/5676"}],"wp:attachment":[{"href":"https:\/\/capitaliafamiliar.es\/informes\/wp-json\/wp\/v2\/media?parent=6579"}],"wp:term":[{"taxonomy":"category","embeddable":true,"href":"https:\/\/capitaliafamiliar.es\/informes\/wp-json\/wp\/v2\/categories?post=6579"},{"taxonomy":"post_tag","embeddable":true,"href":"https:\/\/capitaliafamiliar.es\/informes\/wp-json\/wp\/v2\/tags?post=6579"}],"curies":[{"name":"wp","href":"https:\/\/api.w.org\/{rel}","templated":true}]}}