{"id":6647,"date":"2021-08-06T16:11:38","date_gmt":"2021-08-06T16:11:38","guid":{"rendered":"https:\/\/capitaliafamiliar.es\/informes\/?p=6647"},"modified":"2021-08-06T16:21:18","modified_gmt":"2021-08-06T16:21:18","slug":"informe-diario-viernes-6-de-agosto-de-2021","status":"publish","type":"post","link":"https:\/\/capitaliafamiliar.es\/informes\/2021\/08\/06\/informe-diario-viernes-6-de-agosto-de-2021\/","title":{"rendered":"Informe Diario <br> Viernes, 6 de agosto de 2021"},"content":{"rendered":"<blockquote>\n<p style=\"text-align: justify;\"><span style=\"font-size: 16px;\"><strong>\u00bfHay margen para la Reserva Federal si los datos de empleo en Estados Unidos contin\u00faan mejorando a este ritmo?&#8230;<\/strong><\/span><\/p>\n<\/blockquote>\n<p style=\"text-align: justify;\"><span style=\"font-size: 16px;\"><strong>\u00bfHay margen para la Reserva Federal si los datos de empleo en Estados Unidos contin\u00faan mejorando a este ritmo?<\/strong> La econom\u00eda estadounidense cre\u00f3 durante el mes de julio +943 mil nuevos puestos de trabajo, superando con holgura los +870 mil que esperaba el consenso del mercado. Por si fuera poco, la revisi\u00f3n de los meses de mayo y junio ampli\u00f3 en +119 mil las contrataciones inicialmente estimadas. El sector privado cre\u00f3 +703 mil empleos, ligeramente por encima de lo esperado, en tanto que el sector p\u00fablico sum\u00f3 +240 mil nuevos puestos de trabajo. Estos datos vienen a reafirmar la buena salud de la econom\u00eda estadounidense y la recuperaci\u00f3n del mercado laboral. Y fueron incluso mejores en t\u00e9rminos de la encuesta de poblaci\u00f3n activa, pues la tasa de paro disminuy\u00f3 del 5.9% al 5.4% gracias a que +1.04 millones de estadounidenses encontraron un nuevo puesto de trabajo, reduciendo en nada menos que -782 mil personas el n\u00famero de desempleados tras incorporarse a la b\u00fasqueda activa de empleo +261 mil personas. Por si fuera poco, los ingresos medios por hora aumentaron un +4.0% interanual, muy por encima del +3.6% anterior, confirmando que la r\u00e1pida recuperaci\u00f3n del empleo tambi\u00e9n est\u00e1 provocando una r\u00e1pida subida de salarios. Estos buenos datos de empleo tienen, sin embargo, una doble lectura: Por un lado confirma la solidez de la recuperaci\u00f3n de la econom\u00eda americana, pero por otro eleva la presi\u00f3n sobre la Fed, porque de continuar a este ritmo, el mercado laboral se habr\u00e1 recuperado en pocos meses y la subida de salarios seguir\u00e1 presionando al alza la inflaci\u00f3n. \u00bfQu\u00e9 consecuencias puede tener la mejora del mercado laboral sobre la pol\u00edtica monetaria de la Fed? La Fed se hab\u00eda escudado en el mercado laboral para frenar las expectativas de normalizaci\u00f3n monetaria, por lo que si sus objetivos se alcanzan antes de lo previsto, la presi\u00f3n para que dicha normalizaci\u00f3n se ponga en marcha, crecer\u00e1. No obstante, parece ya dif\u00edcil que la Fed anuncie antes de su reuni\u00f3n de diciembre el inicio del <em>tapering<\/em>. Si lo hiciera, ser\u00edan muy malas noticias, ya que significar\u00eda que la econom\u00eda se estar\u00eda sobrecalentando. Lo que muy probablemente s\u00ed que veamos en los pr\u00f3ximos meses sea un claro mensaje por parte de los miembros de la Fed avisando de que la normalizaci\u00f3n monetaria se iniciar\u00e1 pronto (la opci\u00f3n m\u00e1s probable contin\u00faa siendo que la Fed lo anuncie en su reuni\u00f3n de diciembre y que se inicie a comienzos de 2022). La reacci\u00f3n en los mercados no se ha hecho esperar: Rentabilidades de los bonos y d\u00f3lar al alza, metales preciosos y tecnolog\u00eda a la baja&#8230; pero los \u00edndices no logran superar resistencias tras un t\u00edmido intento a la apertura del mercado americano. <strong>Nos mantenemos a la espera de acontecimientos, ya que cada d\u00eda que el mercado se muestra incapaz de romper resistencias, se eleva la posibilidad de que se produzcan nuevas correcciones de corto plazo.\u00a0<\/strong><\/span><\/p>\n<p style=\"text-align: justify;\"><span style=\"font-size: 16px;\"><strong>Tambi\u00e9n en el terreno macroecon\u00f3mico,<\/strong> la producci\u00f3n industrial subi\u00f3 en Alemania un +5.1% interanual en junio, en tanto que la espa\u00f1ola lo hizo un +11.5%, en ambos casos registrando una notable y l\u00f3gica desaceleraci\u00f3n con respecto a mayo.<\/span><\/p>\n<p>&nbsp;<\/p>\n<p><img loading=\"lazy\" decoding=\"async\" data-attachment-id=\"6649\" data-permalink=\"https:\/\/capitaliafamiliar.es\/informes\/2021\/08\/06\/informe-diario-viernes-6-de-agosto-de-2021\/rv-791\/\" data-orig-file=\"https:\/\/capitaliafamiliar.es\/informes\/wp-content\/uploads\/2021\/08\/RV-4.jpg\" data-orig-size=\"336,413\" data-comments-opened=\"0\" data-image-meta=\"{&quot;aperture&quot;:&quot;0&quot;,&quot;credit&quot;:&quot;&quot;,&quot;camera&quot;:&quot;&quot;,&quot;caption&quot;:&quot;&quot;,&quot;created_timestamp&quot;:&quot;0&quot;,&quot;copyright&quot;:&quot;&quot;,&quot;focal_length&quot;:&quot;0&quot;,&quot;iso&quot;:&quot;0&quot;,&quot;shutter_speed&quot;:&quot;0&quot;,&quot;title&quot;:&quot;&quot;,&quot;orientation&quot;:&quot;0&quot;}\" data-image-title=\"RV\" data-image-description=\"\" data-image-caption=\"\" data-large-file=\"https:\/\/capitaliafamiliar.es\/informes\/wp-content\/uploads\/2021\/08\/RV-4.jpg\" class=\"alignnone size-full wp-image-6649\" src=\"https:\/\/capitaliafamiliar.es\/informes\/wp-content\/uploads\/2021\/08\/RV-4.jpg\" alt=\"\" width=\"336\" height=\"413\" srcset=\"https:\/\/capitaliafamiliar.es\/informes\/wp-content\/uploads\/2021\/08\/RV-4.jpg 336w, https:\/\/capitaliafamiliar.es\/informes\/wp-content\/uploads\/2021\/08\/RV-4-244x300.jpg 244w\" sizes=\"(max-width: 336px) 100vw, 336px\" \/><img loading=\"lazy\" decoding=\"async\" data-attachment-id=\"6650\" data-permalink=\"https:\/\/capitaliafamiliar.es\/informes\/2021\/08\/06\/informe-diario-viernes-6-de-agosto-de-2021\/rf-783\/\" data-orig-file=\"https:\/\/capitaliafamiliar.es\/informes\/wp-content\/uploads\/2021\/08\/RF-4.jpg\" data-orig-size=\"299,353\" data-comments-opened=\"0\" data-image-meta=\"{&quot;aperture&quot;:&quot;0&quot;,&quot;credit&quot;:&quot;&quot;,&quot;camera&quot;:&quot;&quot;,&quot;caption&quot;:&quot;&quot;,&quot;created_timestamp&quot;:&quot;0&quot;,&quot;copyright&quot;:&quot;&quot;,&quot;focal_length&quot;:&quot;0&quot;,&quot;iso&quot;:&quot;0&quot;,&quot;shutter_speed&quot;:&quot;0&quot;,&quot;title&quot;:&quot;&quot;,&quot;orientation&quot;:&quot;0&quot;}\" data-image-title=\"RF\" data-image-description=\"\" data-image-caption=\"\" data-large-file=\"https:\/\/capitaliafamiliar.es\/informes\/wp-content\/uploads\/2021\/08\/RF-4.jpg\" class=\"alignnone size-full wp-image-6650\" src=\"https:\/\/capitaliafamiliar.es\/informes\/wp-content\/uploads\/2021\/08\/RF-4.jpg\" alt=\"\" width=\"299\" height=\"353\" srcset=\"https:\/\/capitaliafamiliar.es\/informes\/wp-content\/uploads\/2021\/08\/RF-4.jpg 299w, https:\/\/capitaliafamiliar.es\/informes\/wp-content\/uploads\/2021\/08\/RF-4-254x300.jpg 254w\" sizes=\"(max-width: 299px) 100vw, 299px\" \/><\/p>\n<p>&nbsp;<\/p>\n<p><strong>| Agenda para el lunes |<\/strong><\/p>\n<p><img loading=\"lazy\" decoding=\"async\" data-attachment-id=\"6648\" data-permalink=\"https:\/\/capitaliafamiliar.es\/informes\/2021\/08\/06\/informe-diario-viernes-6-de-agosto-de-2021\/ag-517\/\" data-orig-file=\"https:\/\/capitaliafamiliar.es\/informes\/wp-content\/uploads\/2021\/08\/AG-3.jpg\" data-orig-size=\"676,131\" data-comments-opened=\"0\" data-image-meta=\"{&quot;aperture&quot;:&quot;0&quot;,&quot;credit&quot;:&quot;&quot;,&quot;camera&quot;:&quot;&quot;,&quot;caption&quot;:&quot;&quot;,&quot;created_timestamp&quot;:&quot;0&quot;,&quot;copyright&quot;:&quot;&quot;,&quot;focal_length&quot;:&quot;0&quot;,&quot;iso&quot;:&quot;0&quot;,&quot;shutter_speed&quot;:&quot;0&quot;,&quot;title&quot;:&quot;&quot;,&quot;orientation&quot;:&quot;0&quot;}\" data-image-title=\"AG\" data-image-description=\"\" data-image-caption=\"\" data-large-file=\"https:\/\/capitaliafamiliar.es\/informes\/wp-content\/uploads\/2021\/08\/AG-3.jpg\" class=\"alignnone size-full wp-image-6648\" src=\"https:\/\/capitaliafamiliar.es\/informes\/wp-content\/uploads\/2021\/08\/AG-3.jpg\" alt=\"\" width=\"676\" height=\"131\" srcset=\"https:\/\/capitaliafamiliar.es\/informes\/wp-content\/uploads\/2021\/08\/AG-3.jpg 676w, https:\/\/capitaliafamiliar.es\/informes\/wp-content\/uploads\/2021\/08\/AG-3-300x58.jpg 300w\" sizes=\"(max-width: 676px) 100vw, 676px\" \/><\/p>\n<p>&nbsp;<\/p>\n<p>&nbsp;<\/p>\n<p style=\"text-align: center;\"><strong>Solicite informaci\u00f3n sobre nuestros servicios de asesoramiento financiero<\/strong><\/p>\n<p style=\"text-align: center;\">Si necesita ayuda para el cuidado de su patrimonio, no dude en ponerse en contacto con nosotros,<\/p>\n<p style=\"text-align: center;\">sin compromiso.<\/p>\n<p style=\"text-align: center;\">Tel\u00e9fono:\u00a0\u00a0 91 770\u00a0 22 84<\/p>\n<p style=\"text-align: center;\">Correo electr\u00f3nico:\u00a0\u00a0 capitaliafamiliar@capitaliafamiliar.es<\/p>\n","protected":false},"excerpt":{"rendered":"<p>&iquest;Hay margen para la Reserva Federal si los datos de empleo en Estados Unidos contin&uacute;an mejorando a este ritmo?&hellip; &iquest;Hay margen para la Reserva Federal si los datos de empleo en Estados Unidos contin&uacute;an mejorando a este ritmo? La econom&iacute;a estadounidense cre&oacute; durante el mes de julio +943 mil nuevos puestos de trabajo, superando con [&hellip;]<\/p>\n","protected":false},"author":2,"featured_media":2525,"comment_status":"closed","ping_status":"closed","sticky":false,"template":"","format":"standard","meta":{"_et_pb_use_builder":"","_et_pb_old_content":"","_et_gb_content_width":"","jetpack_post_was_ever_published":false,"_jetpack_newsletter_access":"","_jetpack_dont_email_post_to_subs":false,"_jetpack_newsletter_tier_id":0,"_jetpack_memberships_contains_paywalled_content":false,"_jetpack_memberships_contains_paid_content":false,"footnotes":""},"categories":[1],"tags":[],"class_list":["post-6647","post","type-post","status-publish","format-standard","has-post-thumbnail","hentry","category-informediario"],"jetpack_featured_media_url":"https:\/\/capitaliafamiliar.es\/informes\/wp-content\/uploads\/2019\/08\/informediario2.png","jetpack_shortlink":"https:\/\/wp.me\/pa2IGq-1Jd","jetpack-related-posts":[{"id":5620,"url":"https:\/\/capitaliafamiliar.es\/informes\/2021\/02\/05\/informe-diario-viernes-05-de-febrero-de-2021\/","url_meta":{"origin":6647,"position":0},"title":"Informe Diario  Viernes, 05 de febrero de 2021","author":"Capitalia Familiar","date":"5 de febrero de 2021","format":false,"excerpt":"Las bolsas mantienen el impulso alcista pese a los pobres datos de empleo conocidos en Estados Unidos... Las bolsas mantienen el impulso alcista pese a los pobres datos de empleo conocidos en Estados Unidos. Los datos oficiales de empleo del mes de enero en Estados Unidos no cumplieron con las\u2026","rel":"","context":"En \u00abInforme Diario\u00bb","block_context":{"text":"Informe Diario","link":"https:\/\/capitaliafamiliar.es\/informes\/category\/informediario\/"},"img":{"alt_text":"","src":"https:\/\/i0.wp.com\/capitaliafamiliar.es\/informes\/wp-content\/uploads\/2019\/08\/informediario2.png?resize=350%2C200&ssl=1","width":350,"height":200,"srcset":"https:\/\/i0.wp.com\/capitaliafamiliar.es\/informes\/wp-content\/uploads\/2019\/08\/informediario2.png?resize=350%2C200&ssl=1 1x, https:\/\/i0.wp.com\/capitaliafamiliar.es\/informes\/wp-content\/uploads\/2019\/08\/informediario2.png?resize=525%2C300&ssl=1 1.5x, https:\/\/i0.wp.com\/capitaliafamiliar.es\/informes\/wp-content\/uploads\/2019\/08\/informediario2.png?resize=700%2C400&ssl=1 2x"},"classes":[]},{"id":6269,"url":"https:\/\/capitaliafamiliar.es\/informes\/2021\/06\/04\/informe-diario-viernes-4-de-junio-de-2021-2\/","url_meta":{"origin":6647,"position":1},"title":"Informe Diario  Viernes, 4 de junio de 2021","author":"Capitalia Familiar","date":"4 de junio de 2021","format":false,"excerpt":"Los datos oficiales de empleo del mes de mayo en Estados Unidos no asustan al mercado... Los datos oficiales de empleo del mes de mayo en Estados Unidos no asustan al mercado. La econom\u00eda estadounidense cre\u00f3 en mayo +559 mil nuevos puestos de trabajo, dato inferior a los +650 mil\u2026","rel":"","context":"En \u00abInforme Diario\u00bb","block_context":{"text":"Informe Diario","link":"https:\/\/capitaliafamiliar.es\/informes\/category\/informediario\/"},"img":{"alt_text":"","src":"https:\/\/i0.wp.com\/capitaliafamiliar.es\/informes\/wp-content\/uploads\/2019\/08\/informediario2.png?resize=350%2C200&ssl=1","width":350,"height":200,"srcset":"https:\/\/i0.wp.com\/capitaliafamiliar.es\/informes\/wp-content\/uploads\/2019\/08\/informediario2.png?resize=350%2C200&ssl=1 1x, https:\/\/i0.wp.com\/capitaliafamiliar.es\/informes\/wp-content\/uploads\/2019\/08\/informediario2.png?resize=525%2C300&ssl=1 1.5x, https:\/\/i0.wp.com\/capitaliafamiliar.es\/informes\/wp-content\/uploads\/2019\/08\/informediario2.png?resize=700%2C400&ssl=1 2x"},"classes":[]},{"id":6444,"url":"https:\/\/capitaliafamiliar.es\/informes\/2021\/07\/02\/informe-diario-viernes-2-de-julio-de-2021\/","url_meta":{"origin":6647,"position":2},"title":"Informe Diario  Viernes, 2 de julio de 2021","author":"Capitalia Familiar","date":"2 de julio de 2021","format":false,"excerpt":"Los datos de empleo estadounidenses constatan la fortaleza de la econom\u00eda americana, pero no agregan presi\u00f3n a la Reserva Federal... Los datos de empleo estadounidenses constatan la fortaleza de la econom\u00eda americana, pero no agregan presi\u00f3n a la Reserva Federal. La econom\u00eda estadounidense cre\u00f3 en el mes de junio +850\u2026","rel":"","context":"En \u00abInforme Diario\u00bb","block_context":{"text":"Informe Diario","link":"https:\/\/capitaliafamiliar.es\/informes\/category\/informediario\/"},"img":{"alt_text":"","src":"https:\/\/i0.wp.com\/capitaliafamiliar.es\/informes\/wp-content\/uploads\/2019\/08\/informediario2.png?resize=350%2C200&ssl=1","width":350,"height":200,"srcset":"https:\/\/i0.wp.com\/capitaliafamiliar.es\/informes\/wp-content\/uploads\/2019\/08\/informediario2.png?resize=350%2C200&ssl=1 1x, https:\/\/i0.wp.com\/capitaliafamiliar.es\/informes\/wp-content\/uploads\/2019\/08\/informediario2.png?resize=525%2C300&ssl=1 1.5x, https:\/\/i0.wp.com\/capitaliafamiliar.es\/informes\/wp-content\/uploads\/2019\/08\/informediario2.png?resize=700%2C400&ssl=1 2x"},"classes":[]},{"id":6264,"url":"https:\/\/capitaliafamiliar.es\/informes\/2021\/06\/03\/informe-diario-jueves-3-de-junio-de-2021\/","url_meta":{"origin":6647,"position":3},"title":"Informe Diario  Jueves, 3 de junio de 2021","author":"Capitalia Familiar","date":"3 de junio de 2021","format":false,"excerpt":"Freno a las aspiraciones alcistas a la espera de que se conozcan los datos oficiales de empleo en Estados Unidos... Freno a las aspiraciones alcistas a la espera de que se conozcan los datos oficiales de empleo en Estados Unidos. El mercado quiere pero no puede por ahora. Est\u00e1 claro\u2026","rel":"","context":"En \u00abInforme Diario\u00bb","block_context":{"text":"Informe Diario","link":"https:\/\/capitaliafamiliar.es\/informes\/category\/informediario\/"},"img":{"alt_text":"","src":"https:\/\/i0.wp.com\/capitaliafamiliar.es\/informes\/wp-content\/uploads\/2019\/08\/informediario2.png?resize=350%2C200&ssl=1","width":350,"height":200,"srcset":"https:\/\/i0.wp.com\/capitaliafamiliar.es\/informes\/wp-content\/uploads\/2019\/08\/informediario2.png?resize=350%2C200&ssl=1 1x, https:\/\/i0.wp.com\/capitaliafamiliar.es\/informes\/wp-content\/uploads\/2019\/08\/informediario2.png?resize=525%2C300&ssl=1 1.5x, https:\/\/i0.wp.com\/capitaliafamiliar.es\/informes\/wp-content\/uploads\/2019\/08\/informediario2.png?resize=700%2C400&ssl=1 2x"},"classes":[]},{"id":6102,"url":"https:\/\/capitaliafamiliar.es\/informes\/2021\/05\/07\/informe-diario-viernes-7-de-mayo-de-2021\/","url_meta":{"origin":6647,"position":4},"title":"Informe Diario  Viernes, 7 de mayo de 2021","author":"Capitalia Familiar","date":"7 de mayo de 2021","format":false,"excerpt":"Los mercados celebran los decepcionantes datos de empleo del mes de abril en Estados Unidos... Los mercados celebran los decepcionantes datos de empleo del mes de abril en Estados Unidos. La econom\u00eda estadounidense cre\u00f3 en abril +266 mil nuevos puestos de trabajo, dato muy inferior a los +978 mil que\u2026","rel":"","context":"En \u00abInforme Diario\u00bb","block_context":{"text":"Informe Diario","link":"https:\/\/capitaliafamiliar.es\/informes\/category\/informediario\/"},"img":{"alt_text":"","src":"https:\/\/i0.wp.com\/capitaliafamiliar.es\/informes\/wp-content\/uploads\/2019\/08\/informediario2.png?resize=350%2C200&ssl=1","width":350,"height":200,"srcset":"https:\/\/i0.wp.com\/capitaliafamiliar.es\/informes\/wp-content\/uploads\/2019\/08\/informediario2.png?resize=350%2C200&ssl=1 1x, https:\/\/i0.wp.com\/capitaliafamiliar.es\/informes\/wp-content\/uploads\/2019\/08\/informediario2.png?resize=525%2C300&ssl=1 1.5x, https:\/\/i0.wp.com\/capitaliafamiliar.es\/informes\/wp-content\/uploads\/2019\/08\/informediario2.png?resize=700%2C400&ssl=1 2x"},"classes":[]},{"id":7156,"url":"https:\/\/capitaliafamiliar.es\/informes\/2021\/11\/05\/los-positivos-datos-de-empleo-en-estados-unidos-y-el-farmaco-de-pfizer-apuntalan-la-tendencia-alcista-de-las-bolsas\/","url_meta":{"origin":6647,"position":5},"title":"Los positivos datos de empleo en Estados Unidos y el f\u00e1rmaco de Pfizer apuntalan la tendencia alcista de las bolsas","author":"Capitalia Familiar","date":"5 de noviembre de 2021","format":false,"excerpt":"Informe diario del viernes, 5 de noviembre de 2021 \u00a0 El mercado laboral estadounidense contin\u00faa recuper\u00e1ndose con paso firme. La econom\u00eda estadounidense cre\u00f3 durante el mes de octubre +531 mil nuevos puestos de trabajo, superando los +450 mil que esperaba el consenso del mercado. Adem\u00e1s, la revisi\u00f3n de los meses\u2026","rel":"","context":"En \u00abInforme Diario\u00bb","block_context":{"text":"Informe Diario","link":"https:\/\/capitaliafamiliar.es\/informes\/category\/informediario\/"},"img":{"alt_text":"","src":"https:\/\/i0.wp.com\/capitaliafamiliar.es\/informes\/wp-content\/uploads\/2019\/08\/informediario2.png?resize=350%2C200&ssl=1","width":350,"height":200,"srcset":"https:\/\/i0.wp.com\/capitaliafamiliar.es\/informes\/wp-content\/uploads\/2019\/08\/informediario2.png?resize=350%2C200&ssl=1 1x, https:\/\/i0.wp.com\/capitaliafamiliar.es\/informes\/wp-content\/uploads\/2019\/08\/informediario2.png?resize=525%2C300&ssl=1 1.5x, https:\/\/i0.wp.com\/capitaliafamiliar.es\/informes\/wp-content\/uploads\/2019\/08\/informediario2.png?resize=700%2C400&ssl=1 2x"},"classes":[]}],"jetpack_sharing_enabled":true,"_links":{"self":[{"href":"https:\/\/capitaliafamiliar.es\/informes\/wp-json\/wp\/v2\/posts\/6647","targetHints":{"allow":["GET"]}}],"collection":[{"href":"https:\/\/capitaliafamiliar.es\/informes\/wp-json\/wp\/v2\/posts"}],"about":[{"href":"https:\/\/capitaliafamiliar.es\/informes\/wp-json\/wp\/v2\/types\/post"}],"author":[{"embeddable":true,"href":"https:\/\/capitaliafamiliar.es\/informes\/wp-json\/wp\/v2\/users\/2"}],"replies":[{"embeddable":true,"href":"https:\/\/capitaliafamiliar.es\/informes\/wp-json\/wp\/v2\/comments?post=6647"}],"version-history":[{"count":1,"href":"https:\/\/capitaliafamiliar.es\/informes\/wp-json\/wp\/v2\/posts\/6647\/revisions"}],"predecessor-version":[{"id":6651,"href":"https:\/\/capitaliafamiliar.es\/informes\/wp-json\/wp\/v2\/posts\/6647\/revisions\/6651"}],"wp:featuredmedia":[{"embeddable":true,"href":"https:\/\/capitaliafamiliar.es\/informes\/wp-json\/wp\/v2\/media\/2525"}],"wp:attachment":[{"href":"https:\/\/capitaliafamiliar.es\/informes\/wp-json\/wp\/v2\/media?parent=6647"}],"wp:term":[{"taxonomy":"category","embeddable":true,"href":"https:\/\/capitaliafamiliar.es\/informes\/wp-json\/wp\/v2\/categories?post=6647"},{"taxonomy":"post_tag","embeddable":true,"href":"https:\/\/capitaliafamiliar.es\/informes\/wp-json\/wp\/v2\/tags?post=6647"}],"curies":[{"name":"wp","href":"https:\/\/api.w.org\/{rel}","templated":true}]}}