{"id":6712,"date":"2021-08-20T16:18:40","date_gmt":"2021-08-20T16:18:40","guid":{"rendered":"https:\/\/capitaliafamiliar.es\/informes\/?p=6712"},"modified":"2021-08-20T16:18:40","modified_gmt":"2021-08-20T16:18:40","slug":"informe-diario-viernes-20-de-agosto-de-2021","status":"publish","type":"post","link":"https:\/\/capitaliafamiliar.es\/informes\/2021\/08\/20\/informe-diario-viernes-20-de-agosto-de-2021\/","title":{"rendered":"Informe Diario <br> Viernes, 20 de agosto de 2021"},"content":{"rendered":"<blockquote>\n<p style=\"text-align: justify;\"><span style=\"font-size: 16px;\"><strong>Los mercados tratan de reponerse del susto provocado por las actas de la Fed&#8230;<\/strong><\/span><\/p>\n<\/blockquote>\n<p style=\"text-align: justify;\"><span style=\"font-size: 16px;\"><strong>Los mercados tratan de reponerse del susto provocado por las actas de la Fed.<\/strong> Las bolsas rebotan de manera moderada en la \u00faltima sesi\u00f3n de la semana abanderadas por Wall Street y se alejan de los m\u00ednimos marcados ayer, pero se mantienen las dudas sobre la fortaleza del movimiento. En este sentido, la pr\u00f3xima semana ser\u00e1 clave la reuni\u00f3n de banqueros centrales de Jackson Hole (que se celebrar\u00e1 del 26 al 28 de agosto), en la que Jerome Powell hablar\u00e1 sobre las perspectivas econ\u00f3micas de la Reserva Federal. En principio, no adelantar\u00e1 la estrategia de normalizaci\u00f3n monetaria que seguir\u00e1 la Fed en los pr\u00f3ximos meses, pero las propias perspectivas de la Fed podr\u00edan suponer un indicio sobre el calendario que podr\u00eda establecer autoridad monetaria. Sin embargo, a d\u00eda de hoy es muy probable que ni siquiera en el seno de la Fed haya un consenso claro al respecto, por lo que no ser\u00eda descartable que vivamos cierta incertidumbre al respecto hasta la reuni\u00f3n de los d\u00edas 21 y 22 de septiembre. <strong>Si la Reserva Federal no consigue transmitir un mensaje claro y de tranquilidad, no ser\u00eda descartable ver cierta inestabilidad en las bolsas hasta la reuni\u00f3n de septiembre, pero no hay que olvidar que los \u00edndices se mantienen cerca de m\u00e1ximos y si las noticias son positivas podr\u00edan servir de catalizador para perforar al alza estas f\u00e9rreas resistencias.<\/strong><\/span><\/p>\n<p style=\"text-align: justify;\"><span style=\"font-size: 16px;\"><strong>En el terreno macroecon\u00f3mico,<\/strong> Jap\u00f3n vuelve a entrar en deflaci\u00f3n: Los precios cayeron en julio un -0.3% interanual. En el Reino Unido, las ventas minoristas subieron un decepcionante +2.4% interanual en julio, muy por debajo del +9.2% de junio y de +6.0% esperado.<\/span><\/p>\n<p>&nbsp;<\/p>\n<p><img loading=\"lazy\" decoding=\"async\" data-attachment-id=\"6716\" data-permalink=\"https:\/\/capitaliafamiliar.es\/informes\/2021\/08\/20\/informe-diario-viernes-20-de-agosto-de-2021\/rv-800\/\" data-orig-file=\"https:\/\/capitaliafamiliar.es\/informes\/wp-content\/uploads\/2021\/08\/RV-13.jpg\" data-orig-size=\"336,413\" data-comments-opened=\"0\" data-image-meta=\"{&quot;aperture&quot;:&quot;0&quot;,&quot;credit&quot;:&quot;&quot;,&quot;camera&quot;:&quot;&quot;,&quot;caption&quot;:&quot;&quot;,&quot;created_timestamp&quot;:&quot;0&quot;,&quot;copyright&quot;:&quot;&quot;,&quot;focal_length&quot;:&quot;0&quot;,&quot;iso&quot;:&quot;0&quot;,&quot;shutter_speed&quot;:&quot;0&quot;,&quot;title&quot;:&quot;&quot;,&quot;orientation&quot;:&quot;0&quot;}\" data-image-title=\"RV\" data-image-description=\"\" data-image-caption=\"\" data-large-file=\"https:\/\/capitaliafamiliar.es\/informes\/wp-content\/uploads\/2021\/08\/RV-13.jpg\" class=\"alignnone size-full wp-image-6716\" src=\"https:\/\/capitaliafamiliar.es\/informes\/wp-content\/uploads\/2021\/08\/RV-13.jpg\" alt=\"\" width=\"336\" height=\"413\" srcset=\"https:\/\/capitaliafamiliar.es\/informes\/wp-content\/uploads\/2021\/08\/RV-13.jpg 336w, https:\/\/capitaliafamiliar.es\/informes\/wp-content\/uploads\/2021\/08\/RV-13-244x300.jpg 244w\" sizes=\"(max-width: 336px) 100vw, 336px\" \/><img loading=\"lazy\" decoding=\"async\" data-attachment-id=\"6717\" data-permalink=\"https:\/\/capitaliafamiliar.es\/informes\/2021\/08\/20\/informe-diario-viernes-20-de-agosto-de-2021\/rf-792\/\" data-orig-file=\"https:\/\/capitaliafamiliar.es\/informes\/wp-content\/uploads\/2021\/08\/RF-13.jpg\" data-orig-size=\"299,353\" data-comments-opened=\"0\" data-image-meta=\"{&quot;aperture&quot;:&quot;0&quot;,&quot;credit&quot;:&quot;&quot;,&quot;camera&quot;:&quot;&quot;,&quot;caption&quot;:&quot;&quot;,&quot;created_timestamp&quot;:&quot;0&quot;,&quot;copyright&quot;:&quot;&quot;,&quot;focal_length&quot;:&quot;0&quot;,&quot;iso&quot;:&quot;0&quot;,&quot;shutter_speed&quot;:&quot;0&quot;,&quot;title&quot;:&quot;&quot;,&quot;orientation&quot;:&quot;0&quot;}\" data-image-title=\"RF\" data-image-description=\"\" data-image-caption=\"\" data-large-file=\"https:\/\/capitaliafamiliar.es\/informes\/wp-content\/uploads\/2021\/08\/RF-13.jpg\" class=\"alignnone size-full wp-image-6717\" src=\"https:\/\/capitaliafamiliar.es\/informes\/wp-content\/uploads\/2021\/08\/RF-13.jpg\" alt=\"\" width=\"299\" height=\"353\" srcset=\"https:\/\/capitaliafamiliar.es\/informes\/wp-content\/uploads\/2021\/08\/RF-13.jpg 299w, https:\/\/capitaliafamiliar.es\/informes\/wp-content\/uploads\/2021\/08\/RF-13-254x300.jpg 254w\" sizes=\"(max-width: 299px) 100vw, 299px\" \/><\/p>\n<p>&nbsp;<\/p>\n<p><strong>| Agenda para el lunes |<\/strong><\/p>\n<p><img loading=\"lazy\" decoding=\"async\" data-attachment-id=\"6714\" data-permalink=\"https:\/\/capitaliafamiliar.es\/informes\/2021\/08\/20\/informe-diario-viernes-20-de-agosto-de-2021\/ag-527\/\" data-orig-file=\"https:\/\/capitaliafamiliar.es\/informes\/wp-content\/uploads\/2021\/08\/AG-13.jpg\" data-orig-size=\"676,183\" data-comments-opened=\"0\" data-image-meta=\"{&quot;aperture&quot;:&quot;0&quot;,&quot;credit&quot;:&quot;&quot;,&quot;camera&quot;:&quot;&quot;,&quot;caption&quot;:&quot;&quot;,&quot;created_timestamp&quot;:&quot;0&quot;,&quot;copyright&quot;:&quot;&quot;,&quot;focal_length&quot;:&quot;0&quot;,&quot;iso&quot;:&quot;0&quot;,&quot;shutter_speed&quot;:&quot;0&quot;,&quot;title&quot;:&quot;&quot;,&quot;orientation&quot;:&quot;0&quot;}\" data-image-title=\"AG\" data-image-description=\"\" data-image-caption=\"\" data-large-file=\"https:\/\/capitaliafamiliar.es\/informes\/wp-content\/uploads\/2021\/08\/AG-13.jpg\" class=\"alignnone size-full wp-image-6714\" src=\"https:\/\/capitaliafamiliar.es\/informes\/wp-content\/uploads\/2021\/08\/AG-13.jpg\" alt=\"\" width=\"676\" height=\"183\" srcset=\"https:\/\/capitaliafamiliar.es\/informes\/wp-content\/uploads\/2021\/08\/AG-13.jpg 676w, https:\/\/capitaliafamiliar.es\/informes\/wp-content\/uploads\/2021\/08\/AG-13-300x81.jpg 300w\" sizes=\"(max-width: 676px) 100vw, 676px\" \/><\/p>\n<p>&nbsp;<\/p>\n<p>&nbsp;<\/p>\n<p style=\"text-align: center;\"><strong>Solicite informaci\u00f3n sobre nuestros servicios de asesoramiento financiero<\/strong><\/p>\n<p style=\"text-align: center;\">Si necesita ayuda para el cuidado de su patrimonio, no dude en ponerse en contacto con nosotros,<\/p>\n<p style=\"text-align: center;\">sin compromiso.<\/p>\n<p style=\"text-align: center;\">Tel\u00e9fono:\u00a0\u00a0 91 770\u00a0 22 84<\/p>\n<p style=\"text-align: center;\">Correo electr\u00f3nico:\u00a0\u00a0 capitaliafamiliar@capitaliafamiliar.es<\/p>\n","protected":false},"excerpt":{"rendered":"<p>Los mercados tratan de reponerse del susto provocado por las actas de la Fed&hellip; Los mercados tratan de reponerse del susto provocado por las actas de la Fed. Las bolsas rebotan de manera moderada en la &uacute;ltima sesi&oacute;n de la semana abanderadas por Wall Street y se alejan de los m&iacute;nimos marcados ayer, pero se [&hellip;]<\/p>\n","protected":false},"author":2,"featured_media":2525,"comment_status":"closed","ping_status":"closed","sticky":false,"template":"","format":"standard","meta":{"_et_pb_use_builder":"","_et_pb_old_content":"","_et_gb_content_width":"","jetpack_post_was_ever_published":false,"_jetpack_newsletter_access":"","_jetpack_dont_email_post_to_subs":false,"_jetpack_newsletter_tier_id":0,"_jetpack_memberships_contains_paywalled_content":false,"_jetpack_memberships_contains_paid_content":false,"footnotes":""},"categories":[1],"tags":[],"class_list":["post-6712","post","type-post","status-publish","format-standard","has-post-thumbnail","hentry","category-informediario"],"jetpack_featured_media_url":"https:\/\/capitaliafamiliar.es\/informes\/wp-content\/uploads\/2019\/08\/informediario2.png","jetpack_shortlink":"https:\/\/wp.me\/pa2IGq-1Kg","jetpack-related-posts":[{"id":7975,"url":"https:\/\/capitaliafamiliar.es\/informes\/2022\/08\/17\/es-el-fin-del-bear-market-rally-los-indices-son-rechazados-en-resistencias-a-la-espera-de-que-se-conozcan-las-actas-de-la-reunion-celebrada-por-la-fed-en-julio\/","url_meta":{"origin":6712,"position":0},"title":"\u00bfEs el fin del bear market rally? Los \u00edndices son rechazados en resistencias a la espera de que se conozcan las actas de la reuni\u00f3n celebrada por la Fed en julio","author":"Capitalia Familiar","date":"17 de agosto de 2022","format":false,"excerpt":"Informe diario del mi\u00e9rcoles, 17 de agosto de 2022 \u00a0 Sinopsis Hoy en los mercados\u2026 P\u00e9rdidas generalizadas para los mercados. Se reabre el debate sobre los tipos de inter\u00e9s y la inflaci\u00f3n. An\u00e1lisis de situaci\u00f3n y perspectivas \u00bfEs el fin del bear market rally? Los \u00edndices son rechazados en resistencias\u2026","rel":"","context":"En \u00abInforme Diario\u00bb","block_context":{"text":"Informe Diario","link":"https:\/\/capitaliafamiliar.es\/informes\/category\/informediario\/"},"img":{"alt_text":"","src":"https:\/\/i0.wp.com\/capitaliafamiliar.es\/informes\/wp-content\/uploads\/2019\/08\/informediario2.png?resize=350%2C200&ssl=1","width":350,"height":200,"srcset":"https:\/\/i0.wp.com\/capitaliafamiliar.es\/informes\/wp-content\/uploads\/2019\/08\/informediario2.png?resize=350%2C200&ssl=1 1x, https:\/\/i0.wp.com\/capitaliafamiliar.es\/informes\/wp-content\/uploads\/2019\/08\/informediario2.png?resize=525%2C300&ssl=1 1.5x, https:\/\/i0.wp.com\/capitaliafamiliar.es\/informes\/wp-content\/uploads\/2019\/08\/informediario2.png?resize=700%2C400&ssl=1 2x"},"classes":[]},{"id":10777,"url":"https:\/\/capitaliafamiliar.es\/informes\/2024\/02\/01\/la-fed-desarticula-las-previsiones-del-mercado-pero-este-no-se-rinde\/","url_meta":{"origin":6712,"position":1},"title":"La Fed desarticula las previsiones del mercado, pero este no se rinde&#8230;","author":"Capitalia Familiar","date":"1 de febrero de 2024","format":false,"excerpt":"Informe diario del jueves, 1 de febrero de 2024 \u00a0 Sinopsis Hoy en los mercados Sesi\u00f3n de calma en los mercados de renta variable, que tratan de reponerse de la tormenta vivida ayer en Estados Unidos tras la reuni\u00f3n de la Reserva Federal. An\u00e1lisis de situaci\u00f3n La Fed da un\u2026","rel":"","context":"En \u00abInforme Diario Privado\u00bb","block_context":{"text":"Informe Diario Privado","link":"https:\/\/capitaliafamiliar.es\/informes\/category\/informe-diario-privado\/"},"img":{"alt_text":"","src":"https:\/\/i0.wp.com\/capitaliafamiliar.es\/informes\/wp-content\/uploads\/2019\/08\/informediario2.png?resize=350%2C200&ssl=1","width":350,"height":200,"srcset":"https:\/\/i0.wp.com\/capitaliafamiliar.es\/informes\/wp-content\/uploads\/2019\/08\/informediario2.png?resize=350%2C200&ssl=1 1x, https:\/\/i0.wp.com\/capitaliafamiliar.es\/informes\/wp-content\/uploads\/2019\/08\/informediario2.png?resize=525%2C300&ssl=1 1.5x, https:\/\/i0.wp.com\/capitaliafamiliar.es\/informes\/wp-content\/uploads\/2019\/08\/informediario2.png?resize=700%2C400&ssl=1 2x"},"classes":[]},{"id":10781,"url":"https:\/\/capitaliafamiliar.es\/informes\/2024\/02\/01\/la-fed-desarticula-las-previsiones-del-mercado-pero-este-no-se-rinde-2\/","url_meta":{"origin":6712,"position":2},"title":"La Fed desarticula las previsiones del mercado, pero este no se rinde&#8230;","author":"Capitalia Familiar","date":"1 de febrero de 2024","format":false,"excerpt":"Informe diario del jueves, 1 de febrero de 2024 \u00a0 Sinopsis Hoy en los mercados Sesi\u00f3n de calma en los mercados de renta variable, que tratan de reponerse de la tormenta vivida ayer en Estados Unidos tras la reuni\u00f3n de la Reserva Federal. An\u00e1lisis de situaci\u00f3n La Fed da un\u2026","rel":"","context":"En \u00abInforme Diario\u00bb","block_context":{"text":"Informe Diario","link":"https:\/\/capitaliafamiliar.es\/informes\/category\/informediario\/"},"img":{"alt_text":"","src":"https:\/\/i0.wp.com\/capitaliafamiliar.es\/informes\/wp-content\/uploads\/2019\/08\/informediario2.png?resize=350%2C200&ssl=1","width":350,"height":200,"srcset":"https:\/\/i0.wp.com\/capitaliafamiliar.es\/informes\/wp-content\/uploads\/2019\/08\/informediario2.png?resize=350%2C200&ssl=1 1x, https:\/\/i0.wp.com\/capitaliafamiliar.es\/informes\/wp-content\/uploads\/2019\/08\/informediario2.png?resize=525%2C300&ssl=1 1.5x, https:\/\/i0.wp.com\/capitaliafamiliar.es\/informes\/wp-content\/uploads\/2019\/08\/informediario2.png?resize=700%2C400&ssl=1 2x"},"classes":[]},{"id":6370,"url":"https:\/\/capitaliafamiliar.es\/informes\/2021\/06\/21\/informe-diario-lunes-21-de-junio-de-2021\/","url_meta":{"origin":6712,"position":3},"title":"Informe Diario  Lunes, 21 de junio de 2021","author":"Capitalia Familiar","date":"21 de junio de 2021","format":false,"excerpt":"Los mercados tratan de sobreponerse al reajuste de expectativas provocado por la Reserva Federal... Los mercados tratan de sobreponerse al reajuste de expectativas provocado por la Reserva Federal. Las dudas provocadas por James Bullard el pasado viernes en torno a los plazos de la normalizaci\u00f3n monetaria no han tenido continuidad\u2026","rel":"","context":"En \u00abInforme Diario\u00bb","block_context":{"text":"Informe Diario","link":"https:\/\/capitaliafamiliar.es\/informes\/category\/informediario\/"},"img":{"alt_text":"","src":"https:\/\/i0.wp.com\/capitaliafamiliar.es\/informes\/wp-content\/uploads\/2019\/08\/informediario2.png?resize=350%2C200&ssl=1","width":350,"height":200,"srcset":"https:\/\/i0.wp.com\/capitaliafamiliar.es\/informes\/wp-content\/uploads\/2019\/08\/informediario2.png?resize=350%2C200&ssl=1 1x, https:\/\/i0.wp.com\/capitaliafamiliar.es\/informes\/wp-content\/uploads\/2019\/08\/informediario2.png?resize=525%2C300&ssl=1 1.5x, https:\/\/i0.wp.com\/capitaliafamiliar.es\/informes\/wp-content\/uploads\/2019\/08\/informediario2.png?resize=700%2C400&ssl=1 2x"},"classes":[]},{"id":7723,"url":"https:\/\/capitaliafamiliar.es\/informes\/2022\/05\/03\/la-situacion-economica-obliga-a-la-fed-a-endurecer-su-politica-monetaria-pero-sera-el-tono-de-su-mensaje-el-que-determinara-si-las-bolsas-rebotan-o-profundizan-su-caida\/","url_meta":{"origin":6712,"position":4},"title":"La situaci\u00f3n econ\u00f3mica obliga a la Fed a endurecer su pol\u00edtica monetaria, pero ser\u00e1 el tono de su mensaje el que determinar\u00e1 si las bolsas rebotan o profundizan su ca\u00edda","author":"Capitalia Familiar","date":"3 de mayo de 2022","format":false,"excerpt":"Informe diario del martes, 03 de mayo de 2022 \u00a0 Sinopsis Hoy en los mercados\u2026 Los mercados tratan de recuperarse de las ca\u00eddas con la vista puesta en la reuni\u00f3n de la Reserva Federal. An\u00e1lisis de situaci\u00f3n y perspectivas La situaci\u00f3n econ\u00f3mica obligar\u00e1 a la Fed a endurecer su pol\u00edtica\u2026","rel":"","context":"En \u00abInforme Diario\u00bb","block_context":{"text":"Informe Diario","link":"https:\/\/capitaliafamiliar.es\/informes\/category\/informediario\/"},"img":{"alt_text":"","src":"https:\/\/i0.wp.com\/capitaliafamiliar.es\/informes\/wp-content\/uploads\/2019\/08\/informediario2.png?resize=350%2C200&ssl=1","width":350,"height":200,"srcset":"https:\/\/i0.wp.com\/capitaliafamiliar.es\/informes\/wp-content\/uploads\/2019\/08\/informediario2.png?resize=350%2C200&ssl=1 1x, https:\/\/i0.wp.com\/capitaliafamiliar.es\/informes\/wp-content\/uploads\/2019\/08\/informediario2.png?resize=525%2C300&ssl=1 1.5x, https:\/\/i0.wp.com\/capitaliafamiliar.es\/informes\/wp-content\/uploads\/2019\/08\/informediario2.png?resize=700%2C400&ssl=1 2x"},"classes":[]},{"id":6705,"url":"https:\/\/capitaliafamiliar.es\/informes\/2021\/08\/19\/informe-diario-jueves-19-de-agosto-de-2021\/","url_meta":{"origin":6712,"position":5},"title":"Informe Diario  Jueves, 19 de agosto de 2021","author":"Capitalia Familiar","date":"19 de agosto de 2021","format":false,"excerpt":"Las actas de la Fed devuelven la incertidumbre a los mercados... Las actas de la Fed devuelven la incertidumbre a los mercados. Las actas de la \u00faltima reuni\u00f3n de la Reserva Federal, celebrada los pasados 27 y 28 de julio, revelaron que el inicio del tapering est\u00e1 muy cerca, pero\u2026","rel":"","context":"En \u00abInforme Diario\u00bb","block_context":{"text":"Informe Diario","link":"https:\/\/capitaliafamiliar.es\/informes\/category\/informediario\/"},"img":{"alt_text":"","src":"https:\/\/i0.wp.com\/capitaliafamiliar.es\/informes\/wp-content\/uploads\/2019\/08\/informediario2.png?resize=350%2C200&ssl=1","width":350,"height":200,"srcset":"https:\/\/i0.wp.com\/capitaliafamiliar.es\/informes\/wp-content\/uploads\/2019\/08\/informediario2.png?resize=350%2C200&ssl=1 1x, https:\/\/i0.wp.com\/capitaliafamiliar.es\/informes\/wp-content\/uploads\/2019\/08\/informediario2.png?resize=525%2C300&ssl=1 1.5x, https:\/\/i0.wp.com\/capitaliafamiliar.es\/informes\/wp-content\/uploads\/2019\/08\/informediario2.png?resize=700%2C400&ssl=1 2x"},"classes":[]}],"jetpack_sharing_enabled":true,"_links":{"self":[{"href":"https:\/\/capitaliafamiliar.es\/informes\/wp-json\/wp\/v2\/posts\/6712","targetHints":{"allow":["GET"]}}],"collection":[{"href":"https:\/\/capitaliafamiliar.es\/informes\/wp-json\/wp\/v2\/posts"}],"about":[{"href":"https:\/\/capitaliafamiliar.es\/informes\/wp-json\/wp\/v2\/types\/post"}],"author":[{"embeddable":true,"href":"https:\/\/capitaliafamiliar.es\/informes\/wp-json\/wp\/v2\/users\/2"}],"replies":[{"embeddable":true,"href":"https:\/\/capitaliafamiliar.es\/informes\/wp-json\/wp\/v2\/comments?post=6712"}],"version-history":[{"count":3,"href":"https:\/\/capitaliafamiliar.es\/informes\/wp-json\/wp\/v2\/posts\/6712\/revisions"}],"predecessor-version":[{"id":6718,"href":"https:\/\/capitaliafamiliar.es\/informes\/wp-json\/wp\/v2\/posts\/6712\/revisions\/6718"}],"wp:featuredmedia":[{"embeddable":true,"href":"https:\/\/capitaliafamiliar.es\/informes\/wp-json\/wp\/v2\/media\/2525"}],"wp:attachment":[{"href":"https:\/\/capitaliafamiliar.es\/informes\/wp-json\/wp\/v2\/media?parent=6712"}],"wp:term":[{"taxonomy":"category","embeddable":true,"href":"https:\/\/capitaliafamiliar.es\/informes\/wp-json\/wp\/v2\/categories?post=6712"},{"taxonomy":"post_tag","embeddable":true,"href":"https:\/\/capitaliafamiliar.es\/informes\/wp-json\/wp\/v2\/tags?post=6712"}],"curies":[{"name":"wp","href":"https:\/\/api.w.org\/{rel}","templated":true}]}}