{"id":6756,"date":"2021-08-27T15:54:49","date_gmt":"2021-08-27T15:54:49","guid":{"rendered":"https:\/\/capitaliafamiliar.es\/informes\/?p=6756"},"modified":"2021-08-27T15:54:49","modified_gmt":"2021-08-27T15:54:49","slug":"informe-diario-viernes-27-de-agosto-de-2021","status":"publish","type":"post","link":"https:\/\/capitaliafamiliar.es\/informes\/2021\/08\/27\/informe-diario-viernes-27-de-agosto-de-2021\/","title":{"rendered":"Informe Diario <br> Viernes, 27 de agosto de 2021"},"content":{"rendered":"<blockquote>\n<p style=\"text-align: justify;\"><span style=\"font-size: 16px;\"><strong>Discurso de Powell a gusto de todos&#8230;<\/strong><\/span><\/p>\n<\/blockquote>\n<p style=\"text-align: justify;\"><span style=\"font-size: 16px;\"><strong>Powell sigue preparando a los mercados para la pr\u00f3xima retirada de est\u00edmulos, pero sin prisa. <\/strong>Como esper\u00e1bamos, el presidente de la Reserva Federal no ha dado hoy detalle alguno ni sobre el calendario ni sobre la velocidad a la que la autoridad monetaria estadounidense podr\u00eda ir reduciendo su programa de compra de activos a lo largo de los pr\u00f3ximos meses. El presidente de la Fed se ha limitado a decir que, si la econom\u00eda americana sigue comport\u00e1ndose como lo viene haciendo en los \u00faltimos meses, podr\u00eda ser apropiado empezar a reducir sus compras de activos dentro de este mismo a\u00f1o. Las referencias a la necesidad de seguir mejorando los datos en t\u00e9rminos de creaci\u00f3n de empleo y a los riesgos asociados a la variante Delta de la Covid-19 sugieren que la Fed podr\u00eda estar barajando empezar a reducir sus compras de activos m\u00e1s hacia finales de a\u00f1o que hacia el inicio del nuevo curso, y que, al menos por el momento, prefieren conservar cierto margen de flexibilidad por lo que pudiera suceder en estas pr\u00f3ximas semanas y meses. Sobre esta base, la Reserva Federal podr\u00eda confirmar oficialmente en su pr\u00f3xima reuni\u00f3n del 21 y 22 de septiembre su decisi\u00f3n de empezar a reducir su programa de compra de activos antes de finales de este a\u00f1o, y en la siguiente reuni\u00f3n del 2 y 3 noviembre podr\u00eda concretar el ritmo al que pretende reducir dichas compras a partir ya del mes de diciembre, hasta terminar con dicho programa de compras dentro ya de 2022. Algunos miembros de la Fed abogaban hoy mismo por ir reduciendo las compras a un ritmo que permitiera concluir el programa a finales del primer semestre del pr\u00f3ximo a\u00f1o (es decir, a raz\u00f3n de unos 15-20 mil millones de USD menos cada mes). Pero todo esto sigue condicionado hoy por hoy por el comportamiento que vaya mostrando la econom\u00eda estadounidense tras el par\u00e9ntesis estival, as\u00ed como por la evoluci\u00f3n de la pandemia en la recta final de este a\u00f1o.\u00a0<\/span><\/p>\n<p style=\"text-align: justify;\"><strong>Reacci\u00f3n positiva de los mercados al tono equilibrado del discurso de Powell.<\/strong> Los mercados celebran as\u00ed que la Fed tome nota de las presiones inflacionistas asociadas a la fuerte recuperaci\u00f3n que est\u00e1 disfrutando la econom\u00eda estadounidense, pero tambi\u00e9n valoran positivamente que la autoridad monetaria norteamericana no ignore tampoco los riesgos a\u00fan existentes, as\u00ed como el peligro que supondr\u00eda reducir est\u00edmulos de forma demasiado precipitada. As\u00ed, podr\u00eda decirse que el discurso de Powell de hoy fue a gusto de todos.<\/p>\n<p>&nbsp;<\/p>\n<p><img loading=\"lazy\" decoding=\"async\" data-attachment-id=\"6764\" data-permalink=\"https:\/\/capitaliafamiliar.es\/informes\/2021\/08\/27\/informe-diario-viernes-27-de-agosto-de-2021\/rv-805\/\" data-orig-file=\"https:\/\/capitaliafamiliar.es\/informes\/wp-content\/uploads\/2021\/08\/RV-18.jpg\" data-orig-size=\"336,413\" data-comments-opened=\"0\" data-image-meta=\"{&quot;aperture&quot;:&quot;0&quot;,&quot;credit&quot;:&quot;&quot;,&quot;camera&quot;:&quot;&quot;,&quot;caption&quot;:&quot;&quot;,&quot;created_timestamp&quot;:&quot;0&quot;,&quot;copyright&quot;:&quot;&quot;,&quot;focal_length&quot;:&quot;0&quot;,&quot;iso&quot;:&quot;0&quot;,&quot;shutter_speed&quot;:&quot;0&quot;,&quot;title&quot;:&quot;&quot;,&quot;orientation&quot;:&quot;0&quot;}\" data-image-title=\"RV\" data-image-description=\"\" data-image-caption=\"\" data-large-file=\"https:\/\/capitaliafamiliar.es\/informes\/wp-content\/uploads\/2021\/08\/RV-18.jpg\" class=\"alignnone size-full wp-image-6764\" src=\"https:\/\/capitaliafamiliar.es\/informes\/wp-content\/uploads\/2021\/08\/RV-18.jpg\" alt=\"\" width=\"336\" height=\"413\" srcset=\"https:\/\/capitaliafamiliar.es\/informes\/wp-content\/uploads\/2021\/08\/RV-18.jpg 336w, https:\/\/capitaliafamiliar.es\/informes\/wp-content\/uploads\/2021\/08\/RV-18-244x300.jpg 244w\" sizes=\"(max-width: 336px) 100vw, 336px\" \/><img loading=\"lazy\" decoding=\"async\" data-attachment-id=\"6765\" data-permalink=\"https:\/\/capitaliafamiliar.es\/informes\/2021\/08\/27\/informe-diario-viernes-27-de-agosto-de-2021\/rf-797\/\" data-orig-file=\"https:\/\/capitaliafamiliar.es\/informes\/wp-content\/uploads\/2021\/08\/RF-18.jpg\" data-orig-size=\"299,353\" data-comments-opened=\"0\" data-image-meta=\"{&quot;aperture&quot;:&quot;0&quot;,&quot;credit&quot;:&quot;&quot;,&quot;camera&quot;:&quot;&quot;,&quot;caption&quot;:&quot;&quot;,&quot;created_timestamp&quot;:&quot;0&quot;,&quot;copyright&quot;:&quot;&quot;,&quot;focal_length&quot;:&quot;0&quot;,&quot;iso&quot;:&quot;0&quot;,&quot;shutter_speed&quot;:&quot;0&quot;,&quot;title&quot;:&quot;&quot;,&quot;orientation&quot;:&quot;0&quot;}\" data-image-title=\"RF\" data-image-description=\"\" data-image-caption=\"\" data-large-file=\"https:\/\/capitaliafamiliar.es\/informes\/wp-content\/uploads\/2021\/08\/RF-18.jpg\" class=\"alignnone size-full wp-image-6765\" src=\"https:\/\/capitaliafamiliar.es\/informes\/wp-content\/uploads\/2021\/08\/RF-18.jpg\" alt=\"\" width=\"299\" height=\"353\" srcset=\"https:\/\/capitaliafamiliar.es\/informes\/wp-content\/uploads\/2021\/08\/RF-18.jpg 299w, https:\/\/capitaliafamiliar.es\/informes\/wp-content\/uploads\/2021\/08\/RF-18-254x300.jpg 254w\" sizes=\"(max-width: 299px) 100vw, 299px\" \/><\/p>\n<p>&nbsp;<\/p>\n<p><strong>| Agenda para el lunes |<\/strong><\/p>\n<p><img loading=\"lazy\" decoding=\"async\" data-attachment-id=\"6759\" data-permalink=\"https:\/\/capitaliafamiliar.es\/informes\/2021\/08\/27\/informe-diario-viernes-27-de-agosto-de-2021\/a-266\/\" data-orig-file=\"https:\/\/capitaliafamiliar.es\/informes\/wp-content\/uploads\/2021\/08\/A-6.jpg\" data-orig-size=\"676,105\" data-comments-opened=\"0\" data-image-meta=\"{&quot;aperture&quot;:&quot;0&quot;,&quot;credit&quot;:&quot;&quot;,&quot;camera&quot;:&quot;&quot;,&quot;caption&quot;:&quot;&quot;,&quot;created_timestamp&quot;:&quot;0&quot;,&quot;copyright&quot;:&quot;&quot;,&quot;focal_length&quot;:&quot;0&quot;,&quot;iso&quot;:&quot;0&quot;,&quot;shutter_speed&quot;:&quot;0&quot;,&quot;title&quot;:&quot;&quot;,&quot;orientation&quot;:&quot;0&quot;}\" data-image-title=\"A\" data-image-description=\"\" data-image-caption=\"\" data-large-file=\"https:\/\/capitaliafamiliar.es\/informes\/wp-content\/uploads\/2021\/08\/A-6.jpg\" class=\"alignnone size-full wp-image-6759\" src=\"https:\/\/capitaliafamiliar.es\/informes\/wp-content\/uploads\/2021\/08\/A-6.jpg\" alt=\"\" width=\"676\" height=\"105\" srcset=\"https:\/\/capitaliafamiliar.es\/informes\/wp-content\/uploads\/2021\/08\/A-6.jpg 676w, https:\/\/capitaliafamiliar.es\/informes\/wp-content\/uploads\/2021\/08\/A-6-300x47.jpg 300w\" sizes=\"(max-width: 676px) 100vw, 676px\" \/><\/p>\n<p>&nbsp;<\/p>\n<p>&nbsp;<\/p>\n<p style=\"text-align: center;\"><strong>Solicite informaci\u00f3n sobre nuestros servicios de asesoramiento financiero<\/strong><\/p>\n<p style=\"text-align: center;\">Si necesita ayuda para el cuidado de su patrimonio, no dude en ponerse en contacto con nosotros,<\/p>\n<p style=\"text-align: center;\">sin compromiso.<\/p>\n<p style=\"text-align: center;\">Tel\u00e9fono:\u00a0\u00a0 91 770\u00a0 22 84<\/p>\n<p style=\"text-align: center;\">Correo electr\u00f3nico:\u00a0\u00a0 capitaliafamiliar@capitaliafamiliar.es<\/p>\n","protected":false},"excerpt":{"rendered":"<p>Discurso de Powell a gusto de todos&hellip; Powell sigue preparando a los mercados para la pr&oacute;xima retirada de est&iacute;mulos, pero sin prisa. Como esper&aacute;bamos, el presidente de la Reserva Federal no ha dado hoy detalle alguno ni sobre el calendario ni sobre la velocidad a la que la autoridad monetaria estadounidense podr&iacute;a ir reduciendo su [&hellip;]<\/p>\n","protected":false},"author":3,"featured_media":2525,"comment_status":"closed","ping_status":"closed","sticky":false,"template":"","format":"standard","meta":{"_et_pb_use_builder":"","_et_pb_old_content":"","_et_gb_content_width":"","jetpack_post_was_ever_published":false,"_jetpack_newsletter_access":"","_jetpack_dont_email_post_to_subs":false,"_jetpack_newsletter_tier_id":0,"_jetpack_memberships_contains_paywalled_content":false,"_jetpack_memberships_contains_paid_content":false,"footnotes":""},"categories":[1],"tags":[],"class_list":["post-6756","post","type-post","status-publish","format-standard","has-post-thumbnail","hentry","category-informediario"],"jetpack_featured_media_url":"https:\/\/capitaliafamiliar.es\/informes\/wp-content\/uploads\/2019\/08\/informediario2.png","jetpack_shortlink":"https:\/\/wp.me\/pa2IGq-1KY","jetpack-related-posts":[{"id":6514,"url":"https:\/\/capitaliafamiliar.es\/informes\/2021\/07\/14\/informe-diario-miercoles-14-de-julio-de-2021\/","url_meta":{"origin":6756,"position":0},"title":"Informe Diario  Mi\u00e9rcoles, 14 de julio de 2021","author":"Capitalia Familiar","date":"14 de julio de 2021","format":false,"excerpt":"El discurso de Powell ante el Congreso no advierte cambios en la hoja de ruta de la Fed pese al aumento de la inflaci\u00f3n... El discurso de Powell ante el Congreso no advierte cambios en la hoja de ruta de la Fed pese al aumento de la inflaci\u00f3n. Al env\u00edo\u2026","rel":"","context":"En \u00abInforme Diario\u00bb","block_context":{"text":"Informe Diario","link":"https:\/\/capitaliafamiliar.es\/informes\/category\/informediario\/"},"img":{"alt_text":"","src":"https:\/\/i0.wp.com\/capitaliafamiliar.es\/informes\/wp-content\/uploads\/2019\/08\/informediario2.png?resize=350%2C200&ssl=1","width":350,"height":200,"srcset":"https:\/\/i0.wp.com\/capitaliafamiliar.es\/informes\/wp-content\/uploads\/2019\/08\/informediario2.png?resize=350%2C200&ssl=1 1x, https:\/\/i0.wp.com\/capitaliafamiliar.es\/informes\/wp-content\/uploads\/2019\/08\/informediario2.png?resize=525%2C300&ssl=1 1.5x, https:\/\/i0.wp.com\/capitaliafamiliar.es\/informes\/wp-content\/uploads\/2019\/08\/informediario2.png?resize=700%2C400&ssl=1 2x"},"classes":[]},{"id":6378,"url":"https:\/\/capitaliafamiliar.es\/informes\/2021\/06\/22\/informe-diario-martes-22-de-junio-de-2021\/","url_meta":{"origin":6756,"position":1},"title":"Informe Diario  Martes, 22 de junio de 2021","author":"Capitalia Familiar","date":"22 de junio de 2021","format":false,"excerpt":"Los mercados moderan el rebote a la espera de la comparecencia de Jerome Powell... Los mercados moderan el rebote a la espera de la comparecencia de Jerome Powell. El rebote protagonizado ayer por las bolsas se ha moderado hoy a la espera de que el presidente de la Reserva Federal,\u2026","rel":"","context":"En \u00abInforme Diario\u00bb","block_context":{"text":"Informe Diario","link":"https:\/\/capitaliafamiliar.es\/informes\/category\/informediario\/"},"img":{"alt_text":"","src":"https:\/\/i0.wp.com\/capitaliafamiliar.es\/informes\/wp-content\/uploads\/2019\/08\/informediario2.png?resize=350%2C200&ssl=1","width":350,"height":200,"srcset":"https:\/\/i0.wp.com\/capitaliafamiliar.es\/informes\/wp-content\/uploads\/2019\/08\/informediario2.png?resize=350%2C200&ssl=1 1x, https:\/\/i0.wp.com\/capitaliafamiliar.es\/informes\/wp-content\/uploads\/2019\/08\/informediario2.png?resize=525%2C300&ssl=1 1.5x, https:\/\/i0.wp.com\/capitaliafamiliar.es\/informes\/wp-content\/uploads\/2019\/08\/informediario2.png?resize=700%2C400&ssl=1 2x"},"classes":[]},{"id":1291,"url":"https:\/\/capitaliafamiliar.es\/informes\/2018\/12\/20\/informe-diario-jueves-20-de-diciembre-de-2018\/","url_meta":{"origin":6756,"position":2},"title":"Informe Diario  Jueves, 20 de diciembre de 2018","author":"Capitalia Familiar","date":"20 de diciembre de 2018","format":false,"excerpt":"| Visi\u00f3n de conjunto | Se consuma la crisis en la relaci\u00f3n entre los mercados y la Reserva Federal. Tras una d\u00e9cada de mutuo entendimiento, la relaci\u00f3n entre los mercados y la Reserva Federal ha entrado en crisis: ambas partes mantienen en estos momentos visiones contrapuestas sobre las perspectivas de\u2026","rel":"","context":"En \u00abInforme Diario\u00bb","block_context":{"text":"Informe Diario","link":"https:\/\/capitaliafamiliar.es\/informes\/category\/informediario\/"},"img":{"alt_text":"","src":"https:\/\/i0.wp.com\/capitaliafamiliar.es\/informes\/wp-content\/uploads\/2018\/07\/informediario2.png?resize=350%2C200&ssl=1","width":350,"height":200,"srcset":"https:\/\/i0.wp.com\/capitaliafamiliar.es\/informes\/wp-content\/uploads\/2018\/07\/informediario2.png?resize=350%2C200&ssl=1 1x, https:\/\/i0.wp.com\/capitaliafamiliar.es\/informes\/wp-content\/uploads\/2018\/07\/informediario2.png?resize=525%2C300&ssl=1 1.5x, https:\/\/i0.wp.com\/capitaliafamiliar.es\/informes\/wp-content\/uploads\/2018\/07\/informediario2.png?resize=700%2C400&ssl=1 2x"},"classes":[]},{"id":1490,"url":"https:\/\/capitaliafamiliar.es\/informes\/2019\/01\/29\/informe-diario-martes-29-de-enero-de-2019\/","url_meta":{"origin":6756,"position":3},"title":"Informe Diario  Martes, 29 de enero de 2019","author":"Capitalia Familiar","date":"29 de enero de 2019","format":false,"excerpt":"May sigue buscando una mayor\u00eda parlamentaria en torno a la cual renegociar el acuerdo del Brexit con la Uni\u00f3n Europea. Los esfuerzos de May parecen estar centr\u00e1ndose en conseguir un consenso suficiente entre sus correligionarios conservadores en torno a una renegociaci\u00f3n del acuerdo que incluya una fecha l\u00edmite de vigencia\u2026","rel":"","context":"En \u00abInforme Diario\u00bb","block_context":{"text":"Informe Diario","link":"https:\/\/capitaliafamiliar.es\/informes\/category\/informediario\/"},"img":{"alt_text":"","src":"https:\/\/i0.wp.com\/capitaliafamiliar.es\/informes\/wp-content\/uploads\/2018\/07\/informediario2.png?resize=350%2C200&ssl=1","width":350,"height":200,"srcset":"https:\/\/i0.wp.com\/capitaliafamiliar.es\/informes\/wp-content\/uploads\/2018\/07\/informediario2.png?resize=350%2C200&ssl=1 1x, https:\/\/i0.wp.com\/capitaliafamiliar.es\/informes\/wp-content\/uploads\/2018\/07\/informediario2.png?resize=525%2C300&ssl=1 1.5x, https:\/\/i0.wp.com\/capitaliafamiliar.es\/informes\/wp-content\/uploads\/2018\/07\/informediario2.png?resize=700%2C400&ssl=1 2x"},"classes":[]},{"id":241,"url":"https:\/\/capitaliafamiliar.es\/informes\/2018\/07\/17\/informe-diario-martes-17-de-julio-de-2018\/","url_meta":{"origin":6756,"position":4},"title":"Informe Diario  Martes, 17 de julio de 2018","author":"Capitalia Familiar","date":"17 de julio de 2018","format":false,"excerpt":"| Visi\u00f3n de conjunto | En su comparecencia semestral ante el comit\u00e9 bancario del Senado, el presidente de la Reserva Federal, Jerome Powell, ha insistido en la conveniencia de seguir avanzando por ahora en la subida progresiva de su tipo de inter\u00e9s de referencia, ante la fortaleza mostrada por la\u2026","rel":"","context":"En \u00abInforme Diario\u00bb","block_context":{"text":"Informe Diario","link":"https:\/\/capitaliafamiliar.es\/informes\/category\/informediario\/"},"img":{"alt_text":"","src":"https:\/\/i0.wp.com\/capitaliafamiliar.es\/informes\/wp-content\/uploads\/2018\/07\/informediario2.png?resize=350%2C200&ssl=1","width":350,"height":200,"srcset":"https:\/\/i0.wp.com\/capitaliafamiliar.es\/informes\/wp-content\/uploads\/2018\/07\/informediario2.png?resize=350%2C200&ssl=1 1x, https:\/\/i0.wp.com\/capitaliafamiliar.es\/informes\/wp-content\/uploads\/2018\/07\/informediario2.png?resize=525%2C300&ssl=1 1.5x, https:\/\/i0.wp.com\/capitaliafamiliar.es\/informes\/wp-content\/uploads\/2018\/07\/informediario2.png?resize=700%2C400&ssl=1 2x"},"classes":[]},{"id":3995,"url":"https:\/\/capitaliafamiliar.es\/informes\/2020\/05\/13\/informe-diario-miercoles-13-de-mayo-de-2020\/","url_meta":{"origin":6756,"position":5},"title":"Informe Diario  Mi\u00e9rcoles, 13 de mayo de 2020","author":"Capitalia Familiar","date":"13 de mayo de 2020","format":false,"excerpt":"Parece que los mercados empiezan por fin a despertar a una realidad que podr\u00eda no ser tan halag\u00fce\u00f1a como ven\u00edan anticipando... Parece que los mercados empiezan por fin a despertar a una realidad que podr\u00eda no ser tan halag\u00fce\u00f1a como ven\u00edan anticipando. Ha tenido que ser el presidente de la\u2026","rel":"","context":"En \u00abInforme Diario\u00bb","block_context":{"text":"Informe Diario","link":"https:\/\/capitaliafamiliar.es\/informes\/category\/informediario\/"},"img":{"alt_text":"","src":"https:\/\/i0.wp.com\/capitaliafamiliar.es\/informes\/wp-content\/uploads\/2019\/08\/informediario2.png?resize=350%2C200&ssl=1","width":350,"height":200,"srcset":"https:\/\/i0.wp.com\/capitaliafamiliar.es\/informes\/wp-content\/uploads\/2019\/08\/informediario2.png?resize=350%2C200&ssl=1 1x, https:\/\/i0.wp.com\/capitaliafamiliar.es\/informes\/wp-content\/uploads\/2019\/08\/informediario2.png?resize=525%2C300&ssl=1 1.5x, https:\/\/i0.wp.com\/capitaliafamiliar.es\/informes\/wp-content\/uploads\/2019\/08\/informediario2.png?resize=700%2C400&ssl=1 2x"},"classes":[]}],"jetpack_sharing_enabled":true,"_links":{"self":[{"href":"https:\/\/capitaliafamiliar.es\/informes\/wp-json\/wp\/v2\/posts\/6756","targetHints":{"allow":["GET"]}}],"collection":[{"href":"https:\/\/capitaliafamiliar.es\/informes\/wp-json\/wp\/v2\/posts"}],"about":[{"href":"https:\/\/capitaliafamiliar.es\/informes\/wp-json\/wp\/v2\/types\/post"}],"author":[{"embeddable":true,"href":"https:\/\/capitaliafamiliar.es\/informes\/wp-json\/wp\/v2\/users\/3"}],"replies":[{"embeddable":true,"href":"https:\/\/capitaliafamiliar.es\/informes\/wp-json\/wp\/v2\/comments?post=6756"}],"version-history":[{"count":7,"href":"https:\/\/capitaliafamiliar.es\/informes\/wp-json\/wp\/v2\/posts\/6756\/revisions"}],"predecessor-version":[{"id":6766,"href":"https:\/\/capitaliafamiliar.es\/informes\/wp-json\/wp\/v2\/posts\/6756\/revisions\/6766"}],"wp:featuredmedia":[{"embeddable":true,"href":"https:\/\/capitaliafamiliar.es\/informes\/wp-json\/wp\/v2\/media\/2525"}],"wp:attachment":[{"href":"https:\/\/capitaliafamiliar.es\/informes\/wp-json\/wp\/v2\/media?parent=6756"}],"wp:term":[{"taxonomy":"category","embeddable":true,"href":"https:\/\/capitaliafamiliar.es\/informes\/wp-json\/wp\/v2\/categories?post=6756"},{"taxonomy":"post_tag","embeddable":true,"href":"https:\/\/capitaliafamiliar.es\/informes\/wp-json\/wp\/v2\/tags?post=6756"}],"curies":[{"name":"wp","href":"https:\/\/api.w.org\/{rel}","templated":true}]}}