{"id":6775,"date":"2021-08-31T15:57:47","date_gmt":"2021-08-31T15:57:47","guid":{"rendered":"https:\/\/capitaliafamiliar.es\/informes\/?p=6775"},"modified":"2021-08-31T15:57:47","modified_gmt":"2021-08-31T15:57:47","slug":"informe-diario-martes-31-de-agosto-de-2021","status":"publish","type":"post","link":"https:\/\/capitaliafamiliar.es\/informes\/2021\/08\/31\/informe-diario-martes-31-de-agosto-de-2021\/","title":{"rendered":"Informe Diario <br> Martes, 31 de agosto de 2021"},"content":{"rendered":"<blockquote>\n<p style=\"text-align: justify;\"><span style=\"font-size: 16px;\"><strong>Las crecientes presiones inflacionistas condicionar\u00e1n la agenda de los principales bancos centrales al comienzo de este nuevo curso&#8230;<\/strong><\/span><\/p>\n<\/blockquote>\n<p style=\"text-align: justify;\"><span style=\"font-size: 16px;\"><strong>Las crecientes presiones inflacionistas condicionar\u00e1n la agenda de los principales bancos centrales al comienzo de este nuevo curso.\u00a0<\/strong>La inflaci\u00f3n de la Eurozona aument\u00f3 m\u00e1s de lo previsto en el mes de agosto, hasta una tasa interanual del 3.0%, frente al 2.7% esperado por el consenso del mercado, y desde el 2.2% del mes de julio. Se trata de su nivel m\u00e1s alto en los \u00faltimos 10 a\u00f1os, muy por encima ya del objetivo oficial de largo plazo del 2% establecido por el Banco Central Europeo. Esta din\u00e1mica inflacionista viene a poner en cuesti\u00f3n el mantenimiento del tono marcadamente expansivo que a d\u00eda de hoy sigue caracterizando a la pol\u00edtica monetaria del BCE, y permite anticipar un intenso debate interno entre &#8220;halcones&#8221; y &#8220;palomas&#8221; en la pr\u00f3xima reuni\u00f3n del consejo de gobierno de este 9 de septiembre. En la medida en que estas tensiones inflacionistas se mantengan en los pr\u00f3ximos meses, el BCE va a tener muy complicado quedarse al margen del proceso de normalizaci\u00f3n monetaria que la Reserva Federal estadounidense ya ha anunciado quiere comenzar antes de finales de este a\u00f1o. El problema de Europa en este contexto es que su econom\u00eda no se muestra tan fuerte ni es tan din\u00e1mica como la estadounidense, y los planes de est\u00edmulo fiscal se est\u00e1n aplicando de manera m\u00e1s t\u00edmida y con mucho m\u00e1s retraso, lo que hace que la econom\u00eda europea contin\u00fae siendo muy dependiente de las ayudas del BCE y, por consiguiente, tambi\u00e9n potencialmente m\u00e1s vulnerable a su retirada. <strong>Los bancos centrales deber\u00e1n calibrar muy bien sus movimientos en estos pr\u00f3ximos meses si no quieren convertirse (a\u00fan m\u00e1s) en parte del problema (en realidad ya se convirtieron en parte del problema cuando a\u00f1os atr\u00e1s se saltaron todos los l\u00edmites de una pol\u00edtica monetaria ortodoxa y rigurosa).<\/strong><\/span><\/p>\n<p style=\"text-align: justify;\"><strong>En el terreno macroecon\u00f3mico,\u00a0<\/strong>la econom\u00eda china sigue debilit\u00e1ndose y vuelve a entrar en din\u00e1mica contractiva: el \u00edndice compuesto de gestores de compras (PMI) cay\u00f3 en agosto por debajo del nivel 50, que marca la frontera entre la din\u00e1mica contractiva y la expansiva. En los Estados Unidos, los precios de la vivienda siguen disparados, con un crecimiento interanual en junio del 19.1%, aceler\u00e1ndose desde el 17.1% del mes anterior, y marcando as\u00ed m\u00e1ximos hist\u00f3ricos. Sorpresa negativa en el dato de confianza del consumidor, al desplomarse en agosto hasta los 113.8 puntos desde 129.1 del mes anterior, y frente a los 124.0 esperados por el consenso del mercado.<\/p>\n<p>&nbsp;<\/p>\n<p><img loading=\"lazy\" decoding=\"async\" data-attachment-id=\"6782\" data-permalink=\"https:\/\/capitaliafamiliar.es\/informes\/2021\/08\/31\/informe-diario-martes-31-de-agosto-de-2021\/rv-807\/\" data-orig-file=\"https:\/\/capitaliafamiliar.es\/informes\/wp-content\/uploads\/2021\/08\/RV-20.jpg\" data-orig-size=\"336,413\" data-comments-opened=\"0\" data-image-meta=\"{&quot;aperture&quot;:&quot;0&quot;,&quot;credit&quot;:&quot;&quot;,&quot;camera&quot;:&quot;&quot;,&quot;caption&quot;:&quot;&quot;,&quot;created_timestamp&quot;:&quot;0&quot;,&quot;copyright&quot;:&quot;&quot;,&quot;focal_length&quot;:&quot;0&quot;,&quot;iso&quot;:&quot;0&quot;,&quot;shutter_speed&quot;:&quot;0&quot;,&quot;title&quot;:&quot;&quot;,&quot;orientation&quot;:&quot;0&quot;}\" data-image-title=\"RV\" data-image-description=\"\" data-image-caption=\"\" data-large-file=\"https:\/\/capitaliafamiliar.es\/informes\/wp-content\/uploads\/2021\/08\/RV-20.jpg\" class=\"alignnone size-full wp-image-6782\" src=\"https:\/\/capitaliafamiliar.es\/informes\/wp-content\/uploads\/2021\/08\/RV-20.jpg\" alt=\"\" width=\"336\" height=\"413\" srcset=\"https:\/\/capitaliafamiliar.es\/informes\/wp-content\/uploads\/2021\/08\/RV-20.jpg 336w, https:\/\/capitaliafamiliar.es\/informes\/wp-content\/uploads\/2021\/08\/RV-20-244x300.jpg 244w\" sizes=\"(max-width: 336px) 100vw, 336px\" \/><img loading=\"lazy\" decoding=\"async\" data-attachment-id=\"6783\" data-permalink=\"https:\/\/capitaliafamiliar.es\/informes\/2021\/08\/31\/informe-diario-martes-31-de-agosto-de-2021\/rf-799\/\" data-orig-file=\"https:\/\/capitaliafamiliar.es\/informes\/wp-content\/uploads\/2021\/08\/RF-20.jpg\" data-orig-size=\"299,353\" data-comments-opened=\"0\" data-image-meta=\"{&quot;aperture&quot;:&quot;0&quot;,&quot;credit&quot;:&quot;&quot;,&quot;camera&quot;:&quot;&quot;,&quot;caption&quot;:&quot;&quot;,&quot;created_timestamp&quot;:&quot;0&quot;,&quot;copyright&quot;:&quot;&quot;,&quot;focal_length&quot;:&quot;0&quot;,&quot;iso&quot;:&quot;0&quot;,&quot;shutter_speed&quot;:&quot;0&quot;,&quot;title&quot;:&quot;&quot;,&quot;orientation&quot;:&quot;0&quot;}\" data-image-title=\"RF\" data-image-description=\"\" data-image-caption=\"\" data-large-file=\"https:\/\/capitaliafamiliar.es\/informes\/wp-content\/uploads\/2021\/08\/RF-20.jpg\" class=\"alignnone size-full wp-image-6783\" src=\"https:\/\/capitaliafamiliar.es\/informes\/wp-content\/uploads\/2021\/08\/RF-20.jpg\" alt=\"\" width=\"299\" height=\"353\" srcset=\"https:\/\/capitaliafamiliar.es\/informes\/wp-content\/uploads\/2021\/08\/RF-20.jpg 299w, https:\/\/capitaliafamiliar.es\/informes\/wp-content\/uploads\/2021\/08\/RF-20-254x300.jpg 254w\" sizes=\"(max-width: 299px) 100vw, 299px\" \/><\/p>\n<p>&nbsp;<\/p>\n<p><strong>| Agenda para ma\u00f1ana |<\/strong><\/p>\n<p><img loading=\"lazy\" decoding=\"async\" data-attachment-id=\"6779\" data-permalink=\"https:\/\/capitaliafamiliar.es\/informes\/2021\/08\/31\/informe-diario-martes-31-de-agosto-de-2021\/a-268\/\" data-orig-file=\"https:\/\/capitaliafamiliar.es\/informes\/wp-content\/uploads\/2021\/08\/A-8.jpg\" data-orig-size=\"676,131\" data-comments-opened=\"0\" data-image-meta=\"{&quot;aperture&quot;:&quot;0&quot;,&quot;credit&quot;:&quot;&quot;,&quot;camera&quot;:&quot;&quot;,&quot;caption&quot;:&quot;&quot;,&quot;created_timestamp&quot;:&quot;0&quot;,&quot;copyright&quot;:&quot;&quot;,&quot;focal_length&quot;:&quot;0&quot;,&quot;iso&quot;:&quot;0&quot;,&quot;shutter_speed&quot;:&quot;0&quot;,&quot;title&quot;:&quot;&quot;,&quot;orientation&quot;:&quot;0&quot;}\" data-image-title=\"A\" data-image-description=\"\" data-image-caption=\"\" data-large-file=\"https:\/\/capitaliafamiliar.es\/informes\/wp-content\/uploads\/2021\/08\/A-8.jpg\" class=\"alignnone size-full wp-image-6779\" src=\"https:\/\/capitaliafamiliar.es\/informes\/wp-content\/uploads\/2021\/08\/A-8.jpg\" alt=\"\" width=\"676\" height=\"131\" srcset=\"https:\/\/capitaliafamiliar.es\/informes\/wp-content\/uploads\/2021\/08\/A-8.jpg 676w, https:\/\/capitaliafamiliar.es\/informes\/wp-content\/uploads\/2021\/08\/A-8-300x58.jpg 300w\" sizes=\"(max-width: 676px) 100vw, 676px\" \/><\/p>\n<p>&nbsp;<\/p>\n<p>&nbsp;<\/p>\n<p style=\"text-align: center;\"><strong>Solicite informaci\u00f3n sobre nuestros servicios de asesoramiento financiero<\/strong><\/p>\n<p style=\"text-align: center;\">Si necesita ayuda para el cuidado de su patrimonio, no dude en ponerse en contacto con nosotros,<\/p>\n<p style=\"text-align: center;\">sin compromiso.<\/p>\n<p style=\"text-align: center;\">Tel\u00e9fono:\u00a0\u00a0 91 770\u00a0 22 84<\/p>\n<p style=\"text-align: center;\">Correo electr\u00f3nico:\u00a0\u00a0 capitaliafamiliar@capitaliafamiliar.es<\/p>\n","protected":false},"excerpt":{"rendered":"<p>Las crecientes presiones inflacionistas condicionar&aacute;n la agenda de los principales bancos centrales al comienzo de este nuevo curso&hellip; Las crecientes presiones inflacionistas condicionar&aacute;n la agenda de los principales bancos centrales al comienzo de este nuevo curso.&nbsp;La inflaci&oacute;n de la Eurozona aument&oacute; m&aacute;s de lo previsto en el mes de agosto, hasta una tasa interanual del [&hellip;]<\/p>\n","protected":false},"author":3,"featured_media":2525,"comment_status":"closed","ping_status":"closed","sticky":false,"template":"","format":"standard","meta":{"_et_pb_use_builder":"","_et_pb_old_content":"","_et_gb_content_width":"","jetpack_post_was_ever_published":false,"_jetpack_newsletter_access":"","_jetpack_dont_email_post_to_subs":false,"_jetpack_newsletter_tier_id":0,"_jetpack_memberships_contains_paywalled_content":false,"_jetpack_memberships_contains_paid_content":false,"footnotes":""},"categories":[1],"tags":[],"class_list":["post-6775","post","type-post","status-publish","format-standard","has-post-thumbnail","hentry","category-informediario"],"jetpack_featured_media_url":"https:\/\/capitaliafamiliar.es\/informes\/wp-content\/uploads\/2019\/08\/informediario2.png","jetpack_shortlink":"https:\/\/wp.me\/pa2IGq-1Lh","jetpack-related-posts":[{"id":6786,"url":"https:\/\/capitaliafamiliar.es\/informes\/2021\/09\/01\/informe-diario-miercoles-1-de-septiembre-de-2021\/","url_meta":{"origin":6775,"position":0},"title":"Informe Diario  Mi\u00e9rcoles, 1 de septiembre de 2021","author":"Capitalia Familiar","date":"1 de septiembre de 2021","format":false,"excerpt":"Comportamientos mixtos en los mercados en el arranque de este mes de septiembre... \u00a0 Comportamientos mixtos en los mercados en el arranque de este mes de septiembre, que hist\u00f3rica y estacionalmente acostumbra en media a ser el peor mes del a\u00f1o, al menos para la bolsa estadounidense, por delante incluso\u2026","rel":"","context":"En \u00abInforme Diario\u00bb","block_context":{"text":"Informe Diario","link":"https:\/\/capitaliafamiliar.es\/informes\/category\/informediario\/"},"img":{"alt_text":"","src":"https:\/\/i0.wp.com\/capitaliafamiliar.es\/informes\/wp-content\/uploads\/2019\/08\/informediario2.png?resize=350%2C200&ssl=1","width":350,"height":200,"srcset":"https:\/\/i0.wp.com\/capitaliafamiliar.es\/informes\/wp-content\/uploads\/2019\/08\/informediario2.png?resize=350%2C200&ssl=1 1x, https:\/\/i0.wp.com\/capitaliafamiliar.es\/informes\/wp-content\/uploads\/2019\/08\/informediario2.png?resize=525%2C300&ssl=1 1.5x, https:\/\/i0.wp.com\/capitaliafamiliar.es\/informes\/wp-content\/uploads\/2019\/08\/informediario2.png?resize=700%2C400&ssl=1 2x"},"classes":[]},{"id":531,"url":"https:\/\/capitaliafamiliar.es\/informes\/2018\/09\/03\/informe-diario-lunes-3-de-septiembre-de-2018\/","url_meta":{"origin":6775,"position":1},"title":"Informe Diario  Lunes, 3 de septiembre de 2018","author":"Capitalia Familiar","date":"3 de septiembre de 2018","format":false,"excerpt":"| Visi\u00f3n de conjunto | Mercados hu\u00e9rfanos hoy por la festividad del Trabajo en Estados Unidos. Comienza el nuevo curso con la crisis de Turqu\u00eda enquistada, el Fondo Monetario Internacional acudiendo al rescate de Argentina, y Di Maio y Salvini reiterando declaraciones que en nada ayudan a recuperar la confianza\u2026","rel":"","context":"En \u00abInforme Diario\u00bb","block_context":{"text":"Informe Diario","link":"https:\/\/capitaliafamiliar.es\/informes\/category\/informediario\/"},"img":{"alt_text":"","src":"https:\/\/i0.wp.com\/capitaliafamiliar.es\/informes\/wp-content\/uploads\/2018\/07\/informediario2.png?resize=350%2C200&ssl=1","width":350,"height":200,"srcset":"https:\/\/i0.wp.com\/capitaliafamiliar.es\/informes\/wp-content\/uploads\/2018\/07\/informediario2.png?resize=350%2C200&ssl=1 1x, https:\/\/i0.wp.com\/capitaliafamiliar.es\/informes\/wp-content\/uploads\/2018\/07\/informediario2.png?resize=525%2C300&ssl=1 1.5x, https:\/\/i0.wp.com\/capitaliafamiliar.es\/informes\/wp-content\/uploads\/2018\/07\/informediario2.png?resize=700%2C400&ssl=1 2x"},"classes":[]},{"id":6077,"url":"https:\/\/capitaliafamiliar.es\/informes\/2021\/05\/04\/analisis-del-fin-de-semana-1-y-2-de-mayo-de-2021\/","url_meta":{"origin":6775,"position":2},"title":"An\u00e1lisis del fin de semana  1 y 2 de mayo de 2021","author":"Capitalia Familiar","date":"4 de mayo de 2021","format":false,"excerpt":"Sin fuerza y sin rumbo... Conclusiones del an\u00e1lisis del fin de semana: Las bolsas se muestran por el momento sin fuerza y sin rumbo\u2026 Los bancos centrales siguen sin convencer a los mercados. \u00a0 Las bolsas se muestran por el momento sin fuerza y sin rumbo\u2026 Las bolsas despidieron el\u2026","rel":"","context":"En \u00abInforme Diario\u00bb","block_context":{"text":"Informe Diario","link":"https:\/\/capitaliafamiliar.es\/informes\/category\/informediario\/"},"img":{"alt_text":"","src":"https:\/\/i0.wp.com\/capitaliafamiliar.es\/informes\/wp-content\/uploads\/2021\/02\/comentarioespecial.png?resize=350%2C200&ssl=1","width":350,"height":200,"srcset":"https:\/\/i0.wp.com\/capitaliafamiliar.es\/informes\/wp-content\/uploads\/2021\/02\/comentarioespecial.png?resize=350%2C200&ssl=1 1x, https:\/\/i0.wp.com\/capitaliafamiliar.es\/informes\/wp-content\/uploads\/2021\/02\/comentarioespecial.png?resize=525%2C300&ssl=1 1.5x, https:\/\/i0.wp.com\/capitaliafamiliar.es\/informes\/wp-content\/uploads\/2021\/02\/comentarioespecial.png?resize=700%2C400&ssl=1 2x"},"classes":[]},{"id":9526,"url":"https:\/\/capitaliafamiliar.es\/informes\/2023\/06\/07\/los-bancos-centrales-son-conscientes-de-que-los-riesgos-inflacionistas-no-han-desaparecido-pese-al-optimismo-del-mercado\/","url_meta":{"origin":6775,"position":3},"title":"Los bancos centrales son conscientes de que los riesgos inflacionistas no han desaparecido pese al optimismo del mercado","author":"Capitalia Familiar","date":"7 de junio de 2023","format":false,"excerpt":"Informe diario del mi\u00e9rcoles, 7 de junio de 2023 \u00a0 Sinopsis Hoy en los mercados Nueva jornada de transici\u00f3n en los mercados. An\u00e1lisis de situaci\u00f3n Los mercados infravaloran los riesgos derivados de la inflaci\u00f3n. Mucha atenci\u00f3n a la inflaci\u00f3n estadounidense y a las reuniones de los bancos centrales de la\u2026","rel":"","context":"En \u00abInforme Diario Privado\u00bb","block_context":{"text":"Informe Diario Privado","link":"https:\/\/capitaliafamiliar.es\/informes\/category\/informe-diario-privado\/"},"img":{"alt_text":"","src":"https:\/\/i0.wp.com\/capitaliafamiliar.es\/informes\/wp-content\/uploads\/2019\/08\/informediario2.png?resize=350%2C200&ssl=1","width":350,"height":200,"srcset":"https:\/\/i0.wp.com\/capitaliafamiliar.es\/informes\/wp-content\/uploads\/2019\/08\/informediario2.png?resize=350%2C200&ssl=1 1x, https:\/\/i0.wp.com\/capitaliafamiliar.es\/informes\/wp-content\/uploads\/2019\/08\/informediario2.png?resize=525%2C300&ssl=1 1.5x, https:\/\/i0.wp.com\/capitaliafamiliar.es\/informes\/wp-content\/uploads\/2019\/08\/informediario2.png?resize=700%2C400&ssl=1 2x"},"classes":[]},{"id":9530,"url":"https:\/\/capitaliafamiliar.es\/informes\/2023\/06\/07\/los-bancos-centrales-son-conscientes-de-que-los-riesgos-inflacionistas-no-han-desaparecido-pese-al-optimismo-del-mercado-2\/","url_meta":{"origin":6775,"position":4},"title":"Los bancos centrales son conscientes de que los riesgos inflacionistas no han desaparecido pese al optimismo del mercado","author":"Capitalia Familiar","date":"7 de junio de 2023","format":false,"excerpt":"Informe diario del mi\u00e9rcoles, 7 de junio de 2023 \u00a0 Sinopsis Hoy en los mercados Nueva jornada de transici\u00f3n en los mercados. An\u00e1lisis de situaci\u00f3n Los mercados infravaloran los riesgos derivados de la inflaci\u00f3n. Mucha atenci\u00f3n a la inflaci\u00f3n estadounidense y a las reuniones de los bancos centrales de la\u2026","rel":"","context":"En \u00abInforme Diario\u00bb","block_context":{"text":"Informe Diario","link":"https:\/\/capitaliafamiliar.es\/informes\/category\/informediario\/"},"img":{"alt_text":"","src":"https:\/\/i0.wp.com\/capitaliafamiliar.es\/informes\/wp-content\/uploads\/2019\/08\/informediario2.png?resize=350%2C200&ssl=1","width":350,"height":200,"srcset":"https:\/\/i0.wp.com\/capitaliafamiliar.es\/informes\/wp-content\/uploads\/2019\/08\/informediario2.png?resize=350%2C200&ssl=1 1x, https:\/\/i0.wp.com\/capitaliafamiliar.es\/informes\/wp-content\/uploads\/2019\/08\/informediario2.png?resize=525%2C300&ssl=1 1.5x, https:\/\/i0.wp.com\/capitaliafamiliar.es\/informes\/wp-content\/uploads\/2019\/08\/informediario2.png?resize=700%2C400&ssl=1 2x"},"classes":[]},{"id":2694,"url":"https:\/\/capitaliafamiliar.es\/informes\/2019\/09\/06\/informe-diario-viernes-6-de-septiembre-de-2019\/","url_meta":{"origin":6775,"position":5},"title":"Informe Diario  Viernes, 6 de septiembre de 2019","author":"Capitalia Familiar","date":"6 de septiembre de 2019","format":false,"excerpt":"A la espera de las pr\u00f3ximas reuniones del BCE y la Fed, la tendencia en las bolsas vuelve a ser alcista\u2026 Los datos de empleo de agosto, publicados hoy en Estados Unidos, no son obst\u00e1culo para que la Reserva Federal vuelva a bajar tipos. Tal y como hemos detallado anteriormente\u2026","rel":"","context":"En \u00abInforme Diario\u00bb","block_context":{"text":"Informe Diario","link":"https:\/\/capitaliafamiliar.es\/informes\/category\/informediario\/"},"img":{"alt_text":"","src":"https:\/\/i0.wp.com\/capitaliafamiliar.es\/informes\/wp-content\/uploads\/2019\/08\/informediario2.png?resize=350%2C200&ssl=1","width":350,"height":200,"srcset":"https:\/\/i0.wp.com\/capitaliafamiliar.es\/informes\/wp-content\/uploads\/2019\/08\/informediario2.png?resize=350%2C200&ssl=1 1x, https:\/\/i0.wp.com\/capitaliafamiliar.es\/informes\/wp-content\/uploads\/2019\/08\/informediario2.png?resize=525%2C300&ssl=1 1.5x, https:\/\/i0.wp.com\/capitaliafamiliar.es\/informes\/wp-content\/uploads\/2019\/08\/informediario2.png?resize=700%2C400&ssl=1 2x"},"classes":[]}],"jetpack_sharing_enabled":true,"_links":{"self":[{"href":"https:\/\/capitaliafamiliar.es\/informes\/wp-json\/wp\/v2\/posts\/6775","targetHints":{"allow":["GET"]}}],"collection":[{"href":"https:\/\/capitaliafamiliar.es\/informes\/wp-json\/wp\/v2\/posts"}],"about":[{"href":"https:\/\/capitaliafamiliar.es\/informes\/wp-json\/wp\/v2\/types\/post"}],"author":[{"embeddable":true,"href":"https:\/\/capitaliafamiliar.es\/informes\/wp-json\/wp\/v2\/users\/3"}],"replies":[{"embeddable":true,"href":"https:\/\/capitaliafamiliar.es\/informes\/wp-json\/wp\/v2\/comments?post=6775"}],"version-history":[{"count":7,"href":"https:\/\/capitaliafamiliar.es\/informes\/wp-json\/wp\/v2\/posts\/6775\/revisions"}],"predecessor-version":[{"id":6785,"href":"https:\/\/capitaliafamiliar.es\/informes\/wp-json\/wp\/v2\/posts\/6775\/revisions\/6785"}],"wp:featuredmedia":[{"embeddable":true,"href":"https:\/\/capitaliafamiliar.es\/informes\/wp-json\/wp\/v2\/media\/2525"}],"wp:attachment":[{"href":"https:\/\/capitaliafamiliar.es\/informes\/wp-json\/wp\/v2\/media?parent=6775"}],"wp:term":[{"taxonomy":"category","embeddable":true,"href":"https:\/\/capitaliafamiliar.es\/informes\/wp-json\/wp\/v2\/categories?post=6775"},{"taxonomy":"post_tag","embeddable":true,"href":"https:\/\/capitaliafamiliar.es\/informes\/wp-json\/wp\/v2\/tags?post=6775"}],"curies":[{"name":"wp","href":"https:\/\/api.w.org\/{rel}","templated":true}]}}