{"id":6817,"date":"2021-09-07T16:38:34","date_gmt":"2021-09-07T16:38:34","guid":{"rendered":"https:\/\/capitaliafamiliar.es\/informes\/?p=6817"},"modified":"2021-09-07T16:42:32","modified_gmt":"2021-09-07T16:42:32","slug":"informe-diario-martes-7-de-septiembre-de-2021","status":"publish","type":"post","link":"https:\/\/capitaliafamiliar.es\/informes\/2021\/09\/07\/informe-diario-martes-7-de-septiembre-de-2021\/","title":{"rendered":"Informe Diario <br> Martes, 7 de septiembre de 2021"},"content":{"rendered":"<blockquote>\n<p style=\"text-align: justify;\"><span style=\"font-size: 16px;\"><strong>El temor a una ralentizaci\u00f3n del crecimiento a nivel mundial sirve de excusa a los mercados para corregir&#8230;<\/strong><\/span><\/p>\n<\/blockquote>\n<p>&nbsp;<\/p>\n<p style=\"text-align: justify;\"><span style=\"font-size: 16px;\"><b><strong>El temor a una ralentizaci\u00f3n del crecimiento a nivel mundial sirve de excusa a los mercados para corregir<\/strong>.<\/b> Tras el flojo dato de empleo del viernes en Estados Unidos y el impacto que empieza a tener sobre la econom\u00eda el efecto de la variante Delta del Covid-19, el mercado empieza a descontar un crecimiento menor de lo esperado, lo que ha lastrado especialmente a las empresas c\u00edclicas y a las materias primas. Por ahora, sin embargo, nada ha cambiado de fondo y las perspectivas siguen siendo positivas tanto para la econom\u00eda como para los mercados. Pero no puede descartarse por completo el escenario (todav\u00eda muy poco probable) en el que el crecimiento se resienta y los bancos centrales hayan empezado a normalizar su pol\u00edtica monetaria, ya que ser\u00eda muy negativo para las bolsas. <strong>Pese a la correcci\u00f3n registrada hoy, los \u00edndices se mantienen en zona de m\u00e1ximos y la tendencia alcista.<\/strong><\/span><\/p>\n<p style=\"text-align: justify;\"><span style=\"font-size: 16px;\"><strong>Las elecciones generales de Alemania ya se observan en el horizonte.<\/strong> El final del mes mes no ser\u00e1 importante solo por la reuni\u00f3n de la Reserva Federal. En Europa tambi\u00e9n ser\u00e1n clave las elecciones generales en Alemania, que se celebrar\u00e1n el pr\u00f3ximo 26 de septiembre. Las encuestas otorgan muy pocas posibilidades de revalidar el triunfo a los conservadores de la presidenta saliente Angela Merkel, que ser\u00edan relegados a la segunda posici\u00f3n, por detr\u00e1s del SPD. Los socialdem\u00f3cratas han registrado una subida muy importante de su popularidad en el \u00faltimo a\u00f1o, y lo m\u00e1s probable es que lideren una coalici\u00f3n de gobierno con los verdes, en la que podr\u00eda ser necesaria tambi\u00e9n la participaci\u00f3n de la extrema izquierda o los liberales. De confirmarse lo avanzado por las encuestas, supondr\u00eda un cambio de modelo para Alemania, y tendr\u00eda tambi\u00e9n una importante repercusi\u00f3n en la Uni\u00f3n Europea.<\/span><\/p>\n<p style=\"text-align: justify;\"><span style=\"font-size: 16px;\"><strong>En el terreno macroecon\u00f3mico,<\/strong> fuerte e inesperado incremento del super\u00e1vit comercial de China, que se elev\u00f3 en agosto de 56.6 a 58.3 miles de millones de d\u00f3lares favorecida por el tir\u00f3n de las exportaciones (+25.6% interanual), que m\u00e1s que compensaron el efecto del aumento de las importaciones (+33.1% interanual). En Alemania, la producci\u00f3n industrial subi\u00f3 en julio un +5.7% interanual, frente al +5.4% anterior. Sin embargo el \u00edndice ZEW de confianza econ\u00f3mica baj\u00f3 en septiembre de manera muy preocupante de 40.4 a 26.5 puntos, situ\u00e1ndose incluso por debajo de las previsiones. Por \u00faltimo, la segunda revisi\u00f3n del PIB de la Eurozona mejor\u00f3 el crecimiento en el segundo trimestre del +13.6% al +14.3% interanual.<\/span><\/p>\n<p>&nbsp;<\/p>\n<p><img loading=\"lazy\" decoding=\"async\" data-attachment-id=\"6820\" data-permalink=\"https:\/\/capitaliafamiliar.es\/informes\/2021\/09\/07\/informe-diario-martes-7-de-septiembre-de-2021\/rv-812\/\" data-orig-file=\"https:\/\/capitaliafamiliar.es\/informes\/wp-content\/uploads\/2021\/09\/RV-4.jpg\" data-orig-size=\"336,413\" data-comments-opened=\"0\" data-image-meta=\"{&quot;aperture&quot;:&quot;0&quot;,&quot;credit&quot;:&quot;&quot;,&quot;camera&quot;:&quot;&quot;,&quot;caption&quot;:&quot;&quot;,&quot;created_timestamp&quot;:&quot;0&quot;,&quot;copyright&quot;:&quot;&quot;,&quot;focal_length&quot;:&quot;0&quot;,&quot;iso&quot;:&quot;0&quot;,&quot;shutter_speed&quot;:&quot;0&quot;,&quot;title&quot;:&quot;&quot;,&quot;orientation&quot;:&quot;0&quot;}\" data-image-title=\"RV\" data-image-description=\"\" data-image-caption=\"\" data-large-file=\"https:\/\/capitaliafamiliar.es\/informes\/wp-content\/uploads\/2021\/09\/RV-4.jpg\" class=\"alignnone size-full wp-image-6820\" src=\"https:\/\/capitaliafamiliar.es\/informes\/wp-content\/uploads\/2021\/09\/RV-4.jpg\" alt=\"\" width=\"336\" height=\"413\" srcset=\"https:\/\/capitaliafamiliar.es\/informes\/wp-content\/uploads\/2021\/09\/RV-4.jpg 336w, https:\/\/capitaliafamiliar.es\/informes\/wp-content\/uploads\/2021\/09\/RV-4-244x300.jpg 244w\" sizes=\"(max-width: 336px) 100vw, 336px\" \/><img loading=\"lazy\" decoding=\"async\" data-attachment-id=\"6821\" data-permalink=\"https:\/\/capitaliafamiliar.es\/informes\/2021\/09\/07\/informe-diario-martes-7-de-septiembre-de-2021\/rf-804\/\" data-orig-file=\"https:\/\/capitaliafamiliar.es\/informes\/wp-content\/uploads\/2021\/09\/RF-4.jpg\" data-orig-size=\"299,353\" data-comments-opened=\"0\" data-image-meta=\"{&quot;aperture&quot;:&quot;0&quot;,&quot;credit&quot;:&quot;&quot;,&quot;camera&quot;:&quot;&quot;,&quot;caption&quot;:&quot;&quot;,&quot;created_timestamp&quot;:&quot;0&quot;,&quot;copyright&quot;:&quot;&quot;,&quot;focal_length&quot;:&quot;0&quot;,&quot;iso&quot;:&quot;0&quot;,&quot;shutter_speed&quot;:&quot;0&quot;,&quot;title&quot;:&quot;&quot;,&quot;orientation&quot;:&quot;0&quot;}\" data-image-title=\"RF\" data-image-description=\"\" data-image-caption=\"\" data-large-file=\"https:\/\/capitaliafamiliar.es\/informes\/wp-content\/uploads\/2021\/09\/RF-4.jpg\" class=\"alignnone size-full wp-image-6821\" src=\"https:\/\/capitaliafamiliar.es\/informes\/wp-content\/uploads\/2021\/09\/RF-4.jpg\" alt=\"\" width=\"299\" height=\"353\" srcset=\"https:\/\/capitaliafamiliar.es\/informes\/wp-content\/uploads\/2021\/09\/RF-4.jpg 299w, https:\/\/capitaliafamiliar.es\/informes\/wp-content\/uploads\/2021\/09\/RF-4-254x300.jpg 254w\" sizes=\"(max-width: 299px) 100vw, 299px\" \/><\/p>\n<p>&nbsp;<\/p>\n<p><strong>| Agenda para ma\u00f1ana |<\/strong><\/p>\n<p><img loading=\"lazy\" decoding=\"async\" data-attachment-id=\"6818\" data-permalink=\"https:\/\/capitaliafamiliar.es\/informes\/2021\/09\/07\/informe-diario-martes-7-de-septiembre-de-2021\/ag-529\/\" data-orig-file=\"https:\/\/capitaliafamiliar.es\/informes\/wp-content\/uploads\/2021\/09\/AG-1.jpg\" data-orig-size=\"687,105\" data-comments-opened=\"0\" data-image-meta=\"{&quot;aperture&quot;:&quot;0&quot;,&quot;credit&quot;:&quot;&quot;,&quot;camera&quot;:&quot;&quot;,&quot;caption&quot;:&quot;&quot;,&quot;created_timestamp&quot;:&quot;0&quot;,&quot;copyright&quot;:&quot;&quot;,&quot;focal_length&quot;:&quot;0&quot;,&quot;iso&quot;:&quot;0&quot;,&quot;shutter_speed&quot;:&quot;0&quot;,&quot;title&quot;:&quot;&quot;,&quot;orientation&quot;:&quot;0&quot;}\" data-image-title=\"AG\" data-image-description=\"\" data-image-caption=\"\" data-large-file=\"https:\/\/capitaliafamiliar.es\/informes\/wp-content\/uploads\/2021\/09\/AG-1.jpg\" class=\"alignnone size-full wp-image-6818\" src=\"https:\/\/capitaliafamiliar.es\/informes\/wp-content\/uploads\/2021\/09\/AG-1.jpg\" alt=\"\" width=\"687\" height=\"105\" srcset=\"https:\/\/capitaliafamiliar.es\/informes\/wp-content\/uploads\/2021\/09\/AG-1.jpg 687w, https:\/\/capitaliafamiliar.es\/informes\/wp-content\/uploads\/2021\/09\/AG-1-300x46.jpg 300w\" sizes=\"(max-width: 687px) 100vw, 687px\" \/><\/p>\n<p>&nbsp;<\/p>\n<p>&nbsp;<\/p>\n<p style=\"text-align: center;\"><strong>Solicite informaci\u00f3n sobre nuestros servicios de asesoramiento financiero<\/strong><\/p>\n<p style=\"text-align: center;\">Si necesita ayuda para el cuidado de su patrimonio, no dude en ponerse en contacto con nosotros,<\/p>\n<p style=\"text-align: center;\">sin compromiso.<\/p>\n<p style=\"text-align: center;\">Tel\u00e9fono:\u00a0\u00a0 91 770\u00a0 22 84<\/p>\n<p style=\"text-align: center;\">Correo electr\u00f3nico:\u00a0\u00a0 capitaliafamiliar@capitaliafamiliar.es<\/p>\n","protected":false},"excerpt":{"rendered":"<p>El temor a una ralentizaci&oacute;n del crecimiento a nivel mundial sirve de excusa a los mercados para corregir&hellip; &nbsp; El temor a una ralentizaci&oacute;n del crecimiento a nivel mundial sirve de excusa a los mercados para corregir. Tras el flojo dato de empleo del viernes en Estados Unidos y el impacto que empieza a tener [&hellip;]<\/p>\n","protected":false},"author":2,"featured_media":2525,"comment_status":"closed","ping_status":"closed","sticky":false,"template":"","format":"standard","meta":{"_et_pb_use_builder":"","_et_pb_old_content":"","_et_gb_content_width":"","jetpack_post_was_ever_published":false,"_jetpack_newsletter_access":"","_jetpack_dont_email_post_to_subs":false,"_jetpack_newsletter_tier_id":0,"_jetpack_memberships_contains_paywalled_content":false,"_jetpack_memberships_contains_paid_content":false,"footnotes":""},"categories":[1],"tags":[],"class_list":["post-6817","post","type-post","status-publish","format-standard","has-post-thumbnail","hentry","category-informediario"],"jetpack_featured_media_url":"https:\/\/capitaliafamiliar.es\/informes\/wp-content\/uploads\/2019\/08\/informediario2.png","jetpack_shortlink":"https:\/\/wp.me\/pa2IGq-1LX","jetpack-related-posts":[{"id":1325,"url":"https:\/\/capitaliafamiliar.es\/informes\/2019\/01\/02\/informe-diario-miercoles-2-de-enero-de-2019\/","url_meta":{"origin":6817,"position":0},"title":"Informe Diario  Mi\u00e9rcoles, 2 de enero de 2019","author":"Capitalia Familiar","date":"2 de enero de 2019","format":false,"excerpt":"| Visi\u00f3n de conjunto | Los mercados han arrancado el ejercicio con el mismo \u00e1nimo que condicion\u00f3 su p\u00e9simo comportamiento el pasado a\u00f1o: el temor a una desaceleraci\u00f3n del crecimiento m\u00e1s pronunciada de lo deseable y a unos bancos centrales dispuestos, a pesar de todo, a seguir avanzando en el\u2026","rel":"","context":"En \u00abInforme Diario\u00bb","block_context":{"text":"Informe Diario","link":"https:\/\/capitaliafamiliar.es\/informes\/category\/informediario\/"},"img":{"alt_text":"","src":"https:\/\/i0.wp.com\/capitaliafamiliar.es\/informes\/wp-content\/uploads\/2018\/07\/informediario2.png?resize=350%2C200&ssl=1","width":350,"height":200,"srcset":"https:\/\/i0.wp.com\/capitaliafamiliar.es\/informes\/wp-content\/uploads\/2018\/07\/informediario2.png?resize=350%2C200&ssl=1 1x, https:\/\/i0.wp.com\/capitaliafamiliar.es\/informes\/wp-content\/uploads\/2018\/07\/informediario2.png?resize=525%2C300&ssl=1 1.5x, https:\/\/i0.wp.com\/capitaliafamiliar.es\/informes\/wp-content\/uploads\/2018\/07\/informediario2.png?resize=700%2C400&ssl=1 2x"},"classes":[]},{"id":4647,"url":"https:\/\/capitaliafamiliar.es\/informes\/2020\/08\/14\/informe-diario-viernes-14-de-agosto-de-2020\/","url_meta":{"origin":6817,"position":1},"title":"Informe Diario  Viernes, 14 de agosto de 2020","author":"Capitalia Familiar","date":"14 de agosto de 2020","format":false,"excerpt":"Los mercados temen una segunda ola de contagios en Europa... Los mercados temen una segunda ola de contagios en Europa. El aumento de casos de coronavirus en pa\u00edses como Espa\u00f1a, Francia, Holanda, Reino Unido y Alemania empieza a causar temor sobre lo que podr\u00eda empezar a ser una segunda ola\u2026","rel":"","context":"En \u00abInforme Diario\u00bb","block_context":{"text":"Informe Diario","link":"https:\/\/capitaliafamiliar.es\/informes\/category\/informediario\/"},"img":{"alt_text":"","src":"https:\/\/i0.wp.com\/capitaliafamiliar.es\/informes\/wp-content\/uploads\/2019\/08\/informediario2.png?resize=350%2C200&ssl=1","width":350,"height":200,"srcset":"https:\/\/i0.wp.com\/capitaliafamiliar.es\/informes\/wp-content\/uploads\/2019\/08\/informediario2.png?resize=350%2C200&ssl=1 1x, https:\/\/i0.wp.com\/capitaliafamiliar.es\/informes\/wp-content\/uploads\/2019\/08\/informediario2.png?resize=525%2C300&ssl=1 1.5x, https:\/\/i0.wp.com\/capitaliafamiliar.es\/informes\/wp-content\/uploads\/2019\/08\/informediario2.png?resize=700%2C400&ssl=1 2x"},"classes":[]},{"id":335,"url":"https:\/\/capitaliafamiliar.es\/informes\/2018\/08\/02\/informe-diario-jueves-2-de-agosto-de-2018\/","url_meta":{"origin":6817,"position":2},"title":"Informe Diario  Jueves, 2 de agosto de 2018","author":"Capitalia Familiar","date":"2 de agosto de 2018","format":false,"excerpt":"| Visi\u00f3n de conjunto | Estados Unidos y China siguen sin entenderse. China llama a una negociaci\u00f3n sin la t\u00e1ctica de la amenaza de Trump, pero el presidente estadounidense no cede y mantiene la presi\u00f3n de m\u00e1s y mayores aranceles. El temor a una guerra comercial entre ambas potencias vuelve\u2026","rel":"","context":"En \u00abInforme Diario\u00bb","block_context":{"text":"Informe Diario","link":"https:\/\/capitaliafamiliar.es\/informes\/category\/informediario\/"},"img":{"alt_text":"","src":"https:\/\/i0.wp.com\/capitaliafamiliar.es\/informes\/wp-content\/uploads\/2018\/07\/informediario2.png?resize=350%2C200&ssl=1","width":350,"height":200,"srcset":"https:\/\/i0.wp.com\/capitaliafamiliar.es\/informes\/wp-content\/uploads\/2018\/07\/informediario2.png?resize=350%2C200&ssl=1 1x, https:\/\/i0.wp.com\/capitaliafamiliar.es\/informes\/wp-content\/uploads\/2018\/07\/informediario2.png?resize=525%2C300&ssl=1 1.5x, https:\/\/i0.wp.com\/capitaliafamiliar.es\/informes\/wp-content\/uploads\/2018\/07\/informediario2.png?resize=700%2C400&ssl=1 2x"},"classes":[]},{"id":1805,"url":"https:\/\/capitaliafamiliar.es\/informes\/2019\/03\/26\/informe-diario-martes-26-de-marzo-de-2019\/","url_meta":{"origin":6817,"position":3},"title":"Informe Diario  Martes, 26 de marzo de 2019","author":"Capitalia Familiar","date":"26 de marzo de 2019","format":false,"excerpt":"Novedades en torno al Brexit: sin comentarios. El rid\u00edculo en que est\u00e1 incurriendo la clase pol\u00edtica brit\u00e1nica, en torno a un proceso tan relevante, ha marcado ya sin duda un hito hist\u00f3rico. Veremos si la oferta de dimisi\u00f3n que podr\u00eda plantear May ma\u00f1ana consigue reunir apoyos suficientes al plan acordado\u2026","rel":"","context":"En \u00abInforme Diario\u00bb","block_context":{"text":"Informe Diario","link":"https:\/\/capitaliafamiliar.es\/informes\/category\/informediario\/"},"img":{"alt_text":"","src":"https:\/\/i0.wp.com\/capitaliafamiliar.es\/informes\/wp-content\/uploads\/2018\/07\/informediario2.png?resize=350%2C200&ssl=1","width":350,"height":200,"srcset":"https:\/\/i0.wp.com\/capitaliafamiliar.es\/informes\/wp-content\/uploads\/2018\/07\/informediario2.png?resize=350%2C200&ssl=1 1x, https:\/\/i0.wp.com\/capitaliafamiliar.es\/informes\/wp-content\/uploads\/2018\/07\/informediario2.png?resize=525%2C300&ssl=1 1.5x, https:\/\/i0.wp.com\/capitaliafamiliar.es\/informes\/wp-content\/uploads\/2018\/07\/informediario2.png?resize=700%2C400&ssl=1 2x"},"classes":[]},{"id":809,"url":"https:\/\/capitaliafamiliar.es\/informes\/2018\/10\/04\/informe-diario-jueves-4-de-octubre-de-2018\/","url_meta":{"origin":6817,"position":4},"title":"Informe Diario  Jueves, 4 de octubre de 2018","author":"Capitalia Familiar","date":"4 de octubre de 2018","format":false,"excerpt":"| Visi\u00f3n de conjunto | Juego de trileros, y de los malos. Eso es lo que pretende hacer el gobierno italiano con los mercados. En una muestra de su falta de responsabilidad y competencia, el gobierno italiano pretende cocinar los objetivos de d\u00e9ficit presupuestario de acuerdo con unas cifras que\u2026","rel":"","context":"En \u00abInforme Diario\u00bb","block_context":{"text":"Informe Diario","link":"https:\/\/capitaliafamiliar.es\/informes\/category\/informediario\/"},"img":{"alt_text":"","src":"https:\/\/i0.wp.com\/capitaliafamiliar.es\/informes\/wp-content\/uploads\/2018\/07\/informediario2.png?resize=350%2C200&ssl=1","width":350,"height":200,"srcset":"https:\/\/i0.wp.com\/capitaliafamiliar.es\/informes\/wp-content\/uploads\/2018\/07\/informediario2.png?resize=350%2C200&ssl=1 1x, https:\/\/i0.wp.com\/capitaliafamiliar.es\/informes\/wp-content\/uploads\/2018\/07\/informediario2.png?resize=525%2C300&ssl=1 1.5x, https:\/\/i0.wp.com\/capitaliafamiliar.es\/informes\/wp-content\/uploads\/2018\/07\/informediario2.png?resize=700%2C400&ssl=1 2x"},"classes":[]},{"id":6011,"url":"https:\/\/capitaliafamiliar.es\/informes\/2021\/04\/22\/informe-diario-jueves-22-de-abril-de-2021\/","url_meta":{"origin":6817,"position":5},"title":"Informe Diario  Jueves, 22 de abril de 2021","author":"Capitalia Familiar","date":"22 de abril de 2021","format":false,"excerpt":"El Banco Central Europeo no reducir\u00e1 los est\u00edmulos a la econom\u00eda hasta que el crecimiento sea s\u00f3lido... El Banco Central Europeo no reducir\u00e1 los est\u00edmulos a la econom\u00eda hasta que el crecimiento sea s\u00f3lido. Los temores del mercado a que la entidad abriera la puerta a una reducci\u00f3n de los\u2026","rel":"","context":"En \u00abInforme Diario\u00bb","block_context":{"text":"Informe Diario","link":"https:\/\/capitaliafamiliar.es\/informes\/category\/informediario\/"},"img":{"alt_text":"","src":"https:\/\/i0.wp.com\/capitaliafamiliar.es\/informes\/wp-content\/uploads\/2019\/08\/informediario2.png?resize=350%2C200&ssl=1","width":350,"height":200,"srcset":"https:\/\/i0.wp.com\/capitaliafamiliar.es\/informes\/wp-content\/uploads\/2019\/08\/informediario2.png?resize=350%2C200&ssl=1 1x, https:\/\/i0.wp.com\/capitaliafamiliar.es\/informes\/wp-content\/uploads\/2019\/08\/informediario2.png?resize=525%2C300&ssl=1 1.5x, https:\/\/i0.wp.com\/capitaliafamiliar.es\/informes\/wp-content\/uploads\/2019\/08\/informediario2.png?resize=700%2C400&ssl=1 2x"},"classes":[]}],"jetpack_sharing_enabled":true,"_links":{"self":[{"href":"https:\/\/capitaliafamiliar.es\/informes\/wp-json\/wp\/v2\/posts\/6817","targetHints":{"allow":["GET"]}}],"collection":[{"href":"https:\/\/capitaliafamiliar.es\/informes\/wp-json\/wp\/v2\/posts"}],"about":[{"href":"https:\/\/capitaliafamiliar.es\/informes\/wp-json\/wp\/v2\/types\/post"}],"author":[{"embeddable":true,"href":"https:\/\/capitaliafamiliar.es\/informes\/wp-json\/wp\/v2\/users\/2"}],"replies":[{"embeddable":true,"href":"https:\/\/capitaliafamiliar.es\/informes\/wp-json\/wp\/v2\/comments?post=6817"}],"version-history":[{"count":4,"href":"https:\/\/capitaliafamiliar.es\/informes\/wp-json\/wp\/v2\/posts\/6817\/revisions"}],"predecessor-version":[{"id":6824,"href":"https:\/\/capitaliafamiliar.es\/informes\/wp-json\/wp\/v2\/posts\/6817\/revisions\/6824"}],"wp:featuredmedia":[{"embeddable":true,"href":"https:\/\/capitaliafamiliar.es\/informes\/wp-json\/wp\/v2\/media\/2525"}],"wp:attachment":[{"href":"https:\/\/capitaliafamiliar.es\/informes\/wp-json\/wp\/v2\/media?parent=6817"}],"wp:term":[{"taxonomy":"category","embeddable":true,"href":"https:\/\/capitaliafamiliar.es\/informes\/wp-json\/wp\/v2\/categories?post=6817"},{"taxonomy":"post_tag","embeddable":true,"href":"https:\/\/capitaliafamiliar.es\/informes\/wp-json\/wp\/v2\/tags?post=6817"}],"curies":[{"name":"wp","href":"https:\/\/api.w.org\/{rel}","templated":true}]}}