{"id":6825,"date":"2021-09-08T16:08:56","date_gmt":"2021-09-08T16:08:56","guid":{"rendered":"https:\/\/capitaliafamiliar.es\/informes\/?p=6825"},"modified":"2021-09-08T16:13:04","modified_gmt":"2021-09-08T16:13:04","slug":"informe-diario-miercoles-8-de-septiembre-de-2021","status":"publish","type":"post","link":"https:\/\/capitaliafamiliar.es\/informes\/2021\/09\/08\/informe-diario-miercoles-8-de-septiembre-de-2021\/","title":{"rendered":"Informe Diario <br> Mi\u00e9rcoles, 8 de septiembre de 2021"},"content":{"rendered":"<blockquote>\n<p style=\"text-align: justify;\"><span style=\"font-size: 16px;\"><strong>Los bancos centrales contin\u00faan siendo el mayor foco de incertidumbre para los mercados&#8230;<\/strong><\/span><\/p>\n<\/blockquote>\n<p>&nbsp;<\/p>\n<p style=\"text-align: justify;\"><span style=\"font-size: 16px;\"><b><strong>Los bancos centrales contin\u00faan siendo el mayor foco de incertidumbre para los mercados<\/strong>.<\/b> La Reserva Federal no es el \u00fanico banco central que empieza a planear la normalizaci\u00f3n monetaria. Ma\u00f1ana, el Banco Central Europeo celebra su reuni\u00f3n peri\u00f3dica, y ya se ha deslizado que la normalizaci\u00f3n monetaria ser\u00e1 uno de los temas de debate. La subida de la inflaci\u00f3n comienza a preocupar en el seno de la autoridad monetaria, y si bien no se espera ning\u00fan anuncio inminente para reducir las compras de activos, s\u00ed podr\u00edan sentarse las bases de la hoja de ruta a seguir en caso de que los precios contin\u00faen tension\u00e1ndose. No debemos olvidar que, a diferencia de la Reserva Federal, el mandato \u00fanico del BCE es la estabilidad de precios. E independientemente de la flexibilidad para tratar sus proyecciones, si las tensiones inflacionistas no remiten, el BCE deber\u00e1 actuar. Nos espera por tanto una recta final del a\u00f1o compleja, en la que ser\u00e1 clave conseguir un equilibrio entre la normalizaci\u00f3n monetaria y el crecimiento econ\u00f3mico. <strong>Las bolsas vuelven a corregir por segundo d\u00eda consecutivo. Los \u00edndices comienzan a mostrar cierto agotamiento, por lo que si no reaccionan en los pr\u00f3ximos d\u00edas podr\u00edamos asistir al en\u00e9simo <em>pull back<\/em> de los \u00faltimos meses.<\/strong><\/span><\/p>\n<p style=\"text-align: justify;\"><span style=\"font-size: 16px;\"><strong>En el terreno macroecon\u00f3mico,<\/strong> el PIB de Jap\u00f3n creci\u00f3 en el segundo trimestre de 2021 un +1.9% trimestral anualizado, tres d\u00e9cimas m\u00e1s de lo previsto. Por otro lado, la encuesta JOLTs de ofertas de empleo en Estados Unidos mejor\u00f3 notablemente en julio hasta rozar las 11.0 millones de ofertas, desde las 10.1 millones de junio.<\/span><\/p>\n<p>&nbsp;<\/p>\n<p><img loading=\"lazy\" decoding=\"async\" data-attachment-id=\"6828\" data-permalink=\"https:\/\/capitaliafamiliar.es\/informes\/2021\/09\/08\/informe-diario-miercoles-8-de-septiembre-de-2021\/rv-813\/\" data-orig-file=\"https:\/\/capitaliafamiliar.es\/informes\/wp-content\/uploads\/2021\/09\/RV-5.jpg\" data-orig-size=\"336,413\" data-comments-opened=\"0\" data-image-meta=\"{&quot;aperture&quot;:&quot;0&quot;,&quot;credit&quot;:&quot;&quot;,&quot;camera&quot;:&quot;&quot;,&quot;caption&quot;:&quot;&quot;,&quot;created_timestamp&quot;:&quot;0&quot;,&quot;copyright&quot;:&quot;&quot;,&quot;focal_length&quot;:&quot;0&quot;,&quot;iso&quot;:&quot;0&quot;,&quot;shutter_speed&quot;:&quot;0&quot;,&quot;title&quot;:&quot;&quot;,&quot;orientation&quot;:&quot;0&quot;}\" data-image-title=\"RV\" data-image-description=\"\" data-image-caption=\"\" data-large-file=\"https:\/\/capitaliafamiliar.es\/informes\/wp-content\/uploads\/2021\/09\/RV-5.jpg\" class=\"alignnone size-full wp-image-6828\" src=\"https:\/\/capitaliafamiliar.es\/informes\/wp-content\/uploads\/2021\/09\/RV-5.jpg\" alt=\"\" width=\"336\" height=\"413\" srcset=\"https:\/\/capitaliafamiliar.es\/informes\/wp-content\/uploads\/2021\/09\/RV-5.jpg 336w, https:\/\/capitaliafamiliar.es\/informes\/wp-content\/uploads\/2021\/09\/RV-5-244x300.jpg 244w\" sizes=\"(max-width: 336px) 100vw, 336px\" \/><img loading=\"lazy\" decoding=\"async\" data-attachment-id=\"6829\" data-permalink=\"https:\/\/capitaliafamiliar.es\/informes\/2021\/09\/08\/informe-diario-miercoles-8-de-septiembre-de-2021\/rf-805\/\" data-orig-file=\"https:\/\/capitaliafamiliar.es\/informes\/wp-content\/uploads\/2021\/09\/RF-5.jpg\" data-orig-size=\"299,353\" data-comments-opened=\"0\" data-image-meta=\"{&quot;aperture&quot;:&quot;0&quot;,&quot;credit&quot;:&quot;&quot;,&quot;camera&quot;:&quot;&quot;,&quot;caption&quot;:&quot;&quot;,&quot;created_timestamp&quot;:&quot;0&quot;,&quot;copyright&quot;:&quot;&quot;,&quot;focal_length&quot;:&quot;0&quot;,&quot;iso&quot;:&quot;0&quot;,&quot;shutter_speed&quot;:&quot;0&quot;,&quot;title&quot;:&quot;&quot;,&quot;orientation&quot;:&quot;0&quot;}\" data-image-title=\"RF\" data-image-description=\"\" data-image-caption=\"\" data-large-file=\"https:\/\/capitaliafamiliar.es\/informes\/wp-content\/uploads\/2021\/09\/RF-5.jpg\" class=\"alignnone size-full wp-image-6829\" src=\"https:\/\/capitaliafamiliar.es\/informes\/wp-content\/uploads\/2021\/09\/RF-5.jpg\" alt=\"\" width=\"299\" height=\"353\" srcset=\"https:\/\/capitaliafamiliar.es\/informes\/wp-content\/uploads\/2021\/09\/RF-5.jpg 299w, https:\/\/capitaliafamiliar.es\/informes\/wp-content\/uploads\/2021\/09\/RF-5-254x300.jpg 254w\" sizes=\"(max-width: 299px) 100vw, 299px\" \/><\/p>\n<p>&nbsp;<\/p>\n<p><strong>| Agenda para ma\u00f1ana |<\/strong><\/p>\n<p><img loading=\"lazy\" decoding=\"async\" data-attachment-id=\"6826\" data-permalink=\"https:\/\/capitaliafamiliar.es\/informes\/2021\/09\/08\/informe-diario-miercoles-8-de-septiembre-de-2021\/ag-530\/\" data-orig-file=\"https:\/\/capitaliafamiliar.es\/informes\/wp-content\/uploads\/2021\/09\/AG-2.jpg\" data-orig-size=\"687,131\" data-comments-opened=\"0\" data-image-meta=\"{&quot;aperture&quot;:&quot;0&quot;,&quot;credit&quot;:&quot;&quot;,&quot;camera&quot;:&quot;&quot;,&quot;caption&quot;:&quot;&quot;,&quot;created_timestamp&quot;:&quot;0&quot;,&quot;copyright&quot;:&quot;&quot;,&quot;focal_length&quot;:&quot;0&quot;,&quot;iso&quot;:&quot;0&quot;,&quot;shutter_speed&quot;:&quot;0&quot;,&quot;title&quot;:&quot;&quot;,&quot;orientation&quot;:&quot;0&quot;}\" data-image-title=\"AG\" data-image-description=\"\" data-image-caption=\"\" data-large-file=\"https:\/\/capitaliafamiliar.es\/informes\/wp-content\/uploads\/2021\/09\/AG-2.jpg\" class=\"alignnone size-full wp-image-6826\" src=\"https:\/\/capitaliafamiliar.es\/informes\/wp-content\/uploads\/2021\/09\/AG-2.jpg\" alt=\"\" width=\"687\" height=\"131\" srcset=\"https:\/\/capitaliafamiliar.es\/informes\/wp-content\/uploads\/2021\/09\/AG-2.jpg 687w, https:\/\/capitaliafamiliar.es\/informes\/wp-content\/uploads\/2021\/09\/AG-2-300x57.jpg 300w\" sizes=\"(max-width: 687px) 100vw, 687px\" \/><\/p>\n<p>&nbsp;<\/p>\n<p>&nbsp;<\/p>\n<p style=\"text-align: center;\"><strong>Solicite informaci\u00f3n sobre nuestros servicios de asesoramiento financiero<\/strong><\/p>\n<p style=\"text-align: center;\">Si necesita ayuda para el cuidado de su patrimonio, no dude en ponerse en contacto con nosotros,<\/p>\n<p style=\"text-align: center;\">sin compromiso.<\/p>\n<p style=\"text-align: center;\">Tel\u00e9fono:\u00a0\u00a0 91 770\u00a0 22 84<\/p>\n<p style=\"text-align: center;\">Correo electr\u00f3nico:\u00a0\u00a0 capitaliafamiliar@capitaliafamiliar.es<\/p>\n","protected":false},"excerpt":{"rendered":"<p>Los bancos centrales contin&uacute;an siendo el mayor foco de incertidumbre para los mercados&hellip; &nbsp; Los bancos centrales contin&uacute;an siendo el mayor foco de incertidumbre para los mercados. La Reserva Federal no es el &uacute;nico banco central que empieza a planear la normalizaci&oacute;n monetaria. Ma&ntilde;ana, el Banco Central Europeo celebra su reuni&oacute;n peri&oacute;dica, y ya se [&hellip;]<\/p>\n","protected":false},"author":2,"featured_media":2525,"comment_status":"closed","ping_status":"closed","sticky":false,"template":"","format":"standard","meta":{"_et_pb_use_builder":"","_et_pb_old_content":"","_et_gb_content_width":"","jetpack_post_was_ever_published":false,"_jetpack_newsletter_access":"","_jetpack_dont_email_post_to_subs":false,"_jetpack_newsletter_tier_id":0,"_jetpack_memberships_contains_paywalled_content":false,"_jetpack_memberships_contains_paid_content":false,"footnotes":""},"categories":[1],"tags":[],"class_list":["post-6825","post","type-post","status-publish","format-standard","has-post-thumbnail","hentry","category-informediario"],"jetpack_featured_media_url":"https:\/\/capitaliafamiliar.es\/informes\/wp-content\/uploads\/2019\/08\/informediario2.png","jetpack_shortlink":"https:\/\/wp.me\/pa2IGq-1M5","jetpack-related-posts":[{"id":7811,"url":"https:\/\/capitaliafamiliar.es\/informes\/2022\/06\/09\/los-mercados-deben-asumir-que-si-la-inflacion-se-mantiene-elevada-los-bancos-centrales-no-frenaran-su-proceso-de-normalizacion-monetaria\/","url_meta":{"origin":6825,"position":0},"title":"Los mercados deben asumir que si la inflaci\u00f3n se mantiene elevada los bancos centrales no frenar\u00e1n su proceso de normalizaci\u00f3n monetaria","author":"Capitalia Familiar","date":"9 de junio de 2022","format":false,"excerpt":"Informe diario del jueves, 9 de junio de 2022 \u00a0 Sinopsis Hoy en los mercados\u2026 El Banco Central Europeo devolvi\u00f3 a la realidad a los mercados. Inicia un proceso de subida de tipos de inter\u00e9s para combatir la elevad\u00edsima inflaci\u00f3n. An\u00e1lisis de situaci\u00f3n y perspectivas Los mercados deben asumir que\u2026","rel":"","context":"En \u00abInforme Diario\u00bb","block_context":{"text":"Informe Diario","link":"https:\/\/capitaliafamiliar.es\/informes\/category\/informediario\/"},"img":{"alt_text":"","src":"https:\/\/i0.wp.com\/capitaliafamiliar.es\/informes\/wp-content\/uploads\/2019\/08\/informediario2.png?resize=350%2C200&ssl=1","width":350,"height":200,"srcset":"https:\/\/i0.wp.com\/capitaliafamiliar.es\/informes\/wp-content\/uploads\/2019\/08\/informediario2.png?resize=350%2C200&ssl=1 1x, https:\/\/i0.wp.com\/capitaliafamiliar.es\/informes\/wp-content\/uploads\/2019\/08\/informediario2.png?resize=525%2C300&ssl=1 1.5x, https:\/\/i0.wp.com\/capitaliafamiliar.es\/informes\/wp-content\/uploads\/2019\/08\/informediario2.png?resize=700%2C400&ssl=1 2x"},"classes":[]},{"id":1781,"url":"https:\/\/capitaliafamiliar.es\/informes\/2019\/03\/21\/informe-diario-jueves-21-de-marzo-de-2019\/","url_meta":{"origin":6825,"position":1},"title":"Informe Diario  Jueves, 21 de marzo de 2019","author":"Capitalia Familiar","date":"21 de marzo de 2019","format":false,"excerpt":"La Fed satisface a los mercados, y los mercados lo celebran. La autoridad monetaria estadounidense le dio anoche a los mercados lo que los mercados ped\u00edan: no m\u00e1s subidas de tipos y el anuncio de terminaci\u00f3n temprana del proceso de normalizaci\u00f3n (reducci\u00f3n) del tama\u00f1o de su balance. Salvo que en\u2026","rel":"","context":"En \u00abInforme Diario\u00bb","block_context":{"text":"Informe Diario","link":"https:\/\/capitaliafamiliar.es\/informes\/category\/informediario\/"},"img":{"alt_text":"","src":"https:\/\/i0.wp.com\/capitaliafamiliar.es\/informes\/wp-content\/uploads\/2018\/07\/informediario2.png?resize=350%2C200&ssl=1","width":350,"height":200,"srcset":"https:\/\/i0.wp.com\/capitaliafamiliar.es\/informes\/wp-content\/uploads\/2018\/07\/informediario2.png?resize=350%2C200&ssl=1 1x, https:\/\/i0.wp.com\/capitaliafamiliar.es\/informes\/wp-content\/uploads\/2018\/07\/informediario2.png?resize=525%2C300&ssl=1 1.5x, https:\/\/i0.wp.com\/capitaliafamiliar.es\/informes\/wp-content\/uploads\/2018\/07\/informediario2.png?resize=700%2C400&ssl=1 2x"},"classes":[]},{"id":7113,"url":"https:\/\/capitaliafamiliar.es\/informes\/2021\/10\/27\/turno-para-los-bancos-centrales-los-mercados-esperan-en-maximos-anuales\/","url_meta":{"origin":6825,"position":2},"title":"Turno para los bancos centrales: Los mercados esperan en m\u00e1ximos anuales","author":"Capitalia Familiar","date":"27 de octubre de 2021","format":false,"excerpt":"Informe diario del mi\u00e9rcoles, 27 de octubre de 2021 \u00a0 Turno para los bancos centrales: Los mercados esperan en m\u00e1ximos anuales. Sesi\u00f3n de transici\u00f3n en las bolsas a la espera de que los bancos centrales entren en escena. Hoy, los resultados empresariales tuvieron un efecto limitado sobre el conjunto del\u2026","rel":"","context":"En \u00abInforme Diario\u00bb","block_context":{"text":"Informe Diario","link":"https:\/\/capitaliafamiliar.es\/informes\/category\/informediario\/"},"img":{"alt_text":"","src":"https:\/\/i0.wp.com\/capitaliafamiliar.es\/informes\/wp-content\/uploads\/2019\/08\/informediario2.png?resize=350%2C200&ssl=1","width":350,"height":200,"srcset":"https:\/\/i0.wp.com\/capitaliafamiliar.es\/informes\/wp-content\/uploads\/2019\/08\/informediario2.png?resize=350%2C200&ssl=1 1x, https:\/\/i0.wp.com\/capitaliafamiliar.es\/informes\/wp-content\/uploads\/2019\/08\/informediario2.png?resize=525%2C300&ssl=1 1.5x, https:\/\/i0.wp.com\/capitaliafamiliar.es\/informes\/wp-content\/uploads\/2019\/08\/informediario2.png?resize=700%2C400&ssl=1 2x"},"classes":[]},{"id":7537,"url":"https:\/\/capitaliafamiliar.es\/informes\/2022\/02\/11\/la-subida-de-la-inflacion-podria-acelerar-aun-mas-la-normalizacion-monetaria\/","url_meta":{"origin":6825,"position":3},"title":"La subida de la inflaci\u00f3n podr\u00eda acelerar a\u00fan m\u00e1s la normalizaci\u00f3n monetaria","author":"Capitalia Familiar","date":"11 de febrero de 2022","format":false,"excerpt":"Informe diario del viernes, 11 de febrero de 2022 \u00a0 Sinopsis Hoy en los mercados\u2026 Incertidumbre creciente en los mercados por el aumento de la inflaci\u00f3n y la respuesta de los bancos centrales. An\u00e1lisis de situaci\u00f3n y perspectivas La subida de la inflaci\u00f3n podr\u00eda acelerar a\u00fan m\u00e1s la normalizaci\u00f3n monetaria.\u2026","rel":"","context":"En \u00abInforme Diario\u00bb","block_context":{"text":"Informe Diario","link":"https:\/\/capitaliafamiliar.es\/informes\/category\/informediario\/"},"img":{"alt_text":"","src":"https:\/\/i0.wp.com\/capitaliafamiliar.es\/informes\/wp-content\/uploads\/2019\/08\/informediario2.png?resize=350%2C200&ssl=1","width":350,"height":200,"srcset":"https:\/\/i0.wp.com\/capitaliafamiliar.es\/informes\/wp-content\/uploads\/2019\/08\/informediario2.png?resize=350%2C200&ssl=1 1x, https:\/\/i0.wp.com\/capitaliafamiliar.es\/informes\/wp-content\/uploads\/2019\/08\/informediario2.png?resize=525%2C300&ssl=1 1.5x, https:\/\/i0.wp.com\/capitaliafamiliar.es\/informes\/wp-content\/uploads\/2019\/08\/informediario2.png?resize=700%2C400&ssl=1 2x"},"classes":[]},{"id":7364,"url":"https:\/\/capitaliafamiliar.es\/informes\/2021\/12\/16\/los-principales-bancos-centrales-fed-bce-y-boe-endurecen-su-politica-monetaria\/","url_meta":{"origin":6825,"position":4},"title":"Los principales bancos centrales (Fed, BCE y BoE) endurecen su pol\u00edtica monetaria&#8230;","author":"Capitalia Familiar","date":"16 de diciembre de 2021","format":false,"excerpt":"Informe diario del jueves, 16 de diciembre de 2021 Los principales bancos centrales (Fed, BCE y BoE) endurecen su pol\u00edtica monetaria. Los principales bancos centrales del planeta han confirmado, tras la celebraci\u00f3n de sus respectivas reuniones, el giro hacia una pol\u00edtica monetaria m\u00e1s restrictiva como consecuencia de la subida de\u2026","rel":"","context":"En \u00abInforme Diario\u00bb","block_context":{"text":"Informe Diario","link":"https:\/\/capitaliafamiliar.es\/informes\/category\/informediario\/"},"img":{"alt_text":"","src":"https:\/\/i0.wp.com\/capitaliafamiliar.es\/informes\/wp-content\/uploads\/2019\/08\/informediario2.png?resize=350%2C200&ssl=1","width":350,"height":200,"srcset":"https:\/\/i0.wp.com\/capitaliafamiliar.es\/informes\/wp-content\/uploads\/2019\/08\/informediario2.png?resize=350%2C200&ssl=1 1x, https:\/\/i0.wp.com\/capitaliafamiliar.es\/informes\/wp-content\/uploads\/2019\/08\/informediario2.png?resize=525%2C300&ssl=1 1.5x, https:\/\/i0.wp.com\/capitaliafamiliar.es\/informes\/wp-content\/uploads\/2019\/08\/informediario2.png?resize=700%2C400&ssl=1 2x"},"classes":[]},{"id":3636,"url":"https:\/\/capitaliafamiliar.es\/informes\/2020\/03\/12\/informe-diario-jueves-12-de-marzo-de-2020\/","url_meta":{"origin":6825,"position":5},"title":"Informe Diario  Jueves, 12 de marzo de 2020","author":"Capitalia Familiar","date":"12 de marzo de 2020","format":false,"excerpt":"Los bancos centrales no consiguen estabilizar a los mercados, que por el momento mantienen y refuerzan su tendencia bajista... El Banco Central Europeo tambi\u00e9n decepciona. La comparecencia de Trump de esta pasada madrugada volvi\u00f3 a resultar decepcionante. La de Pedro S\u00e1nchez de esta tarde, m\u00e1s a\u00fan. Los pol\u00edticos contin\u00faan siendo\u2026","rel":"","context":"En \u00abInforme Diario\u00bb","block_context":{"text":"Informe Diario","link":"https:\/\/capitaliafamiliar.es\/informes\/category\/informediario\/"},"img":{"alt_text":"","src":"https:\/\/i0.wp.com\/capitaliafamiliar.es\/informes\/wp-content\/uploads\/2019\/08\/informediario2.png?resize=350%2C200&ssl=1","width":350,"height":200,"srcset":"https:\/\/i0.wp.com\/capitaliafamiliar.es\/informes\/wp-content\/uploads\/2019\/08\/informediario2.png?resize=350%2C200&ssl=1 1x, https:\/\/i0.wp.com\/capitaliafamiliar.es\/informes\/wp-content\/uploads\/2019\/08\/informediario2.png?resize=525%2C300&ssl=1 1.5x, https:\/\/i0.wp.com\/capitaliafamiliar.es\/informes\/wp-content\/uploads\/2019\/08\/informediario2.png?resize=700%2C400&ssl=1 2x"},"classes":[]}],"jetpack_sharing_enabled":true,"_links":{"self":[{"href":"https:\/\/capitaliafamiliar.es\/informes\/wp-json\/wp\/v2\/posts\/6825","targetHints":{"allow":["GET"]}}],"collection":[{"href":"https:\/\/capitaliafamiliar.es\/informes\/wp-json\/wp\/v2\/posts"}],"about":[{"href":"https:\/\/capitaliafamiliar.es\/informes\/wp-json\/wp\/v2\/types\/post"}],"author":[{"embeddable":true,"href":"https:\/\/capitaliafamiliar.es\/informes\/wp-json\/wp\/v2\/users\/2"}],"replies":[{"embeddable":true,"href":"https:\/\/capitaliafamiliar.es\/informes\/wp-json\/wp\/v2\/comments?post=6825"}],"version-history":[{"count":3,"href":"https:\/\/capitaliafamiliar.es\/informes\/wp-json\/wp\/v2\/posts\/6825\/revisions"}],"predecessor-version":[{"id":6831,"href":"https:\/\/capitaliafamiliar.es\/informes\/wp-json\/wp\/v2\/posts\/6825\/revisions\/6831"}],"wp:featuredmedia":[{"embeddable":true,"href":"https:\/\/capitaliafamiliar.es\/informes\/wp-json\/wp\/v2\/media\/2525"}],"wp:attachment":[{"href":"https:\/\/capitaliafamiliar.es\/informes\/wp-json\/wp\/v2\/media?parent=6825"}],"wp:term":[{"taxonomy":"category","embeddable":true,"href":"https:\/\/capitaliafamiliar.es\/informes\/wp-json\/wp\/v2\/categories?post=6825"},{"taxonomy":"post_tag","embeddable":true,"href":"https:\/\/capitaliafamiliar.es\/informes\/wp-json\/wp\/v2\/tags?post=6825"}],"curies":[{"name":"wp","href":"https:\/\/api.w.org\/{rel}","templated":true}]}}