{"id":6849,"date":"2021-09-13T07:46:12","date_gmt":"2021-09-13T07:46:12","guid":{"rendered":"https:\/\/capitaliafamiliar.es\/informes\/?p=6849"},"modified":"2021-09-13T07:47:13","modified_gmt":"2021-09-13T07:47:13","slug":"analisis-del-fin-de-semana-11-y-12-de-septiembre-de-2021","status":"publish","type":"post","link":"https:\/\/capitaliafamiliar.es\/informes\/2021\/09\/13\/analisis-del-fin-de-semana-11-y-12-de-septiembre-de-2021\/","title":{"rendered":"An\u00e1lisis del fin de semana <br> 11 y 12 de septiembre de 2021"},"content":{"rendered":"<p style=\"text-align: justify;\"><span style=\"font-size: 16px;\"><strong><u>Contexto general<\/u><\/strong><\/span><\/p>\n<ul style=\"text-align: justify;\">\n<li><span style=\"font-size: 16px;\">Tras un par\u00e9ntesis veraniego agitado, <b>los mercados contin\u00faan mostrando un comportamiento inestable<\/b> al comienzo del nuevo curso.<\/span><\/li>\n<li><span style=\"font-size: 16px;\"><span style=\"text-align: justify;\">Esta inestabilidad se est\u00e1 viendo alimentada por la <\/span><b style=\"font-style: inherit; text-align: justify;\">incertidumbre que suscitan los planes de retirada progresiva de est\u00edmulos monetarios que est\u00e1n barajando los bancos centrales,<\/b><span style=\"text-align: justify;\"> en un torno macroecon\u00f3mico a d\u00eda de hoy contradictorio: con tasas de inflaci\u00f3n que se mantienen elevadas y los indicadores de actividad debilit\u00e1ndose desde el pico alcanzado tras la reapertura de las econom\u00edas.<\/span><\/span><\/li>\n<\/ul>\n<p style=\"text-align: justify;\"><span style=\"font-size: 16px;\"><strong><u>Comportamiento de los mercados en la semana<\/u><\/strong><\/span><\/p>\n<ul style=\"text-align: justify;\">\n<li><span style=\"font-size: 16px;\">Nuevo <b><i>pullback<\/i><\/b><b> en los mercados burs\u00e1tiles,<\/b> con ca\u00eddas en los \u00edndices principales occidentales de en torno al -1.7%.<\/span><\/li>\n<li><span style=\"font-size: 16px;\"><b>La tendencia general de corto plazo contin\u00faa siendo alcista<\/b> por el momento, aunque debilit\u00e1ndose a lo largo de la semana.<\/span><\/li>\n<li><span style=\"font-size: 16px;\"><b>La tendencia general de medio plazo se mantiene alcista.<\/b><\/span><\/li>\n<li><span style=\"font-size: 16px;\"><b>La din\u00e1mica interna del mercado contin\u00faa siendo inestable y rotativa, <\/b>sin tendencias definidas ni m\u00ednimamente duraderas (<i>choppy<\/i> <i>market<\/i>).<\/span><\/li>\n<li><span style=\"font-size: 16px;\"><b>P\u00e9rdidas generalizadas tambi\u00e9n en los mercados de renta fija,<\/b> aunque menores, de en torno al -0.2%.<\/span><\/li>\n<\/ul>\n<p style=\"text-align: justify;\"><span style=\"font-size: 16px;\"><strong><u>Perspectivas<\/u><\/strong><\/span><\/p>\n<ul>\n<li style=\"text-align: justify;\"><span style=\"font-size: 16px;\"><b>Las pr\u00f3ximas sesiones ser\u00e1n cr\u00edticas para las bolsas occidentales, que vuelven a encontrarse en zonas de referencia de soporte de medio plazo:<\/b><\/span>\n<ul style=\"list-style-type: circle;\">\n<li><span style=\"font-size: 16px;\">Si consiguieran rebotar en estas zonas de soporte de medio plazo, podr\u00edan volver a atacar los m\u00e1ximos recientes en breve (el colch\u00f3n de soporte tiene en estos momentos una amplitud adicional media de en torno al -3%, aunque con diferencias seg\u00fan cada mercado).<\/span><\/li>\n<li><span style=\"font-size: 16px;\">Si estas zonas fueran perforadas finalmente a la baja, esta din\u00e1mica de <i>pullback<\/i> abrir\u00eda hueco para una correcci\u00f3n bajista adicional, aunque dentro todav\u00eda de una tendencia de medio plazo alcista.<\/span><\/li>\n<\/ul>\n<\/li>\n<li style=\"text-align: justify;\"><span style=\"font-size: 16px;\"><b>El dato de inflaci\u00f3n de agosto que se publicar\u00e1 en Estados Unidos el martes puede ejercer a este respecto una influencia determinante en el sentimiento del mercado:<\/b><\/span>\n<ul style=\"list-style-type: circle;\">\n<li style=\"text-align: justify;\"><span style=\"font-size: 16px;\">La Reserva Federal ya ha dado por sentado que la inflaci\u00f3n se mantendr\u00e1 elevada durante meses, antes de empezar a moderarse.<\/span><\/li>\n<li style=\"text-align: justify;\"><span style=\"font-size: 16px;\">Pero el mercado est\u00e1 cada d\u00eda m\u00e1s inquieto, con la vista puesta en el discurso y las decisiones que pueda adoptar la Fed en su pr\u00f3xima reuni\u00f3n del 21 y 22 de septiembre.<\/span><\/li>\n<li style=\"text-align: justify;\"><span style=\"font-size: 16px;\">Para el dato de inflaci\u00f3n de agosto, el consenso del mercado espera una ligera moderaci\u00f3n de la tasa interanual del IPC, hasta el 5.3% desde el 5.4% de julio, y tambi\u00e9n de la inflaci\u00f3n subyacente, hasta el 4.2% desde el 4.3%.<\/span><\/li>\n<\/ul>\n<\/li>\n<\/ul>\n<p>&nbsp;<\/p>\n<p>&nbsp;<\/p>\n<p style=\"text-align: center;\"><strong>Solicite informaci\u00f3n sobre nuestros servicios de asesoramiento financiero<\/strong><\/p>\n<p style=\"text-align: center;\">Si necesita ayuda para el cuidado de su patrimonio, no dude en ponerse en contacto con nosotros,<\/p>\n<p style=\"text-align: center;\">sin compromiso.<\/p>\n<p style=\"text-align: center;\">Tel\u00e9fono:\u00a0\u00a0 91 770\u00a0 22 84<\/p>\n<p style=\"text-align: center;\">Correo electr\u00f3nico:\u00a0\u00a0 capitaliafamiliar@capitaliafamiliar.es<\/p>\n","protected":false},"excerpt":{"rendered":"<p>Contexto general Tras un par&eacute;ntesis veraniego agitado, los mercados contin&uacute;an mostrando un comportamiento inestable al comienzo del nuevo curso. Esta inestabilidad se est&aacute; viendo alimentada por la incertidumbre que suscitan los planes de retirada progresiva de est&iacute;mulos monetarios que est&aacute;n barajando los bancos centrales, en un torno macroecon&oacute;mico a d&iacute;a de hoy contradictorio: con tasas [&hellip;]<\/p>\n","protected":false},"author":2,"featured_media":5676,"comment_status":"closed","ping_status":"closed","sticky":false,"template":"","format":"standard","meta":{"_et_pb_use_builder":"","_et_pb_old_content":"","_et_gb_content_width":"","jetpack_post_was_ever_published":false,"_jetpack_newsletter_access":"","_jetpack_dont_email_post_to_subs":false,"_jetpack_newsletter_tier_id":0,"_jetpack_memberships_contains_paywalled_content":false,"_jetpack_memberships_contains_paid_content":false,"footnotes":""},"categories":[1],"tags":[],"class_list":["post-6849","post","type-post","status-publish","format-standard","has-post-thumbnail","hentry","category-informediario"],"jetpack_featured_media_url":"https:\/\/capitaliafamiliar.es\/informes\/wp-content\/uploads\/2021\/02\/comentarioespecial.png","jetpack_shortlink":"https:\/\/wp.me\/pa2IGq-1Mt","jetpack-related-posts":[{"id":6967,"url":"https:\/\/capitaliafamiliar.es\/informes\/2021\/10\/04\/analisis-del-fin-de-semana-2-y-3-de-octubre-de-2021\/","url_meta":{"origin":6849,"position":0},"title":"An\u00e1lisis del fin de semana  2 y 3 de octubre de 2021","author":"Capitalia Familiar","date":"4 de octubre de 2021","format":false,"excerpt":"Contexto general Tras un par\u00e9ntesis veraniego agitado, los mercados contin\u00faan mostrando un comportamiento inestable. Esta inestabilidad se est\u00e1 viendo alimentada por la incertidumbre que suscitan los planes de retirada progresiva de est\u00edmulos monetarios que est\u00e1n barajando los bancos centrales, en un torno macroecon\u00f3mico a d\u00eda de hoy contradictorio: con tasas\u2026","rel":"","context":"En \u00abInforme Diario\u00bb","block_context":{"text":"Informe Diario","link":"https:\/\/capitaliafamiliar.es\/informes\/category\/informediario\/"},"img":{"alt_text":"","src":"https:\/\/i0.wp.com\/capitaliafamiliar.es\/informes\/wp-content\/uploads\/2021\/02\/comentarioespecial.png?resize=350%2C200&ssl=1","width":350,"height":200,"srcset":"https:\/\/i0.wp.com\/capitaliafamiliar.es\/informes\/wp-content\/uploads\/2021\/02\/comentarioespecial.png?resize=350%2C200&ssl=1 1x, https:\/\/i0.wp.com\/capitaliafamiliar.es\/informes\/wp-content\/uploads\/2021\/02\/comentarioespecial.png?resize=525%2C300&ssl=1 1.5x, https:\/\/i0.wp.com\/capitaliafamiliar.es\/informes\/wp-content\/uploads\/2021\/02\/comentarioespecial.png?resize=700%2C400&ssl=1 2x"},"classes":[]},{"id":6887,"url":"https:\/\/capitaliafamiliar.es\/informes\/2021\/09\/20\/analisis-del-fin-de-semana-18-y-19-de-septiembre-de-2021\/","url_meta":{"origin":6849,"position":1},"title":"An\u00e1lisis del fin de semana  18 y 19 de septiembre de 2021","author":"Capitalia Familiar","date":"20 de septiembre de 2021","format":false,"excerpt":"Contexto general Tras un par\u00e9ntesis veraniego agitado, los mercados contin\u00faan mostrando un comportamiento inestable al comienzo del nuevo curso. Esta inestabilidad se est\u00e1 viendo alimentada por la incertidumbre que suscitan los planes de retirada progresiva de est\u00edmulos monetarios que est\u00e1n barajando los bancos centrales, en un torno macroecon\u00f3mico a d\u00eda\u2026","rel":"","context":"En \u00abInforme Diario\u00bb","block_context":{"text":"Informe Diario","link":"https:\/\/capitaliafamiliar.es\/informes\/category\/informediario\/"},"img":{"alt_text":"","src":"https:\/\/i0.wp.com\/capitaliafamiliar.es\/informes\/wp-content\/uploads\/2021\/02\/comentarioespecial.png?resize=350%2C200&ssl=1","width":350,"height":200,"srcset":"https:\/\/i0.wp.com\/capitaliafamiliar.es\/informes\/wp-content\/uploads\/2021\/02\/comentarioespecial.png?resize=350%2C200&ssl=1 1x, https:\/\/i0.wp.com\/capitaliafamiliar.es\/informes\/wp-content\/uploads\/2021\/02\/comentarioespecial.png?resize=525%2C300&ssl=1 1.5x, https:\/\/i0.wp.com\/capitaliafamiliar.es\/informes\/wp-content\/uploads\/2021\/02\/comentarioespecial.png?resize=700%2C400&ssl=1 2x"},"classes":[]},{"id":6932,"url":"https:\/\/capitaliafamiliar.es\/informes\/2021\/09\/27\/analisis-del-fin-de-semana-25-y-26-de-septiembre-de-2021\/","url_meta":{"origin":6849,"position":2},"title":"An\u00e1lisis del fin de semana  25 y 26 de septiembre de 2021","author":"Capitalia Familiar","date":"27 de septiembre de 2021","format":false,"excerpt":"Contexto general Tras un par\u00e9ntesis veraniego agitado, los mercados contin\u00faan mostrando un comportamiento inestable al comienzo del nuevo curso. Esta inestabilidad se est\u00e1 viendo alimentada por la incertidumbre que suscitan los planes de retirada progresiva de est\u00edmulos monetarios que est\u00e1n barajando los bancos centrales, en un torno macroecon\u00f3mico a d\u00eda\u2026","rel":"","context":"En \u00abInforme Diario\u00bb","block_context":{"text":"Informe Diario","link":"https:\/\/capitaliafamiliar.es\/informes\/category\/informediario\/"},"img":{"alt_text":"","src":"https:\/\/i0.wp.com\/capitaliafamiliar.es\/informes\/wp-content\/uploads\/2021\/02\/comentarioespecial.png?resize=350%2C200&ssl=1","width":350,"height":200,"srcset":"https:\/\/i0.wp.com\/capitaliafamiliar.es\/informes\/wp-content\/uploads\/2021\/02\/comentarioespecial.png?resize=350%2C200&ssl=1 1x, https:\/\/i0.wp.com\/capitaliafamiliar.es\/informes\/wp-content\/uploads\/2021\/02\/comentarioespecial.png?resize=525%2C300&ssl=1 1.5x, https:\/\/i0.wp.com\/capitaliafamiliar.es\/informes\/wp-content\/uploads\/2021\/02\/comentarioespecial.png?resize=700%2C400&ssl=1 2x"},"classes":[]},{"id":11667,"url":"https:\/\/capitaliafamiliar.es\/informes\/2024\/11\/09\/tras-la-agitacion-reciente-los-mercados-deberian-digerir-y-tender-hacia-un-comportamiento-mas-pausado-y-ordenado\/","url_meta":{"origin":6849,"position":3},"title":"Tras la agitaci\u00f3n reciente, los mercados deber\u00edan digerir y tender hacia un comportamiento m\u00e1s pausado y ordenado\u2026","author":"Capitalia Familiar","date":"9 de noviembre de 2024","format":false,"excerpt":"\u00a0 Informe Semanal del 9 de noviembre de 2024 \u00a0 Acceda al documento a trav\u00e9s de este v\u00ednculo: PUNTO DE MIRA_24 09.11.2024 \u00a0 Solicite informaci\u00f3n sobre nuestros servicios de asesoramiento financiero Si necesita ayuda para el cuidado de su patrimonio, no dude en ponerse en contacto con nosotros, sin compromiso.\u2026","rel":"","context":"En \u00abAn\u00e1lisis del Fin de Semana Privado\u00bb","block_context":{"text":"An\u00e1lisis del Fin de Semana Privado","link":"https:\/\/capitaliafamiliar.es\/informes\/category\/analisis-del-fin-de-semana\/"},"img":{"alt_text":"","src":"https:\/\/i0.wp.com\/capitaliafamiliar.es\/informes\/wp-content\/uploads\/2021\/10\/analisis-fin-de-semana.png?resize=350%2C200&ssl=1","width":350,"height":200,"srcset":"https:\/\/i0.wp.com\/capitaliafamiliar.es\/informes\/wp-content\/uploads\/2021\/10\/analisis-fin-de-semana.png?resize=350%2C200&ssl=1 1x, https:\/\/i0.wp.com\/capitaliafamiliar.es\/informes\/wp-content\/uploads\/2021\/10\/analisis-fin-de-semana.png?resize=525%2C300&ssl=1 1.5x, https:\/\/i0.wp.com\/capitaliafamiliar.es\/informes\/wp-content\/uploads\/2021\/10\/analisis-fin-de-semana.png?resize=700%2C400&ssl=1 2x"},"classes":[]},{"id":7003,"url":"https:\/\/capitaliafamiliar.es\/informes\/2021\/10\/11\/analisis-del-fin-de-semana-9-y-10-de-octubre-de-2021\/","url_meta":{"origin":6849,"position":4},"title":"An\u00e1lisis del fin de semana  9 y 10 de octubre de 2021","author":"Capitalia Familiar","date":"11 de octubre de 2021","format":false,"excerpt":"Contexto general Tras el par\u00e9ntesis veraniego, los mercados est\u00e1n atravesando por una fase de inestabilidad. Esta inestabilidad se est\u00e1 viendo alimentada por la incertidumbre que suscitan los planes de retirada progresiva de est\u00edmulos monetarios que est\u00e1n barajando los bancos centrales, en un torno macroecon\u00f3mico a d\u00eda de hoy contradictorio: con\u2026","rel":"","context":"En \u00abInforme Diario\u00bb","block_context":{"text":"Informe Diario","link":"https:\/\/capitaliafamiliar.es\/informes\/category\/informediario\/"},"img":{"alt_text":"","src":"https:\/\/i0.wp.com\/capitaliafamiliar.es\/informes\/wp-content\/uploads\/2021\/02\/comentarioespecial.png?resize=350%2C200&ssl=1","width":350,"height":200,"srcset":"https:\/\/i0.wp.com\/capitaliafamiliar.es\/informes\/wp-content\/uploads\/2021\/02\/comentarioespecial.png?resize=350%2C200&ssl=1 1x, https:\/\/i0.wp.com\/capitaliafamiliar.es\/informes\/wp-content\/uploads\/2021\/02\/comentarioespecial.png?resize=525%2C300&ssl=1 1.5x, https:\/\/i0.wp.com\/capitaliafamiliar.es\/informes\/wp-content\/uploads\/2021\/02\/comentarioespecial.png?resize=700%2C400&ssl=1 2x"},"classes":[]},{"id":6579,"url":"https:\/\/capitaliafamiliar.es\/informes\/2021\/07\/26\/analisis-del-fin-de-semana-24-y-25-de-julio-de-2021\/","url_meta":{"origin":6849,"position":5},"title":"An\u00e1lisis del fin de semana  24 y 25 de julio de 2021","author":"Capitalia Familiar","date":"26 de julio de 2021","format":false,"excerpt":"Tormentas de verano... Conclusiones del an\u00e1lisis del fin de semana: Tormentas de verano... \u00a0 Tormentas de verano\u2026 Tormentas de verano en los mercados. Y van dos en un mes. El comportamiento del mercado sigue estando condicionado por la fase de transici\u00f3n en que se encuentra, dentro del proceso de progresiva\u2026","rel":"","context":"En \u00abInforme Diario\u00bb","block_context":{"text":"Informe Diario","link":"https:\/\/capitaliafamiliar.es\/informes\/category\/informediario\/"},"img":{"alt_text":"","src":"https:\/\/i0.wp.com\/capitaliafamiliar.es\/informes\/wp-content\/uploads\/2021\/02\/comentarioespecial.png?resize=350%2C200&ssl=1","width":350,"height":200,"srcset":"https:\/\/i0.wp.com\/capitaliafamiliar.es\/informes\/wp-content\/uploads\/2021\/02\/comentarioespecial.png?resize=350%2C200&ssl=1 1x, https:\/\/i0.wp.com\/capitaliafamiliar.es\/informes\/wp-content\/uploads\/2021\/02\/comentarioespecial.png?resize=525%2C300&ssl=1 1.5x, https:\/\/i0.wp.com\/capitaliafamiliar.es\/informes\/wp-content\/uploads\/2021\/02\/comentarioespecial.png?resize=700%2C400&ssl=1 2x"},"classes":[]}],"jetpack_sharing_enabled":true,"_links":{"self":[{"href":"https:\/\/capitaliafamiliar.es\/informes\/wp-json\/wp\/v2\/posts\/6849","targetHints":{"allow":["GET"]}}],"collection":[{"href":"https:\/\/capitaliafamiliar.es\/informes\/wp-json\/wp\/v2\/posts"}],"about":[{"href":"https:\/\/capitaliafamiliar.es\/informes\/wp-json\/wp\/v2\/types\/post"}],"author":[{"embeddable":true,"href":"https:\/\/capitaliafamiliar.es\/informes\/wp-json\/wp\/v2\/users\/2"}],"replies":[{"embeddable":true,"href":"https:\/\/capitaliafamiliar.es\/informes\/wp-json\/wp\/v2\/comments?post=6849"}],"version-history":[{"count":2,"href":"https:\/\/capitaliafamiliar.es\/informes\/wp-json\/wp\/v2\/posts\/6849\/revisions"}],"predecessor-version":[{"id":6851,"href":"https:\/\/capitaliafamiliar.es\/informes\/wp-json\/wp\/v2\/posts\/6849\/revisions\/6851"}],"wp:featuredmedia":[{"embeddable":true,"href":"https:\/\/capitaliafamiliar.es\/informes\/wp-json\/wp\/v2\/media\/5676"}],"wp:attachment":[{"href":"https:\/\/capitaliafamiliar.es\/informes\/wp-json\/wp\/v2\/media?parent=6849"}],"wp:term":[{"taxonomy":"category","embeddable":true,"href":"https:\/\/capitaliafamiliar.es\/informes\/wp-json\/wp\/v2\/categories?post=6849"},{"taxonomy":"post_tag","embeddable":true,"href":"https:\/\/capitaliafamiliar.es\/informes\/wp-json\/wp\/v2\/tags?post=6849"}],"curies":[{"name":"wp","href":"https:\/\/api.w.org\/{rel}","templated":true}]}}