{"id":6859,"date":"2021-09-14T16:05:30","date_gmt":"2021-09-14T16:05:30","guid":{"rendered":"https:\/\/capitaliafamiliar.es\/informes\/?p=6859"},"modified":"2021-09-14T16:05:30","modified_gmt":"2021-09-14T16:05:30","slug":"informe-diario-martes-14-de-septiembre-de-2021","status":"publish","type":"post","link":"https:\/\/capitaliafamiliar.es\/informes\/2021\/09\/14\/informe-diario-martes-14-de-septiembre-de-2021\/","title":{"rendered":"Informe Diario <br> Martes, 14 de septiembre de 2021"},"content":{"rendered":"<blockquote>\n<p style=\"text-align: justify;\"><span style=\"font-size: 16px;\"><strong>\u00bfHa tocado techo la inflaci\u00f3n en Estados Unidos?&#8230;<\/strong><\/span><\/p>\n<\/blockquote>\n<p>&nbsp;<\/p>\n<p style=\"text-align: justify;\"><span style=\"font-size: 16px;\"><b>\u00bfHa tocado techo la inflaci\u00f3n en Estados Unidos?<\/b> Hoy se conocieron los datos de inflaci\u00f3n en la primera econom\u00eda del mundo, que por fin parece que comienzan a relajarse tras una primera mitad de a\u00f1o de crecimiento constante. En el mes de agosto, el IPC general se situ\u00f3 en el +5.3% interanual, en l\u00ednea con lo previsto y una d\u00e9cima menos que en julio. M\u00e1s importante fue la relajaci\u00f3n del IPC subyacente, que alcanz\u00f3 el +4.0% frente al 4.2% esperado y al 4.3% anterior. La mejor evoluci\u00f3n de la inflaci\u00f3n subyacente se debe a que la general se sigue viendo m\u00e1s penalizada por los precios de la energ\u00eda, que siguen disparados. Todo parece indicar que el pico en la actividad provocado por la reapertura de las econom\u00edas podr\u00eda haber tocado techo, y con \u00e9l tambi\u00e9n el de la inflaci\u00f3n. Sin embargo, aunque se confirme esta hip\u00f3tesis, el crecimiento de los precios podr\u00eda mantenerse un tiempo en niveles elevados atendiendo a criterios tales como el crecimiento econ\u00f3mico, la demanda elevada de materias primas, la recuperaci\u00f3n del empleo o la subida de salarios. Con el permiso de la variante Delta del Covid-19, este dato otorga margen de maniobra a los bancos centrales para normalizar su pol\u00edtica monetaria. Muy probablemente, la reducci\u00f3n de est\u00edmulos comenzar\u00e1 en los pr\u00f3ximos meses, pero esta ser\u00e1 progresiva con el fin de da\u00f1ar lo menos posible la recuperaci\u00f3n econ\u00f3mica, y m\u00e1s de cara a la galer\u00eda para tranquilizar el temor que genera la inflaci\u00f3n. Sin embargo, <strong>el positivo dato de inflaci\u00f3n no ha terminado de convencer a las bolsas, que se han ido desinflando tras la euforia inicial. Veremos c\u00f3mo digiere el dato el mercado en los pr\u00f3ximos d\u00edas, pero mientras los soportes aguanten, las opciones alcistas se mantienen intactas.\u00a0\u00a0<\/strong><\/span><\/p>\n<p>&nbsp;<\/p>\n<p><img loading=\"lazy\" decoding=\"async\" data-attachment-id=\"6862\" data-permalink=\"https:\/\/capitaliafamiliar.es\/informes\/2021\/09\/14\/informe-diario-martes-14-de-septiembre-de-2021\/rv-816\/\" data-orig-file=\"https:\/\/capitaliafamiliar.es\/informes\/wp-content\/uploads\/2021\/09\/RV-8.jpg\" data-orig-size=\"336,413\" data-comments-opened=\"0\" data-image-meta=\"{&quot;aperture&quot;:&quot;0&quot;,&quot;credit&quot;:&quot;&quot;,&quot;camera&quot;:&quot;&quot;,&quot;caption&quot;:&quot;&quot;,&quot;created_timestamp&quot;:&quot;0&quot;,&quot;copyright&quot;:&quot;&quot;,&quot;focal_length&quot;:&quot;0&quot;,&quot;iso&quot;:&quot;0&quot;,&quot;shutter_speed&quot;:&quot;0&quot;,&quot;title&quot;:&quot;&quot;,&quot;orientation&quot;:&quot;0&quot;}\" data-image-title=\"RV\" data-image-description=\"\" data-image-caption=\"\" data-large-file=\"https:\/\/capitaliafamiliar.es\/informes\/wp-content\/uploads\/2021\/09\/RV-8.jpg\" class=\"alignnone size-full wp-image-6862\" src=\"https:\/\/capitaliafamiliar.es\/informes\/wp-content\/uploads\/2021\/09\/RV-8.jpg\" alt=\"\" width=\"336\" height=\"413\" srcset=\"https:\/\/capitaliafamiliar.es\/informes\/wp-content\/uploads\/2021\/09\/RV-8.jpg 336w, https:\/\/capitaliafamiliar.es\/informes\/wp-content\/uploads\/2021\/09\/RV-8-244x300.jpg 244w\" sizes=\"(max-width: 336px) 100vw, 336px\" \/><img loading=\"lazy\" decoding=\"async\" data-attachment-id=\"6863\" data-permalink=\"https:\/\/capitaliafamiliar.es\/informes\/2021\/09\/14\/informe-diario-martes-14-de-septiembre-de-2021\/rf-809\/\" data-orig-file=\"https:\/\/capitaliafamiliar.es\/informes\/wp-content\/uploads\/2021\/09\/RF-9.jpg\" data-orig-size=\"299,353\" data-comments-opened=\"0\" data-image-meta=\"{&quot;aperture&quot;:&quot;0&quot;,&quot;credit&quot;:&quot;&quot;,&quot;camera&quot;:&quot;&quot;,&quot;caption&quot;:&quot;&quot;,&quot;created_timestamp&quot;:&quot;0&quot;,&quot;copyright&quot;:&quot;&quot;,&quot;focal_length&quot;:&quot;0&quot;,&quot;iso&quot;:&quot;0&quot;,&quot;shutter_speed&quot;:&quot;0&quot;,&quot;title&quot;:&quot;&quot;,&quot;orientation&quot;:&quot;0&quot;}\" data-image-title=\"RF\" data-image-description=\"\" data-image-caption=\"\" data-large-file=\"https:\/\/capitaliafamiliar.es\/informes\/wp-content\/uploads\/2021\/09\/RF-9.jpg\" class=\"alignnone size-full wp-image-6863\" src=\"https:\/\/capitaliafamiliar.es\/informes\/wp-content\/uploads\/2021\/09\/RF-9.jpg\" alt=\"\" width=\"299\" height=\"353\" srcset=\"https:\/\/capitaliafamiliar.es\/informes\/wp-content\/uploads\/2021\/09\/RF-9.jpg 299w, https:\/\/capitaliafamiliar.es\/informes\/wp-content\/uploads\/2021\/09\/RF-9-254x300.jpg 254w\" sizes=\"(max-width: 299px) 100vw, 299px\" \/><\/p>\n<p>&nbsp;<\/p>\n<p><strong>| Agenda para ma\u00f1ana |<\/strong><\/p>\n<p><img loading=\"lazy\" decoding=\"async\" data-attachment-id=\"6860\" data-permalink=\"https:\/\/capitaliafamiliar.es\/informes\/2021\/09\/14\/informe-diario-martes-14-de-septiembre-de-2021\/ag-533\/\" data-orig-file=\"https:\/\/capitaliafamiliar.es\/informes\/wp-content\/uploads\/2021\/09\/AG-5.jpg\" data-orig-size=\"687,183\" data-comments-opened=\"0\" data-image-meta=\"{&quot;aperture&quot;:&quot;0&quot;,&quot;credit&quot;:&quot;&quot;,&quot;camera&quot;:&quot;&quot;,&quot;caption&quot;:&quot;&quot;,&quot;created_timestamp&quot;:&quot;0&quot;,&quot;copyright&quot;:&quot;&quot;,&quot;focal_length&quot;:&quot;0&quot;,&quot;iso&quot;:&quot;0&quot;,&quot;shutter_speed&quot;:&quot;0&quot;,&quot;title&quot;:&quot;&quot;,&quot;orientation&quot;:&quot;0&quot;}\" data-image-title=\"AG\" data-image-description=\"\" data-image-caption=\"\" data-large-file=\"https:\/\/capitaliafamiliar.es\/informes\/wp-content\/uploads\/2021\/09\/AG-5.jpg\" class=\"alignnone size-full wp-image-6860\" src=\"https:\/\/capitaliafamiliar.es\/informes\/wp-content\/uploads\/2021\/09\/AG-5.jpg\" alt=\"\" width=\"687\" height=\"183\" srcset=\"https:\/\/capitaliafamiliar.es\/informes\/wp-content\/uploads\/2021\/09\/AG-5.jpg 687w, https:\/\/capitaliafamiliar.es\/informes\/wp-content\/uploads\/2021\/09\/AG-5-300x80.jpg 300w\" sizes=\"(max-width: 687px) 100vw, 687px\" \/><\/p>\n<p>&nbsp;<\/p>\n<p>&nbsp;<\/p>\n<p style=\"text-align: center;\"><strong>Solicite informaci\u00f3n sobre nuestros servicios de asesoramiento financiero<\/strong><\/p>\n<p style=\"text-align: center;\">Si necesita ayuda para el cuidado de su patrimonio, no dude en ponerse en contacto con nosotros,<\/p>\n<p style=\"text-align: center;\">sin compromiso.<\/p>\n<p style=\"text-align: center;\">Tel\u00e9fono:\u00a0\u00a0 91 770\u00a0 22 84<\/p>\n<p style=\"text-align: center;\">Correo electr\u00f3nico:\u00a0\u00a0 capitaliafamiliar@capitaliafamiliar.es<\/p>\n","protected":false},"excerpt":{"rendered":"<p>&iquest;Ha tocado techo la inflaci&oacute;n en Estados Unidos?&hellip; &nbsp; &iquest;Ha tocado techo la inflaci&oacute;n en Estados Unidos? Hoy se conocieron los datos de inflaci&oacute;n en la primera econom&iacute;a del mundo, que por fin parece que comienzan a relajarse tras una primera mitad de a&ntilde;o de crecimiento constante. En el mes de agosto, el IPC general [&hellip;]<\/p>\n","protected":false},"author":2,"featured_media":2525,"comment_status":"closed","ping_status":"closed","sticky":false,"template":"","format":"standard","meta":{"_et_pb_use_builder":"","_et_pb_old_content":"","_et_gb_content_width":"","jetpack_post_was_ever_published":false,"_jetpack_newsletter_access":"","_jetpack_dont_email_post_to_subs":false,"_jetpack_newsletter_tier_id":0,"_jetpack_memberships_contains_paywalled_content":false,"_jetpack_memberships_contains_paid_content":false,"footnotes":""},"categories":[1],"tags":[],"class_list":["post-6859","post","type-post","status-publish","format-standard","has-post-thumbnail","hentry","category-informediario"],"jetpack_featured_media_url":"https:\/\/capitaliafamiliar.es\/informes\/wp-content\/uploads\/2019\/08\/informediario2.png","jetpack_shortlink":"https:\/\/wp.me\/pa2IGq-1MD","jetpack-related-posts":[{"id":7953,"url":"https:\/\/capitaliafamiliar.es\/informes\/2022\/08\/08\/el-dia-de-la-marmota-los-mercados-apuestan-porque-la-inflacion-haya-tocado-techo-en-estados-unidos\/","url_meta":{"origin":6859,"position":0},"title":"El d\u00eda de la marmota: los mercados apuestan porque la inflaci\u00f3n haya tocado techo en Estados Unidos","author":"Capitalia Familiar","date":"8 de agosto de 2022","format":false,"excerpt":"Informe diario del lunes, 8 de agosto de 2022 \u00a0 Sinopsis Hoy en los mercados\u2026 Comienza con mucho optimismo una semana que estar\u00e1 marcada por el dato de inflaci\u00f3n del mes de julio en Estados Unidos. An\u00e1lisis de situaci\u00f3n y perspectivas El d\u00eda de la marmota: los mercados apuestan porque\u2026","rel":"","context":"En \u00abInforme Diario\u00bb","block_context":{"text":"Informe Diario","link":"https:\/\/capitaliafamiliar.es\/informes\/category\/informediario\/"},"img":{"alt_text":"","src":"https:\/\/i0.wp.com\/capitaliafamiliar.es\/informes\/wp-content\/uploads\/2019\/08\/informediario2.png?resize=350%2C200&ssl=1","width":350,"height":200,"srcset":"https:\/\/i0.wp.com\/capitaliafamiliar.es\/informes\/wp-content\/uploads\/2019\/08\/informediario2.png?resize=350%2C200&ssl=1 1x, https:\/\/i0.wp.com\/capitaliafamiliar.es\/informes\/wp-content\/uploads\/2019\/08\/informediario2.png?resize=525%2C300&ssl=1 1.5x, https:\/\/i0.wp.com\/capitaliafamiliar.es\/informes\/wp-content\/uploads\/2019\/08\/informediario2.png?resize=700%2C400&ssl=1 2x"},"classes":[]},{"id":6841,"url":"https:\/\/capitaliafamiliar.es\/informes\/2021\/09\/10\/informe-diario-viernes-10-de-septiembre-de-2021\/","url_meta":{"origin":6859,"position":1},"title":"Informe Diario  Viernes, 10 de septiembre de 2021","author":"Capitalia Familiar","date":"10 de septiembre de 2021","format":false,"excerpt":"A vueltas con la inflaci\u00f3n: el IPC estadounidense volver\u00e1 a ser noticia la pr\u00f3xima semana... \u00a0 A vueltas con la inflaci\u00f3n: el IPC estadounidense volver\u00e1 a ser noticia la pr\u00f3xima semana. El pr\u00f3ximo martes se conocer\u00e1 el dato de inflaci\u00f3n del mes de agosto en Estados Unidos, que servir\u00e1 para\u2026","rel":"","context":"En \u00abInforme Diario\u00bb","block_context":{"text":"Informe Diario","link":"https:\/\/capitaliafamiliar.es\/informes\/category\/informediario\/"},"img":{"alt_text":"","src":"https:\/\/i0.wp.com\/capitaliafamiliar.es\/informes\/wp-content\/uploads\/2019\/08\/informediario2.png?resize=350%2C200&ssl=1","width":350,"height":200,"srcset":"https:\/\/i0.wp.com\/capitaliafamiliar.es\/informes\/wp-content\/uploads\/2019\/08\/informediario2.png?resize=350%2C200&ssl=1 1x, https:\/\/i0.wp.com\/capitaliafamiliar.es\/informes\/wp-content\/uploads\/2019\/08\/informediario2.png?resize=525%2C300&ssl=1 1.5x, https:\/\/i0.wp.com\/capitaliafamiliar.es\/informes\/wp-content\/uploads\/2019\/08\/informediario2.png?resize=700%2C400&ssl=1 2x"},"classes":[]},{"id":6852,"url":"https:\/\/capitaliafamiliar.es\/informes\/2021\/09\/13\/informe-diario-lunes-13-de-septiembre-de-2021\/","url_meta":{"origin":6859,"position":2},"title":"Informe Diario  Lunes, 13 de septiembre de 2021","author":"Capitalia Familiar","date":"13 de septiembre de 2021","format":false,"excerpt":"Todo a la espera del dato de inflaci\u00f3n estadounidense que se conocer\u00e1 ma\u00f1ana... \u00a0 Todo a la espera del dato de inflaci\u00f3n estadounidense que se conocer\u00e1 ma\u00f1ana. Como ya adelant\u00e1bamos en informes anteriores, ma\u00f1ana se publicar\u00e1 el dato de inflaci\u00f3n relativo al mes de agosto en Estados Unidos. Las previsiones\u2026","rel":"","context":"En \u00abInforme Diario\u00bb","block_context":{"text":"Informe Diario","link":"https:\/\/capitaliafamiliar.es\/informes\/category\/informediario\/"},"img":{"alt_text":"","src":"https:\/\/i0.wp.com\/capitaliafamiliar.es\/informes\/wp-content\/uploads\/2019\/08\/informediario2.png?resize=350%2C200&ssl=1","width":350,"height":200,"srcset":"https:\/\/i0.wp.com\/capitaliafamiliar.es\/informes\/wp-content\/uploads\/2019\/08\/informediario2.png?resize=350%2C200&ssl=1 1x, https:\/\/i0.wp.com\/capitaliafamiliar.es\/informes\/wp-content\/uploads\/2019\/08\/informediario2.png?resize=525%2C300&ssl=1 1.5x, https:\/\/i0.wp.com\/capitaliafamiliar.es\/informes\/wp-content\/uploads\/2019\/08\/informediario2.png?resize=700%2C400&ssl=1 2x"},"classes":[]},{"id":5644,"url":"https:\/\/capitaliafamiliar.es\/informes\/2021\/02\/10\/informe-diario-miercoles-10-de-febrero-de-2021\/","url_meta":{"origin":6859,"position":3},"title":"Informe Diario  Mi\u00e9rcoles, 10 de febrero de 2021","author":"Capitalia Familiar","date":"10 de febrero de 2021","format":false,"excerpt":"El mercado respira al frenarse la subida de la inflaci\u00f3n en Estados Unidos... El mercado respira al frenarse la subida de la inflaci\u00f3n en Estados Unidos. Los datos de IPC conocidos hoy en Estados Unidos permitieron alejar, al menos de manera temporal, los temores a una escalada acelerada de los\u2026","rel":"","context":"En \u00abInforme Diario\u00bb","block_context":{"text":"Informe Diario","link":"https:\/\/capitaliafamiliar.es\/informes\/category\/informediario\/"},"img":{"alt_text":"","src":"https:\/\/i0.wp.com\/capitaliafamiliar.es\/informes\/wp-content\/uploads\/2019\/08\/informediario2.png?resize=350%2C200&ssl=1","width":350,"height":200,"srcset":"https:\/\/i0.wp.com\/capitaliafamiliar.es\/informes\/wp-content\/uploads\/2019\/08\/informediario2.png?resize=350%2C200&ssl=1 1x, https:\/\/i0.wp.com\/capitaliafamiliar.es\/informes\/wp-content\/uploads\/2019\/08\/informediario2.png?resize=525%2C300&ssl=1 1.5x, https:\/\/i0.wp.com\/capitaliafamiliar.es\/informes\/wp-content\/uploads\/2019\/08\/informediario2.png?resize=700%2C400&ssl=1 2x"},"classes":[]},{"id":6294,"url":"https:\/\/capitaliafamiliar.es\/informes\/2021\/06\/09\/informe-diario-miercoles-9-de-junio-de-2021\/","url_meta":{"origin":6859,"position":4},"title":"Informe Diario  Mi\u00e9rcoles, 9 de junio de 2021","author":"Capitalia Familiar","date":"9 de junio de 2021","format":false,"excerpt":"\u00bfPodr\u00eda llegar a descontrolarse la inflaci\u00f3n en Estados Unidos?... \u00bfPodr\u00eda llegar a descontrolarse la inflaci\u00f3n en Estados Unidos? La cita que los mercados estaban esperando por fin llega. Tras varios d\u00edas de transici\u00f3n, aton\u00eda y posicionamiento de los valores, ma\u00f1ana conoceremos el dato de IPC de Estados Unidos del mes\u2026","rel":"","context":"En \u00abInforme Diario\u00bb","block_context":{"text":"Informe Diario","link":"https:\/\/capitaliafamiliar.es\/informes\/category\/informediario\/"},"img":{"alt_text":"","src":"https:\/\/i0.wp.com\/capitaliafamiliar.es\/informes\/wp-content\/uploads\/2019\/08\/informediario2.png?resize=350%2C200&ssl=1","width":350,"height":200,"srcset":"https:\/\/i0.wp.com\/capitaliafamiliar.es\/informes\/wp-content\/uploads\/2019\/08\/informediario2.png?resize=350%2C200&ssl=1 1x, https:\/\/i0.wp.com\/capitaliafamiliar.es\/informes\/wp-content\/uploads\/2019\/08\/informediario2.png?resize=525%2C300&ssl=1 1.5x, https:\/\/i0.wp.com\/capitaliafamiliar.es\/informes\/wp-content\/uploads\/2019\/08\/informediario2.png?resize=700%2C400&ssl=1 2x"},"classes":[]},{"id":6312,"url":"https:\/\/capitaliafamiliar.es\/informes\/2021\/06\/11\/informe-diario-viernes-11-de-junio-de-2021\/","url_meta":{"origin":6859,"position":5},"title":"Informe Diario  Viernes, 11 de junio de 2021","author":"Capitalia Familiar","date":"11 de junio de 2021","format":false,"excerpt":"Los mercados no acusan la subida de la inflaci\u00f3n en Estados Unidos y buscan nuevos m\u00e1ximos... Los mercados no acusan la subida de la inflaci\u00f3n en Estados Unidos y buscan nuevos m\u00e1ximos. Pese a que tanto el IPC general como el subyacente registraron subidas importantes en Estados Unidos, el mercado\u2026","rel":"","context":"En \u00abInforme Diario\u00bb","block_context":{"text":"Informe Diario","link":"https:\/\/capitaliafamiliar.es\/informes\/category\/informediario\/"},"img":{"alt_text":"","src":"https:\/\/i0.wp.com\/capitaliafamiliar.es\/informes\/wp-content\/uploads\/2019\/08\/informediario2.png?resize=350%2C200&ssl=1","width":350,"height":200,"srcset":"https:\/\/i0.wp.com\/capitaliafamiliar.es\/informes\/wp-content\/uploads\/2019\/08\/informediario2.png?resize=350%2C200&ssl=1 1x, https:\/\/i0.wp.com\/capitaliafamiliar.es\/informes\/wp-content\/uploads\/2019\/08\/informediario2.png?resize=525%2C300&ssl=1 1.5x, https:\/\/i0.wp.com\/capitaliafamiliar.es\/informes\/wp-content\/uploads\/2019\/08\/informediario2.png?resize=700%2C400&ssl=1 2x"},"classes":[]}],"jetpack_sharing_enabled":true,"_links":{"self":[{"href":"https:\/\/capitaliafamiliar.es\/informes\/wp-json\/wp\/v2\/posts\/6859","targetHints":{"allow":["GET"]}}],"collection":[{"href":"https:\/\/capitaliafamiliar.es\/informes\/wp-json\/wp\/v2\/posts"}],"about":[{"href":"https:\/\/capitaliafamiliar.es\/informes\/wp-json\/wp\/v2\/types\/post"}],"author":[{"embeddable":true,"href":"https:\/\/capitaliafamiliar.es\/informes\/wp-json\/wp\/v2\/users\/2"}],"replies":[{"embeddable":true,"href":"https:\/\/capitaliafamiliar.es\/informes\/wp-json\/wp\/v2\/comments?post=6859"}],"version-history":[{"count":2,"href":"https:\/\/capitaliafamiliar.es\/informes\/wp-json\/wp\/v2\/posts\/6859\/revisions"}],"predecessor-version":[{"id":6864,"href":"https:\/\/capitaliafamiliar.es\/informes\/wp-json\/wp\/v2\/posts\/6859\/revisions\/6864"}],"wp:featuredmedia":[{"embeddable":true,"href":"https:\/\/capitaliafamiliar.es\/informes\/wp-json\/wp\/v2\/media\/2525"}],"wp:attachment":[{"href":"https:\/\/capitaliafamiliar.es\/informes\/wp-json\/wp\/v2\/media?parent=6859"}],"wp:term":[{"taxonomy":"category","embeddable":true,"href":"https:\/\/capitaliafamiliar.es\/informes\/wp-json\/wp\/v2\/categories?post=6859"},{"taxonomy":"post_tag","embeddable":true,"href":"https:\/\/capitaliafamiliar.es\/informes\/wp-json\/wp\/v2\/tags?post=6859"}],"curies":[{"name":"wp","href":"https:\/\/api.w.org\/{rel}","templated":true}]}}