{"id":6932,"date":"2021-09-27T11:42:29","date_gmt":"2021-09-27T11:42:29","guid":{"rendered":"https:\/\/capitaliafamiliar.es\/informes\/?p=6932"},"modified":"2021-09-27T11:42:29","modified_gmt":"2021-09-27T11:42:29","slug":"analisis-del-fin-de-semana-25-y-26-de-septiembre-de-2021","status":"publish","type":"post","link":"https:\/\/capitaliafamiliar.es\/informes\/2021\/09\/27\/analisis-del-fin-de-semana-25-y-26-de-septiembre-de-2021\/","title":{"rendered":"An\u00e1lisis del fin de semana <br> 25 y 26 de septiembre de 2021"},"content":{"rendered":"<p style=\"text-align: justify;\"><span style=\"font-size: 16px;\"><strong><u>Contexto general<\/u><\/strong><\/span><\/p>\n<ul style=\"text-align: justify;\">\n<li><span style=\"font-size: 16px;\">Tras un par\u00e9ntesis veraniego agitado, <b>los mercados contin\u00faan mostrando un comportamiento inestable<\/b> al comienzo del nuevo curso.<\/span><\/li>\n<li><span style=\"font-size: 16px;\">Esta inestabilidad se est\u00e1 viendo alimentada por la <strong>incertidumbre que suscitan los planes de retirada progresiva de est\u00edmulos monetarios que est\u00e1n barajando los bancos centrales<\/strong>, en un torno macroecon\u00f3mico a d\u00eda de hoy contradictorio con tasas de inflaci\u00f3n que se mantienen elevadas y los indicadores de actividad debilit\u00e1ndose desde el pico alcanzado tras la reapertura de las econom\u00edas.<\/span><\/li>\n<li><span style=\"font-size: 16px;\">Tampoco ayudan los <strong>problemas de solvencia que afronta el gigante inmobiliario chino Evergrande.<\/strong><\/span><\/li>\n<\/ul>\n<p style=\"text-align: justify;\"><span style=\"font-size: 16px;\"><strong><u>Comportamiento de los mercados en la semana<\/u><\/strong><\/span><\/p>\n<ul style=\"text-align: justify;\">\n<li><span style=\"font-size: 16px;\"><strong>El comportamiento de los mercados durante la semana se vio condicionado por dos factores:<\/strong><\/span>\n<ul style=\"text-align: justify; list-style-type: circle;\">\n<li><span style=\"font-size: 16px;\"><strong>La reuni\u00f3n de la Reserva Federal<\/strong>, que no aport\u00f3 novedades particularmente relevantes. La autoridad monetaria estadounidense opt\u00f3 por la prudencia al no anticipar a\u00fan el inicio del proceso de normalizaci\u00f3n monetaria (&#8220;<em>tapering<\/em>&#8220;), ajust\u00e1ndose as\u00ed a lo deseado por el mercado.<\/span><\/li>\n<li><span style=\"font-size: 16px;\"><strong>Los problemas de solvencia que afronta Evergrande,<\/strong> que finalmente no cumpli\u00f3 con el pago de intereses establecido para el pasado jueves Con este impago se ha iniciado un per\u00edodo de gracia de 30 d\u00edas para que Evergrande cumpla con sus obligaciones, antes de ser declarada formalmente en suspensi\u00f3n de pagos (el pr\u00f3ximo d\u00eda 29 deber\u00e1 afrontar el pago de otro cup\u00f3n). Las autoridades chinas siguen neg\u00e1ndose a rescatar a esta empresa, aunque parecen estar prepar\u00e1ndose para una \u201cvoladura controlada\u201d de la misma, a fin de amortiguar el impacto negativo de su ca\u00edda sobre la econom\u00eda y el sistema financiero chinos.<\/span><\/li>\n<\/ul>\n<\/li>\n<li><span style=\"font-size: 16px;\"><strong>La semana arranc\u00f3 con una importante sacudida bajista en los mercados burs\u00e1tiles occidentales,<\/strong> con ca\u00eddas el lunes que llegaron a rondar el -3%.<\/span><\/li>\n<li><span style=\"font-size: 16px;\"><strong>Sin embargo, a partir del martes prosper\u00f3 una din\u00e1mica de rebote,<\/strong> que permiti\u00f3 a las bolsas recuperar en los d\u00edas siguientes las p\u00e9rdidas registradas el lunes, y <strong>cerrar la semana con un saldo neto ligeramente positivo<\/strong> (una subida media del +0.3%).<\/span><\/li>\n<li><span style=\"font-size: 16px;\"><strong>Este rebote ha propiciado que la tendencia de corto plazo vuelva a ser alcista,<\/strong> aunque la din\u00e1mica correctiva bajista de las \u00faltimas semanas no puede darse a\u00fan por cerrada.<\/span><\/li>\n<li><span style=\"font-size: 16px;\"><strong>La tendencia general de medio plazo se mantiene alcista.<\/strong><\/span><\/li>\n<li><span style=\"font-size: 16px;\"><strong>La din\u00e1mica interna del mercado durante la semana sigui\u00f3 caracteriz\u00e1ndose por una elevada <\/strong><strong>inestabilidad.<\/strong><\/span><\/li>\n<li><span style=\"font-size: 16px;\"><strong>No hubo rebote, sin embargo, en los mercados de renta fija, que encadenaron una semana m\u00e1s de p\u00e9rdidas,<\/strong> de en torno al -0.6% adicional en esta pasada semana.<\/span><\/li>\n<\/ul>\n<p style=\"text-align: justify;\"><span style=\"font-size: 16px;\"><strong><u>Perspectivas<\/u><\/strong><\/span><\/p>\n<ul style=\"text-align: justify;\">\n<li>Como coment\u00e1bamos la semana pasada, <strong>el castigo sufrido por un n\u00famero amplio de valores era ya suficientemente intenso como para justificar una reacci\u00f3n alcista del mercado.<\/strong><\/li>\n<li><strong>La cuesti\u00f3n ahora es si la reacci\u00f3n alcista de estos \u00faltimos d\u00edas conseguir\u00e1 tener continuidad y <\/strong><strong>consistencia suficientes en las pr\u00f3ximas sesiones<\/strong> para permitir dar por cerrada la fase correctiva bajista de las \u00faltimas semanas.<\/li>\n<li>Si as\u00ed fuera, <strong>esta correcci\u00f3n bajista ha limpiado y abierto un gran n\u00famero de oportunidades de inversi\u00f3n, que podr\u00edan dar paso a un \u00faltimo trimestre del a\u00f1o alcista para los mercados burs\u00e1tiles.<\/strong><\/li>\n<li><strong>Ayudar\u00eda en este sentido alg\u00fan tipo de informaci\u00f3n que permitiera minorar la incertidumbre y el riesgo asociados a la crisis de Evergrande.<\/strong><\/li>\n<li><strong>Atenci\u00f3n tambi\u00e9n a las posibles implicaciones de los resultados de las elecciones generales que se celebrar\u00e1n ma\u00f1ana domingo (26 de septiembre) en Alemania.<\/strong><\/li>\n<\/ul>\n<p>&nbsp;<\/p>\n<p style=\"text-align: center;\"><strong>Solicite informaci\u00f3n sobre nuestros servicios de asesoramiento financiero<\/strong><\/p>\n<p style=\"text-align: center;\">Si necesita ayuda para el cuidado de su patrimonio, no dude en ponerse en contacto con nosotros,<\/p>\n<p style=\"text-align: center;\">sin compromiso.<\/p>\n<p style=\"text-align: center;\">Tel\u00e9fono:\u00a0\u00a0 91 770\u00a0 22 84<\/p>\n<p style=\"text-align: center;\">Correo electr\u00f3nico:\u00a0\u00a0 capitaliafamiliar@capitaliafamiliar.es<\/p>\n","protected":false},"excerpt":{"rendered":"<p>Contexto general Tras un par&eacute;ntesis veraniego agitado, los mercados contin&uacute;an mostrando un comportamiento inestable al comienzo del nuevo curso. Esta inestabilidad se est&aacute; viendo alimentada por la incertidumbre que suscitan los planes de retirada progresiva de est&iacute;mulos monetarios que est&aacute;n barajando los bancos centrales, en un torno macroecon&oacute;mico a d&iacute;a de hoy contradictorio con tasas [&hellip;]<\/p>\n","protected":false},"author":2,"featured_media":5676,"comment_status":"closed","ping_status":"closed","sticky":false,"template":"","format":"standard","meta":{"_et_pb_use_builder":"","_et_pb_old_content":"","_et_gb_content_width":"","jetpack_post_was_ever_published":false,"_jetpack_newsletter_access":"","_jetpack_dont_email_post_to_subs":false,"_jetpack_newsletter_tier_id":0,"_jetpack_memberships_contains_paywalled_content":false,"_jetpack_memberships_contains_paid_content":false,"footnotes":""},"categories":[1],"tags":[],"class_list":["post-6932","post","type-post","status-publish","format-standard","has-post-thumbnail","hentry","category-informediario"],"jetpack_featured_media_url":"https:\/\/capitaliafamiliar.es\/informes\/wp-content\/uploads\/2021\/02\/comentarioespecial.png","jetpack_shortlink":"https:\/\/wp.me\/pa2IGq-1NO","jetpack-related-posts":[{"id":6967,"url":"https:\/\/capitaliafamiliar.es\/informes\/2021\/10\/04\/analisis-del-fin-de-semana-2-y-3-de-octubre-de-2021\/","url_meta":{"origin":6932,"position":0},"title":"An\u00e1lisis del fin de semana  2 y 3 de octubre de 2021","author":"Capitalia Familiar","date":"4 de octubre de 2021","format":false,"excerpt":"Contexto general Tras un par\u00e9ntesis veraniego agitado, los mercados contin\u00faan mostrando un comportamiento inestable. Esta inestabilidad se est\u00e1 viendo alimentada por la incertidumbre que suscitan los planes de retirada progresiva de est\u00edmulos monetarios que est\u00e1n barajando los bancos centrales, en un torno macroecon\u00f3mico a d\u00eda de hoy contradictorio: con tasas\u2026","rel":"","context":"En \u00abInforme Diario\u00bb","block_context":{"text":"Informe Diario","link":"https:\/\/capitaliafamiliar.es\/informes\/category\/informediario\/"},"img":{"alt_text":"","src":"https:\/\/i0.wp.com\/capitaliafamiliar.es\/informes\/wp-content\/uploads\/2021\/02\/comentarioespecial.png?resize=350%2C200&ssl=1","width":350,"height":200,"srcset":"https:\/\/i0.wp.com\/capitaliafamiliar.es\/informes\/wp-content\/uploads\/2021\/02\/comentarioespecial.png?resize=350%2C200&ssl=1 1x, https:\/\/i0.wp.com\/capitaliafamiliar.es\/informes\/wp-content\/uploads\/2021\/02\/comentarioespecial.png?resize=525%2C300&ssl=1 1.5x, https:\/\/i0.wp.com\/capitaliafamiliar.es\/informes\/wp-content\/uploads\/2021\/02\/comentarioespecial.png?resize=700%2C400&ssl=1 2x"},"classes":[]},{"id":6887,"url":"https:\/\/capitaliafamiliar.es\/informes\/2021\/09\/20\/analisis-del-fin-de-semana-18-y-19-de-septiembre-de-2021\/","url_meta":{"origin":6932,"position":1},"title":"An\u00e1lisis del fin de semana  18 y 19 de septiembre de 2021","author":"Capitalia Familiar","date":"20 de septiembre de 2021","format":false,"excerpt":"Contexto general Tras un par\u00e9ntesis veraniego agitado, los mercados contin\u00faan mostrando un comportamiento inestable al comienzo del nuevo curso. Esta inestabilidad se est\u00e1 viendo alimentada por la incertidumbre que suscitan los planes de retirada progresiva de est\u00edmulos monetarios que est\u00e1n barajando los bancos centrales, en un torno macroecon\u00f3mico a d\u00eda\u2026","rel":"","context":"En \u00abInforme Diario\u00bb","block_context":{"text":"Informe Diario","link":"https:\/\/capitaliafamiliar.es\/informes\/category\/informediario\/"},"img":{"alt_text":"","src":"https:\/\/i0.wp.com\/capitaliafamiliar.es\/informes\/wp-content\/uploads\/2021\/02\/comentarioespecial.png?resize=350%2C200&ssl=1","width":350,"height":200,"srcset":"https:\/\/i0.wp.com\/capitaliafamiliar.es\/informes\/wp-content\/uploads\/2021\/02\/comentarioespecial.png?resize=350%2C200&ssl=1 1x, https:\/\/i0.wp.com\/capitaliafamiliar.es\/informes\/wp-content\/uploads\/2021\/02\/comentarioespecial.png?resize=525%2C300&ssl=1 1.5x, https:\/\/i0.wp.com\/capitaliafamiliar.es\/informes\/wp-content\/uploads\/2021\/02\/comentarioespecial.png?resize=700%2C400&ssl=1 2x"},"classes":[]},{"id":6849,"url":"https:\/\/capitaliafamiliar.es\/informes\/2021\/09\/13\/analisis-del-fin-de-semana-11-y-12-de-septiembre-de-2021\/","url_meta":{"origin":6932,"position":2},"title":"An\u00e1lisis del fin de semana  11 y 12 de septiembre de 2021","author":"Capitalia Familiar","date":"13 de septiembre de 2021","format":false,"excerpt":"Contexto general Tras un par\u00e9ntesis veraniego agitado, los mercados contin\u00faan mostrando un comportamiento inestable al comienzo del nuevo curso. Esta inestabilidad se est\u00e1 viendo alimentada por la incertidumbre que suscitan los planes de retirada progresiva de est\u00edmulos monetarios que est\u00e1n barajando los bancos centrales, en un torno macroecon\u00f3mico a d\u00eda\u2026","rel":"","context":"En \u00abInforme Diario\u00bb","block_context":{"text":"Informe Diario","link":"https:\/\/capitaliafamiliar.es\/informes\/category\/informediario\/"},"img":{"alt_text":"","src":"https:\/\/i0.wp.com\/capitaliafamiliar.es\/informes\/wp-content\/uploads\/2021\/02\/comentarioespecial.png?resize=350%2C200&ssl=1","width":350,"height":200,"srcset":"https:\/\/i0.wp.com\/capitaliafamiliar.es\/informes\/wp-content\/uploads\/2021\/02\/comentarioespecial.png?resize=350%2C200&ssl=1 1x, https:\/\/i0.wp.com\/capitaliafamiliar.es\/informes\/wp-content\/uploads\/2021\/02\/comentarioespecial.png?resize=525%2C300&ssl=1 1.5x, https:\/\/i0.wp.com\/capitaliafamiliar.es\/informes\/wp-content\/uploads\/2021\/02\/comentarioespecial.png?resize=700%2C400&ssl=1 2x"},"classes":[]},{"id":7439,"url":"https:\/\/capitaliafamiliar.es\/informes\/2022\/01\/05\/la-omicron-podria-llegar-a-revelarse-como-una-catalizador-positivo-para-las-economias-y-los-mercados-de-cara-a-los-proximos-meses\/","url_meta":{"origin":6932,"position":3},"title":"La Omicron podr\u00eda llegar a revelarse como una catalizador positivo para las econom\u00edas y los mercados de cara a los pr\u00f3ximos meses","author":"Capitalia Familiar","date":"5 de enero de 2022","format":false,"excerpt":"Informe mensual, diciembre de 2021 \u00a0 Sinopsis Contexto general: La Omicron y los bancos centrales indujeron un aumento de la volatilidad en los mercados a lo largo del mes de diciembre. Comportamiento de los mercados en el mes: El mejor pron\u00f3stico de la Omicron respecto a otras variantes permiti\u00f3 a\u2026","rel":"","context":"En \u00abInforme Diario\u00bb","block_context":{"text":"Informe Diario","link":"https:\/\/capitaliafamiliar.es\/informes\/category\/informediario\/"},"img":{"alt_text":"","src":"https:\/\/i0.wp.com\/capitaliafamiliar.es\/informes\/wp-content\/uploads\/2019\/08\/informediario2.png?resize=350%2C200&ssl=1","width":350,"height":200,"srcset":"https:\/\/i0.wp.com\/capitaliafamiliar.es\/informes\/wp-content\/uploads\/2019\/08\/informediario2.png?resize=350%2C200&ssl=1 1x, https:\/\/i0.wp.com\/capitaliafamiliar.es\/informes\/wp-content\/uploads\/2019\/08\/informediario2.png?resize=525%2C300&ssl=1 1.5x, https:\/\/i0.wp.com\/capitaliafamiliar.es\/informes\/wp-content\/uploads\/2019\/08\/informediario2.png?resize=700%2C400&ssl=1 2x"},"classes":[]},{"id":11667,"url":"https:\/\/capitaliafamiliar.es\/informes\/2024\/11\/09\/tras-la-agitacion-reciente-los-mercados-deberian-digerir-y-tender-hacia-un-comportamiento-mas-pausado-y-ordenado\/","url_meta":{"origin":6932,"position":4},"title":"Tras la agitaci\u00f3n reciente, los mercados deber\u00edan digerir y tender hacia un comportamiento m\u00e1s pausado y ordenado\u2026","author":"Capitalia Familiar","date":"9 de noviembre de 2024","format":false,"excerpt":"\u00a0 Informe Semanal del 9 de noviembre de 2024 \u00a0 Acceda al documento a trav\u00e9s de este v\u00ednculo: PUNTO DE MIRA_24 09.11.2024 \u00a0 Solicite informaci\u00f3n sobre nuestros servicios de asesoramiento financiero Si necesita ayuda para el cuidado de su patrimonio, no dude en ponerse en contacto con nosotros, sin compromiso.\u2026","rel":"","context":"En \u00abAn\u00e1lisis del Fin de Semana Privado\u00bb","block_context":{"text":"An\u00e1lisis del Fin de Semana Privado","link":"https:\/\/capitaliafamiliar.es\/informes\/category\/analisis-del-fin-de-semana\/"},"img":{"alt_text":"","src":"https:\/\/i0.wp.com\/capitaliafamiliar.es\/informes\/wp-content\/uploads\/2021\/10\/analisis-fin-de-semana.png?resize=350%2C200&ssl=1","width":350,"height":200,"srcset":"https:\/\/i0.wp.com\/capitaliafamiliar.es\/informes\/wp-content\/uploads\/2021\/10\/analisis-fin-de-semana.png?resize=350%2C200&ssl=1 1x, https:\/\/i0.wp.com\/capitaliafamiliar.es\/informes\/wp-content\/uploads\/2021\/10\/analisis-fin-de-semana.png?resize=525%2C300&ssl=1 1.5x, https:\/\/i0.wp.com\/capitaliafamiliar.es\/informes\/wp-content\/uploads\/2021\/10\/analisis-fin-de-semana.png?resize=700%2C400&ssl=1 2x"},"classes":[]},{"id":7003,"url":"https:\/\/capitaliafamiliar.es\/informes\/2021\/10\/11\/analisis-del-fin-de-semana-9-y-10-de-octubre-de-2021\/","url_meta":{"origin":6932,"position":5},"title":"An\u00e1lisis del fin de semana  9 y 10 de octubre de 2021","author":"Capitalia Familiar","date":"11 de octubre de 2021","format":false,"excerpt":"Contexto general Tras el par\u00e9ntesis veraniego, los mercados est\u00e1n atravesando por una fase de inestabilidad. Esta inestabilidad se est\u00e1 viendo alimentada por la incertidumbre que suscitan los planes de retirada progresiva de est\u00edmulos monetarios que est\u00e1n barajando los bancos centrales, en un torno macroecon\u00f3mico a d\u00eda de hoy contradictorio: con\u2026","rel":"","context":"En \u00abInforme Diario\u00bb","block_context":{"text":"Informe Diario","link":"https:\/\/capitaliafamiliar.es\/informes\/category\/informediario\/"},"img":{"alt_text":"","src":"https:\/\/i0.wp.com\/capitaliafamiliar.es\/informes\/wp-content\/uploads\/2021\/02\/comentarioespecial.png?resize=350%2C200&ssl=1","width":350,"height":200,"srcset":"https:\/\/i0.wp.com\/capitaliafamiliar.es\/informes\/wp-content\/uploads\/2021\/02\/comentarioespecial.png?resize=350%2C200&ssl=1 1x, https:\/\/i0.wp.com\/capitaliafamiliar.es\/informes\/wp-content\/uploads\/2021\/02\/comentarioespecial.png?resize=525%2C300&ssl=1 1.5x, https:\/\/i0.wp.com\/capitaliafamiliar.es\/informes\/wp-content\/uploads\/2021\/02\/comentarioespecial.png?resize=700%2C400&ssl=1 2x"},"classes":[]}],"jetpack_sharing_enabled":true,"_links":{"self":[{"href":"https:\/\/capitaliafamiliar.es\/informes\/wp-json\/wp\/v2\/posts\/6932","targetHints":{"allow":["GET"]}}],"collection":[{"href":"https:\/\/capitaliafamiliar.es\/informes\/wp-json\/wp\/v2\/posts"}],"about":[{"href":"https:\/\/capitaliafamiliar.es\/informes\/wp-json\/wp\/v2\/types\/post"}],"author":[{"embeddable":true,"href":"https:\/\/capitaliafamiliar.es\/informes\/wp-json\/wp\/v2\/users\/2"}],"replies":[{"embeddable":true,"href":"https:\/\/capitaliafamiliar.es\/informes\/wp-json\/wp\/v2\/comments?post=6932"}],"version-history":[{"count":1,"href":"https:\/\/capitaliafamiliar.es\/informes\/wp-json\/wp\/v2\/posts\/6932\/revisions"}],"predecessor-version":[{"id":6933,"href":"https:\/\/capitaliafamiliar.es\/informes\/wp-json\/wp\/v2\/posts\/6932\/revisions\/6933"}],"wp:featuredmedia":[{"embeddable":true,"href":"https:\/\/capitaliafamiliar.es\/informes\/wp-json\/wp\/v2\/media\/5676"}],"wp:attachment":[{"href":"https:\/\/capitaliafamiliar.es\/informes\/wp-json\/wp\/v2\/media?parent=6932"}],"wp:term":[{"taxonomy":"category","embeddable":true,"href":"https:\/\/capitaliafamiliar.es\/informes\/wp-json\/wp\/v2\/categories?post=6932"},{"taxonomy":"post_tag","embeddable":true,"href":"https:\/\/capitaliafamiliar.es\/informes\/wp-json\/wp\/v2\/tags?post=6932"}],"curies":[{"name":"wp","href":"https:\/\/api.w.org\/{rel}","templated":true}]}}