{"id":6939,"date":"2021-09-28T16:02:36","date_gmt":"2021-09-28T16:02:36","guid":{"rendered":"https:\/\/capitaliafamiliar.es\/informes\/?p=6939"},"modified":"2021-09-28T16:03:05","modified_gmt":"2021-09-28T16:03:05","slug":"informe-diario-martes-28-de-septiembre-de-2021","status":"publish","type":"post","link":"https:\/\/capitaliafamiliar.es\/informes\/2021\/09\/28\/informe-diario-martes-28-de-septiembre-de-2021\/","title":{"rendered":"Informe Diario <br> Martes, 28 de septiembre de 2021"},"content":{"rendered":"<blockquote>\n<p style=\"text-align: justify;\"><span style=\"font-size: 16px;\"><strong>La ca\u00edda de los mercados de renta fija a\u00f1ade presi\u00f3n a las bolsas en este septiembre duro para los mercados&#8230;<\/strong><\/span><\/p>\n<\/blockquote>\n<p>&nbsp;<\/p>\n<p style=\"text-align: justify;\"><span style=\"font-size: 16px;\"><strong>La ca\u00edda de los mercados de renta fija a\u00f1ade presi\u00f3n a las bolsas en este septiembre duro para los mercados. <\/strong>Como hemos comentado en otras ocasiones, septiembre suele ser un mes estacionalmente complicado para los mercados, pero este en particular lo est\u00e1 siendo especialmente. Los mercados est\u00e1n prepar\u00e1ndose para el proceso de normalizaci\u00f3n monetaria hacia el que se encaminan ya los principales bancos centrales, y este proceso de transici\u00f3n no es f\u00e1cil (los bancos centrales han venido aplicando durante m\u00e1s de una d\u00e9cada una pol\u00edtica monetaria excepcionalmente expansiva, que salvo sorpresas negativas de \u00faltima hora, empezar\u00e1n a moderar en los pr\u00f3ximos meses).<\/span><\/p>\n<p style=\"text-align: justify;\"><span style=\"font-size: 16px;\">En este contexto, desde mediados de agosto, y muy especialmente en las \u00faltimas jornadas, estamos asistiendo a una subida de los tipos de inter\u00e9s de mercado: el tipo de inter\u00e9s del bono alem\u00e1n a 10 a\u00f1os ha pasado del -0.495% al -0.195%, mientras que su hom\u00f3logo estadounidense ha subido desde el 1.243% hasta el 1.53%.<\/span><\/p>\n<p style=\"text-align: justify;\"><span style=\"font-size: 16px;\">No hay nada dram\u00e1tico ni anormal en este movimiento; al contrario, es la consecuencia de la progresiva vuelta a la normalidad de la econom\u00eda tras la crisis abierta por la pandemia, pero ello no quita que durante algunos d\u00edas o incluso semanas los mercados tengan que adaptarse a este nuevo entorno.<\/span><\/p>\n<p style=\"text-align: justify;\"><span style=\"font-size: 16px;\">La subida de los tipos de inter\u00e9s hace que las valoraciones de los activos en general y de la bolsa en particular resulten menos atractivas, y m\u00e1s a\u00fan para aquellos sectores y valores que, como los tecnol\u00f3gicos, vienen presentando desde hace tiempo valoraciones, digamos, relativamente menos confortables.<\/span><\/p>\n<p style=\"text-align: justify;\">Ya vivimos una situaci\u00f3n parecida entre mayo y junio de 2013, cuando le Fed anunci\u00f3 anticipadamente el inicio del proceso de normalizaci\u00f3n de su pol\u00edtica monetaria, que pondr\u00eda en marcha a finales de ese a\u00f1o. En aquel entonces las bolsas tambi\u00e9n tuvieron que ajustarse como ahora al cambio de discurso de la autoridad monetaria estadounidense y el consiguiente repunte de los tipos de inter\u00e9s de mercado (mucho m\u00e1s acusado que el actual \u2014el tipo estadounidense a 10 a\u00f1os subi\u00f3 desde niveles del 1.6% hasta niveles del 3%). Ese proceso de ajuste para las bolsas, dur\u00f3 poco m\u00e1s de un mes antes de retomar su tendencia alcista.<\/p>\n<p style=\"text-align: justify;\"><span style=\"font-size: 16px;\">Cada momento de mercado es distinto de cualquier otro anterior, pero sin perjuicio de la correcci\u00f3n bajista de estas \u00faltimas semanas, la din\u00e1mica de fondo de las bolsas contin\u00faa siendo hoy por hoy alcista, y las perspectivas c\u00edclicas de cara a los pr\u00f3ximos meses son favorables.<\/span><\/p>\n<p style=\"text-align: justify;\"><span style=\"font-size: 16px;\"><strong>En el terreno macroecon\u00f3mico,<\/strong> la confianza de los consumidores estadounidenses medida por la Conference Board, baj\u00f3 m\u00e1s de lo esperado en septiembre para situarse en 109.3 puntos desde los 115.2 del mes precedente. Por otro lado, el \u00edndice S&amp;P\/CaseShiller de precio de la vivienda subi\u00f3 en julio un +19.9% interanual, en l\u00ednea con las previsiones.<\/span><\/p>\n<p>&nbsp;<\/p>\n<p><img loading=\"lazy\" decoding=\"async\" data-attachment-id=\"6941\" data-permalink=\"https:\/\/capitaliafamiliar.es\/informes\/2021\/09\/28\/informe-diario-martes-28-de-septiembre-de-2021\/rv-824\/\" data-orig-file=\"https:\/\/capitaliafamiliar.es\/informes\/wp-content\/uploads\/2021\/09\/RV-16.jpg\" data-orig-size=\"336,413\" data-comments-opened=\"0\" data-image-meta=\"{&quot;aperture&quot;:&quot;0&quot;,&quot;credit&quot;:&quot;&quot;,&quot;camera&quot;:&quot;&quot;,&quot;caption&quot;:&quot;&quot;,&quot;created_timestamp&quot;:&quot;0&quot;,&quot;copyright&quot;:&quot;&quot;,&quot;focal_length&quot;:&quot;0&quot;,&quot;iso&quot;:&quot;0&quot;,&quot;shutter_speed&quot;:&quot;0&quot;,&quot;title&quot;:&quot;&quot;,&quot;orientation&quot;:&quot;0&quot;}\" data-image-title=\"RV\" data-image-description=\"\" data-image-caption=\"\" data-large-file=\"https:\/\/capitaliafamiliar.es\/informes\/wp-content\/uploads\/2021\/09\/RV-16.jpg\" class=\"alignnone size-full wp-image-6941\" src=\"https:\/\/capitaliafamiliar.es\/informes\/wp-content\/uploads\/2021\/09\/RV-16.jpg\" alt=\"\" width=\"336\" height=\"413\" srcset=\"https:\/\/capitaliafamiliar.es\/informes\/wp-content\/uploads\/2021\/09\/RV-16.jpg 336w, https:\/\/capitaliafamiliar.es\/informes\/wp-content\/uploads\/2021\/09\/RV-16-244x300.jpg 244w\" sizes=\"(max-width: 336px) 100vw, 336px\" \/><img loading=\"lazy\" decoding=\"async\" data-attachment-id=\"6942\" data-permalink=\"https:\/\/capitaliafamiliar.es\/informes\/2021\/09\/28\/informe-diario-martes-28-de-septiembre-de-2021\/rf-818\/\" data-orig-file=\"https:\/\/capitaliafamiliar.es\/informes\/wp-content\/uploads\/2021\/09\/RF-18.jpg\" data-orig-size=\"299,353\" data-comments-opened=\"0\" data-image-meta=\"{&quot;aperture&quot;:&quot;0&quot;,&quot;credit&quot;:&quot;&quot;,&quot;camera&quot;:&quot;&quot;,&quot;caption&quot;:&quot;&quot;,&quot;created_timestamp&quot;:&quot;0&quot;,&quot;copyright&quot;:&quot;&quot;,&quot;focal_length&quot;:&quot;0&quot;,&quot;iso&quot;:&quot;0&quot;,&quot;shutter_speed&quot;:&quot;0&quot;,&quot;title&quot;:&quot;&quot;,&quot;orientation&quot;:&quot;0&quot;}\" data-image-title=\"RF\" data-image-description=\"\" data-image-caption=\"\" data-large-file=\"https:\/\/capitaliafamiliar.es\/informes\/wp-content\/uploads\/2021\/09\/RF-18.jpg\" class=\"alignnone size-full wp-image-6942\" src=\"https:\/\/capitaliafamiliar.es\/informes\/wp-content\/uploads\/2021\/09\/RF-18.jpg\" alt=\"\" width=\"299\" height=\"353\" srcset=\"https:\/\/capitaliafamiliar.es\/informes\/wp-content\/uploads\/2021\/09\/RF-18.jpg 299w, https:\/\/capitaliafamiliar.es\/informes\/wp-content\/uploads\/2021\/09\/RF-18-254x300.jpg 254w\" sizes=\"(max-width: 299px) 100vw, 299px\" \/><\/p>\n<p>&nbsp;<\/p>\n<p><strong>| Agenda para ma\u00f1ana |<\/strong><\/p>\n<p><img loading=\"lazy\" decoding=\"async\" data-attachment-id=\"6940\" data-permalink=\"https:\/\/capitaliafamiliar.es\/informes\/2021\/09\/28\/informe-diario-martes-28-de-septiembre-de-2021\/ag-544\/\" data-orig-file=\"https:\/\/capitaliafamiliar.es\/informes\/wp-content\/uploads\/2021\/09\/AG-16.jpg\" data-orig-size=\"687,79\" data-comments-opened=\"0\" data-image-meta=\"{&quot;aperture&quot;:&quot;0&quot;,&quot;credit&quot;:&quot;&quot;,&quot;camera&quot;:&quot;&quot;,&quot;caption&quot;:&quot;&quot;,&quot;created_timestamp&quot;:&quot;0&quot;,&quot;copyright&quot;:&quot;&quot;,&quot;focal_length&quot;:&quot;0&quot;,&quot;iso&quot;:&quot;0&quot;,&quot;shutter_speed&quot;:&quot;0&quot;,&quot;title&quot;:&quot;&quot;,&quot;orientation&quot;:&quot;0&quot;}\" data-image-title=\"AG\" data-image-description=\"\" data-image-caption=\"\" data-large-file=\"https:\/\/capitaliafamiliar.es\/informes\/wp-content\/uploads\/2021\/09\/AG-16.jpg\" class=\"alignnone size-full wp-image-6940\" src=\"https:\/\/capitaliafamiliar.es\/informes\/wp-content\/uploads\/2021\/09\/AG-16.jpg\" alt=\"\" width=\"687\" height=\"79\" srcset=\"https:\/\/capitaliafamiliar.es\/informes\/wp-content\/uploads\/2021\/09\/AG-16.jpg 687w, https:\/\/capitaliafamiliar.es\/informes\/wp-content\/uploads\/2021\/09\/AG-16-300x34.jpg 300w\" sizes=\"(max-width: 687px) 100vw, 687px\" \/><\/p>\n<p>&nbsp;<\/p>\n<p>&nbsp;<\/p>\n<p style=\"text-align: center;\"><strong>Solicite informaci\u00f3n sobre nuestros servicios de asesoramiento financiero<\/strong><\/p>\n<p style=\"text-align: center;\">Si necesita ayuda para el cuidado de su patrimonio, no dude en ponerse en contacto con nosotros,<\/p>\n<p style=\"text-align: center;\">sin compromiso.<\/p>\n<p style=\"text-align: center;\">Tel\u00e9fono:\u00a0\u00a0 91 770\u00a0 22 84<\/p>\n<p style=\"text-align: center;\">Correo electr\u00f3nico:\u00a0\u00a0 capitaliafamiliar@capitaliafamiliar.es<\/p>\n","protected":false},"excerpt":{"rendered":"<p>La ca&iacute;da de los mercados de renta fija a&ntilde;ade presi&oacute;n a las bolsas en este septiembre duro para los mercados&hellip; &nbsp; La ca&iacute;da de los mercados de renta fija a&ntilde;ade presi&oacute;n a las bolsas en este septiembre duro para los mercados. Como hemos comentado en otras ocasiones, septiembre suele ser un mes estacionalmente complicado para [&hellip;]<\/p>\n","protected":false},"author":2,"featured_media":2525,"comment_status":"closed","ping_status":"closed","sticky":false,"template":"","format":"standard","meta":{"_et_pb_use_builder":"","_et_pb_old_content":"","_et_gb_content_width":"","jetpack_post_was_ever_published":false,"_jetpack_newsletter_access":"","_jetpack_dont_email_post_to_subs":false,"_jetpack_newsletter_tier_id":0,"_jetpack_memberships_contains_paywalled_content":false,"_jetpack_memberships_contains_paid_content":false,"footnotes":""},"categories":[1],"tags":[],"class_list":["post-6939","post","type-post","status-publish","format-standard","has-post-thumbnail","hentry","category-informediario"],"jetpack_featured_media_url":"https:\/\/capitaliafamiliar.es\/informes\/wp-content\/uploads\/2019\/08\/informediario2.png","jetpack_shortlink":"https:\/\/wp.me\/pa2IGq-1NV","jetpack-related-posts":[{"id":11038,"url":"https:\/\/capitaliafamiliar.es\/informes\/2024\/03\/18\/las-reuniones-de-algunos-de-los-principales-bancos-centrales-marcara-la-semana-en-los-mercados-2\/","url_meta":{"origin":6939,"position":0},"title":"Las reuniones de algunos de los principales bancos centrales marcar\u00e1 la semana en los mercados","author":"Capitalia Familiar","date":"18 de marzo de 2024","format":false,"excerpt":"Informe diario del lunes, 18 de marzo de 2024 \u00a0 Sinopsis Hoy en los mercados Los colosos tecnol\u00f3gicos favorecieron de nuevo un rebote de las bolsas americanas. Cautela en las bolsas europeas y la renta fija. An\u00e1lisis de situaci\u00f3n El mercado se mantiene a la expectativa en una semana que\u2026","rel":"","context":"En \u00abInforme Diario\u00bb","block_context":{"text":"Informe Diario","link":"https:\/\/capitaliafamiliar.es\/informes\/category\/informediario\/"},"img":{"alt_text":"","src":"https:\/\/i0.wp.com\/capitaliafamiliar.es\/informes\/wp-content\/uploads\/2019\/08\/informediario2.png?resize=350%2C200&ssl=1","width":350,"height":200,"srcset":"https:\/\/i0.wp.com\/capitaliafamiliar.es\/informes\/wp-content\/uploads\/2019\/08\/informediario2.png?resize=350%2C200&ssl=1 1x, https:\/\/i0.wp.com\/capitaliafamiliar.es\/informes\/wp-content\/uploads\/2019\/08\/informediario2.png?resize=525%2C300&ssl=1 1.5x, https:\/\/i0.wp.com\/capitaliafamiliar.es\/informes\/wp-content\/uploads\/2019\/08\/informediario2.png?resize=700%2C400&ssl=1 2x"},"classes":[]},{"id":5710,"url":"https:\/\/capitaliafamiliar.es\/informes\/2021\/02\/22\/informe-diario-lunes-22-de-febrero-de-2021\/","url_meta":{"origin":6939,"position":1},"title":"Informe Diario  Lunes, 22 de febrero de 2021","author":"Capitalia Familiar","date":"22 de febrero de 2021","format":false,"excerpt":"La subida de los tipos de inter\u00e9s de mercado se convierte en un factor de preocupaci\u00f3n creciente... La subida de los tipos de inter\u00e9s de mercado se convierte en un factor de preocupaci\u00f3n creciente. Como venimos indicando d\u00edas atr\u00e1s, los temores a un alza de la inflaci\u00f3n, que a nuestro\u2026","rel":"","context":"En \u00abInforme Diario\u00bb","block_context":{"text":"Informe Diario","link":"https:\/\/capitaliafamiliar.es\/informes\/category\/informediario\/"},"img":{"alt_text":"","src":"https:\/\/i0.wp.com\/capitaliafamiliar.es\/informes\/wp-content\/uploads\/2019\/08\/informediario2.png?resize=350%2C200&ssl=1","width":350,"height":200,"srcset":"https:\/\/i0.wp.com\/capitaliafamiliar.es\/informes\/wp-content\/uploads\/2019\/08\/informediario2.png?resize=350%2C200&ssl=1 1x, https:\/\/i0.wp.com\/capitaliafamiliar.es\/informes\/wp-content\/uploads\/2019\/08\/informediario2.png?resize=525%2C300&ssl=1 1.5x, https:\/\/i0.wp.com\/capitaliafamiliar.es\/informes\/wp-content\/uploads\/2019\/08\/informediario2.png?resize=700%2C400&ssl=1 2x"},"classes":[]},{"id":10696,"url":"https:\/\/capitaliafamiliar.es\/informes\/2024\/01\/18\/los-mercados-firman-una-tregua-a-la-espera-de-que-los-bancos-centrales-y-los-resultados-empresariales-marquen-el-camino-2\/","url_meta":{"origin":6939,"position":2},"title":"Los mercados firman una tregua a la espera de que los bancos centrales y los resultados empresariales marquen el camino","author":"Capitalia Familiar","date":"18 de enero de 2024","format":false,"excerpt":"Informe diario del jueves, 18 de enero de 2024 \u00a0 Sinopsis Hoy en los mercados Sesi\u00f3n de alzas generalizadas en las bolsas que permiten enjugar parte de las p\u00e9rdidas que acumulan los mercados en el mes de enero. La renta fija contin\u00faa corrigiendo. An\u00e1lisis de situaci\u00f3n Los mercados buscan una\u2026","rel":"","context":"En \u00abInforme Diario\u00bb","block_context":{"text":"Informe Diario","link":"https:\/\/capitaliafamiliar.es\/informes\/category\/informediario\/"},"img":{"alt_text":"","src":"https:\/\/i0.wp.com\/capitaliafamiliar.es\/informes\/wp-content\/uploads\/2019\/08\/informediario2.png?resize=350%2C200&ssl=1","width":350,"height":200,"srcset":"https:\/\/i0.wp.com\/capitaliafamiliar.es\/informes\/wp-content\/uploads\/2019\/08\/informediario2.png?resize=350%2C200&ssl=1 1x, https:\/\/i0.wp.com\/capitaliafamiliar.es\/informes\/wp-content\/uploads\/2019\/08\/informediario2.png?resize=525%2C300&ssl=1 1.5x, https:\/\/i0.wp.com\/capitaliafamiliar.es\/informes\/wp-content\/uploads\/2019\/08\/informediario2.png?resize=700%2C400&ssl=1 2x"},"classes":[]},{"id":9653,"url":"https:\/\/capitaliafamiliar.es\/informes\/2023\/06\/29\/los-bancos-centrales-insisten-en-su-mensaje-hawkish-y-las-bolsas-continuan-ignorandolo-el-mercado-de-renta-fija-mas-profesional-si-cede-terreno\/","url_meta":{"origin":6939,"position":3},"title":"Los bancos centrales insisten en su mensaje hawkish y las bolsas contin\u00faan ignor\u00e1ndolo. El mercado de renta fija, m\u00e1s profesional, s\u00ed cede terreno","author":"Capitalia Familiar","date":"29 de junio de 2023","format":false,"excerpt":"Informe diario del jueves, 29 de junio de 2023 \u00a0 Sinopsis Hoy en los mercados El rebote de la renta variable se debilita y la renta fija suma una nueva jornada de p\u00e9rdidas relevantes. An\u00e1lisis de situaci\u00f3n Los mercados contin\u00faan instalados en la complacencia e ignorando a unos bancos centrales\u2026","rel":"","context":"En \u00abInforme Diario Privado\u00bb","block_context":{"text":"Informe Diario Privado","link":"https:\/\/capitaliafamiliar.es\/informes\/category\/informe-diario-privado\/"},"img":{"alt_text":"","src":"https:\/\/i0.wp.com\/capitaliafamiliar.es\/informes\/wp-content\/uploads\/2019\/08\/informediario2.png?resize=350%2C200&ssl=1","width":350,"height":200,"srcset":"https:\/\/i0.wp.com\/capitaliafamiliar.es\/informes\/wp-content\/uploads\/2019\/08\/informediario2.png?resize=350%2C200&ssl=1 1x, https:\/\/i0.wp.com\/capitaliafamiliar.es\/informes\/wp-content\/uploads\/2019\/08\/informediario2.png?resize=525%2C300&ssl=1 1.5x, https:\/\/i0.wp.com\/capitaliafamiliar.es\/informes\/wp-content\/uploads\/2019\/08\/informediario2.png?resize=700%2C400&ssl=1 2x"},"classes":[]},{"id":9658,"url":"https:\/\/capitaliafamiliar.es\/informes\/2023\/06\/29\/los-bancos-centrales-insisten-en-su-mensaje-hawkish-y-las-bolsas-continuan-ignorandolo-el-mercado-de-renta-fija-mas-profesional-si-cede-terreno-2\/","url_meta":{"origin":6939,"position":4},"title":"Los bancos centrales insisten en su mensaje hawkish y las bolsas contin\u00faan ignor\u00e1ndolo. El mercado de renta fija, m\u00e1s profesional, s\u00ed cede terreno","author":"Capitalia Familiar","date":"29 de junio de 2023","format":false,"excerpt":"Informe diario del jueves, 29 de junio de 2023 \u00a0 Sinopsis Hoy en los mercados El rebote de la renta variable se debilita y la renta fija suma una nueva jornada de p\u00e9rdidas relevantes. An\u00e1lisis de situaci\u00f3n Los mercados contin\u00faan instalados en la complacencia e ignorando a unos bancos centrales\u2026","rel":"","context":"En \u00abInforme Diario\u00bb","block_context":{"text":"Informe Diario","link":"https:\/\/capitaliafamiliar.es\/informes\/category\/informediario\/"},"img":{"alt_text":"","src":"https:\/\/i0.wp.com\/capitaliafamiliar.es\/informes\/wp-content\/uploads\/2019\/08\/informediario2.png?resize=350%2C200&ssl=1","width":350,"height":200,"srcset":"https:\/\/i0.wp.com\/capitaliafamiliar.es\/informes\/wp-content\/uploads\/2019\/08\/informediario2.png?resize=350%2C200&ssl=1 1x, https:\/\/i0.wp.com\/capitaliafamiliar.es\/informes\/wp-content\/uploads\/2019\/08\/informediario2.png?resize=525%2C300&ssl=1 1.5x, https:\/\/i0.wp.com\/capitaliafamiliar.es\/informes\/wp-content\/uploads\/2019\/08\/informediario2.png?resize=700%2C400&ssl=1 2x"},"classes":[]},{"id":5759,"url":"https:\/\/capitaliafamiliar.es\/informes\/2021\/03\/03\/informe-diario-miercoles-3-de-marzo-de-2021\/","url_meta":{"origin":6939,"position":5},"title":"Informe Diario  Mi\u00e9rcoles, 3 de marzo de 2021","author":"Capitalia Familiar","date":"3 de marzo de 2021","format":false,"excerpt":"Vuelven las tensiones a los mercados de renta fija... Vuelven las tensiones a los mercados de renta fija. Como ya advert\u00edamos en el informe del lunes, la calma en los mercados de renta fija ha sido solo temporal. La complejidad del entorno actual hace insostenibles unos tipos de inter\u00e9s de\u2026","rel":"","context":"En \u00abInforme Diario\u00bb","block_context":{"text":"Informe Diario","link":"https:\/\/capitaliafamiliar.es\/informes\/category\/informediario\/"},"img":{"alt_text":"","src":"https:\/\/i0.wp.com\/capitaliafamiliar.es\/informes\/wp-content\/uploads\/2019\/08\/informediario2.png?resize=350%2C200&ssl=1","width":350,"height":200,"srcset":"https:\/\/i0.wp.com\/capitaliafamiliar.es\/informes\/wp-content\/uploads\/2019\/08\/informediario2.png?resize=350%2C200&ssl=1 1x, https:\/\/i0.wp.com\/capitaliafamiliar.es\/informes\/wp-content\/uploads\/2019\/08\/informediario2.png?resize=525%2C300&ssl=1 1.5x, https:\/\/i0.wp.com\/capitaliafamiliar.es\/informes\/wp-content\/uploads\/2019\/08\/informediario2.png?resize=700%2C400&ssl=1 2x"},"classes":[]}],"jetpack_sharing_enabled":true,"_links":{"self":[{"href":"https:\/\/capitaliafamiliar.es\/informes\/wp-json\/wp\/v2\/posts\/6939","targetHints":{"allow":["GET"]}}],"collection":[{"href":"https:\/\/capitaliafamiliar.es\/informes\/wp-json\/wp\/v2\/posts"}],"about":[{"href":"https:\/\/capitaliafamiliar.es\/informes\/wp-json\/wp\/v2\/types\/post"}],"author":[{"embeddable":true,"href":"https:\/\/capitaliafamiliar.es\/informes\/wp-json\/wp\/v2\/users\/2"}],"replies":[{"embeddable":true,"href":"https:\/\/capitaliafamiliar.es\/informes\/wp-json\/wp\/v2\/comments?post=6939"}],"version-history":[{"count":2,"href":"https:\/\/capitaliafamiliar.es\/informes\/wp-json\/wp\/v2\/posts\/6939\/revisions"}],"predecessor-version":[{"id":6944,"href":"https:\/\/capitaliafamiliar.es\/informes\/wp-json\/wp\/v2\/posts\/6939\/revisions\/6944"}],"wp:featuredmedia":[{"embeddable":true,"href":"https:\/\/capitaliafamiliar.es\/informes\/wp-json\/wp\/v2\/media\/2525"}],"wp:attachment":[{"href":"https:\/\/capitaliafamiliar.es\/informes\/wp-json\/wp\/v2\/media?parent=6939"}],"wp:term":[{"taxonomy":"category","embeddable":true,"href":"https:\/\/capitaliafamiliar.es\/informes\/wp-json\/wp\/v2\/categories?post=6939"},{"taxonomy":"post_tag","embeddable":true,"href":"https:\/\/capitaliafamiliar.es\/informes\/wp-json\/wp\/v2\/tags?post=6939"}],"curies":[{"name":"wp","href":"https:\/\/api.w.org\/{rel}","templated":true}]}}