{"id":6961,"date":"2021-10-01T16:16:30","date_gmt":"2021-10-01T16:16:30","guid":{"rendered":"https:\/\/capitaliafamiliar.es\/informes\/?p=6961"},"modified":"2021-10-01T16:16:52","modified_gmt":"2021-10-01T16:16:52","slug":"informe-diario-viernes-1-de-octubre-de-2021","status":"publish","type":"post","link":"https:\/\/capitaliafamiliar.es\/informes\/2021\/10\/01\/informe-diario-viernes-1-de-octubre-de-2021\/","title":{"rendered":"Informe Diario <br> Viernes, 1 de octubre de 2021"},"content":{"rendered":"<blockquote>\n<p style=\"text-align: justify;\"><span style=\"font-size: 16px;\"><strong>El f\u00e1rmaco de Merck contra el Covid-19 frena las ca\u00eddas de los mercados&#8230;<\/strong><\/span><\/p>\n<\/blockquote>\n<p>&nbsp;<\/p>\n<p style=\"text-align: justify;\"><span style=\"font-size: 16px;\"><strong>El f\u00e1rmaco de Merck contra el Covid-19 frena las ca\u00eddas de los mercados. <\/strong>La farmac\u00e9utica estadounidense Merck &amp; Co. anunci\u00f3 hoy que su f\u00e1rmaco contra el Covid-19 habr\u00eda conseguido importantes avances en los ensayos, reduciendo de manera sensible los efectos y la mortalidad de la enfermedad, si bien no es capaz de curarla por completo. El medicamento ser\u00e1 presentado de urgencia ante la FDA para conseguir su autorizaci\u00f3n lo antes posible. Las bolsas, que hab\u00edan iniciado la sesi\u00f3n nuevamente a la baja, rebotaron al conocerse la noticia. Es importante se\u00f1alar que dicho rebote se ha producido en la zona de m\u00ednimos de la pasada semana y, aunque la fortaleza del mismo es por ahora moderada, los \u00edndices podr\u00edan estar formando un suelo temporal a las ca\u00eddas en estos niveles. La semana que viene ser\u00e1 clave para comprobar si los mercados logran fortalecerse y hacer bueno este posible suelo.\u00a0<\/span><\/p>\n<p style=\"text-align: justify;\"><span style=\"font-size: 16px;\"><strong>En el terreno macroecon\u00f3mico,<\/strong> el IPC de la Eurozona subi\u00f3 un 3.4% interanual en septiembre, superando el 3.3% esperado y el 3.0% del mes anterior. En Alemania, las ventas minoristas subieron en agosto un +0.4% interanual, id\u00e9ntico crecimiento que en julio (tras revisarse al alza desde el -0.3% inicialmente estimado), aunque por debajo del +1.9% que se descontaba. Y en lo que se refiere a los datos de actividad conocidos en las principales econom\u00edas, en Estados Unidos el ISM mejor\u00f3 contra pron\u00f3stico los 59.9 puntos de agosto para situarse en septiembre en 61.1, en tanto que el PMI baj\u00f3 menos de lo esperado seg\u00fan la revisi\u00f3n final. En Europa, se confirma la moderaci\u00f3n de la actividad, y en Jap\u00f3n, el PMI manufacturero se mantiene por ahora en zona de expansi\u00f3n, al situarse en 51.5 puntos en septiembre.<\/span><\/p>\n<p>&nbsp;<\/p>\n<p><img loading=\"lazy\" decoding=\"async\" data-attachment-id=\"6963\" data-permalink=\"https:\/\/capitaliafamiliar.es\/informes\/2021\/10\/01\/informe-diario-viernes-1-de-octubre-de-2021\/rv-827\/\" data-orig-file=\"https:\/\/capitaliafamiliar.es\/informes\/wp-content\/uploads\/2021\/10\/RV.jpg\" data-orig-size=\"336,413\" data-comments-opened=\"0\" data-image-meta=\"{&quot;aperture&quot;:&quot;0&quot;,&quot;credit&quot;:&quot;&quot;,&quot;camera&quot;:&quot;&quot;,&quot;caption&quot;:&quot;&quot;,&quot;created_timestamp&quot;:&quot;0&quot;,&quot;copyright&quot;:&quot;&quot;,&quot;focal_length&quot;:&quot;0&quot;,&quot;iso&quot;:&quot;0&quot;,&quot;shutter_speed&quot;:&quot;0&quot;,&quot;title&quot;:&quot;&quot;,&quot;orientation&quot;:&quot;0&quot;}\" data-image-title=\"RV\" data-image-description=\"\" data-image-caption=\"\" data-large-file=\"https:\/\/capitaliafamiliar.es\/informes\/wp-content\/uploads\/2021\/10\/RV.jpg\" class=\"alignnone size-full wp-image-6963\" src=\"https:\/\/capitaliafamiliar.es\/informes\/wp-content\/uploads\/2021\/10\/RV.jpg\" alt=\"\" width=\"336\" height=\"413\" srcset=\"https:\/\/capitaliafamiliar.es\/informes\/wp-content\/uploads\/2021\/10\/RV.jpg 336w, https:\/\/capitaliafamiliar.es\/informes\/wp-content\/uploads\/2021\/10\/RV-244x300.jpg 244w\" sizes=\"(max-width: 336px) 100vw, 336px\" \/><img loading=\"lazy\" decoding=\"async\" data-attachment-id=\"6964\" data-permalink=\"https:\/\/capitaliafamiliar.es\/informes\/2021\/10\/01\/informe-diario-viernes-1-de-octubre-de-2021\/rf-821\/\" data-orig-file=\"https:\/\/capitaliafamiliar.es\/informes\/wp-content\/uploads\/2021\/10\/RF.jpg\" data-orig-size=\"299,353\" data-comments-opened=\"0\" data-image-meta=\"{&quot;aperture&quot;:&quot;0&quot;,&quot;credit&quot;:&quot;&quot;,&quot;camera&quot;:&quot;&quot;,&quot;caption&quot;:&quot;&quot;,&quot;created_timestamp&quot;:&quot;0&quot;,&quot;copyright&quot;:&quot;&quot;,&quot;focal_length&quot;:&quot;0&quot;,&quot;iso&quot;:&quot;0&quot;,&quot;shutter_speed&quot;:&quot;0&quot;,&quot;title&quot;:&quot;&quot;,&quot;orientation&quot;:&quot;0&quot;}\" data-image-title=\"RF\" data-image-description=\"\" data-image-caption=\"\" data-large-file=\"https:\/\/capitaliafamiliar.es\/informes\/wp-content\/uploads\/2021\/10\/RF.jpg\" class=\"alignnone size-full wp-image-6964\" src=\"https:\/\/capitaliafamiliar.es\/informes\/wp-content\/uploads\/2021\/10\/RF.jpg\" alt=\"\" width=\"299\" height=\"353\" srcset=\"https:\/\/capitaliafamiliar.es\/informes\/wp-content\/uploads\/2021\/10\/RF.jpg 299w, https:\/\/capitaliafamiliar.es\/informes\/wp-content\/uploads\/2021\/10\/RF-254x300.jpg 254w\" sizes=\"(max-width: 299px) 100vw, 299px\" \/><\/p>\n<p>&nbsp;<\/p>\n<p><strong>| Agenda para el lunes |<\/strong><\/p>\n<p><img loading=\"lazy\" decoding=\"async\" data-attachment-id=\"6962\" data-permalink=\"https:\/\/capitaliafamiliar.es\/informes\/2021\/10\/01\/informe-diario-viernes-1-de-octubre-de-2021\/ag-548\/\" data-orig-file=\"https:\/\/capitaliafamiliar.es\/informes\/wp-content\/uploads\/2021\/10\/AG.jpg\" data-orig-size=\"687,157\" data-comments-opened=\"0\" data-image-meta=\"{&quot;aperture&quot;:&quot;0&quot;,&quot;credit&quot;:&quot;&quot;,&quot;camera&quot;:&quot;&quot;,&quot;caption&quot;:&quot;&quot;,&quot;created_timestamp&quot;:&quot;0&quot;,&quot;copyright&quot;:&quot;&quot;,&quot;focal_length&quot;:&quot;0&quot;,&quot;iso&quot;:&quot;0&quot;,&quot;shutter_speed&quot;:&quot;0&quot;,&quot;title&quot;:&quot;&quot;,&quot;orientation&quot;:&quot;0&quot;}\" data-image-title=\"AG\" data-image-description=\"\" data-image-caption=\"\" data-large-file=\"https:\/\/capitaliafamiliar.es\/informes\/wp-content\/uploads\/2021\/10\/AG.jpg\" class=\"alignnone size-full wp-image-6962\" src=\"https:\/\/capitaliafamiliar.es\/informes\/wp-content\/uploads\/2021\/10\/AG.jpg\" alt=\"\" width=\"687\" height=\"157\" srcset=\"https:\/\/capitaliafamiliar.es\/informes\/wp-content\/uploads\/2021\/10\/AG.jpg 687w, https:\/\/capitaliafamiliar.es\/informes\/wp-content\/uploads\/2021\/10\/AG-300x69.jpg 300w\" sizes=\"(max-width: 687px) 100vw, 687px\" \/><\/p>\n<p>&nbsp;<\/p>\n<p>&nbsp;<\/p>\n<p style=\"text-align: center;\"><strong>Solicite informaci\u00f3n sobre nuestros servicios de asesoramiento financiero<\/strong><\/p>\n<p style=\"text-align: center;\">Si necesita ayuda para el cuidado de su patrimonio, no dude en ponerse en contacto con nosotros,<\/p>\n<p style=\"text-align: center;\">sin compromiso.<\/p>\n<p style=\"text-align: center;\">Tel\u00e9fono:\u00a0\u00a0 91 770\u00a0 22 84<\/p>\n<p style=\"text-align: center;\">Correo electr\u00f3nico:\u00a0\u00a0 capitaliafamiliar@capitaliafamiliar.es<\/p>\n","protected":false},"excerpt":{"rendered":"<p>El f&aacute;rmaco de Merck contra el Covid-19 frena las ca&iacute;das de los mercados&hellip; &nbsp; El f&aacute;rmaco de Merck contra el Covid-19 frena las ca&iacute;das de los mercados. La farmac&eacute;utica estadounidense Merck &amp; Co. anunci&oacute; hoy que su f&aacute;rmaco contra el Covid-19 habr&iacute;a conseguido importantes avances en los ensayos, reduciendo de manera sensible los efectos y [&hellip;]<\/p>\n","protected":false},"author":2,"featured_media":2525,"comment_status":"closed","ping_status":"closed","sticky":false,"template":"","format":"standard","meta":{"_et_pb_use_builder":"","_et_pb_old_content":"","_et_gb_content_width":"","jetpack_post_was_ever_published":false,"_jetpack_newsletter_access":"","_jetpack_dont_email_post_to_subs":false,"_jetpack_newsletter_tier_id":0,"_jetpack_memberships_contains_paywalled_content":false,"_jetpack_memberships_contains_paid_content":false,"footnotes":""},"categories":[1],"tags":[],"class_list":["post-6961","post","type-post","status-publish","format-standard","has-post-thumbnail","hentry","category-informediario"],"jetpack_featured_media_url":"https:\/\/capitaliafamiliar.es\/informes\/wp-content\/uploads\/2019\/08\/informediario2.png","jetpack_shortlink":"https:\/\/wp.me\/pa2IGq-1Oh","jetpack-related-posts":[{"id":8056,"url":"https:\/\/capitaliafamiliar.es\/informes\/2022\/09\/20\/aumenta-el-temor-en-los-mercados-a-que-la-fed-confirme-su-mensaje-hawkish-y-agudice-las-caidas-de-las-bolsas\/","url_meta":{"origin":6961,"position":0},"title":"Aumenta el temor en los mercados a que la Fed confirme su mensaje hawkish y agudice las ca\u00eddas de las bolsas","author":"Capitalia Familiar","date":"20 de septiembre de 2022","format":false,"excerpt":"Informe diario del martes, 20 de septiembre de 2022 \u00a0 Sinopsis Hoy en los mercados\u2026 Sesi\u00f3n negativa para los mercados. La volatilidad contin\u00faa siendo protagonista a la espera de la Fed. An\u00e1lisis de situaci\u00f3n y perspectivas Aumenta el temor en los mercados a que la Fed confirme su mensaje hawkish\u2026","rel":"","context":"En \u00abInforme Diario\u00bb","block_context":{"text":"Informe Diario","link":"https:\/\/capitaliafamiliar.es\/informes\/category\/informediario\/"},"img":{"alt_text":"","src":"https:\/\/i0.wp.com\/capitaliafamiliar.es\/informes\/wp-content\/uploads\/2019\/08\/informediario2.png?resize=350%2C200&ssl=1","width":350,"height":200,"srcset":"https:\/\/i0.wp.com\/capitaliafamiliar.es\/informes\/wp-content\/uploads\/2019\/08\/informediario2.png?resize=350%2C200&ssl=1 1x, https:\/\/i0.wp.com\/capitaliafamiliar.es\/informes\/wp-content\/uploads\/2019\/08\/informediario2.png?resize=525%2C300&ssl=1 1.5x, https:\/\/i0.wp.com\/capitaliafamiliar.es\/informes\/wp-content\/uploads\/2019\/08\/informediario2.png?resize=700%2C400&ssl=1 2x"},"classes":[]},{"id":7156,"url":"https:\/\/capitaliafamiliar.es\/informes\/2021\/11\/05\/los-positivos-datos-de-empleo-en-estados-unidos-y-el-farmaco-de-pfizer-apuntalan-la-tendencia-alcista-de-las-bolsas\/","url_meta":{"origin":6961,"position":1},"title":"Los positivos datos de empleo en Estados Unidos y el f\u00e1rmaco de Pfizer apuntalan la tendencia alcista de las bolsas","author":"Capitalia Familiar","date":"5 de noviembre de 2021","format":false,"excerpt":"Informe diario del viernes, 5 de noviembre de 2021 \u00a0 El mercado laboral estadounidense contin\u00faa recuper\u00e1ndose con paso firme. La econom\u00eda estadounidense cre\u00f3 durante el mes de octubre +531 mil nuevos puestos de trabajo, superando los +450 mil que esperaba el consenso del mercado. Adem\u00e1s, la revisi\u00f3n de los meses\u2026","rel":"","context":"En \u00abInforme Diario\u00bb","block_context":{"text":"Informe Diario","link":"https:\/\/capitaliafamiliar.es\/informes\/category\/informediario\/"},"img":{"alt_text":"","src":"https:\/\/i0.wp.com\/capitaliafamiliar.es\/informes\/wp-content\/uploads\/2019\/08\/informediario2.png?resize=350%2C200&ssl=1","width":350,"height":200,"srcset":"https:\/\/i0.wp.com\/capitaliafamiliar.es\/informes\/wp-content\/uploads\/2019\/08\/informediario2.png?resize=350%2C200&ssl=1 1x, https:\/\/i0.wp.com\/capitaliafamiliar.es\/informes\/wp-content\/uploads\/2019\/08\/informediario2.png?resize=525%2C300&ssl=1 1.5x, https:\/\/i0.wp.com\/capitaliafamiliar.es\/informes\/wp-content\/uploads\/2019\/08\/informediario2.png?resize=700%2C400&ssl=1 2x"},"classes":[]},{"id":5871,"url":"https:\/\/capitaliafamiliar.es\/informes\/2021\/03\/23\/informe-diario-martes-23-de-marzo-de-2021\/","url_meta":{"origin":6961,"position":2},"title":"Informe Diario  Martes, 23 de marzo de 2021","author":"Capitalia Familiar","date":"23 de marzo de 2021","format":false,"excerpt":"El temor a nuevos confinamientos en Europa por el avance de la pandemia frena una vez m\u00e1s a los mercados... El temor a nuevos confinamientos en Europa por el avance de la pandemia frena una vez m\u00e1s a los mercados. Pese a que los efectos de la vacunaci\u00f3n empiezan a\u2026","rel":"","context":"En \u00abInforme Diario\u00bb","block_context":{"text":"Informe Diario","link":"https:\/\/capitaliafamiliar.es\/informes\/category\/informediario\/"},"img":{"alt_text":"","src":"https:\/\/i0.wp.com\/capitaliafamiliar.es\/informes\/wp-content\/uploads\/2019\/08\/informediario2.png?resize=350%2C200&ssl=1","width":350,"height":200,"srcset":"https:\/\/i0.wp.com\/capitaliafamiliar.es\/informes\/wp-content\/uploads\/2019\/08\/informediario2.png?resize=350%2C200&ssl=1 1x, https:\/\/i0.wp.com\/capitaliafamiliar.es\/informes\/wp-content\/uploads\/2019\/08\/informediario2.png?resize=525%2C300&ssl=1 1.5x, https:\/\/i0.wp.com\/capitaliafamiliar.es\/informes\/wp-content\/uploads\/2019\/08\/informediario2.png?resize=700%2C400&ssl=1 2x"},"classes":[]},{"id":7380,"url":"https:\/\/capitaliafamiliar.es\/informes\/2021\/12\/20\/los-temores-a-que-el-avance-de-omicron-termine-frenando-la-recuperacion-economica-congela-a-los-mercados\/","url_meta":{"origin":6961,"position":3},"title":"Los temores a que el avance de Omicron termine frenando la recuperaci\u00f3n econ\u00f3mica congela a los mercados","author":"Capitalia Familiar","date":"20 de diciembre de 2021","format":false,"excerpt":"Informe diario del lunes, 20 de diciembre de 2021 Los temores a que el avance de Omicron termine frenando la recuperaci\u00f3n econ\u00f3mica congela a los mercados. El Covid-19 contin\u00faa preocupando a los mercados como consecuencia del avance imparable de los contagios en todo el mundo, aunque de forma m\u00e1s destacable\u2026","rel":"","context":"En \u00abInforme Diario\u00bb","block_context":{"text":"Informe Diario","link":"https:\/\/capitaliafamiliar.es\/informes\/category\/informediario\/"},"img":{"alt_text":"","src":"https:\/\/i0.wp.com\/capitaliafamiliar.es\/informes\/wp-content\/uploads\/2019\/08\/informediario2.png?resize=350%2C200&ssl=1","width":350,"height":200,"srcset":"https:\/\/i0.wp.com\/capitaliafamiliar.es\/informes\/wp-content\/uploads\/2019\/08\/informediario2.png?resize=350%2C200&ssl=1 1x, https:\/\/i0.wp.com\/capitaliafamiliar.es\/informes\/wp-content\/uploads\/2019\/08\/informediario2.png?resize=525%2C300&ssl=1 1.5x, https:\/\/i0.wp.com\/capitaliafamiliar.es\/informes\/wp-content\/uploads\/2019\/08\/informediario2.png?resize=700%2C400&ssl=1 2x"},"classes":[]},{"id":9166,"url":"https:\/\/capitaliafamiliar.es\/informes\/2023\/04\/03\/las-preocupaciones-por-la-enquistacion-de-la-inflacion-frenan-el-rebote-de-las-bolsas\/","url_meta":{"origin":6961,"position":4},"title":"Las preocupaciones por la enquistaci\u00f3n de la inflaci\u00f3n frenan el rebote de las bolsas.","author":"Capitalia Familiar","date":"3 de abril de 2023","format":false,"excerpt":"Informe diario del lunes, 3 de abril de 2023 \u00a0 Sinopsis Hoy en los mercados La OPEP+ recorta por sorpresa la producci\u00f3n de petr\u00f3leo y frena, por ahora, el rebote de las bolsas. An\u00e1lisis de situaci\u00f3n Los mercados no quieren aceptar que la inflaci\u00f3n se est\u00e1 enquistando y que los\u2026","rel":"","context":"En \u00abInforme Diario Privado\u00bb","block_context":{"text":"Informe Diario Privado","link":"https:\/\/capitaliafamiliar.es\/informes\/category\/informe-diario-privado\/"},"img":{"alt_text":"","src":"https:\/\/i0.wp.com\/capitaliafamiliar.es\/informes\/wp-content\/uploads\/2019\/08\/informediario2.png?resize=350%2C200&ssl=1","width":350,"height":200,"srcset":"https:\/\/i0.wp.com\/capitaliafamiliar.es\/informes\/wp-content\/uploads\/2019\/08\/informediario2.png?resize=350%2C200&ssl=1 1x, https:\/\/i0.wp.com\/capitaliafamiliar.es\/informes\/wp-content\/uploads\/2019\/08\/informediario2.png?resize=525%2C300&ssl=1 1.5x, https:\/\/i0.wp.com\/capitaliafamiliar.es\/informes\/wp-content\/uploads\/2019\/08\/informediario2.png?resize=700%2C400&ssl=1 2x"},"classes":[]},{"id":9170,"url":"https:\/\/capitaliafamiliar.es\/informes\/2023\/04\/03\/las-preocupaciones-por-la-enquistacion-de-la-inflacion-frenan-el-rebote-de-las-bolsas-2\/","url_meta":{"origin":6961,"position":5},"title":"Las preocupaciones por la enquistaci\u00f3n de la inflaci\u00f3n frenan el rebote de las bolsas.","author":"Capitalia Familiar","date":"3 de abril de 2023","format":false,"excerpt":"Informe diario del lunes, 3 de abril de 2023 \u00a0 Sinopsis Hoy en los mercados La OPEP+ recorta por sorpresa la producci\u00f3n de petr\u00f3leo y frena, por ahora, el rebote de las bolsas. An\u00e1lisis de situaci\u00f3n Los mercados no quieren aceptar que la inflaci\u00f3n se est\u00e1 enquistando y que los\u2026","rel":"","context":"En \u00abInforme Diario\u00bb","block_context":{"text":"Informe Diario","link":"https:\/\/capitaliafamiliar.es\/informes\/category\/informediario\/"},"img":{"alt_text":"","src":"https:\/\/i0.wp.com\/capitaliafamiliar.es\/informes\/wp-content\/uploads\/2019\/08\/informediario2.png?resize=350%2C200&ssl=1","width":350,"height":200,"srcset":"https:\/\/i0.wp.com\/capitaliafamiliar.es\/informes\/wp-content\/uploads\/2019\/08\/informediario2.png?resize=350%2C200&ssl=1 1x, https:\/\/i0.wp.com\/capitaliafamiliar.es\/informes\/wp-content\/uploads\/2019\/08\/informediario2.png?resize=525%2C300&ssl=1 1.5x, https:\/\/i0.wp.com\/capitaliafamiliar.es\/informes\/wp-content\/uploads\/2019\/08\/informediario2.png?resize=700%2C400&ssl=1 2x"},"classes":[]}],"jetpack_sharing_enabled":true,"_links":{"self":[{"href":"https:\/\/capitaliafamiliar.es\/informes\/wp-json\/wp\/v2\/posts\/6961","targetHints":{"allow":["GET"]}}],"collection":[{"href":"https:\/\/capitaliafamiliar.es\/informes\/wp-json\/wp\/v2\/posts"}],"about":[{"href":"https:\/\/capitaliafamiliar.es\/informes\/wp-json\/wp\/v2\/types\/post"}],"author":[{"embeddable":true,"href":"https:\/\/capitaliafamiliar.es\/informes\/wp-json\/wp\/v2\/users\/2"}],"replies":[{"embeddable":true,"href":"https:\/\/capitaliafamiliar.es\/informes\/wp-json\/wp\/v2\/comments?post=6961"}],"version-history":[{"count":2,"href":"https:\/\/capitaliafamiliar.es\/informes\/wp-json\/wp\/v2\/posts\/6961\/revisions"}],"predecessor-version":[{"id":6966,"href":"https:\/\/capitaliafamiliar.es\/informes\/wp-json\/wp\/v2\/posts\/6961\/revisions\/6966"}],"wp:featuredmedia":[{"embeddable":true,"href":"https:\/\/capitaliafamiliar.es\/informes\/wp-json\/wp\/v2\/media\/2525"}],"wp:attachment":[{"href":"https:\/\/capitaliafamiliar.es\/informes\/wp-json\/wp\/v2\/media?parent=6961"}],"wp:term":[{"taxonomy":"category","embeddable":true,"href":"https:\/\/capitaliafamiliar.es\/informes\/wp-json\/wp\/v2\/categories?post=6961"},{"taxonomy":"post_tag","embeddable":true,"href":"https:\/\/capitaliafamiliar.es\/informes\/wp-json\/wp\/v2\/tags?post=6961"}],"curies":[{"name":"wp","href":"https:\/\/api.w.org\/{rel}","templated":true}]}}