{"id":6967,"date":"2021-10-04T08:02:52","date_gmt":"2021-10-04T08:02:52","guid":{"rendered":"https:\/\/capitaliafamiliar.es\/informes\/?p=6967"},"modified":"2021-10-04T08:02:52","modified_gmt":"2021-10-04T08:02:52","slug":"analisis-del-fin-de-semana-2-y-3-de-octubre-de-2021","status":"publish","type":"post","link":"https:\/\/capitaliafamiliar.es\/informes\/2021\/10\/04\/analisis-del-fin-de-semana-2-y-3-de-octubre-de-2021\/","title":{"rendered":"An\u00e1lisis del fin de semana <br> 2 y 3 de octubre de 2021"},"content":{"rendered":"<p style=\"text-align: justify;\"><span style=\"font-size: 16px;\"><strong><u>Contexto general<\/u><\/strong><\/span><\/p>\n<ul style=\"text-align: justify;\">\n<li><span style=\"font-size: 16px;\">Tras un par\u00e9ntesis veraniego agitado, <b>los mercados contin\u00faan mostrando un comportamiento inestable<\/b>.<\/span><\/li>\n<li><span style=\"font-size: 16px;\">Esta inestabilidad se est\u00e1 viendo alimentada por la <b>incertidumbre que suscitan los planes de retirada progresiva de est\u00edmulos monetarios que est\u00e1n barajando los bancos centrales, en un torno macroecon\u00f3mico a d\u00eda de hoy contradictorio:<\/b> con tasas de inflaci\u00f3n que se mantienen elevadas y los indicadores de actividad debilit\u00e1ndose desde el pico alcanzado tras la reapertura de las econom\u00edas. Numerosos sectores siguen afrontando problemas de abastecimiento de factores productivos y de transporte.<\/span><\/li>\n<li><span style=\"font-size: 16px;\">Tampoco ayudan los <strong>problemas de solvencia que afronta el gigante inmobiliario chino Evergrande<\/strong> y, en general, los cambios regulatorios que est\u00e1n imponiendo las autoridades chinas sobre algunos sectores de su econom\u00eda.<\/span><\/li>\n<li style=\"list-style-type: none;\"><\/li>\n<\/ul>\n<p style=\"text-align: justify;\"><span style=\"font-size: 16px;\"><strong><u>Comportamiento de los mercados en la semana<\/u><\/strong><\/span><\/p>\n<ul style=\"text-align: justify;\">\n<li><span style=\"font-size: 16px;\"><b>Cuarta semana consecutiva de ca\u00eddas para las bolsas occidentales,<\/b> que se dejaron en media algo m\u00e1s de un -2.5% adicional a las ca\u00eddas acumuladas en las semanas precedentes.<\/span><\/li>\n<li><span style=\"font-size: 16px;\"><b>Septiembre cerr\u00f3 as\u00ed como el peor mes para los mercados desde marzo de 2020<\/b> (por aquel entonces en plena expansi\u00f3n de la pandemia), con p\u00e9rdidas acumuladas para las bolsas de en torno al -4.5%.<\/span><\/li>\n<li><span style=\"font-size: 16px;\"><b>La tendencia de corto plazo es bajista.<\/b><\/span><\/li>\n<li><span style=\"font-size: 16px;\"><b>La tendencia general de medio plazo se mantiene alcista.<\/b><\/span><\/li>\n<li><span style=\"font-size: 16px;\"><b>La din\u00e1mica interna del mercado durante la semana sigui\u00f3 caracteriz\u00e1ndose por una elevada inestabilidad<\/b>.<\/span><\/li>\n<li><span style=\"font-size: 16px;\"><b>P\u00e9rdidas de nuevo tambi\u00e9n para los mercados de renta fija, <\/b>aunque m\u00e1s moderadas que en semanas precedentes. Septiembre se despide por este lado con una p\u00e9rdida media del orden del -2%<\/span><\/li>\n<li style=\"list-style-type: none;\"><\/li>\n<\/ul>\n<p style=\"text-align: justify;\"><span style=\"font-size: 16px;\"><strong><u>Perspectivas<\/u><\/strong><\/span><\/p>\n<ul style=\"text-align: justify;\">\n<li><span style=\"font-size: 16px;\"><b>El rebote que se hab\u00eda iniciado la semana precedente fue abortado con contundencia durante esta pasada semana. <\/b>No hubo nada nuevo que justificara esta nueva sacudida bajista m\u00e1s all\u00e1 de la propia continuidad de la din\u00e1mica correctiva en curso.<\/span><\/li>\n<li><span style=\"font-size: 16px;\"><b>Este pasado viernes, el mercado iniciaba un nuevo intento de rebote en las \u00faltimas horas de la sesi\u00f3n americana, <\/b>pero por el momento se trata de un movimiento en una fase a\u00fan incipiente.<\/span><\/li>\n<li><span style=\"font-size: 16px;\"><strong><b>De cara a esta pr\u00f3xima semana todas las opciones est\u00e1n abiertas:<\/b><\/strong> el rebote iniciado el viernes podr\u00eda tener continuidad y afianzarse, pero por ahora no puede darse por superada la din\u00e1mica correctiva bajista de las \u00faltimas semanas.<\/span><\/li>\n<li style=\"list-style-type: none;\"><\/li>\n<\/ul>\n<p style=\"text-align: justify;\">\n<p style=\"text-align: center;\"><strong>Solicite informaci\u00f3n sobre nuestros servicios de asesoramiento financiero<\/strong><\/p>\n<p style=\"text-align: center;\">Si necesita ayuda para el cuidado de su patrimonio, no dude en ponerse en contacto con nosotros,<\/p>\n<p style=\"text-align: center;\">sin compromiso.<\/p>\n<p style=\"text-align: center;\">Tel\u00e9fono:\u00a0\u00a0 91 770\u00a0 22 84<\/p>\n<p style=\"text-align: center;\">Correo electr\u00f3nico:\u00a0\u00a0 capitaliafamiliar@capitaliafamiliar.es<\/p>\n","protected":false},"excerpt":{"rendered":"<p>Contexto general Tras un par&eacute;ntesis veraniego agitado, los mercados contin&uacute;an mostrando un comportamiento inestable. Esta inestabilidad se est&aacute; viendo alimentada por la incertidumbre que suscitan los planes de retirada progresiva de est&iacute;mulos monetarios que est&aacute;n barajando los bancos centrales, en un torno macroecon&oacute;mico a d&iacute;a de hoy contradictorio: con tasas de inflaci&oacute;n que se mantienen [&hellip;]<\/p>\n","protected":false},"author":2,"featured_media":5676,"comment_status":"closed","ping_status":"closed","sticky":false,"template":"","format":"standard","meta":{"_et_pb_use_builder":"","_et_pb_old_content":"","_et_gb_content_width":"","jetpack_post_was_ever_published":false,"_jetpack_newsletter_access":"","_jetpack_dont_email_post_to_subs":false,"_jetpack_newsletter_tier_id":0,"_jetpack_memberships_contains_paywalled_content":false,"_jetpack_memberships_contains_paid_content":false,"footnotes":""},"categories":[1],"tags":[],"class_list":["post-6967","post","type-post","status-publish","format-standard","has-post-thumbnail","hentry","category-informediario"],"jetpack_featured_media_url":"https:\/\/capitaliafamiliar.es\/informes\/wp-content\/uploads\/2021\/02\/comentarioespecial.png","jetpack_shortlink":"https:\/\/wp.me\/pa2IGq-1On","jetpack-related-posts":[{"id":7003,"url":"https:\/\/capitaliafamiliar.es\/informes\/2021\/10\/11\/analisis-del-fin-de-semana-9-y-10-de-octubre-de-2021\/","url_meta":{"origin":6967,"position":0},"title":"An\u00e1lisis del fin de semana  9 y 10 de octubre de 2021","author":"Capitalia Familiar","date":"11 de octubre de 2021","format":false,"excerpt":"Contexto general Tras el par\u00e9ntesis veraniego, los mercados est\u00e1n atravesando por una fase de inestabilidad. Esta inestabilidad se est\u00e1 viendo alimentada por la incertidumbre que suscitan los planes de retirada progresiva de est\u00edmulos monetarios que est\u00e1n barajando los bancos centrales, en un torno macroecon\u00f3mico a d\u00eda de hoy contradictorio: con\u2026","rel":"","context":"En \u00abInforme Diario\u00bb","block_context":{"text":"Informe Diario","link":"https:\/\/capitaliafamiliar.es\/informes\/category\/informediario\/"},"img":{"alt_text":"","src":"https:\/\/i0.wp.com\/capitaliafamiliar.es\/informes\/wp-content\/uploads\/2021\/02\/comentarioespecial.png?resize=350%2C200&ssl=1","width":350,"height":200,"srcset":"https:\/\/i0.wp.com\/capitaliafamiliar.es\/informes\/wp-content\/uploads\/2021\/02\/comentarioespecial.png?resize=350%2C200&ssl=1 1x, https:\/\/i0.wp.com\/capitaliafamiliar.es\/informes\/wp-content\/uploads\/2021\/02\/comentarioespecial.png?resize=525%2C300&ssl=1 1.5x, https:\/\/i0.wp.com\/capitaliafamiliar.es\/informes\/wp-content\/uploads\/2021\/02\/comentarioespecial.png?resize=700%2C400&ssl=1 2x"},"classes":[]},{"id":6932,"url":"https:\/\/capitaliafamiliar.es\/informes\/2021\/09\/27\/analisis-del-fin-de-semana-25-y-26-de-septiembre-de-2021\/","url_meta":{"origin":6967,"position":1},"title":"An\u00e1lisis del fin de semana  25 y 26 de septiembre de 2021","author":"Capitalia Familiar","date":"27 de septiembre de 2021","format":false,"excerpt":"Contexto general Tras un par\u00e9ntesis veraniego agitado, los mercados contin\u00faan mostrando un comportamiento inestable al comienzo del nuevo curso. Esta inestabilidad se est\u00e1 viendo alimentada por la incertidumbre que suscitan los planes de retirada progresiva de est\u00edmulos monetarios que est\u00e1n barajando los bancos centrales, en un torno macroecon\u00f3mico a d\u00eda\u2026","rel":"","context":"En \u00abInforme Diario\u00bb","block_context":{"text":"Informe Diario","link":"https:\/\/capitaliafamiliar.es\/informes\/category\/informediario\/"},"img":{"alt_text":"","src":"https:\/\/i0.wp.com\/capitaliafamiliar.es\/informes\/wp-content\/uploads\/2021\/02\/comentarioespecial.png?resize=350%2C200&ssl=1","width":350,"height":200,"srcset":"https:\/\/i0.wp.com\/capitaliafamiliar.es\/informes\/wp-content\/uploads\/2021\/02\/comentarioespecial.png?resize=350%2C200&ssl=1 1x, https:\/\/i0.wp.com\/capitaliafamiliar.es\/informes\/wp-content\/uploads\/2021\/02\/comentarioespecial.png?resize=525%2C300&ssl=1 1.5x, https:\/\/i0.wp.com\/capitaliafamiliar.es\/informes\/wp-content\/uploads\/2021\/02\/comentarioespecial.png?resize=700%2C400&ssl=1 2x"},"classes":[]},{"id":6887,"url":"https:\/\/capitaliafamiliar.es\/informes\/2021\/09\/20\/analisis-del-fin-de-semana-18-y-19-de-septiembre-de-2021\/","url_meta":{"origin":6967,"position":2},"title":"An\u00e1lisis del fin de semana  18 y 19 de septiembre de 2021","author":"Capitalia Familiar","date":"20 de septiembre de 2021","format":false,"excerpt":"Contexto general Tras un par\u00e9ntesis veraniego agitado, los mercados contin\u00faan mostrando un comportamiento inestable al comienzo del nuevo curso. Esta inestabilidad se est\u00e1 viendo alimentada por la incertidumbre que suscitan los planes de retirada progresiva de est\u00edmulos monetarios que est\u00e1n barajando los bancos centrales, en un torno macroecon\u00f3mico a d\u00eda\u2026","rel":"","context":"En \u00abInforme Diario\u00bb","block_context":{"text":"Informe Diario","link":"https:\/\/capitaliafamiliar.es\/informes\/category\/informediario\/"},"img":{"alt_text":"","src":"https:\/\/i0.wp.com\/capitaliafamiliar.es\/informes\/wp-content\/uploads\/2021\/02\/comentarioespecial.png?resize=350%2C200&ssl=1","width":350,"height":200,"srcset":"https:\/\/i0.wp.com\/capitaliafamiliar.es\/informes\/wp-content\/uploads\/2021\/02\/comentarioespecial.png?resize=350%2C200&ssl=1 1x, https:\/\/i0.wp.com\/capitaliafamiliar.es\/informes\/wp-content\/uploads\/2021\/02\/comentarioespecial.png?resize=525%2C300&ssl=1 1.5x, https:\/\/i0.wp.com\/capitaliafamiliar.es\/informes\/wp-content\/uploads\/2021\/02\/comentarioespecial.png?resize=700%2C400&ssl=1 2x"},"classes":[]},{"id":5708,"url":"https:\/\/capitaliafamiliar.es\/informes\/2021\/02\/22\/analisis-del-fin-de-semana-20-y-21-de-febrero-de-2021\/","url_meta":{"origin":6967,"position":3},"title":"An\u00e1lisis del fin de semana  20 y 21 de febrero de 2021","author":"Capitalia Familiar","date":"22 de febrero de 2021","format":false,"excerpt":"Para que la inflaci\u00f3n sea una preocupaci\u00f3n ahora, la percepci\u00f3n sobre los verdaderos problemas de fondo debe estar mejorando muy r\u00e1pidamente... Conclusiones del an\u00e1lisis del fin de semana: Los bancos centrales tienen raz\u00f3n: la inflaci\u00f3n no es un problema. La ca\u00edda de los mercados de renta fija apenas acaba de\u2026","rel":"","context":"En \u00abInforme Diario\u00bb","block_context":{"text":"Informe Diario","link":"https:\/\/capitaliafamiliar.es\/informes\/category\/informediario\/"},"img":{"alt_text":"","src":"https:\/\/i0.wp.com\/capitaliafamiliar.es\/informes\/wp-content\/uploads\/2021\/02\/comentarioespecial.png?resize=350%2C200&ssl=1","width":350,"height":200,"srcset":"https:\/\/i0.wp.com\/capitaliafamiliar.es\/informes\/wp-content\/uploads\/2021\/02\/comentarioespecial.png?resize=350%2C200&ssl=1 1x, https:\/\/i0.wp.com\/capitaliafamiliar.es\/informes\/wp-content\/uploads\/2021\/02\/comentarioespecial.png?resize=525%2C300&ssl=1 1.5x, https:\/\/i0.wp.com\/capitaliafamiliar.es\/informes\/wp-content\/uploads\/2021\/02\/comentarioespecial.png?resize=700%2C400&ssl=1 2x"},"classes":[]},{"id":1363,"url":"https:\/\/capitaliafamiliar.es\/informes\/2019\/01\/08\/informe-diario-martes-8-de-enero-de-2019\/","url_meta":{"origin":6967,"position":4},"title":"Informe Diario  Martes, 8 de enero de 2019","author":"Capitalia Familiar","date":"8 de enero de 2019","format":false,"excerpt":"| Visi\u00f3n de conjunto | Las negociaciones comerciales entre Estados Unidos y China se extender\u00e1n un d\u00eda m\u00e1s. La delegaci\u00f3n china ha anunciado que tras finalizar la segunda jornada de trabajo, ambas partes han decidido\u00a0ampliar una jornada m\u00e1s las negociaciones con el fin de resolver las desavenencias comerciales entre ambos\u2026","rel":"","context":"En \u00abInforme Diario\u00bb","block_context":{"text":"Informe Diario","link":"https:\/\/capitaliafamiliar.es\/informes\/category\/informediario\/"},"img":{"alt_text":"","src":"https:\/\/i0.wp.com\/capitaliafamiliar.es\/informes\/wp-content\/uploads\/2018\/07\/informediario2.png?resize=350%2C200&ssl=1","width":350,"height":200,"srcset":"https:\/\/i0.wp.com\/capitaliafamiliar.es\/informes\/wp-content\/uploads\/2018\/07\/informediario2.png?resize=350%2C200&ssl=1 1x, https:\/\/i0.wp.com\/capitaliafamiliar.es\/informes\/wp-content\/uploads\/2018\/07\/informediario2.png?resize=525%2C300&ssl=1 1.5x, https:\/\/i0.wp.com\/capitaliafamiliar.es\/informes\/wp-content\/uploads\/2018\/07\/informediario2.png?resize=700%2C400&ssl=1 2x"},"classes":[]},{"id":6983,"url":"https:\/\/capitaliafamiliar.es\/informes\/2021\/10\/06\/informe-diario-miercoles-6-de-octubre-de-2021\/","url_meta":{"origin":6967,"position":5},"title":"Informe Diario  Mi\u00e9rcoles, 6 de octubre de 2021","author":"Capitalia Familiar","date":"6 de octubre de 2021","format":false,"excerpt":"El mercado contin\u00faa testando los soportes de medio y largo plazo... \u00a0 El mercado contin\u00faa testando los soportes de medio y largo plazo. El rebote iniciado ayer, pese a ser prometedor, no tuvo continuidad en la jornada de hoy. La subida de los tipos de mercado volvi\u00f3 a presionar a\u2026","rel":"","context":"En \u00abInforme Diario\u00bb","block_context":{"text":"Informe Diario","link":"https:\/\/capitaliafamiliar.es\/informes\/category\/informediario\/"},"img":{"alt_text":"","src":"https:\/\/i0.wp.com\/capitaliafamiliar.es\/informes\/wp-content\/uploads\/2019\/08\/informediario2.png?resize=350%2C200&ssl=1","width":350,"height":200,"srcset":"https:\/\/i0.wp.com\/capitaliafamiliar.es\/informes\/wp-content\/uploads\/2019\/08\/informediario2.png?resize=350%2C200&ssl=1 1x, https:\/\/i0.wp.com\/capitaliafamiliar.es\/informes\/wp-content\/uploads\/2019\/08\/informediario2.png?resize=525%2C300&ssl=1 1.5x, https:\/\/i0.wp.com\/capitaliafamiliar.es\/informes\/wp-content\/uploads\/2019\/08\/informediario2.png?resize=700%2C400&ssl=1 2x"},"classes":[]}],"jetpack_sharing_enabled":true,"_links":{"self":[{"href":"https:\/\/capitaliafamiliar.es\/informes\/wp-json\/wp\/v2\/posts\/6967","targetHints":{"allow":["GET"]}}],"collection":[{"href":"https:\/\/capitaliafamiliar.es\/informes\/wp-json\/wp\/v2\/posts"}],"about":[{"href":"https:\/\/capitaliafamiliar.es\/informes\/wp-json\/wp\/v2\/types\/post"}],"author":[{"embeddable":true,"href":"https:\/\/capitaliafamiliar.es\/informes\/wp-json\/wp\/v2\/users\/2"}],"replies":[{"embeddable":true,"href":"https:\/\/capitaliafamiliar.es\/informes\/wp-json\/wp\/v2\/comments?post=6967"}],"version-history":[{"count":1,"href":"https:\/\/capitaliafamiliar.es\/informes\/wp-json\/wp\/v2\/posts\/6967\/revisions"}],"predecessor-version":[{"id":6968,"href":"https:\/\/capitaliafamiliar.es\/informes\/wp-json\/wp\/v2\/posts\/6967\/revisions\/6968"}],"wp:featuredmedia":[{"embeddable":true,"href":"https:\/\/capitaliafamiliar.es\/informes\/wp-json\/wp\/v2\/media\/5676"}],"wp:attachment":[{"href":"https:\/\/capitaliafamiliar.es\/informes\/wp-json\/wp\/v2\/media?parent=6967"}],"wp:term":[{"taxonomy":"category","embeddable":true,"href":"https:\/\/capitaliafamiliar.es\/informes\/wp-json\/wp\/v2\/categories?post=6967"},{"taxonomy":"post_tag","embeddable":true,"href":"https:\/\/capitaliafamiliar.es\/informes\/wp-json\/wp\/v2\/tags?post=6967"}],"curies":[{"name":"wp","href":"https:\/\/api.w.org\/{rel}","templated":true}]}}