{"id":7003,"date":"2021-10-11T07:44:40","date_gmt":"2021-10-11T07:44:40","guid":{"rendered":"https:\/\/capitaliafamiliar.es\/informes\/?p=7003"},"modified":"2021-10-11T07:45:53","modified_gmt":"2021-10-11T07:45:53","slug":"analisis-del-fin-de-semana-9-y-10-de-octubre-de-2021","status":"publish","type":"post","link":"https:\/\/capitaliafamiliar.es\/informes\/2021\/10\/11\/analisis-del-fin-de-semana-9-y-10-de-octubre-de-2021\/","title":{"rendered":"An\u00e1lisis del fin de semana <br> 9 y 10 de octubre de 2021"},"content":{"rendered":"<p style=\"text-align: justify;\"><span style=\"font-size: 16px;\"><strong><u>Contexto general<\/u><\/strong><\/span><\/p>\n<ul style=\"text-align: justify;\">\n<li style=\"text-align: justify;\"><span style=\"font-size: 16px;\">Tras el par\u00e9ntesis veraniego, <b>los mercados est\u00e1n atravesando por una fase de inestabilidad.<\/b><\/span><\/li>\n<li style=\"text-align: justify;\"><span style=\"font-size: 16px;\">Esta inestabilidad se est\u00e1 viendo alimentada por la <b>incertidumbre que suscitan los planes de retirada progresiva de est\u00edmulos monetarios que est\u00e1n barajando los bancos centrales, en un torno macroecon\u00f3mico a d\u00eda de hoy contradictorio:<\/b> con tasas de inflaci\u00f3n que se mantienen elevadas y los indicadores de actividad debilit\u00e1ndose desde el pico alcanzado tras la reapertura de las econom\u00edas.<\/span><\/li>\n<li style=\"text-align: justify;\"><span style=\"font-size: 16px;\">Numerosos sectores siguen afrontando problemas de abastecimiento de factores productivos y de transporte.<\/span><\/li>\n<li style=\"text-align: justify;\"><span style=\"font-size: 16px;\">Tampoco ayudan los <b>problemas de solvencia que afronta el gigante inmobiliario chino <\/b><b>Evergrande<\/b> y, en general, los cambios regulatorios que est\u00e1n imponiendo las autoridades chinas sobre algunos sectores de su econom\u00eda.<\/span><\/li>\n<li style=\"list-style-type: none;\"><\/li>\n<li style=\"list-style-type: none;\"><\/li>\n<\/ul>\n<p style=\"text-align: justify;\"><span style=\"font-size: 16px;\"><strong><u>Comportamiento de los mercados en la semana<\/u><\/strong><\/span><\/p>\n<ul style=\"text-align: justify;\">\n<li><span style=\"font-size: 16px;\"><b>Las bolsas testaron los m\u00ednimos de la semana previa, rebotando desde ellos para cerrar la semana con ligeras ganancias <\/b>(del orden del +0.4% para los principales \u00edndices burs\u00e1tiles occidentales).<\/span><\/li>\n<li><span style=\"font-size: 16px;\"><b>La din\u00e1mica de estas pasadas sesiones ha sido constructiva<\/b> de cara al posible establecimiento de un suelo a la correcci\u00f3n bajista en curso durante las \u00faltimas semanas.<\/span><\/li>\n<li><span style=\"font-size: 16px;\"><b>No obstante, esta nueva reacci\u00f3n alcista no es a\u00fan concluyente de cara a poder dar por cerrada la fase correctiva bajista,<\/b> en la medida en que esta reacci\u00f3n alcista de corto plazo fue frenada por las primeras zonas relevantes de resistencia a batir.<\/span><\/li>\n<li><span style=\"font-size: 16px;\"><b>La tendencia de corto plazo contin\u00faa siendo bajista.<\/b><\/span><\/li>\n<li><span style=\"font-size: 16px;\"><b>La tendencia general de medio plazo se mantiene alcista.<\/b><\/span><\/li>\n<li><span style=\"font-size: 16px;\"><b>La din\u00e1mica interna del mercado durante la semana continu\u00f3 siendo inestable, <\/b>aunque menos que la semana anterior.<\/span><\/li>\n<li><span style=\"font-size: 16px;\"><b style=\"font-style: inherit;\">P\u00e9rdidas una semana m\u00e1s para los mercados de renta fija <\/b>(del orden del -0.6%).<\/span><\/li>\n<li style=\"list-style-type: none;\"><\/li>\n<li style=\"list-style-type: none;\"><\/li>\n<\/ul>\n<p style=\"text-align: justify;\"><span style=\"font-size: 16px;\"><strong><u>Perspectivas<\/u><\/strong><\/span><\/p>\n<ul>\n<li style=\"text-align: justify;\"><span style=\"font-size: 16px;\"><b>Para poder dar por cerrada la fase correctiva bajista de las \u00faltimas semanas, las bolsas deben lograr perforar al alza las zonas relevantes de resistencia a las que se enfrentan actualmente<\/b> y, preferiblemente, hacerlo con el respaldo de un volumen neto comprador creciente.<\/span><\/li>\n<li style=\"text-align: justify;\"><span style=\"font-size: 16px;\">Los datos oficiales de empleo del mes de septiembre, publicados en Estados Unidos este pasado viernes, resultaron contradictorios y, en general, m\u00e1s d\u00e9biles de lo previsto. Estos datos no impedir\u00e1n que la Reserva Federal siga adelante con su plan de iniciar en pr\u00f3ximas semanas su proceso de normalizaci\u00f3n monetaria, pero <b>es muy posible que sea un proceso de normalizaci\u00f3n monetaria m\u00e1s prudente, abierto y flexible que el iniciado en 2013, lo que deber\u00eda ser bien recibido por los mercados.<\/b><\/span><\/li>\n<li style=\"text-align: justify;\"><span style=\"font-size: 16px;\">En esta misma l\u00ednea y <b>de cara a esta pr\u00f3xima semana, la cita macroecon\u00f3mica clave ser\u00e1 la publicaci\u00f3n el mi\u00e9rcoles del dato de inflaci\u00f3n estadounidense, correspondiente al mes de septiembre. <\/b>El consenso del mercado espera que las tasas interanuales se mantengan en el 5.3% para el IPC y en el 4.0% para la inflaci\u00f3n subyacente.<\/span><\/li>\n<li style=\"list-style-type: none;\"><\/li>\n<\/ul>\n<p>&nbsp;<\/p>\n<p>&nbsp;<\/p>\n<p style=\"text-align: center;\"><strong>Solicite informaci\u00f3n sobre nuestros servicios de asesoramiento financiero<\/strong><\/p>\n<p style=\"text-align: center;\">Si necesita ayuda para el cuidado de su patrimonio, no dude en ponerse en contacto con nosotros,<\/p>\n<p style=\"text-align: center;\">sin compromiso.<\/p>\n<p style=\"text-align: center;\">Tel\u00e9fono:\u00a0\u00a0 91 770\u00a0 22 84<\/p>\n<p style=\"text-align: center;\">Correo electr\u00f3nico:\u00a0\u00a0 capitaliafamiliar@capitaliafamiliar.es<\/p>\n","protected":false},"excerpt":{"rendered":"<p>Contexto general Tras el par&eacute;ntesis veraniego, los mercados est&aacute;n atravesando por una fase de inestabilidad. Esta inestabilidad se est&aacute; viendo alimentada por la incertidumbre que suscitan los planes de retirada progresiva de est&iacute;mulos monetarios que est&aacute;n barajando los bancos centrales, en un torno macroecon&oacute;mico a d&iacute;a de hoy contradictorio: con tasas de inflaci&oacute;n que se [&hellip;]<\/p>\n","protected":false},"author":2,"featured_media":5676,"comment_status":"closed","ping_status":"closed","sticky":false,"template":"","format":"standard","meta":{"_et_pb_use_builder":"","_et_pb_old_content":"","_et_gb_content_width":"","jetpack_post_was_ever_published":false,"_jetpack_newsletter_access":"","_jetpack_dont_email_post_to_subs":false,"_jetpack_newsletter_tier_id":0,"_jetpack_memberships_contains_paywalled_content":false,"_jetpack_memberships_contains_paid_content":false,"footnotes":""},"categories":[1],"tags":[],"class_list":["post-7003","post","type-post","status-publish","format-standard","has-post-thumbnail","hentry","category-informediario"],"jetpack_featured_media_url":"https:\/\/capitaliafamiliar.es\/informes\/wp-content\/uploads\/2021\/02\/comentarioespecial.png","jetpack_shortlink":"https:\/\/wp.me\/pa2IGq-1OX","jetpack-related-posts":[{"id":6967,"url":"https:\/\/capitaliafamiliar.es\/informes\/2021\/10\/04\/analisis-del-fin-de-semana-2-y-3-de-octubre-de-2021\/","url_meta":{"origin":7003,"position":0},"title":"An\u00e1lisis del fin de semana  2 y 3 de octubre de 2021","author":"Capitalia Familiar","date":"4 de octubre de 2021","format":false,"excerpt":"Contexto general Tras un par\u00e9ntesis veraniego agitado, los mercados contin\u00faan mostrando un comportamiento inestable. Esta inestabilidad se est\u00e1 viendo alimentada por la incertidumbre que suscitan los planes de retirada progresiva de est\u00edmulos monetarios que est\u00e1n barajando los bancos centrales, en un torno macroecon\u00f3mico a d\u00eda de hoy contradictorio: con tasas\u2026","rel":"","context":"En \u00abInforme Diario\u00bb","block_context":{"text":"Informe Diario","link":"https:\/\/capitaliafamiliar.es\/informes\/category\/informediario\/"},"img":{"alt_text":"","src":"https:\/\/i0.wp.com\/capitaliafamiliar.es\/informes\/wp-content\/uploads\/2021\/02\/comentarioespecial.png?resize=350%2C200&ssl=1","width":350,"height":200,"srcset":"https:\/\/i0.wp.com\/capitaliafamiliar.es\/informes\/wp-content\/uploads\/2021\/02\/comentarioespecial.png?resize=350%2C200&ssl=1 1x, https:\/\/i0.wp.com\/capitaliafamiliar.es\/informes\/wp-content\/uploads\/2021\/02\/comentarioespecial.png?resize=525%2C300&ssl=1 1.5x, https:\/\/i0.wp.com\/capitaliafamiliar.es\/informes\/wp-content\/uploads\/2021\/02\/comentarioespecial.png?resize=700%2C400&ssl=1 2x"},"classes":[]},{"id":6881,"url":"https:\/\/capitaliafamiliar.es\/informes\/2021\/09\/17\/informe-diario-viernes-17-de-septiembre-de-2021\/","url_meta":{"origin":7003,"position":1},"title":"Informe Diario  Viernes, 17 de septiembre de 2021","author":"Capitalia Familiar","date":"17 de septiembre de 2021","format":false,"excerpt":"El vencimiento de opciones y futuros alimenta la inestabilidad de las bolsas... \u00a0 El vencimiento de opciones y futuros alimenta la inestabilidad de las bolsas. Hoy se produc\u00eda el vencimiento simult\u00e1neo de millones de opciones y futuros sobre acciones e \u00edndices, evento que siempre suele producir un aumento de la\u2026","rel":"","context":"En \u00abInforme Diario\u00bb","block_context":{"text":"Informe Diario","link":"https:\/\/capitaliafamiliar.es\/informes\/category\/informediario\/"},"img":{"alt_text":"","src":"https:\/\/i0.wp.com\/capitaliafamiliar.es\/informes\/wp-content\/uploads\/2019\/08\/informediario2.png?resize=350%2C200&ssl=1","width":350,"height":200,"srcset":"https:\/\/i0.wp.com\/capitaliafamiliar.es\/informes\/wp-content\/uploads\/2019\/08\/informediario2.png?resize=350%2C200&ssl=1 1x, https:\/\/i0.wp.com\/capitaliafamiliar.es\/informes\/wp-content\/uploads\/2019\/08\/informediario2.png?resize=525%2C300&ssl=1 1.5x, https:\/\/i0.wp.com\/capitaliafamiliar.es\/informes\/wp-content\/uploads\/2019\/08\/informediario2.png?resize=700%2C400&ssl=1 2x"},"classes":[]},{"id":6887,"url":"https:\/\/capitaliafamiliar.es\/informes\/2021\/09\/20\/analisis-del-fin-de-semana-18-y-19-de-septiembre-de-2021\/","url_meta":{"origin":7003,"position":2},"title":"An\u00e1lisis del fin de semana  18 y 19 de septiembre de 2021","author":"Capitalia Familiar","date":"20 de septiembre de 2021","format":false,"excerpt":"Contexto general Tras un par\u00e9ntesis veraniego agitado, los mercados contin\u00faan mostrando un comportamiento inestable al comienzo del nuevo curso. Esta inestabilidad se est\u00e1 viendo alimentada por la incertidumbre que suscitan los planes de retirada progresiva de est\u00edmulos monetarios que est\u00e1n barajando los bancos centrales, en un torno macroecon\u00f3mico a d\u00eda\u2026","rel":"","context":"En \u00abInforme Diario\u00bb","block_context":{"text":"Informe Diario","link":"https:\/\/capitaliafamiliar.es\/informes\/category\/informediario\/"},"img":{"alt_text":"","src":"https:\/\/i0.wp.com\/capitaliafamiliar.es\/informes\/wp-content\/uploads\/2021\/02\/comentarioespecial.png?resize=350%2C200&ssl=1","width":350,"height":200,"srcset":"https:\/\/i0.wp.com\/capitaliafamiliar.es\/informes\/wp-content\/uploads\/2021\/02\/comentarioespecial.png?resize=350%2C200&ssl=1 1x, https:\/\/i0.wp.com\/capitaliafamiliar.es\/informes\/wp-content\/uploads\/2021\/02\/comentarioespecial.png?resize=525%2C300&ssl=1 1.5x, https:\/\/i0.wp.com\/capitaliafamiliar.es\/informes\/wp-content\/uploads\/2021\/02\/comentarioespecial.png?resize=700%2C400&ssl=1 2x"},"classes":[]},{"id":7395,"url":"https:\/\/capitaliafamiliar.es\/informes\/2021\/12\/22\/las-bolsas-prolongan-el-rebote-pero-la-inestabilidad-causada-por-la-variante-omicron-no-ha-desaparecido\/","url_meta":{"origin":7003,"position":3},"title":"Las bolsas prolongan el rebote, pero la inestabilidad causada por la variante Omicron no ha desaparecido","author":"Capitalia Familiar","date":"22 de diciembre de 2021","format":false,"excerpt":"Informe diario del mi\u00e9rcoles, 22 de diciembre de 2021 Las bolsas prolongan el rebote, pero la inestabilidad causada por la variante Omicron no ha desaparecido. Los mercados contin\u00faan mostr\u00e1ndose positivos con respecto a Omicron pese al aumento de los contagios. La variante, altamente contagiosa, hasta ahora no ha mostrado una\u2026","rel":"","context":"En \u00abInforme Diario\u00bb","block_context":{"text":"Informe Diario","link":"https:\/\/capitaliafamiliar.es\/informes\/category\/informediario\/"},"img":{"alt_text":"","src":"https:\/\/i0.wp.com\/capitaliafamiliar.es\/informes\/wp-content\/uploads\/2019\/08\/informediario2.png?resize=350%2C200&ssl=1","width":350,"height":200,"srcset":"https:\/\/i0.wp.com\/capitaliafamiliar.es\/informes\/wp-content\/uploads\/2019\/08\/informediario2.png?resize=350%2C200&ssl=1 1x, https:\/\/i0.wp.com\/capitaliafamiliar.es\/informes\/wp-content\/uploads\/2019\/08\/informediario2.png?resize=525%2C300&ssl=1 1.5x, https:\/\/i0.wp.com\/capitaliafamiliar.es\/informes\/wp-content\/uploads\/2019\/08\/informediario2.png?resize=700%2C400&ssl=1 2x"},"classes":[]},{"id":6932,"url":"https:\/\/capitaliafamiliar.es\/informes\/2021\/09\/27\/analisis-del-fin-de-semana-25-y-26-de-septiembre-de-2021\/","url_meta":{"origin":7003,"position":4},"title":"An\u00e1lisis del fin de semana  25 y 26 de septiembre de 2021","author":"Capitalia Familiar","date":"27 de septiembre de 2021","format":false,"excerpt":"Contexto general Tras un par\u00e9ntesis veraniego agitado, los mercados contin\u00faan mostrando un comportamiento inestable al comienzo del nuevo curso. Esta inestabilidad se est\u00e1 viendo alimentada por la incertidumbre que suscitan los planes de retirada progresiva de est\u00edmulos monetarios que est\u00e1n barajando los bancos centrales, en un torno macroecon\u00f3mico a d\u00eda\u2026","rel":"","context":"En \u00abInforme Diario\u00bb","block_context":{"text":"Informe Diario","link":"https:\/\/capitaliafamiliar.es\/informes\/category\/informediario\/"},"img":{"alt_text":"","src":"https:\/\/i0.wp.com\/capitaliafamiliar.es\/informes\/wp-content\/uploads\/2021\/02\/comentarioespecial.png?resize=350%2C200&ssl=1","width":350,"height":200,"srcset":"https:\/\/i0.wp.com\/capitaliafamiliar.es\/informes\/wp-content\/uploads\/2021\/02\/comentarioespecial.png?resize=350%2C200&ssl=1 1x, https:\/\/i0.wp.com\/capitaliafamiliar.es\/informes\/wp-content\/uploads\/2021\/02\/comentarioespecial.png?resize=525%2C300&ssl=1 1.5x, https:\/\/i0.wp.com\/capitaliafamiliar.es\/informes\/wp-content\/uploads\/2021\/02\/comentarioespecial.png?resize=700%2C400&ssl=1 2x"},"classes":[]},{"id":4433,"url":"https:\/\/capitaliafamiliar.es\/informes\/2020\/07\/14\/informe-diario-martes-14-de-julio-de-2020\/","url_meta":{"origin":7003,"position":5},"title":"Informe Diario  Martes, 14 de julio de 2020","author":"Capitalia Familiar","date":"14 de julio de 2020","format":false,"excerpt":"Aumento de la inestabilidad en zonas de resistencia... Aumento de la inestabilidad en zonas de resistencia.\u00a0Tras subir nuevamente hasta sus respectivas zonas de resistencia, los \u00edndices burs\u00e1tiles principales vienen mostrando desde la noche de ayer un comportamiento m\u00e1s inestable, liderado por el sector tecnol\u00f3gico del mercado estadounidense. Esta mayor inestabilidad\u2026","rel":"","context":"En \u00abInforme Diario\u00bb","block_context":{"text":"Informe Diario","link":"https:\/\/capitaliafamiliar.es\/informes\/category\/informediario\/"},"img":{"alt_text":"","src":"https:\/\/i0.wp.com\/capitaliafamiliar.es\/informes\/wp-content\/uploads\/2019\/08\/informediario2.png?resize=350%2C200&ssl=1","width":350,"height":200,"srcset":"https:\/\/i0.wp.com\/capitaliafamiliar.es\/informes\/wp-content\/uploads\/2019\/08\/informediario2.png?resize=350%2C200&ssl=1 1x, https:\/\/i0.wp.com\/capitaliafamiliar.es\/informes\/wp-content\/uploads\/2019\/08\/informediario2.png?resize=525%2C300&ssl=1 1.5x, https:\/\/i0.wp.com\/capitaliafamiliar.es\/informes\/wp-content\/uploads\/2019\/08\/informediario2.png?resize=700%2C400&ssl=1 2x"},"classes":[]}],"jetpack_sharing_enabled":true,"_links":{"self":[{"href":"https:\/\/capitaliafamiliar.es\/informes\/wp-json\/wp\/v2\/posts\/7003","targetHints":{"allow":["GET"]}}],"collection":[{"href":"https:\/\/capitaliafamiliar.es\/informes\/wp-json\/wp\/v2\/posts"}],"about":[{"href":"https:\/\/capitaliafamiliar.es\/informes\/wp-json\/wp\/v2\/types\/post"}],"author":[{"embeddable":true,"href":"https:\/\/capitaliafamiliar.es\/informes\/wp-json\/wp\/v2\/users\/2"}],"replies":[{"embeddable":true,"href":"https:\/\/capitaliafamiliar.es\/informes\/wp-json\/wp\/v2\/comments?post=7003"}],"version-history":[{"count":2,"href":"https:\/\/capitaliafamiliar.es\/informes\/wp-json\/wp\/v2\/posts\/7003\/revisions"}],"predecessor-version":[{"id":7005,"href":"https:\/\/capitaliafamiliar.es\/informes\/wp-json\/wp\/v2\/posts\/7003\/revisions\/7005"}],"wp:featuredmedia":[{"embeddable":true,"href":"https:\/\/capitaliafamiliar.es\/informes\/wp-json\/wp\/v2\/media\/5676"}],"wp:attachment":[{"href":"https:\/\/capitaliafamiliar.es\/informes\/wp-json\/wp\/v2\/media?parent=7003"}],"wp:term":[{"taxonomy":"category","embeddable":true,"href":"https:\/\/capitaliafamiliar.es\/informes\/wp-json\/wp\/v2\/categories?post=7003"},{"taxonomy":"post_tag","embeddable":true,"href":"https:\/\/capitaliafamiliar.es\/informes\/wp-json\/wp\/v2\/tags?post=7003"}],"curies":[{"name":"wp","href":"https:\/\/api.w.org\/{rel}","templated":true}]}}