{"id":7142,"date":"2021-11-03T17:07:02","date_gmt":"2021-11-03T17:07:02","guid":{"rendered":"https:\/\/capitaliafamiliar.es\/informes\/?p=7142"},"modified":"2021-11-03T17:11:49","modified_gmt":"2021-11-03T17:11:49","slug":"el-reto-de-la-fed-sera-mantener-el-equilibrio-entre-crecimiento-economico-y-control-de-la-inflacion","status":"publish","type":"post","link":"https:\/\/capitaliafamiliar.es\/informes\/2021\/11\/03\/el-reto-de-la-fed-sera-mantener-el-equilibrio-entre-crecimiento-economico-y-control-de-la-inflacion\/","title":{"rendered":"El reto de la Fed ser\u00e1 mantener el equilibrio entre crecimiento econ\u00f3mico y control de la inflaci\u00f3n"},"content":{"rendered":"<blockquote>\n<p style=\"text-align: justify;\"><span style=\"font-size: 16px;\"><strong>Informe diario del mi\u00e9rcoles, 3 de noviembre de 2021<\/strong><\/span><\/p>\n<\/blockquote>\n<p>&nbsp;<\/p>\n<p style=\"text-align: justify;\"><span style=\"font-size: 16px;\"><strong>El reto de la Fed ser\u00e1 mantener el equilibrio entre crecimiento econ\u00f3mico y control de la inflaci\u00f3n.<\/strong> La reuni\u00f3n de la Reserva Federal deber\u00eda traer pocas sorpresas en lo que a decisiones de pol\u00edtica monetaria se refiere, ya que est\u00e1 pr\u00e1cticamente descontado el inicio del <em>tapering<\/em> (se rebajar\u00e1n en 15 mil millones las compras mensuales de activos hasta los 105 mil) y la \u00fanica duda ser\u00eda el momento exacto en el que se pondr\u00e1 en marcha (noviembre o diciembre). No obstante, el mercado espera con inter\u00e9s los detalles en el comunicado (hoy a las 19:00 horas en Espa\u00f1a) y las palabras de Powell en la rueda de prensa posterior (a partir de las 19:30 horas). Y es que la Fed est\u00e1 atrapada entre los deseos de una parte del mercado de mantener durante el mayor tiempo posible una pol\u00edtica monetaria ultra laxa para afianzar el crecimiento y el temor de la otra parte a que el alza en la inflaci\u00f3n pueda convertirse en un problema si no se normaliza pronto la pol\u00edtica monetaria. Por ello, hoy ser\u00e1 especialmente importante la forma en la que se transmita el mensaje, con el objetivo de mantener ese complejo equilibrio entre crecimiento e inflaci\u00f3n. M\u00e1s all\u00e1 de la Fed, esta semana tambi\u00e9n tendremos reuni\u00f3n del Banco de Inglaterra (ma\u00f1ana), que se encuentra muy dividido sobre la posibilidad de subir tipos antes de que finalice el a\u00f1o, y los datos de empleo estadounidenses (viernes). Sin olvidar la reuni\u00f3n de la OPEP+ de ma\u00f1ana, presionada por occidente para elevar la producci\u00f3n y frenar as\u00ed la escalada del precio del crudo. Mucho que digerir para unos mercados que adem\u00e1s seguir\u00e1n pendientes de los resultados empresariales. Por el momento, sesi\u00f3n de escasas variaciones a nivel \u00edndices (por valores s\u00ed se observan algunos movimientos importantes) a la espera de la Fed.<\/span><\/p>\n<p style=\"text-align: justify;\"><span style=\"font-size: 16px;\"><strong>China pide a sus habitantes que hagan acopio de alimentos y bienes de primera necesidad.<\/strong> Las autoridades chinas, han realizado este llamamiento ante los problemas que puede provocar el cuello de botella en la cadena de suministros de cara a final de a\u00f1o, la escalada de precios y los brotes de Covid-19, que podr\u00edan agravar a\u00fan m\u00e1s la situaci\u00f3n.<\/span><\/p>\n<p style=\"text-align: justify;\"><span style=\"font-size: 16px;\"><strong>En el terreno macroecon\u00f3mico,<\/strong> datos mejores de lo esperado en Estados Unidos. El \u00edndice ISM del sector servicios del mes de octubre subi\u00f3 con fuerza de 61.9 a 66.7 puntos, frente a los 62.0 esperados. En la misma l\u00ednea se movi\u00f3 el PMI de servicios, ratificando la mejora del sector no manufacturero estadounidense. Por otro lado, el sector privado cre\u00f3 en octubre +571 mil nuevos puestos de trabajo seg\u00fan ADP, muy por encima de los 400 mil previstos.\u00a0<\/span><\/p>\n<p>&nbsp;<\/p>\n<p><img loading=\"lazy\" decoding=\"async\" data-attachment-id=\"7145\" data-permalink=\"https:\/\/capitaliafamiliar.es\/informes\/2021\/11\/03\/el-reto-de-la-fed-sera-mantener-el-equilibrio-entre-crecimiento-economico-y-control-de-la-inflacion\/rv-847\/\" data-orig-file=\"https:\/\/capitaliafamiliar.es\/informes\/wp-content\/uploads\/2021\/11\/RV-1.jpg\" data-orig-size=\"336,413\" data-comments-opened=\"0\" data-image-meta=\"{&quot;aperture&quot;:&quot;0&quot;,&quot;credit&quot;:&quot;&quot;,&quot;camera&quot;:&quot;&quot;,&quot;caption&quot;:&quot;&quot;,&quot;created_timestamp&quot;:&quot;0&quot;,&quot;copyright&quot;:&quot;&quot;,&quot;focal_length&quot;:&quot;0&quot;,&quot;iso&quot;:&quot;0&quot;,&quot;shutter_speed&quot;:&quot;0&quot;,&quot;title&quot;:&quot;&quot;,&quot;orientation&quot;:&quot;0&quot;}\" data-image-title=\"RV\" data-image-description=\"\" data-image-caption=\"\" data-large-file=\"https:\/\/capitaliafamiliar.es\/informes\/wp-content\/uploads\/2021\/11\/RV-1.jpg\" class=\"alignnone size-full wp-image-7145\" src=\"https:\/\/capitaliafamiliar.es\/informes\/wp-content\/uploads\/2021\/11\/RV-1.jpg\" alt=\"\" width=\"336\" height=\"413\" srcset=\"https:\/\/capitaliafamiliar.es\/informes\/wp-content\/uploads\/2021\/11\/RV-1.jpg 336w, https:\/\/capitaliafamiliar.es\/informes\/wp-content\/uploads\/2021\/11\/RV-1-244x300.jpg 244w\" sizes=\"(max-width: 336px) 100vw, 336px\" \/><img loading=\"lazy\" decoding=\"async\" data-attachment-id=\"7146\" data-permalink=\"https:\/\/capitaliafamiliar.es\/informes\/2021\/11\/03\/el-reto-de-la-fed-sera-mantener-el-equilibrio-entre-crecimiento-economico-y-control-de-la-inflacion\/rf-843\/\" data-orig-file=\"https:\/\/capitaliafamiliar.es\/informes\/wp-content\/uploads\/2021\/11\/RF-1.jpg\" data-orig-size=\"299,353\" data-comments-opened=\"0\" data-image-meta=\"{&quot;aperture&quot;:&quot;0&quot;,&quot;credit&quot;:&quot;&quot;,&quot;camera&quot;:&quot;&quot;,&quot;caption&quot;:&quot;&quot;,&quot;created_timestamp&quot;:&quot;0&quot;,&quot;copyright&quot;:&quot;&quot;,&quot;focal_length&quot;:&quot;0&quot;,&quot;iso&quot;:&quot;0&quot;,&quot;shutter_speed&quot;:&quot;0&quot;,&quot;title&quot;:&quot;&quot;,&quot;orientation&quot;:&quot;0&quot;}\" data-image-title=\"RF\" data-image-description=\"\" data-image-caption=\"\" data-large-file=\"https:\/\/capitaliafamiliar.es\/informes\/wp-content\/uploads\/2021\/11\/RF-1.jpg\" class=\"alignnone size-full wp-image-7146\" src=\"https:\/\/capitaliafamiliar.es\/informes\/wp-content\/uploads\/2021\/11\/RF-1.jpg\" alt=\"\" width=\"299\" height=\"353\" srcset=\"https:\/\/capitaliafamiliar.es\/informes\/wp-content\/uploads\/2021\/11\/RF-1.jpg 299w, https:\/\/capitaliafamiliar.es\/informes\/wp-content\/uploads\/2021\/11\/RF-1-254x300.jpg 254w\" sizes=\"(max-width: 299px) 100vw, 299px\" \/><\/p>\n<p>&nbsp;<\/p>\n<p><strong>| Agenda para ma\u00f1ana |<\/strong><\/p>\n<p><img loading=\"lazy\" decoding=\"async\" data-attachment-id=\"7143\" data-permalink=\"https:\/\/capitaliafamiliar.es\/informes\/2021\/11\/03\/el-reto-de-la-fed-sera-mantener-el-equilibrio-entre-crecimiento-economico-y-control-de-la-inflacion\/ag-568\/\" data-orig-file=\"https:\/\/capitaliafamiliar.es\/informes\/wp-content\/uploads\/2021\/11\/AG-1.jpg\" data-orig-size=\"687,131\" data-comments-opened=\"0\" data-image-meta=\"{&quot;aperture&quot;:&quot;0&quot;,&quot;credit&quot;:&quot;&quot;,&quot;camera&quot;:&quot;&quot;,&quot;caption&quot;:&quot;&quot;,&quot;created_timestamp&quot;:&quot;0&quot;,&quot;copyright&quot;:&quot;&quot;,&quot;focal_length&quot;:&quot;0&quot;,&quot;iso&quot;:&quot;0&quot;,&quot;shutter_speed&quot;:&quot;0&quot;,&quot;title&quot;:&quot;&quot;,&quot;orientation&quot;:&quot;0&quot;}\" data-image-title=\"AG\" data-image-description=\"\" data-image-caption=\"\" data-large-file=\"https:\/\/capitaliafamiliar.es\/informes\/wp-content\/uploads\/2021\/11\/AG-1.jpg\" class=\"alignnone size-full wp-image-7143\" src=\"https:\/\/capitaliafamiliar.es\/informes\/wp-content\/uploads\/2021\/11\/AG-1.jpg\" alt=\"\" width=\"687\" height=\"131\" srcset=\"https:\/\/capitaliafamiliar.es\/informes\/wp-content\/uploads\/2021\/11\/AG-1.jpg 687w, https:\/\/capitaliafamiliar.es\/informes\/wp-content\/uploads\/2021\/11\/AG-1-300x57.jpg 300w\" sizes=\"(max-width: 687px) 100vw, 687px\" \/><\/p>\n<p>&nbsp;<\/p>\n<p>&nbsp;<\/p>\n<p style=\"text-align: center;\"><strong>Solicite informaci\u00f3n sobre nuestros servicios de asesoramiento financiero<\/strong><\/p>\n<p style=\"text-align: center;\">Si necesita ayuda para el cuidado de su patrimonio, no dude en ponerse en contacto con nosotros,<\/p>\n<p style=\"text-align: center;\">sin compromiso.<\/p>\n<p style=\"text-align: center;\">Tel\u00e9fono:\u00a0\u00a0 91 770\u00a0 22 84<\/p>\n<p style=\"text-align: center;\">Correo electr\u00f3nico:\u00a0\u00a0 capitaliafamiliar@capitaliafamiliar.es<\/p>\n","protected":false},"excerpt":{"rendered":"<p>Informe diario del mi&eacute;rcoles, 3 de noviembre de 2021 &nbsp; El reto de la Fed ser&aacute; mantener el equilibrio entre crecimiento econ&oacute;mico y control de la inflaci&oacute;n. La reuni&oacute;n de la Reserva Federal deber&iacute;a traer pocas sorpresas en lo que a decisiones de pol&iacute;tica monetaria se refiere, ya que est&aacute; pr&aacute;cticamente descontado el inicio del [&hellip;]<\/p>\n","protected":false},"author":2,"featured_media":2525,"comment_status":"closed","ping_status":"closed","sticky":false,"template":"","format":"standard","meta":{"_et_pb_use_builder":"","_et_pb_old_content":"","_et_gb_content_width":"","jetpack_post_was_ever_published":false,"_jetpack_newsletter_access":"","_jetpack_dont_email_post_to_subs":false,"_jetpack_newsletter_tier_id":0,"_jetpack_memberships_contains_paywalled_content":false,"_jetpack_memberships_contains_paid_content":false,"footnotes":""},"categories":[1],"tags":[],"class_list":["post-7142","post","type-post","status-publish","format-standard","has-post-thumbnail","hentry","category-informediario"],"jetpack_featured_media_url":"https:\/\/capitaliafamiliar.es\/informes\/wp-content\/uploads\/2019\/08\/informediario2.png","jetpack_shortlink":"https:\/\/wp.me\/pa2IGq-1Rc","jetpack-related-posts":[{"id":7346,"url":"https:\/\/capitaliafamiliar.es\/informes\/2021\/12\/13\/cautela-en-los-mercados-a-la-espera-de-la-fed\/","url_meta":{"origin":7142,"position":0},"title":"Cautela en los mercados a la espera de la Fed&#8230;","author":"Capitalia Familiar","date":"13 de diciembre de 2021","format":false,"excerpt":"Informe diario del lunes, 13 de diciembre de 2021 Cautela en los mercados a la espera de la Fed. La prudencia se impone en los mercados a la espera de que se produzca la reuni\u00f3n de dos d\u00edas de la Reserva Federal que comenzar\u00e1 ma\u00f1ana. El mercado acogi\u00f3 con dudas\u2026","rel":"","context":"En \u00abInforme Diario\u00bb","block_context":{"text":"Informe Diario","link":"https:\/\/capitaliafamiliar.es\/informes\/category\/informediario\/"},"img":{"alt_text":"","src":"https:\/\/i0.wp.com\/capitaliafamiliar.es\/informes\/wp-content\/uploads\/2019\/08\/informediario2.png?resize=350%2C200&ssl=1","width":350,"height":200,"srcset":"https:\/\/i0.wp.com\/capitaliafamiliar.es\/informes\/wp-content\/uploads\/2019\/08\/informediario2.png?resize=350%2C200&ssl=1 1x, https:\/\/i0.wp.com\/capitaliafamiliar.es\/informes\/wp-content\/uploads\/2019\/08\/informediario2.png?resize=525%2C300&ssl=1 1.5x, https:\/\/i0.wp.com\/capitaliafamiliar.es\/informes\/wp-content\/uploads\/2019\/08\/informediario2.png?resize=700%2C400&ssl=1 2x"},"classes":[]},{"id":7151,"url":"https:\/\/capitaliafamiliar.es\/informes\/2021\/11\/04\/la-fed-inicia-el-tapering-pero-el-tono-flexible-de-su-mensaje-gusta-al-mercado\/","url_meta":{"origin":7142,"position":1},"title":"La Fed inicia el tapering, pero el tono flexible de su mensaje gusta al mercado","author":"Capitalia Familiar","date":"4 de noviembre de 2021","format":false,"excerpt":"Informe diario del jueves, 4 de noviembre de 2021 \u00a0 La Fed inicia el tapering, pero el tono flexible de su mensaje gusta al mercado. La Reserva Federal anunci\u00f3 de manera oficial el inicio del tapering en su reuni\u00f3n de ayer, confirmando lo que ya se hab\u00eda planteado en el\u2026","rel":"","context":"En \u00abInforme Diario\u00bb","block_context":{"text":"Informe Diario","link":"https:\/\/capitaliafamiliar.es\/informes\/category\/informediario\/"},"img":{"alt_text":"","src":"https:\/\/i0.wp.com\/capitaliafamiliar.es\/informes\/wp-content\/uploads\/2019\/08\/informediario2.png?resize=350%2C200&ssl=1","width":350,"height":200,"srcset":"https:\/\/i0.wp.com\/capitaliafamiliar.es\/informes\/wp-content\/uploads\/2019\/08\/informediario2.png?resize=350%2C200&ssl=1 1x, https:\/\/i0.wp.com\/capitaliafamiliar.es\/informes\/wp-content\/uploads\/2019\/08\/informediario2.png?resize=525%2C300&ssl=1 1.5x, https:\/\/i0.wp.com\/capitaliafamiliar.es\/informes\/wp-content\/uploads\/2019\/08\/informediario2.png?resize=700%2C400&ssl=1 2x"},"classes":[]},{"id":10813,"url":"https:\/\/capitaliafamiliar.es\/informes\/2024\/02\/07\/la-tendencia-de-fondo-que-sigue-siendo-alcista-para-los-mercados-pero-a-corto-plazo-se-muestran-claramente-excedidos-2\/","url_meta":{"origin":7142,"position":2},"title":"La tendencia de fondo que sigue siendo alcista para los mercados, pero a corto plazo se muestran claramente excedidos&#8230;","author":"Capitalia Familiar","date":"7 de febrero de 2024","format":false,"excerpt":"Informe diario del mi\u00e9rcoles, 7 de febrero de 2024 \u00a0 Sinopsis Hoy en los mercados Alzas en las bolsas estadounidenses, que alcanzan cotas que podr\u00edan ser psicol\u00f3gicamente relevantes, y descensos moderados para los \u00edndices europeos y la renta fija. An\u00e1lisis de situaci\u00f3n El mercado laboral est\u00e1 resultando clave en el\u2026","rel":"","context":"En \u00abInforme Diario\u00bb","block_context":{"text":"Informe Diario","link":"https:\/\/capitaliafamiliar.es\/informes\/category\/informediario\/"},"img":{"alt_text":"","src":"https:\/\/i0.wp.com\/capitaliafamiliar.es\/informes\/wp-content\/uploads\/2019\/08\/informediario2.png?resize=350%2C200&ssl=1","width":350,"height":200,"srcset":"https:\/\/i0.wp.com\/capitaliafamiliar.es\/informes\/wp-content\/uploads\/2019\/08\/informediario2.png?resize=350%2C200&ssl=1 1x, https:\/\/i0.wp.com\/capitaliafamiliar.es\/informes\/wp-content\/uploads\/2019\/08\/informediario2.png?resize=525%2C300&ssl=1 1.5x, https:\/\/i0.wp.com\/capitaliafamiliar.es\/informes\/wp-content\/uploads\/2019\/08\/informediario2.png?resize=700%2C400&ssl=1 2x"},"classes":[]},{"id":1042,"url":"https:\/\/capitaliafamiliar.es\/informes\/2018\/11\/08\/informe-diario-jueves-8-de-noviembre-de-2018\/","url_meta":{"origin":7142,"position":3},"title":"Informe Diario  Jueves, 8 de noviembre de 2018","author":"Capitalia Familiar","date":"8 de noviembre de 2018","format":false,"excerpt":"| Visi\u00f3n de conjunto | La Comisi\u00f3n Europea anticipa una progresiva desaceleraci\u00f3n del crecimiento de la Eurozona dentro de la continuidad de la fase expansiva. Con sus nuevas previsiones, la Comisi\u00f3n Europea espera que el ritmo de crecimiento del \u00e1rea euro se modere en 2019 hasta una tasa interanual del\u2026","rel":"","context":"En \u00abInforme Diario\u00bb","block_context":{"text":"Informe Diario","link":"https:\/\/capitaliafamiliar.es\/informes\/category\/informediario\/"},"img":{"alt_text":"","src":"https:\/\/i0.wp.com\/capitaliafamiliar.es\/informes\/wp-content\/uploads\/2018\/07\/informediario2.png?resize=350%2C200&ssl=1","width":350,"height":200,"srcset":"https:\/\/i0.wp.com\/capitaliafamiliar.es\/informes\/wp-content\/uploads\/2018\/07\/informediario2.png?resize=350%2C200&ssl=1 1x, https:\/\/i0.wp.com\/capitaliafamiliar.es\/informes\/wp-content\/uploads\/2018\/07\/informediario2.png?resize=525%2C300&ssl=1 1.5x, https:\/\/i0.wp.com\/capitaliafamiliar.es\/informes\/wp-content\/uploads\/2018\/07\/informediario2.png?resize=700%2C400&ssl=1 2x"},"classes":[]},{"id":1141,"url":"https:\/\/capitaliafamiliar.es\/informes\/2018\/11\/28\/informe-diario-miercoles-28-de-noviembre-de-2018\/","url_meta":{"origin":7142,"position":4},"title":"Informe Diario  Mi\u00e9rcoles, 28 de noviembre de 2018","author":"Capitalia Familiar","date":"28 de noviembre de 2018","format":false,"excerpt":"| Visi\u00f3n de conjunto | Atenci\u00f3n hoy al discurso del presidente de la Reserva Federal ante el Club de Econom\u00eda de Nueva York. El discurso de Powell ir\u00e1 seguido de un turno de preguntas. El mercado estar\u00e1 pendiente de si el presidente de la Fed modera su discurso hacia una\u2026","rel":"","context":"En \u00abInforme Diario\u00bb","block_context":{"text":"Informe Diario","link":"https:\/\/capitaliafamiliar.es\/informes\/category\/informediario\/"},"img":{"alt_text":"","src":"https:\/\/i0.wp.com\/capitaliafamiliar.es\/informes\/wp-content\/uploads\/2018\/07\/informediario2.png?resize=350%2C200&ssl=1","width":350,"height":200,"srcset":"https:\/\/i0.wp.com\/capitaliafamiliar.es\/informes\/wp-content\/uploads\/2018\/07\/informediario2.png?resize=350%2C200&ssl=1 1x, https:\/\/i0.wp.com\/capitaliafamiliar.es\/informes\/wp-content\/uploads\/2018\/07\/informediario2.png?resize=525%2C300&ssl=1 1.5x, https:\/\/i0.wp.com\/capitaliafamiliar.es\/informes\/wp-content\/uploads\/2018\/07\/informediario2.png?resize=700%2C400&ssl=1 2x"},"classes":[]},{"id":1152,"url":"https:\/\/capitaliafamiliar.es\/informes\/2018\/11\/29\/informe-diario-jueves-29-de-noviembre-de-2018\/","url_meta":{"origin":7142,"position":5},"title":"Informe Diario  Jueves, 29 de noviembre de 2018","author":"Capitalia Familiar","date":"29 de noviembre de 2018","format":false,"excerpt":"| Visi\u00f3n de conjunto | Sigue aumentando la probabilidad de noticias positivas en torno a las negociaciones abiertas sobre el presupuesto italiano y el conflicto comercial que enfrenta a Estados Unidos y China. El gobierno italiano insiste en su disposici\u00f3n a realizar ajustes en sus objetivos presupuestarios que permitan satisfacer\u2026","rel":"","context":"En \u00abInforme Diario\u00bb","block_context":{"text":"Informe Diario","link":"https:\/\/capitaliafamiliar.es\/informes\/category\/informediario\/"},"img":{"alt_text":"","src":"https:\/\/i0.wp.com\/capitaliafamiliar.es\/informes\/wp-content\/uploads\/2018\/07\/informediario2.png?resize=350%2C200&ssl=1","width":350,"height":200,"srcset":"https:\/\/i0.wp.com\/capitaliafamiliar.es\/informes\/wp-content\/uploads\/2018\/07\/informediario2.png?resize=350%2C200&ssl=1 1x, https:\/\/i0.wp.com\/capitaliafamiliar.es\/informes\/wp-content\/uploads\/2018\/07\/informediario2.png?resize=525%2C300&ssl=1 1.5x, https:\/\/i0.wp.com\/capitaliafamiliar.es\/informes\/wp-content\/uploads\/2018\/07\/informediario2.png?resize=700%2C400&ssl=1 2x"},"classes":[]}],"jetpack_sharing_enabled":true,"_links":{"self":[{"href":"https:\/\/capitaliafamiliar.es\/informes\/wp-json\/wp\/v2\/posts\/7142","targetHints":{"allow":["GET"]}}],"collection":[{"href":"https:\/\/capitaliafamiliar.es\/informes\/wp-json\/wp\/v2\/posts"}],"about":[{"href":"https:\/\/capitaliafamiliar.es\/informes\/wp-json\/wp\/v2\/types\/post"}],"author":[{"embeddable":true,"href":"https:\/\/capitaliafamiliar.es\/informes\/wp-json\/wp\/v2\/users\/2"}],"replies":[{"embeddable":true,"href":"https:\/\/capitaliafamiliar.es\/informes\/wp-json\/wp\/v2\/comments?post=7142"}],"version-history":[{"count":5,"href":"https:\/\/capitaliafamiliar.es\/informes\/wp-json\/wp\/v2\/posts\/7142\/revisions"}],"predecessor-version":[{"id":7150,"href":"https:\/\/capitaliafamiliar.es\/informes\/wp-json\/wp\/v2\/posts\/7142\/revisions\/7150"}],"wp:featuredmedia":[{"embeddable":true,"href":"https:\/\/capitaliafamiliar.es\/informes\/wp-json\/wp\/v2\/media\/2525"}],"wp:attachment":[{"href":"https:\/\/capitaliafamiliar.es\/informes\/wp-json\/wp\/v2\/media?parent=7142"}],"wp:term":[{"taxonomy":"category","embeddable":true,"href":"https:\/\/capitaliafamiliar.es\/informes\/wp-json\/wp\/v2\/categories?post=7142"},{"taxonomy":"post_tag","embeddable":true,"href":"https:\/\/capitaliafamiliar.es\/informes\/wp-json\/wp\/v2\/tags?post=7142"}],"curies":[{"name":"wp","href":"https:\/\/api.w.org\/{rel}","templated":true}]}}